{"id":65694,"date":"2026-09-06T15:35:40","date_gmt":"2026-09-06T13:35:40","guid":{"rendered":"https:\/\/agentelibredigital.com\/?p=65694"},"modified":"2026-09-06T15:32:55","modified_gmt":"2026-09-06T13:32:55","slug":"previa-espanyol-vs-sevilla-entre-la-reaccion-y-la-confirmacion","status":"publish","type":"post","link":"https:\/\/agentelibredigital.com\/index.php\/2026\/09\/06\/previa-espanyol-vs-sevilla-entre-la-reaccion-y-la-confirmacion\/","title":{"rendered":"Previa Espanyol vs Sevilla: entre la reacci\u00f3n y la confirmaci\u00f3n"},"content":{"rendered":"<p class=\"isSelectedEnd\">El <strong>Espanyol<\/strong> recibe al <strong>Sevilla<\/strong> este domingo 6 de septiembre a las 9 de la noche en <strong>Espa\u00f1a<\/strong>\u00a0 y a la 1 de la tarde de <strong>M\u00e9xico <\/strong>en el <strong>RCDE Stadium<\/strong>, en uno de los encuentros correspondientes a la <strong>Jornada 4 de LaLiga EA Sports.<\/strong> El encuentro podr\u00e1 seguirse en <strong>Espa\u00f1a<\/strong> a trav\u00e9s de DAZN en abierto y Movistar LaLiga. Los periquitos llegan con 3 puntos y 2 derrotas consecutivas; los andaluces, con 6 unidades y la intenci\u00f3n de demostrar que su buen comienzo de campeonato tiene argumentos para mantenerse.<\/p>\n<h4>Contexto previo: Cornell\u00e0, punto de encuentro para 2 caminos<\/h4>\n<p class=\"isSelectedEnd\">Solo 3 jornadas bastaron para que ambos comenzaran a dibujar historias diferentes. El <strong>Espanyol<\/strong> pas\u00f3 de una goleada en su debut a 2 derrotas consecutivas que frenaron el impulso inicial. El <strong>Sevilla<\/strong>, por el contrario, abri\u00f3 con 2 victorias antes de encontrarse con su primer tropiezo ante el <strong>Atl\u00e9tico de Madrid<\/strong>. As\u00ed llegan a <strong>Cornell\u00e0<\/strong>: uno buscando una reacci\u00f3n y el otro tratando de confirmar que su arranque no fue casualidad.<\/p>\n<p class=\"isSelectedEnd\">La tarde tambi\u00e9n tendr\u00e1 historias particulares. <strong>Manolo Gonz\u00e1lez<\/strong> alcanzar\u00e1 los 100 partidos oficiales al frente del <strong>Espanyol<\/strong>, mientras que <strong>Monchi<\/strong>, actual director general deportivo periquito, se enfrentar\u00e1 oficialmente por primera vez al club al que dedic\u00f3 cerca de 3 d\u00e9cadas de su carrera. Incluso hay pasado compartido sobre el c\u00e9sped: <strong>Marko Dmitrovi\u0107 <\/strong>defendi\u00f3 durante 3 temporadas la camiseta sevillista y <strong>Roberto Fern\u00e1ndez<\/strong>, hoy referencia ofensiva del conjunto catal\u00e1n, pas\u00f3 por la cantera del <strong>Sevilla<\/strong>.<\/p>\n<h4>Estado de forma: 2 derrotas contra 1 tropiezo<\/h4>\n<p class=\"isSelectedEnd\">El inicio liguero del <strong>Espanyol<\/strong> comenz\u00f3 de la mejor manera posible: 3-0 frente al <strong>Levante<\/strong>. Sin embargo, el calendario elev\u00f3 r\u00e1pidamente la exigencia. Los periquitos cayeron 1-2 contra el <strong>Real Madrid<\/strong> y posteriormente 2-1 ante la <strong>Real Sociedad<\/strong> en Anoeta. Son 3 puntos de 9, con 5 goles anotados y 4 recibidos.<\/p>\n<p class=\"isSelectedEnd\">Si ampliamos la fotograf\u00eda a sus \u00faltimos 5 encuentros incluyendo el final de la pretemporada, la tendencia pierde brillo: antes del comienzo de LaLiga, el conjunto de <strong>Manolo Gonz\u00e1lez<\/strong> cerr\u00f3 su preparaci\u00f3n con una derrota 3-1 frente al <strong>Coventry City<\/strong>. El t\u00e9cnico reconoci\u00f3 precisamente que ante la <strong>Real Sociedad<\/strong> su equipo no estuvo c\u00f3modo con el bal\u00f3n, una de las cuestiones que pretende corregir esta jornada.<\/p>\n<p class=\"isSelectedEnd\">El <strong>Sevilla<\/strong> presenta mejores n\u00fameros en competici\u00f3n oficial. Los de <strong>Luis Garc\u00eda Plaza<\/strong> vencieron 2-1 al <strong>Rayo Vallecano <\/strong>en su estreno y despu\u00e9s dieron un golpe como visitantes con el 1-3 frente al <strong>Athletic Club<\/strong> en <strong>Bilbao<\/strong>. El pleno termin\u00f3 en la Jornada 3, cuando el <strong>Atl\u00e9tico de Madrid<\/strong> se impuso 1-3 en el Ram\u00f3n S\u00e1nchez-Pizju\u00e1n. El balance deja 6 puntos, 6 goles a favor y 5 en contra.<\/p>\n<p class=\"isSelectedEnd\">El final de la preparaci\u00f3n ya hab\u00eda dejado alg\u00fan aviso. En su \u00faltimo amistoso antes del comienzo del campeonato, el conjunto andaluz perdi\u00f3 2-1 frente al <strong>Bayer Leverkusen<\/strong>, aunque compiti\u00f3 durante buena parte del encuentro. El mercado ha modificado considerablemente aquella plantilla y ahora <strong>Luis Garc\u00eda Plaza<\/strong> dispone tambi\u00e9n de <strong>Youssouf Fofana<\/strong>, <strong>Lucas Stassin<\/strong> y <strong>F\u00e9lix Correia<\/strong>, los 3 \u00faltimos fichajes, todos convocados para visitar <strong>Barcelona<\/strong>.<\/p>\n<h4>Historial: un enfrentamiento te\u00f1ido de rojiblanco<\/h4>\n<p class=\"isSelectedEnd\">Para encontrar la dimensi\u00f3n real de este duelo hay que mirar bastante m\u00e1s atr\u00e1s que la temporada pasada. <strong>Espanyol<\/strong> y <strong>Sevilla<\/strong> se han enfrentado en 173 ocasiones oficiales entre Liga, Copa del Rey y competici\u00f3n europea. El balance favorece claramente a los andaluces: 83 victorias sevillistas, 35 empates y 54 triunfos periquitos. Es, adem\u00e1s, el 6\u00ba rival al que m\u00e1s veces se ha enfrentado el <strong>Sevilla<\/strong> en su historia.<\/p>\n<p class=\"isSelectedEnd\">Pero cuando el escenario es territorio catal\u00e1n, la historia cambia. Como visitante ante el <strong>Espanyol<\/strong>, el <strong>Sevilla<\/strong> ha ganado 24 veces, mientras que los locales acumulan 46 victorias y otros 16 encuentros terminaron en empate. Los andaluces, eso s\u00ed, se llevaron 2 de sus \u00faltimas 3 visitas: 2-3 en la temporada 2022-23 y 0-2 en la 2024-25.<\/p>\n<p class=\"isSelectedEnd\">El recuerdo m\u00e1s reciente sonr\u00ede al equipo de <strong>Manolo Gonz\u00e1lez<\/strong>. La temporada pasada, el <strong>Espanyol<\/strong> se impuso 2-1 en este mismo estadio, antes de que el <strong>Sevilla<\/strong> devolviera el golpe por id\u00e9ntico marcador en el S\u00e1nchez-Pizju\u00e1n.<\/p>\n<p class=\"isSelectedEnd\">Y existe una conexi\u00f3n hist\u00f3rica imposible de pasar por alto: ambos se disputaron la Copa de la UEFA de 2007. Aquella final termin\u00f3 2-2 despu\u00e9s de 120 minutos y el <strong>Sevilla<\/strong> termin\u00f3 levantando el t\u00edtulo en la tanda de penaltis. Casi 2 d\u00e9cadas despu\u00e9s, aquel trofeo contin\u00faa formando parte incluso de la piel de <strong>Monchi<\/strong>, que lleva tatuada la Europa League junto a las estrellas que representan los t\u00edtulos europeos conquistados durante su etapa sevillista. Hoy estar\u00e1 del otro lado.<\/p>\n<h4>Declaraciones: \u201cvolar\u201d contra \u201cir a muerte\u201d<\/h4>\n<p class=\"isSelectedEnd\"><strong>Manolo Gonz\u00e1lez<\/strong> en una rueda de prensa no escondi\u00f3 qu\u00e9 necesita cambiar su equipo despu\u00e9s de las \u00faltimas 2 derrotas. El entrenador se\u00f1al\u00f3 especialmente los problemas con el bal\u00f3n mostrados en Anoeta y pidi\u00f3 un inicio diferente frente al <strong>Sevilla.<\/strong><\/p>\n<blockquote>\n<p class=\"isSelectedEnd\">\u201cMa\u00f1ana hemos de salir a volar desde el minuto uno. No hay otra\u201d, dijo.<\/p>\n<\/blockquote>\n<p class=\"isSelectedEnd\">El t\u00e9cnico tambi\u00e9n confirm\u00f3 que <strong>Bryan Zaragoza<\/strong> estar\u00e1 por primera vez en una convocatoria, aunque todav\u00eda necesita adquirir ritmo competitivo. <strong>Andoni Gorosabel<\/strong>, en cambio, ser\u00e1 baja por molestias, al igual que <strong>Javi Puado<\/strong> y <strong>Kike Garc\u00eda<\/strong>. Para <strong>Manolo Gonz\u00e1lez<\/strong>, adem\u00e1s, el encuentro significar\u00e1 alcanzar los 100 partidos oficiales como entrenador periquito, algo que defini\u00f3 como \u201cun motivo de orgullo muy grande\u201d.<\/p>\n<p class=\"isSelectedEnd\">Del otro lado, <strong>Luis Garc\u00eda Plaza<\/strong> llega satisfecho despu\u00e9s del cierre del mercado. \u201cVoy a muerte con esta plantilla, a tope\u201d, afirm\u00f3 el entrenador sevillista en una rueda de prensa. Aunque mantuvo los pies en el suelo respecto a las aspiraciones del equipo y record\u00f3 que el primer objetivo pasa por evitar sufrimientos durante la temporada.<\/p>\n<p class=\"isSelectedEnd\">Para el encuentro podr\u00e1 contar con las 3 incorporaciones m\u00e1s recientes: <strong>Fofana<\/strong>, <strong>Stassin<\/strong> y <strong>F\u00e9lix Correia<\/strong> forman parte de la expedici\u00f3n de 24 futbolistas. Las \u00fanicas ausencias del primer equipo son <strong>Marcao<\/strong> y <strong>Rub\u00e9n Vargas<\/strong>, este \u00faltimo por molestias en la rodilla.<\/p>\n<h4>Principales armas: Roberto amenaza, Sevilla estrena arsenal<\/h4>\n<p class=\"isSelectedEnd\">Si existe un nombre propio en el comienzo del <strong>Espanyol<\/strong>, es <strong>Roberto Fern\u00e1ndez<\/strong>. El delantero suma 3 goles en las primeras 3 jornadas y concentra buena parte de la amenaza ofensiva periquita. Curiosamente, enfrente tendr\u00e1 al club en cuya cantera se form\u00f3 antes de emprender un camino que termin\u00f3 llev\u00e1ndolo hasta <strong>Cornell\u00e0<\/strong>.<\/p>\n<p class=\"isSelectedEnd\">A su alrededor aparece ahora una inc\u00f3gnita especialmente atractiva: <strong>Bryan Zaragoza<\/strong>. El extremo entrar\u00e1 por primera vez en una convocatoria despu\u00e9s de mejorar su condici\u00f3n f\u00edsica, aunque <strong>Manolo Gonz\u00e1lez<\/strong> ha advertido que todav\u00eda debe recuperar ritmo competitivo. Su velocidad y desequilibrio pueden convertirlo en un recurso especialmente peligroso durante la segunda mitad.<\/p>\n<p class=\"isSelectedEnd\">En el <strong>Sevilla<\/strong>, <strong>Gabriel Suazo<\/strong> se ha convertido en una pieza importante en este comienzo y el ataque tiene ahora nuevas posibilidades. <strong>Fofana<\/strong>, <strong>Stassin<\/strong> y <strong>F\u00e9lix Correia<\/strong> apenas acaban de aterrizar, por lo que parece precipitado entregarles la titularidad, pero su presencia aumenta considerablemente las alternativas de <strong>Luis Garc\u00eda Plaza<\/strong>.<\/p>\n<h4>\u00c1rbitro: un viejo conocido del \u00faltimo Espanyol-Sevilla<\/h4>\n<p class=\"isSelectedEnd\"><strong>Miguel Sesma Espinosa<\/strong>, colegiado riojano, ser\u00e1 el encargado de impartir justicia. Y el dato resulta especialmente curioso: ya arbitr\u00f3 exactamente este mismo partido la temporada pasada, tambi\u00e9n en el RCDE Stadium. El resultado fue 2-1 favorable al <strong>Espanyol<\/strong>.<\/p>\n<p class=\"isSelectedEnd\">Sus antecedentes con los periquitos incluyen otros 5 encuentros. La campa\u00f1a pasada tambi\u00e9n dirigi\u00f3 el triunfo 1-0 contra <strong>Osasuna<\/strong> y la derrota 1-2 frente al <strong>Alav\u00e9s<\/strong>. Sumados sus partidos de la temporada anterior en Segunda Divisi\u00f3n, el balance del <strong>Espanyol<\/strong> con <strong>Sesma Espinosa<\/strong> es de 2 victorias, 1 empate y 3 derrotas.<\/p>\n<p class=\"isSelectedEnd\">El <strong>Sevilla<\/strong> tampoco guarda \u00fanicamente el recuerdo de aquella derrota en <strong>Cornell\u00e0<\/strong>. <strong>Sesma Espinosa<\/strong> dirigi\u00f3 el encuentro de dieciseisavos de Copa del Rey frente al <strong>Alav\u00e9s<\/strong> en el que el conjunto nervionense qued\u00f3 eliminado. Para este domingo, <strong>Daniel Trujillo Su\u00e1rez<\/strong> estar\u00e1 al frente del VAR.<\/p>\n<h4>Posibles alineaciones:<\/h4>\n<p class=\"isSelectedEnd\"><strong>Espanyol:<\/strong> Marko Dmitrovi\u0107; Omar El Hilali, Unai N\u00fa\u00f1ez, Leandro Cabrera, Roger Hinojo; Urko Gonz\u00e1lez, Edu Exp\u00f3sito; Tyrhys Dolan, Pol Calatrava, Javi Hern\u00e1ndez; Roberto Fern\u00e1ndez.<\/p>\n<p class=\"isSelectedEnd\">La principal novedad puede estar en la defensa con el regreso de <strong>Leandro Cabrera<\/strong> despu\u00e9s de cumplir sanci\u00f3n. En el centro del campo, <strong>Urko Gonz\u00e1lez<\/strong> parte con ventaja sobre <strong>Gabriel Moscardo<\/strong>, mientras que <strong>Bryan Zaragoza<\/strong>, pese a entrar en la convocatoria, apunta inicialmente al banquillo por la falta de ritmo competitivo. Arriba, los 3 goles de <strong>Roberto Fern\u00e1ndez<\/strong> hacen pr\u00e1cticamente indiscutible su presencia como referencia.<\/p>\n<p class=\"isSelectedEnd\"><strong>Sevilla:<\/strong> Odysseas Vlachodimos; Juan Iglesias, F\u00e1bio Cardoso Castr\u00edn, Kike Salas, Gabriel Suazo; Lucien Agoum\u00e9, Jon Guridi, Giorgi Kochorashvili; Miguel Sierra, Chidera Ejuke, Robbie Ure.<\/p>\n<p class=\"isSelectedEnd\">El gran interrogante est\u00e1 en cu\u00e1nto arriesgar\u00e1 <strong>Luis Garc\u00eda Plaza<\/strong> con sus \u00faltimos fichajes. <strong>Fofana<\/strong>, <strong>Stassin<\/strong> y <strong>F\u00e9lix Correia<\/strong> apenas acumulan unos entrenamientos junto al grupo, por lo que la opci\u00f3n m\u00e1s l\u00f3gica pasa por comenzar con una estructura conocida y utilizar las nuevas piezas conforme avance el partido. <strong>Kochorashvili<\/strong> podr\u00eda ganar sitio en el mediocampo, mientras que <strong>Ejuke<\/strong> apunta a ofrecer profundidad desde la izquierda.<\/p>\n<h4>Entre reaccionar y confirmar<\/h4>\n<p>El calendario apenas marca la Jornada 4, demasiado pronto para hablar de sentencias, pero suficiente para comenzar a descubrir intenciones. El <strong>Espanyol<\/strong> vuelve al lugar donde quiere construir su fortaleza para demostrar que 2 derrotas no son suficientes para cambiar el rumbo; el <strong>Sevilla<\/strong> llega dispuesto a probar que sus 6 puntos no son producto de una buena semana.<\/p>\n<p><strong>Cornell\u00e0<\/strong> ya conoce esta historia, <strong>Sesma Espinosa<\/strong> ya arbitr\u00f3 a estos protagonistas y hasta <strong>Monchi<\/strong> sabe demasiado bien qu\u00e9 significa el escudo que esta vez tendr\u00e1 enfrente. Solo falta una cosa: que ruede el bal\u00f3n y descubramos qui\u00e9n reacciona y qui\u00e9n se confirma.<\/p>\n","protected":false},"excerpt":{"rendered":"<p>El Espanyol recibe al Sevilla este domingo 6 de septiembre a las 9 de la noche en Espa\u00f1a\u00a0 y a la 1 de la tarde de M\u00e9xico en el RCDE&hellip; <\/p>\n","protected":false},"author":354,"featured_media":65697,"comment_status":"open","ping_status":"open","sticky":false,"template":"","format":"standard","meta":{"om_disable_all_campaigns":false,"_monsterinsights_skip_tracking":false,"_uf_show_specific_survey":0,"_uf_disable_surveys":false,"footnotes":""},"categories":[47,46],"tags":[876,76,268,730],"class_list":["post-65694","post","type-post","status-publish","format-standard","has-post-thumbnail","hentry","category-futbol-espanol","category-laliga-ea-sports","tag-espanyol","tag-futbol","tag-previa","tag-sevilla"],"aioseo_notices":[],"aioseo_head":"\n\t\t<!-- All in One SEO 5.0.1.1 - aioseo.com -->\n\t<meta name=\"description\" content=\"Previa Espanyol vs Sevilla: entre la reacci\u00f3n y la confirmaci\u00f3n\" \/>\n\t<meta name=\"robots\" content=\"max-image-preview:large\" \/>\n\t<meta name=\"author\" content=\"Yeraldy Hern\u00e1ndez\"\/>\n\t<link rel=\"canonical\" href=\"https:\/\/agentelibredigital.com\/index.php\/2026\/09\/06\/previa-espanyol-vs-sevilla-entre-la-reaccion-y-la-confirmacion\/\" \/>\n\t<meta name=\"generator\" content=\"All in One SEO (AIOSEO) 5.0.1.1\" \/>\n\t\t<meta property=\"og:locale\" content=\"es_ES\" \/>\n\t\t<meta property=\"og:site_name\" content=\"Agente Libre Digital \u2013 La nueva generaci\u00f3n del periodismo deportivo.\" \/>\n\t\t<meta property=\"og:type\" content=\"article\" \/>\n\t\t<meta property=\"og:title\" content=\"Previa Espanyol vs Sevilla: entre la reacci\u00f3n y la confirmaci\u00f3n \u2013 Agente Libre Digital\" \/>\n\t\t<meta property=\"og:description\" content=\"Previa Espanyol vs Sevilla: entre la reacci\u00f3n y la confirmaci\u00f3n\" \/>\n\t\t<meta property=\"og:url\" content=\"https:\/\/agentelibredigital.com\/index.php\/2026\/09\/06\/previa-espanyol-vs-sevilla-entre-la-reaccion-y-la-confirmacion\/\" \/>\n\t\t<meta property=\"og:image\" content=\"https:\/\/agentelibredigital.com\/wp-content\/uploads\/2026\/09\/IMG_8765.jpeg\" \/>\n\t\t<meta property=\"og:image:secure_url\" content=\"https:\/\/agentelibredigital.com\/wp-content\/uploads\/2026\/09\/IMG_8765.jpeg\" \/>\n\t\t<meta property=\"og:image:width\" content=\"547\" \/>\n\t\t<meta property=\"og:image:height\" content=\"365\" \/>\n\t\t<meta property=\"article:published_time\" content=\"2026-09-06T13:35:40+00:00\" \/>\n\t\t<meta property=\"article:modified_time\" content=\"2026-09-06T13:32:55+00:00\" \/>\n\t\t<meta name=\"twitter:card\" content=\"summary\" \/>\n\t\t<meta name=\"twitter:site\" content=\"@AgenteLibre_dig\" \/>\n\t\t<meta name=\"twitter:title\" content=\"Previa Espanyol vs Sevilla: entre la reacci\u00f3n y la confirmaci\u00f3n \u2013 Agente Libre Digital\" \/>\n\t\t<meta name=\"twitter:description\" content=\"Previa Espanyol vs Sevilla: entre la reacci\u00f3n y la confirmaci\u00f3n\" \/>\n\t\t<meta name=\"twitter:creator\" content=\"@AgenteLibre_dig\" \/>\n\t\t<meta name=\"twitter:image\" content=\"https:\/\/agentelibredigital.com\/wp-content\/uploads\/2026\/09\/IMG_8765.jpeg\" \/>\n\t\t<script type=\"application\/ld+json\" class=\"aioseo-schema\">\n\t\t\t{\"@context\":\"https:\\\/\\\/schema.org\",\"@graph\":[{\"@type\":\"BlogPosting\",\"@id\":\"https:\\\/\\\/agentelibredigital.com\\\/index.php\\\/2026\\\/09\\\/06\\\/previa-espanyol-vs-sevilla-entre-la-reaccion-y-la-confirmacion\\\/#blogposting\",\"name\":\"Previa Espanyol vs Sevilla: entre la reacci\\u00f3n y la confirmaci\\u00f3n \\u2013 Agente Libre Digital\",\"headline\":\"Previa Espanyol vs Sevilla: entre la reacci\\u00f3n y la confirmaci\\u00f3n\",\"author\":{\"@id\":\"https:\\\/\\\/agentelibredigital.com\\\/index.php\\\/author\\\/salma-yeraldy\\\/#author\"},\"publisher\":{\"@id\":\"https:\\\/\\\/agentelibredigital.com\\\/#organization\"},\"image\":{\"@type\":\"ImageObject\",\"url\":\"https:\\\/\\\/agentelibredigital.com\\\/wp-content\\\/uploads\\\/2026\\\/09\\\/IMG_8765.jpeg\",\"width\":547,\"height\":365},\"datePublished\":\"2026-09-06T15:35:40+02:00\",\"dateModified\":\"2026-09-06T15:32:55+02:00\",\"inLanguage\":\"es-ES\",\"commentCount\":1,\"mainEntityOfPage\":{\"@id\":\"https:\\\/\\\/agentelibredigital.com\\\/index.php\\\/2026\\\/09\\\/06\\\/previa-espanyol-vs-sevilla-entre-la-reaccion-y-la-confirmacion\\\/#webpage\"},\"isPartOf\":{\"@id\":\"https:\\\/\\\/agentelibredigital.com\\\/index.php\\\/2026\\\/09\\\/06\\\/previa-espanyol-vs-sevilla-entre-la-reaccion-y-la-confirmacion\\\/#webpage\"},\"articleSection\":\"F\\u00fatbol Espa\\u00f1ol, LaLiga EA Sports, Espanyol, F\\u00fatbol, Previa, Sevilla\"},{\"@type\":\"BreadcrumbList\",\"@id\":\"https:\\\/\\\/agentelibredigital.com\\\/index.php\\\/2026\\\/09\\\/06\\\/previa-espanyol-vs-sevilla-entre-la-reaccion-y-la-confirmacion\\\/#breadcrumblist\",\"itemListElement\":[{\"@type\":\"ListItem\",\"@id\":\"https:\\\/\\\/agentelibredigital.com#listItem\",\"position\":1,\"name\":\"Home\",\"item\":\"https:\\\/\\\/agentelibredigital.com\",\"nextItem\":{\"@type\":\"ListItem\",\"@id\":\"https:\\\/\\\/agentelibredigital.com\\\/index.php\\\/category\\\/laliga-ea-sports\\\/#listItem\",\"name\":\"LaLiga EA Sports\"}},{\"@type\":\"ListItem\",\"@id\":\"https:\\\/\\\/agentelibredigital.com\\\/index.php\\\/category\\\/laliga-ea-sports\\\/#listItem\",\"position\":2,\"name\":\"LaLiga EA Sports\",\"item\":\"https:\\\/\\\/agentelibredigital.com\\\/index.php\\\/category\\\/laliga-ea-sports\\\/\",\"nextItem\":{\"@type\":\"ListItem\",\"@id\":\"https:\\\/\\\/agentelibredigital.com\\\/index.php\\\/2026\\\/09\\\/06\\\/previa-espanyol-vs-sevilla-entre-la-reaccion-y-la-confirmacion\\\/#listItem\",\"name\":\"Previa Espanyol vs Sevilla: entre la reacci\\u00f3n y la confirmaci\\u00f3n\"},\"previousItem\":{\"@type\":\"ListItem\",\"@id\":\"https:\\\/\\\/agentelibredigital.com#listItem\",\"name\":\"Home\"}},{\"@type\":\"ListItem\",\"@id\":\"https:\\\/\\\/agentelibredigital.com\\\/index.php\\\/2026\\\/09\\\/06\\\/previa-espanyol-vs-sevilla-entre-la-reaccion-y-la-confirmacion\\\/#listItem\",\"position\":3,\"name\":\"Previa Espanyol vs Sevilla: entre la reacci\\u00f3n y la confirmaci\\u00f3n\",\"previousItem\":{\"@type\":\"ListItem\",\"@id\":\"https:\\\/\\\/agentelibredigital.com\\\/index.php\\\/category\\\/laliga-ea-sports\\\/#listItem\",\"name\":\"LaLiga EA Sports\"}}]},{\"@type\":\"Organization\",\"@id\":\"https:\\\/\\\/agentelibredigital.com\\\/#organization\",\"name\":\"Agente Libre Digital\",\"description\":\"La nueva generaci\\u00f3n del periodismo deportivo.\",\"url\":\"https:\\\/\\\/agentelibredigital.com\\\/\",\"telephone\":\"+34665330413\",\"logo\":{\"@type\":\"ImageObject\",\"url\":\"https:\\\/\\\/agentelibredigital.com\\\/wp-content\\\/uploads\\\/2023\\\/10\\\/Agente-5-1.png\",\"@id\":\"https:\\\/\\\/agentelibredigital.com\\\/index.php\\\/2026\\\/09\\\/06\\\/previa-espanyol-vs-sevilla-entre-la-reaccion-y-la-confirmacion\\\/#organizationLogo\",\"width\":500,\"height\":500},\"image\":{\"@id\":\"https:\\\/\\\/agentelibredigital.com\\\/index.php\\\/2026\\\/09\\\/06\\\/previa-espanyol-vs-sevilla-entre-la-reaccion-y-la-confirmacion\\\/#organizationLogo\"},\"sameAs\":[\"https:\\\/\\\/twitter.com\\\/AgenteLibre_dig\",\"https:\\\/\\\/www.instagram.com\\\/agentelibre_dig\\\/\"]},{\"@type\":\"Person\",\"@id\":\"https:\\\/\\\/agentelibredigital.com\\\/index.php\\\/author\\\/salma-yeraldy\\\/#author\",\"url\":\"https:\\\/\\\/agentelibredigital.com\\\/index.php\\\/author\\\/salma-yeraldy\\\/\",\"name\":\"Yeraldy Hern\\u00e1ndez\",\"image\":{\"@type\":\"ImageObject\",\"@id\":\"https:\\\/\\\/agentelibredigital.com\\\/index.php\\\/2026\\\/09\\\/06\\\/previa-espanyol-vs-sevilla-entre-la-reaccion-y-la-confirmacion\\\/#authorImage\",\"url\":\"https:\\\/\\\/secure.gravatar.com\\\/avatar\\\/92987f164da1f72b6ed32db828dbe016260d4edbedbeb0352878ba6b7f7c415c?s=96&d=mm&r=g\",\"width\":96,\"height\":96,\"caption\":\"Yeraldy Hern\\u00e1ndez\"}},{\"@type\":\"WebPage\",\"@id\":\"https:\\\/\\\/agentelibredigital.com\\\/index.php\\\/2026\\\/09\\\/06\\\/previa-espanyol-vs-sevilla-entre-la-reaccion-y-la-confirmacion\\\/#webpage\",\"url\":\"https:\\\/\\\/agentelibredigital.com\\\/index.php\\\/2026\\\/09\\\/06\\\/previa-espanyol-vs-sevilla-entre-la-reaccion-y-la-confirmacion\\\/\",\"name\":\"Previa Espanyol vs Sevilla: entre la reacci\\u00f3n y la confirmaci\\u00f3n \\u2013 Agente Libre Digital\",\"description\":\"Previa Espanyol vs Sevilla: entre la reacci\\u00f3n y la confirmaci\\u00f3n\",\"inLanguage\":\"es-ES\",\"isPartOf\":{\"@id\":\"https:\\\/\\\/agentelibredigital.com\\\/#website\"},\"breadcrumb\":{\"@id\":\"https:\\\/\\\/agentelibredigital.com\\\/index.php\\\/2026\\\/09\\\/06\\\/previa-espanyol-vs-sevilla-entre-la-reaccion-y-la-confirmacion\\\/#breadcrumblist\"},\"author\":{\"@id\":\"https:\\\/\\\/agentelibredigital.com\\\/index.php\\\/author\\\/salma-yeraldy\\\/#author\"},\"creator\":{\"@id\":\"https:\\\/\\\/agentelibredigital.com\\\/index.php\\\/author\\\/salma-yeraldy\\\/#author\"},\"image\":{\"@type\":\"ImageObject\",\"url\":\"https:\\\/\\\/agentelibredigital.com\\\/wp-content\\\/uploads\\\/2026\\\/09\\\/IMG_8765.jpeg\",\"@id\":\"https:\\\/\\\/agentelibredigital.com\\\/index.php\\\/2026\\\/09\\\/06\\\/previa-espanyol-vs-sevilla-entre-la-reaccion-y-la-confirmacion\\\/#mainImage\",\"width\":547,\"height\":365},\"primaryImageOfPage\":{\"@id\":\"https:\\\/\\\/agentelibredigital.com\\\/index.php\\\/2026\\\/09\\\/06\\\/previa-espanyol-vs-sevilla-entre-la-reaccion-y-la-confirmacion\\\/#mainImage\"},\"datePublished\":\"2026-09-06T15:35:40+02:00\",\"dateModified\":\"2026-09-06T15:32:55+02:00\"},{\"@type\":\"WebSite\",\"@id\":\"https:\\\/\\\/agentelibredigital.com\\\/#website\",\"url\":\"https:\\\/\\\/agentelibredigital.com\\\/\",\"name\":\"agentelibredigital.com\",\"alternateName\":\"Agente Libre\",\"description\":\"La nueva generaci\\u00f3n del periodismo deportivo.\",\"inLanguage\":\"es-ES\",\"publisher\":{\"@id\":\"https:\\\/\\\/agentelibredigital.com\\\/#organization\"}}]}\n\t\t<\/script>\n\t\t<!-- All in One SEO -->\n\n","aioseo_head_json":{"title":"Previa Espanyol vs Sevilla: entre la reacci\u00f3n y la confirmaci\u00f3n \u2013 Agente Libre Digital","description":"Previa Espanyol vs Sevilla: entre la reacci\u00f3n y la confirmaci\u00f3n","canonical_url":"https:\/\/agentelibredigital.com\/index.php\/2026\/09\/06\/previa-espanyol-vs-sevilla-entre-la-reaccion-y-la-confirmacion\/","robots":"max-image-preview:large","keywords":"","webmasterTools":{"miscellaneous":""},"schema":{"@context":"https:\/\/schema.org","@graph":[{"@type":"BlogPosting","@id":"https:\/\/agentelibredigital.com\/index.php\/2026\/09\/06\/previa-espanyol-vs-sevilla-entre-la-reaccion-y-la-confirmacion\/#blogposting","name":"Previa Espanyol vs Sevilla: entre la reacci\u00f3n y la confirmaci\u00f3n \u2013 Agente Libre Digital","headline":"Previa Espanyol vs Sevilla: entre la reacci\u00f3n y la confirmaci\u00f3n","author":{"@id":"https:\/\/agentelibredigital.com\/index.php\/author\/salma-yeraldy\/#author"},"publisher":{"@id":"https:\/\/agentelibredigital.com\/#organization"},"image":{"@type":"ImageObject","url":"https:\/\/agentelibredigital.com\/wp-content\/uploads\/2026\/09\/IMG_8765.jpeg","width":547,"height":365},"datePublished":"2026-09-06T15:35:40+02:00","dateModified":"2026-09-06T15:32:55+02:00","inLanguage":"es-ES","commentCount":1,"mainEntityOfPage":{"@id":"https:\/\/agentelibredigital.com\/index.php\/2026\/09\/06\/previa-espanyol-vs-sevilla-entre-la-reaccion-y-la-confirmacion\/#webpage"},"isPartOf":{"@id":"https:\/\/agentelibredigital.com\/index.php\/2026\/09\/06\/previa-espanyol-vs-sevilla-entre-la-reaccion-y-la-confirmacion\/#webpage"},"articleSection":"F\u00fatbol Espa\u00f1ol, LaLiga EA Sports, Espanyol, F\u00fatbol, Previa, Sevilla"},{"@type":"BreadcrumbList","@id":"https:\/\/agentelibredigital.com\/index.php\/2026\/09\/06\/previa-espanyol-vs-sevilla-entre-la-reaccion-y-la-confirmacion\/#breadcrumblist","itemListElement":[{"@type":"ListItem","@id":"https:\/\/agentelibredigital.com#listItem","position":1,"name":"Home","item":"https:\/\/agentelibredigital.com","nextItem":{"@type":"ListItem","@id":"https:\/\/agentelibredigital.com\/index.php\/category\/laliga-ea-sports\/#listItem","name":"LaLiga EA Sports"}},{"@type":"ListItem","@id":"https:\/\/agentelibredigital.com\/index.php\/category\/laliga-ea-sports\/#listItem","position":2,"name":"LaLiga EA Sports","item":"https:\/\/agentelibredigital.com\/index.php\/category\/laliga-ea-sports\/","nextItem":{"@type":"ListItem","@id":"https:\/\/agentelibredigital.com\/index.php\/2026\/09\/06\/previa-espanyol-vs-sevilla-entre-la-reaccion-y-la-confirmacion\/#listItem","name":"Previa Espanyol vs Sevilla: entre la reacci\u00f3n y la confirmaci\u00f3n"},"previousItem":{"@type":"ListItem","@id":"https:\/\/agentelibredigital.com#listItem","name":"Home"}},{"@type":"ListItem","@id":"https:\/\/agentelibredigital.com\/index.php\/2026\/09\/06\/previa-espanyol-vs-sevilla-entre-la-reaccion-y-la-confirmacion\/#listItem","position":3,"name":"Previa Espanyol vs Sevilla: entre la reacci\u00f3n y la confirmaci\u00f3n","previousItem":{"@type":"ListItem","@id":"https:\/\/agentelibredigital.com\/index.php\/category\/laliga-ea-sports\/#listItem","name":"LaLiga EA Sports"}}]},{"@type":"Organization","@id":"https:\/\/agentelibredigital.com\/#organization","name":"Agente Libre Digital","description":"La nueva generaci\u00f3n del periodismo deportivo.","url":"https:\/\/agentelibredigital.com\/","telephone":"+34665330413","logo":{"@type":"ImageObject","url":"https:\/\/agentelibredigital.com\/wp-content\/uploads\/2023\/10\/Agente-5-1.png","@id":"https:\/\/agentelibredigital.com\/index.php\/2026\/09\/06\/previa-espanyol-vs-sevilla-entre-la-reaccion-y-la-confirmacion\/#organizationLogo","width":500,"height":500},"image":{"@id":"https:\/\/agentelibredigital.com\/index.php\/2026\/09\/06\/previa-espanyol-vs-sevilla-entre-la-reaccion-y-la-confirmacion\/#organizationLogo"},"sameAs":["https:\/\/twitter.com\/AgenteLibre_dig","https:\/\/www.instagram.com\/agentelibre_dig\/"]},{"@type":"Person","@id":"https:\/\/agentelibredigital.com\/index.php\/author\/salma-yeraldy\/#author","url":"https:\/\/agentelibredigital.com\/index.php\/author\/salma-yeraldy\/","name":"Yeraldy Hern\u00e1ndez","image":{"@type":"ImageObject","@id":"https:\/\/agentelibredigital.com\/index.php\/2026\/09\/06\/previa-espanyol-vs-sevilla-entre-la-reaccion-y-la-confirmacion\/#authorImage","url":"https:\/\/secure.gravatar.com\/avatar\/92987f164da1f72b6ed32db828dbe016260d4edbedbeb0352878ba6b7f7c415c?s=96&d=mm&r=g","width":96,"height":96,"caption":"Yeraldy Hern\u00e1ndez"}},{"@type":"WebPage","@id":"https:\/\/agentelibredigital.com\/index.php\/2026\/09\/06\/previa-espanyol-vs-sevilla-entre-la-reaccion-y-la-confirmacion\/#webpage","url":"https:\/\/agentelibredigital.com\/index.php\/2026\/09\/06\/previa-espanyol-vs-sevilla-entre-la-reaccion-y-la-confirmacion\/","name":"Previa Espanyol vs Sevilla: entre la reacci\u00f3n y la confirmaci\u00f3n \u2013 Agente Libre Digital","description":"Previa Espanyol vs Sevilla: entre la reacci\u00f3n y la confirmaci\u00f3n","inLanguage":"es-ES","isPartOf":{"@id":"https:\/\/agentelibredigital.com\/#website"},"breadcrumb":{"@id":"https:\/\/agentelibredigital.com\/index.php\/2026\/09\/06\/previa-espanyol-vs-sevilla-entre-la-reaccion-y-la-confirmacion\/#breadcrumblist"},"author":{"@id":"https:\/\/agentelibredigital.com\/index.php\/author\/salma-yeraldy\/#author"},"creator":{"@id":"https:\/\/agentelibredigital.com\/index.php\/author\/salma-yeraldy\/#author"},"image":{"@type":"ImageObject","url":"https:\/\/agentelibredigital.com\/wp-content\/uploads\/2026\/09\/IMG_8765.jpeg","@id":"https:\/\/agentelibredigital.com\/index.php\/2026\/09\/06\/previa-espanyol-vs-sevilla-entre-la-reaccion-y-la-confirmacion\/#mainImage","width":547,"height":365},"primaryImageOfPage":{"@id":"https:\/\/agentelibredigital.com\/index.php\/2026\/09\/06\/previa-espanyol-vs-sevilla-entre-la-reaccion-y-la-confirmacion\/#mainImage"},"datePublished":"2026-09-06T15:35:40+02:00","dateModified":"2026-09-06T15:32:55+02:00"},{"@type":"WebSite","@id":"https:\/\/agentelibredigital.com\/#website","url":"https:\/\/agentelibredigital.com\/","name":"agentelibredigital.com","alternateName":"Agente Libre","description":"La nueva generaci\u00f3n del periodismo deportivo.","inLanguage":"es-ES","publisher":{"@id":"https:\/\/agentelibredigital.com\/#organization"}}]},"og:locale":"es_ES","og:site_name":"Agente Libre Digital \u2013 La nueva generaci\u00f3n del periodismo deportivo.","og:type":"article","og:title":"Previa Espanyol vs Sevilla: entre la reacci\u00f3n y la confirmaci\u00f3n \u2013 Agente Libre Digital","og:description":"Previa Espanyol vs Sevilla: entre la reacci\u00f3n y la confirmaci\u00f3n","og:url":"https:\/\/agentelibredigital.com\/index.php\/2026\/09\/06\/previa-espanyol-vs-sevilla-entre-la-reaccion-y-la-confirmacion\/","og:image":"https:\/\/agentelibredigital.com\/wp-content\/uploads\/2026\/09\/IMG_8765.jpeg","og:image:secure_url":"https:\/\/agentelibredigital.com\/wp-content\/uploads\/2026\/09\/IMG_8765.jpeg","og:image:width":547,"og:image:height":365,"article:published_time":"2026-09-06T13:35:40+00:00","article:modified_time":"2026-09-06T13:32:55+00:00","twitter:card":"summary","twitter:site":"@AgenteLibre_dig","twitter:title":"Previa Espanyol vs Sevilla: entre la reacci\u00f3n y la confirmaci\u00f3n \u2013 Agente Libre Digital","twitter:description":"Previa Espanyol vs Sevilla: entre la reacci\u00f3n y la confirmaci\u00f3n","twitter:creator":"@AgenteLibre_dig","twitter:image":"https:\/\/agentelibredigital.com\/wp-content\/uploads\/2026\/09\/IMG_8765.jpeg"},"aioseo_meta_data":{"post_id":"65694","title":null,"description":null,"keywords":null,"keyphrases":{"focus":{"keyphrase":"","score":0,"analysis":{"keyphraseInTitle":{"score":0,"maxScore":9,"error":1}}},"additional":[]},"primary_term":null,"canonical_url":null,"og_title":null,"og_description":null,"og_object_type":"default","og_image_type":"default","og_image_url":null,"og_image_width":null,"og_image_height":null,"og_image_custom_url":null,"og_image_custom_fields":null,"og_video":"","og_custom_url":null,"og_article_section":null,"og_article_tags":null,"twitter_use_og":false,"twitter_card":"default","twitter_image_type":"default","twitter_image_url":null,"twitter_image_custom_url":null,"twitter_image_custom_fields":null,"twitter_title":null,"twitter_description":null,"schema":{"blockGraphs":[],"customGraphs":[],"default":{"data":{"Article":[],"Course":[],"Dataset":[],"FAQPage":[],"Movie":[],"Person":[],"Product":[],"ProductReview":[],"Car":[],"Recipe":[],"Service":[],"SoftwareApplication":[],"WebPage":[]},"graphName":"BlogPosting","isEnabled":true},"graphs":[]},"schema_type":"default","schema_type_options":null,"pillar_content":false,"robots_default":true,"robots_noindex":false,"robots_noarchive":false,"robots_nosnippet":false,"robots_nofollow":false,"robots_noimageindex":false,"robots_noodp":false,"robots_notranslate":false,"robots_max_snippet":"-1","robots_max_videopreview":"-1","robots_max_imagepreview":"large","priority":null,"frequency":"default","local_seo":null,"breadcrumb_settings":null,"limit_modified_date":true,"ai":{"faqs":[],"keyPoints":[],"schemas":[],"titles":[],"descriptions":[],"socialPosts":{"email":{"subject":"","preview":"","content":""},"linkedin":[],"twitter":[],"facebook":[],"instagram":[]}},"created":"2026-09-06 13:26:13","updated":"2026-09-06 13:57:28","seo_analyzer_scan_date":null,"focus_keyword":null,"additional_keywords":null,"truseo_locale":null},"aioseo_breadcrumb":"<div class=\"aioseo-breadcrumbs\"><span class=\"aioseo-breadcrumb\">\n\t\t\t<a href=\"https:\/\/agentelibredigital.com\" title=\"Home\">Home<\/a>\n\t\t<\/span><span class=\"aioseo-breadcrumb-separator\">&raquo;<\/span><span class=\"aioseo-breadcrumb\">\n\t\t\t<a href=\"https:\/\/agentelibredigital.com\/index.php\/category\/laliga-ea-sports\/\" title=\"LaLiga EA Sports\">LaLiga EA Sports<\/a>\n\t\t<\/span><span class=\"aioseo-breadcrumb-separator\">&raquo;<\/span><span class=\"aioseo-breadcrumb\">\n\t\t\tPrevia Espanyol vs Sevilla: entre la reacci\u00f3n y la confirmaci\u00f3n\n\t\t<\/span><\/div>","aioseo_breadcrumb_json":[{"label":"Home","link":"https:\/\/agentelibredigital.com"},{"label":"LaLiga EA Sports","link":"https:\/\/agentelibredigital.com\/index.php\/category\/laliga-ea-sports\/"},{"label":"Previa Espanyol vs Sevilla: entre la reacci\u00f3n y la confirmaci\u00f3n","link":"https:\/\/agentelibredigital.com\/index.php\/2026\/09\/06\/previa-espanyol-vs-sevilla-entre-la-reaccion-y-la-confirmacion\/"}],"_links":{"self":[{"href":"https:\/\/agentelibredigital.com\/index.php\/wp-json\/wp\/v2\/posts\/65694","targetHints":{"allow":["GET"]}}],"collection":[{"href":"https:\/\/agentelibredigital.com\/index.php\/wp-json\/wp\/v2\/posts"}],"about":[{"href":"https:\/\/agentelibredigital.com\/index.php\/wp-json\/wp\/v2\/types\/post"}],"author":[{"embeddable":true,"href":"https:\/\/agentelibredigital.com\/index.php\/wp-json\/wp\/v2\/users\/354"}],"replies":[{"embeddable":true,"href":"https:\/\/agentelibredigital.com\/index.php\/wp-json\/wp\/v2\/comments?post=65694"}],"version-history":[{"count":4,"href":"https:\/\/agentelibredigital.com\/index.php\/wp-json\/wp\/v2\/posts\/65694\/revisions"}],"predecessor-version":[{"id":65707,"href":"https:\/\/agentelibredigital.com\/index.php\/wp-json\/wp\/v2\/posts\/65694\/revisions\/65707"}],"wp:featuredmedia":[{"embeddable":true,"href":"https:\/\/agentelibredigital.com\/index.php\/wp-json\/wp\/v2\/media\/65697"}],"wp:attachment":[{"href":"https:\/\/agentelibredigital.com\/index.php\/wp-json\/wp\/v2\/media?parent=65694"}],"wp:term":[{"taxonomy":"category","embeddable":true,"href":"https:\/\/agentelibredigital.com\/index.php\/wp-json\/wp\/v2\/categories?post=65694"},{"taxonomy":"post_tag","embeddable":true,"href":"https:\/\/agentelibredigital.com\/index.php\/wp-json\/wp\/v2\/tags?post=65694"}],"curies":[{"name":"wp","href":"https:\/\/api.w.org\/{rel}","templated":true}]}}