{"id":65691,"date":"2026-09-06T16:00:46","date_gmt":"2026-09-06T14:00:46","guid":{"rendered":"https:\/\/agentelibredigital.com\/?p=65691"},"modified":"2026-09-06T16:00:46","modified_gmt":"2026-09-06T14:00:46","slug":"sd-eibar-3-0-granada-cf-la-historia-de-nunca-acabar","status":"publish","type":"post","link":"https:\/\/agentelibredigital.com\/index.php\/2026\/09\/06\/sd-eibar-3-0-granada-cf-la-historia-de-nunca-acabar\/","title":{"rendered":"SD Eibar 3-0 Granada CF: la historia de nunca acabar"},"content":{"rendered":"<p><strong>La SD Eibar volvi\u00f3 a vencer de forma contundente al Granada CF, como en casi todos sus enfrentamientos anteriores en Ipur\u00faa, para colocarse l\u00edder de LaLiga Hypermotion<\/strong><\/p>\n<p><strong>SD <\/strong><strong>Eibar<\/strong> y <strong>Granada CF<\/strong> se med\u00edan en el choque que abr\u00eda la jornada de domingo de la <strong><a href=\"https:\/\/agentelibredigital.com\/index.php\/2026\/09\/05\/sd-eibar-granada-cf-romper-una-maldicion-para-seguir-sonando\/\">cuarta fecha<\/a><\/strong> de <strong>LaLiga Hypermotion<\/strong> desde el <strong>estadio Municipal de Ipur\u00faa<\/strong>. Ambos conjuntos llegaban tras cosechar<strong> dos victorias consecutivas<\/strong>, los armeros sumaban seis puntos y se situaban en mitad de la tabla clasificatoria, mientras que los rojiblancos eran l\u00edderes al inicio de la jornada con siete unidades.<\/p>\n<p>&nbsp;<\/p>\n<h2>El Eibar maniat\u00f3 al Granada para seguir con la maldici\u00f3n<\/h2>\n<p>La<strong> SD Eibar<\/strong> sali\u00f3 apretando en casa como de costumbre obligando a <strong>Ra\u00fal Lizoain<\/strong> a realizar dos paradas de valor gol en los primeros diez minutos de partido a <strong>Jon Bautista<\/strong> y <strong>Adu Ares<\/strong>. A pesar de las buenas intervenciones meta canario, un desajuste tremendo en el medio campo del Granada CF dej\u00f3 a <strong>Jon Bautista<\/strong> la oportunidad de encontrar a <strong>Iv\u00e1n Gil<\/strong> solo entrel\u00edneas para que con un <strong>disparo ajustado desde la frontal del adelantara a los locales a los ocho minutos<\/strong>.<\/p>\n<figure id=\"attachment_65700\" aria-describedby=\"caption-attachment-65700\" style=\"width: 900px\" class=\"wp-caption aligncenter\"><img loading=\"lazy\" decoding=\"async\" class=\"wp-image-65700 size-full\" src=\"https:\/\/agentelibredigital.com\/wp-content\/uploads\/2026\/09\/c743b91be9c61a7773c9f0faa3c7881f.jpeg\" alt=\"SD Eibar - Granada CF\" width=\"900\" height=\"652\" srcset=\"https:\/\/agentelibredigital.com\/wp-content\/uploads\/2026\/09\/c743b91be9c61a7773c9f0faa3c7881f.jpeg 900w, https:\/\/agentelibredigital.com\/wp-content\/uploads\/2026\/09\/c743b91be9c61a7773c9f0faa3c7881f-300x217.jpeg 300w, https:\/\/agentelibredigital.com\/wp-content\/uploads\/2026\/09\/c743b91be9c61a7773c9f0faa3c7881f-768x556.jpeg 768w\" sizes=\"auto, (max-width: 900px) 100vw, 900px\" \/><figcaption id=\"caption-attachment-65700\" class=\"wp-caption-text\">Los jugadores de la SD Eibar celebran el primer gol del partido (Foto: v\u00eda LaLiga Hypermotion\/redes sociales &#8216;web&#8217;)<\/figcaption><\/figure>\n<p>Los rojiblancos, hoy de blanco, tuvieron una reacci\u00f3n r\u00e1pida con una gran acci\u00f3n individual de <strong>Owen Emeka<\/strong>, que estrenaba titularidad. El peligro en juego directo de la SD Eibar continu\u00f3 a cuenta gotas y<strong>\u00a0Bautista<\/strong> con un disparo ajustado al primer palo roz\u00f3 el segundo tanto de su equipo. <strong>Pedro Alema\u00f1<\/strong> con un zurdazo potente oblig\u00f3 a <strong>Jon Magunagoitia<\/strong> a repeler a c\u00f3rner, pero en la siguiente acci\u00f3n, una nueva jugada de juego directo, comenzada con una<strong> <a href=\"https:\/\/www.ideal.es\/granadacf\/arbitro-deja-pasar-agarron-previo-chinaza-granada-20260906150342-nt.html\">falta no se\u00f1alada<\/a> de Anaitz Arbilla sobre Chinaza<\/strong>, del conjunto vasco lo finaliz\u00f3 en <strong>gol Adu Ares<\/strong> mandando el bal\u00f3n al fondo de las mallas.<\/p>\n<p>Antes del descanso, <strong>Alema\u00f1<\/strong> y <strong>Owen<\/strong> no pudieron rematar entre palos dos buenos centros desde banda derecha, y <strong>Rub\u00e9n Alcaraz<\/strong> de falta directa roz\u00f3 el palo derecho de la porter\u00eda armera. Al descanso, a pesar de la reacci\u00f3n granadinista, <strong>2-0 mandaba la SD Eibar<\/strong>.<\/p>\n<p>&nbsp;<\/p>\n<h2>Guruzeta apuntill\u00f3 el marcador<\/h2>\n<p>El <strong>Granada CF<\/strong> sali\u00f3 de los vestuarios con la dif\u00edcil misi\u00f3n de romper la din\u00e1mica de una mala primera parte, aunque una perdida de<strong> Alcaraz<\/strong> oblig\u00f3 a <strong>Lizoain<\/strong> a resolver otro mano a mano contra <strong>Bautista<\/strong>. <strong>Jon Guruzeta<\/strong> con un disparo esquinado hizo volver a aparecer al meta canario de los visitantes, que estaba salvando un resultado a\u00fan mayor.<\/p>\n<p>Con centros laterales los rojiblancos lo segu\u00edan intentando, pero el resultado siempre era el mismo, top\u00e1ndose con un muro azulgrana que proteg\u00eda la porter\u00eda de Magunagoitia. En un centro lateral rozando la hora de partido, <strong>\u00c1lvaro Rodr\u00edguez<\/strong> sali\u00f3 a correr a campo abierto desde su campo, lleg\u00f3 a l\u00ednea de fondo, le puso pausa a la jugada y <strong>centr\u00f3 al punto de penalti donde Guruzeta remat\u00f3 solo y finiquit\u00f3 el encuentro<\/strong>, perpetuando el <em>v\u00eda crucis<\/em> que sufre el Granada CF cada vez que juega en el estrecho campo de Ipur\u00faa.<\/p>\n<figure id=\"attachment_65701\" aria-describedby=\"caption-attachment-65701\" style=\"width: 900px\" class=\"wp-caption aligncenter\"><img loading=\"lazy\" decoding=\"async\" class=\"wp-image-65701 size-full\" src=\"https:\/\/agentelibredigital.com\/wp-content\/uploads\/2026\/09\/d65ebe9f26e13d815a27ab77e5b5b311.jpeg\" alt=\"SD Eibar - Granada CF\" width=\"900\" height=\"641\" srcset=\"https:\/\/agentelibredigital.com\/wp-content\/uploads\/2026\/09\/d65ebe9f26e13d815a27ab77e5b5b311.jpeg 900w, https:\/\/agentelibredigital.com\/wp-content\/uploads\/2026\/09\/d65ebe9f26e13d815a27ab77e5b5b311-300x214.jpeg 300w, https:\/\/agentelibredigital.com\/wp-content\/uploads\/2026\/09\/d65ebe9f26e13d815a27ab77e5b5b311-768x547.jpeg 768w\" sizes=\"auto, (max-width: 900px) 100vw, 900px\" \/><figcaption id=\"caption-attachment-65701\" class=\"wp-caption-text\">Jon Guruzeta celebra su gol (Foto: v\u00eda LaLiga Hypermotion\/redes sociales &#8216;web&#8217;)<\/figcaption><\/figure>\n<p><strong>Jos\u00e9 Arnaiz<\/strong> con un tiro desviado por un defensa estuvo cerca de encontrar porter\u00eda, y <strong>Guruzeta<\/strong> con otro disparo que se march\u00f3 muy alto, mantuvo la sensaci\u00f3n de peligro. En el <strong>minuto 76<\/strong>, el colegiado del encuentro,<strong> Romero Freixas<\/strong>, <strong>expuls\u00f3 por juego peligroso a Jair Amador<\/strong> tras casi propinar una patada en la cabeza de <strong>Sergio Rodelas<\/strong> y <strong>Jorge Pascual<\/strong> dispar\u00f3 alto la falta en la frontal del \u00e1rea.<\/p>\n<p><strong>Diego Hormigo<\/strong> dio el susto en los minutos finales de partido al realizar\u00a0 un mal aterrizaje en un salto en el punto de penalti buscando un remate de cabeza, afortunadamente el centrocampista pudo continuar en el terreno de juego varios minutos. Sin embargo, <strong>se tuvo que marchar a vestuarios a falta de un par de minutos<\/strong>, dejando a su equipo con diez al ya tener agostados los cinco cambios. Los visitantes intentaron el gol del honor, pero <strong>Magunagoitia<\/strong> detuvo la ocasi\u00f3n mas clara del <strong>Granada CF<\/strong> con una falta centrada lanzada por <strong>Arnaiz<\/strong>. La <strong>SD Eibar<\/strong> se coloca con nueea puntos<strong> l\u00edder moment\u00e1neo<\/strong> de <strong>LaLiga Hypermotion<\/strong>, los visitantes bajan a la octava posici\u00f3n con siete puntos, tambi\u00e9n de forma moment\u00e1nea.<\/p>\n<p>&nbsp;<\/p>\n<h2>Ficha t\u00e9cnica:<\/h2>\n<p><strong>SD Eibar:<\/strong> Magunagoitia; \u00c1. Rodr\u00edguez (Cubero 61&#8242;), Elgezabal (Jair 46&#8242;), Arbilla, Bernat; Madariaga, A. Garrido; Adu Ares (Arana 78&#8242;), Iv\u00e1n Gil (Javi Mart\u00f3n 70&#8242;), Jon Guruzeta; Bautista (Lucas N\u00fa\u00f1ez 71&#8242;).<\/p>\n<p><strong>Granada CF:<\/strong> Lizoain; S. L\u00f3pez, Manu Lama, Bourama, Pamp\u00edn; R. Alcaraz (Hormigo 66&#8242;), Gumbau (Dylan 66&#8242;); Owen Emeka (Rodelas 56&#8242;), Alema\u00f1 (J. Pascual 46&#8242;), Arnaiz; Chinaza (Marqu\u00e9s 46&#8242;).<\/p>\n<p><strong>Goleadores:<\/strong> Iv\u00e1n Gil (8&#8242;), Adu Ares (44&#8242;), Jon Guruzeta (58&#8242;).<\/p>\n<p><strong>\u00c1rbitro principal:<\/strong> Romero Freixas<\/p>\n<p><strong>\u00c1rbitro VAR:<\/strong> Cuadra Fern\u00e1ndez<\/p>\n<p><strong>Estadio:<\/strong> Municipal de Ipur\u00faa<\/p>\n","protected":false},"excerpt":{"rendered":"<p>La SD Eibar volvi\u00f3 a vencer de forma contundente al Granada CF, como en casi todos sus enfrentamientos anteriores en Ipur\u00faa, para colocarse l\u00edder de LaLiga Hypermotion SD Eibar y&hellip; <\/p>\n","protected":false},"author":276,"featured_media":65708,"comment_status":"open","ping_status":"open","sticky":false,"template":"","format":"standard","meta":{"om_disable_all_campaigns":false,"_monsterinsights_skip_tracking":false,"_uf_show_specific_survey":0,"_uf_disable_surveys":false,"footnotes":""},"categories":[47,29,8],"tags":[420,4444,5633,68,101,4293,77,1123,320,5552],"class_list":["post-65691","post","type-post","status-publish","format-standard","has-post-thumbnail","hentry","category-futbol-espanol","category-granada","category-laliga-hypermotion","tag-granada-cf","tag-ipurua","tag-jokin-arambarri","tag-jornada-4","tag-laliga-hypermotion","tag-news","tag-pacheta","tag-sd-eibar","tag-segunda-division","tag-temporada-2026-2027"],"aioseo_notices":[],"aioseo_head":"\n\t\t<!-- All in One SEO 5.0.1.1 - aioseo.com -->\n\t<meta name=\"description\" content=\"La SD Eibar volvi\u00f3 a vencer de forma contundente al Granada CF, como en casi todos sus enfrentamientos anteriores en Ipur\u00faa, para colocarse l\u00edder\" \/>\n\t<meta name=\"robots\" content=\"max-image-preview:large\" \/>\n\t<meta name=\"author\" content=\"Daniel L\u00f3pez\"\/>\n\t<link rel=\"canonical\" href=\"https:\/\/agentelibredigital.com\/index.php\/2026\/09\/06\/sd-eibar-3-0-granada-cf-la-historia-de-nunca-acabar\/\" \/>\n\t<meta name=\"generator\" content=\"All in One SEO (AIOSEO) 5.0.1.1\" \/>\n\t\t<meta property=\"og:locale\" content=\"es_ES\" \/>\n\t\t<meta property=\"og:site_name\" content=\"Agente Libre Digital \u2013 La nueva generaci\u00f3n del periodismo deportivo.\" \/>\n\t\t<meta property=\"og:type\" content=\"article\" \/>\n\t\t<meta property=\"og:title\" content=\"SD Eibar 3-0 Granada CF: la historia de nunca acabar\" \/>\n\t\t<meta property=\"og:description\" content=\"La SD Eibar volvi\u00f3 a vencer de forma contundente al Granada CF, como en casi todos sus enfrentamientos anteriores en Ipur\u00faa, para colocarse l\u00edder\" \/>\n\t\t<meta property=\"og:url\" content=\"https:\/\/agentelibredigital.com\/index.php\/2026\/09\/06\/sd-eibar-3-0-granada-cf-la-historia-de-nunca-acabar\/\" \/>\n\t\t<meta property=\"og:image\" content=\"https:\/\/agentelibredigital.com\/wp-content\/uploads\/2026\/09\/91ee61727b744db2f7851301fc6ee297.jpeg\" \/>\n\t\t<meta property=\"og:image:secure_url\" content=\"https:\/\/agentelibredigital.com\/wp-content\/uploads\/2026\/09\/91ee61727b744db2f7851301fc6ee297.jpeg\" \/>\n\t\t<meta property=\"og:image:width\" content=\"900\" \/>\n\t\t<meta property=\"og:image:height\" content=\"671\" \/>\n\t\t<meta property=\"article:published_time\" content=\"2026-09-06T14:00:46+00:00\" \/>\n\t\t<meta property=\"article:modified_time\" content=\"2026-09-06T14:00:46+00:00\" \/>\n\t\t<meta name=\"twitter:card\" content=\"summary\" \/>\n\t\t<meta name=\"twitter:site\" content=\"@AgenteLibre_dig\" \/>\n\t\t<meta name=\"twitter:title\" content=\"SD Eibar 3-0 Granada CF: la historia de nunca acabar\" \/>\n\t\t<meta name=\"twitter:description\" content=\"La SD Eibar volvi\u00f3 a vencer de forma contundente al Granada CF, como en casi todos sus enfrentamientos anteriores en Ipur\u00faa, para colocarse l\u00edder\" \/>\n\t\t<meta name=\"twitter:creator\" content=\"@AgenteLibre_dig\" \/>\n\t\t<meta name=\"twitter:image\" content=\"https:\/\/agentelibredigital.com\/wp-content\/uploads\/2026\/09\/91ee61727b744db2f7851301fc6ee297.jpeg\" \/>\n\t\t<script type=\"application\/ld+json\" class=\"aioseo-schema\">\n\t\t\t{\"@context\":\"https:\\\/\\\/schema.org\",\"@graph\":[{\"@type\":\"BlogPosting\",\"@id\":\"https:\\\/\\\/agentelibredigital.com\\\/index.php\\\/2026\\\/09\\\/06\\\/sd-eibar-3-0-granada-cf-la-historia-de-nunca-acabar\\\/#blogposting\",\"name\":\"SD Eibar 3-0 Granada CF: la historia de nunca acabar\",\"headline\":\"SD Eibar 3-0 Granada CF: la historia de nunca acabar\",\"author\":{\"@id\":\"https:\\\/\\\/agentelibredigital.com\\\/index.php\\\/author\\\/daniel-lopez\\\/#author\"},\"publisher\":{\"@id\":\"https:\\\/\\\/agentelibredigital.com\\\/#organization\"},\"image\":{\"@type\":\"ImageObject\",\"url\":\"https:\\\/\\\/agentelibredigital.com\\\/wp-content\\\/uploads\\\/2026\\\/09\\\/91ee61727b744db2f7851301fc6ee297.jpeg\",\"width\":900,\"height\":671,\"caption\":\"Los jugadores de la SD Eibar celebran el tercer gol del partido (Foto: v\\u00eda LaLiga Hypermotion\\\/redes sociales 'web')\"},\"datePublished\":\"2026-09-06T16:00:46+02:00\",\"dateModified\":\"2026-09-06T16:00:46+02:00\",\"inLanguage\":\"es-ES\",\"commentCount\":2,\"mainEntityOfPage\":{\"@id\":\"https:\\\/\\\/agentelibredigital.com\\\/index.php\\\/2026\\\/09\\\/06\\\/sd-eibar-3-0-granada-cf-la-historia-de-nunca-acabar\\\/#webpage\"},\"isPartOf\":{\"@id\":\"https:\\\/\\\/agentelibredigital.com\\\/index.php\\\/2026\\\/09\\\/06\\\/sd-eibar-3-0-granada-cf-la-historia-de-nunca-acabar\\\/#webpage\"},\"articleSection\":\"F\\u00fatbol Espa\\u00f1ol, Granada, LaLiga Hypermotion, Granada CF, Ipur\\u00faa, Jokin Arambarri, Jornada 4, LaLiga Hypermotion, news, Pacheta, SD Eibar, Segunda Divisi\\u00f3n, Temporada 2026\\\/2027\"},{\"@type\":\"BreadcrumbList\",\"@id\":\"https:\\\/\\\/agentelibredigital.com\\\/index.php\\\/2026\\\/09\\\/06\\\/sd-eibar-3-0-granada-cf-la-historia-de-nunca-acabar\\\/#breadcrumblist\",\"itemListElement\":[{\"@type\":\"ListItem\",\"@id\":\"https:\\\/\\\/agentelibredigital.com#listItem\",\"position\":1,\"name\":\"Home\",\"item\":\"https:\\\/\\\/agentelibredigital.com\",\"nextItem\":{\"@type\":\"ListItem\",\"@id\":\"https:\\\/\\\/agentelibredigital.com\\\/index.php\\\/category\\\/laliga-hypermotion\\\/#listItem\",\"name\":\"LaLiga Hypermotion\"}},{\"@type\":\"ListItem\",\"@id\":\"https:\\\/\\\/agentelibredigital.com\\\/index.php\\\/category\\\/laliga-hypermotion\\\/#listItem\",\"position\":2,\"name\":\"LaLiga Hypermotion\",\"item\":\"https:\\\/\\\/agentelibredigital.com\\\/index.php\\\/category\\\/laliga-hypermotion\\\/\",\"nextItem\":{\"@type\":\"ListItem\",\"@id\":\"https:\\\/\\\/agentelibredigital.com\\\/index.php\\\/2026\\\/09\\\/06\\\/sd-eibar-3-0-granada-cf-la-historia-de-nunca-acabar\\\/#listItem\",\"name\":\"SD Eibar 3-0 Granada CF: la historia de nunca acabar\"},\"previousItem\":{\"@type\":\"ListItem\",\"@id\":\"https:\\\/\\\/agentelibredigital.com#listItem\",\"name\":\"Home\"}},{\"@type\":\"ListItem\",\"@id\":\"https:\\\/\\\/agentelibredigital.com\\\/index.php\\\/2026\\\/09\\\/06\\\/sd-eibar-3-0-granada-cf-la-historia-de-nunca-acabar\\\/#listItem\",\"position\":3,\"name\":\"SD Eibar 3-0 Granada CF: la historia de nunca acabar\",\"previousItem\":{\"@type\":\"ListItem\",\"@id\":\"https:\\\/\\\/agentelibredigital.com\\\/index.php\\\/category\\\/laliga-hypermotion\\\/#listItem\",\"name\":\"LaLiga Hypermotion\"}}]},{\"@type\":\"Organization\",\"@id\":\"https:\\\/\\\/agentelibredigital.com\\\/#organization\",\"name\":\"Agente Libre Digital\",\"description\":\"La nueva generaci\\u00f3n del periodismo deportivo.\",\"url\":\"https:\\\/\\\/agentelibredigital.com\\\/\",\"telephone\":\"+34665330413\",\"logo\":{\"@type\":\"ImageObject\",\"url\":\"https:\\\/\\\/agentelibredigital.com\\\/wp-content\\\/uploads\\\/2023\\\/10\\\/Agente-5-1.png\",\"@id\":\"https:\\\/\\\/agentelibredigital.com\\\/index.php\\\/2026\\\/09\\\/06\\\/sd-eibar-3-0-granada-cf-la-historia-de-nunca-acabar\\\/#organizationLogo\",\"width\":500,\"height\":500},\"image\":{\"@id\":\"https:\\\/\\\/agentelibredigital.com\\\/index.php\\\/2026\\\/09\\\/06\\\/sd-eibar-3-0-granada-cf-la-historia-de-nunca-acabar\\\/#organizationLogo\"},\"sameAs\":[\"https:\\\/\\\/twitter.com\\\/AgenteLibre_dig\",\"https:\\\/\\\/www.instagram.com\\\/agentelibre_dig\\\/\"]},{\"@type\":\"Person\",\"@id\":\"https:\\\/\\\/agentelibredigital.com\\\/index.php\\\/author\\\/daniel-lopez\\\/#author\",\"url\":\"https:\\\/\\\/agentelibredigital.com\\\/index.php\\\/author\\\/daniel-lopez\\\/\",\"name\":\"Daniel L\\u00f3pez\",\"image\":{\"@type\":\"ImageObject\",\"@id\":\"https:\\\/\\\/agentelibredigital.com\\\/index.php\\\/2026\\\/09\\\/06\\\/sd-eibar-3-0-granada-cf-la-historia-de-nunca-acabar\\\/#authorImage\",\"url\":\"https:\\\/\\\/secure.gravatar.com\\\/avatar\\\/05ca2f03848506a8854118727e97a832ac15c56f599eedd02ea0052ad6426427?s=96&d=mm&r=g\",\"width\":96,\"height\":96,\"caption\":\"Daniel L\\u00f3pez\"}},{\"@type\":\"WebPage\",\"@id\":\"https:\\\/\\\/agentelibredigital.com\\\/index.php\\\/2026\\\/09\\\/06\\\/sd-eibar-3-0-granada-cf-la-historia-de-nunca-acabar\\\/#webpage\",\"url\":\"https:\\\/\\\/agentelibredigital.com\\\/index.php\\\/2026\\\/09\\\/06\\\/sd-eibar-3-0-granada-cf-la-historia-de-nunca-acabar\\\/\",\"name\":\"SD Eibar 3-0 Granada CF: la historia de nunca acabar\",\"description\":\"La SD Eibar volvi\\u00f3 a vencer de forma contundente al Granada CF, como en casi todos sus enfrentamientos anteriores en Ipur\\u00faa, para colocarse l\\u00edder\",\"inLanguage\":\"es-ES\",\"isPartOf\":{\"@id\":\"https:\\\/\\\/agentelibredigital.com\\\/#website\"},\"breadcrumb\":{\"@id\":\"https:\\\/\\\/agentelibredigital.com\\\/index.php\\\/2026\\\/09\\\/06\\\/sd-eibar-3-0-granada-cf-la-historia-de-nunca-acabar\\\/#breadcrumblist\"},\"author\":{\"@id\":\"https:\\\/\\\/agentelibredigital.com\\\/index.php\\\/author\\\/daniel-lopez\\\/#author\"},\"creator\":{\"@id\":\"https:\\\/\\\/agentelibredigital.com\\\/index.php\\\/author\\\/daniel-lopez\\\/#author\"},\"image\":{\"@type\":\"ImageObject\",\"url\":\"https:\\\/\\\/agentelibredigital.com\\\/wp-content\\\/uploads\\\/2026\\\/09\\\/91ee61727b744db2f7851301fc6ee297.jpeg\",\"@id\":\"https:\\\/\\\/agentelibredigital.com\\\/index.php\\\/2026\\\/09\\\/06\\\/sd-eibar-3-0-granada-cf-la-historia-de-nunca-acabar\\\/#mainImage\",\"width\":900,\"height\":671,\"caption\":\"Los jugadores de la SD Eibar celebran el tercer gol del partido (Foto: v\\u00eda LaLiga Hypermotion\\\/redes sociales 'web')\"},\"primaryImageOfPage\":{\"@id\":\"https:\\\/\\\/agentelibredigital.com\\\/index.php\\\/2026\\\/09\\\/06\\\/sd-eibar-3-0-granada-cf-la-historia-de-nunca-acabar\\\/#mainImage\"},\"datePublished\":\"2026-09-06T16:00:46+02:00\",\"dateModified\":\"2026-09-06T16:00:46+02:00\"},{\"@type\":\"WebSite\",\"@id\":\"https:\\\/\\\/agentelibredigital.com\\\/#website\",\"url\":\"https:\\\/\\\/agentelibredigital.com\\\/\",\"name\":\"agentelibredigital.com\",\"alternateName\":\"Agente Libre\",\"description\":\"La nueva generaci\\u00f3n del periodismo deportivo.\",\"inLanguage\":\"es-ES\",\"publisher\":{\"@id\":\"https:\\\/\\\/agentelibredigital.com\\\/#organization\"}}]}\n\t\t<\/script>\n\t\t<!-- All in One SEO -->\n\n","aioseo_head_json":{"title":"SD Eibar 3-0 Granada CF: la historia de nunca acabar","description":"La SD Eibar volvi\u00f3 a vencer de forma contundente al Granada CF, como en casi todos sus enfrentamientos anteriores en Ipur\u00faa, para colocarse l\u00edder","canonical_url":"https:\/\/agentelibredigital.com\/index.php\/2026\/09\/06\/sd-eibar-3-0-granada-cf-la-historia-de-nunca-acabar\/","robots":"max-image-preview:large","keywords":"","webmasterTools":{"miscellaneous":""},"schema":{"@context":"https:\/\/schema.org","@graph":[{"@type":"BlogPosting","@id":"https:\/\/agentelibredigital.com\/index.php\/2026\/09\/06\/sd-eibar-3-0-granada-cf-la-historia-de-nunca-acabar\/#blogposting","name":"SD Eibar 3-0 Granada CF: la historia de nunca acabar","headline":"SD Eibar 3-0 Granada CF: la historia de nunca acabar","author":{"@id":"https:\/\/agentelibredigital.com\/index.php\/author\/daniel-lopez\/#author"},"publisher":{"@id":"https:\/\/agentelibredigital.com\/#organization"},"image":{"@type":"ImageObject","url":"https:\/\/agentelibredigital.com\/wp-content\/uploads\/2026\/09\/91ee61727b744db2f7851301fc6ee297.jpeg","width":900,"height":671,"caption":"Los jugadores de la SD Eibar celebran el tercer gol del partido (Foto: v\u00eda LaLiga Hypermotion\/redes sociales 'web')"},"datePublished":"2026-09-06T16:00:46+02:00","dateModified":"2026-09-06T16:00:46+02:00","inLanguage":"es-ES","commentCount":2,"mainEntityOfPage":{"@id":"https:\/\/agentelibredigital.com\/index.php\/2026\/09\/06\/sd-eibar-3-0-granada-cf-la-historia-de-nunca-acabar\/#webpage"},"isPartOf":{"@id":"https:\/\/agentelibredigital.com\/index.php\/2026\/09\/06\/sd-eibar-3-0-granada-cf-la-historia-de-nunca-acabar\/#webpage"},"articleSection":"F\u00fatbol Espa\u00f1ol, Granada, LaLiga Hypermotion, Granada CF, Ipur\u00faa, Jokin Arambarri, Jornada 4, LaLiga Hypermotion, news, Pacheta, SD Eibar, Segunda Divisi\u00f3n, Temporada 2026\/2027"},{"@type":"BreadcrumbList","@id":"https:\/\/agentelibredigital.com\/index.php\/2026\/09\/06\/sd-eibar-3-0-granada-cf-la-historia-de-nunca-acabar\/#breadcrumblist","itemListElement":[{"@type":"ListItem","@id":"https:\/\/agentelibredigital.com#listItem","position":1,"name":"Home","item":"https:\/\/agentelibredigital.com","nextItem":{"@type":"ListItem","@id":"https:\/\/agentelibredigital.com\/index.php\/category\/laliga-hypermotion\/#listItem","name":"LaLiga Hypermotion"}},{"@type":"ListItem","@id":"https:\/\/agentelibredigital.com\/index.php\/category\/laliga-hypermotion\/#listItem","position":2,"name":"LaLiga Hypermotion","item":"https:\/\/agentelibredigital.com\/index.php\/category\/laliga-hypermotion\/","nextItem":{"@type":"ListItem","@id":"https:\/\/agentelibredigital.com\/index.php\/2026\/09\/06\/sd-eibar-3-0-granada-cf-la-historia-de-nunca-acabar\/#listItem","name":"SD Eibar 3-0 Granada CF: la historia de nunca acabar"},"previousItem":{"@type":"ListItem","@id":"https:\/\/agentelibredigital.com#listItem","name":"Home"}},{"@type":"ListItem","@id":"https:\/\/agentelibredigital.com\/index.php\/2026\/09\/06\/sd-eibar-3-0-granada-cf-la-historia-de-nunca-acabar\/#listItem","position":3,"name":"SD Eibar 3-0 Granada CF: la historia de nunca acabar","previousItem":{"@type":"ListItem","@id":"https:\/\/agentelibredigital.com\/index.php\/category\/laliga-hypermotion\/#listItem","name":"LaLiga Hypermotion"}}]},{"@type":"Organization","@id":"https:\/\/agentelibredigital.com\/#organization","name":"Agente Libre Digital","description":"La nueva generaci\u00f3n del periodismo deportivo.","url":"https:\/\/agentelibredigital.com\/","telephone":"+34665330413","logo":{"@type":"ImageObject","url":"https:\/\/agentelibredigital.com\/wp-content\/uploads\/2023\/10\/Agente-5-1.png","@id":"https:\/\/agentelibredigital.com\/index.php\/2026\/09\/06\/sd-eibar-3-0-granada-cf-la-historia-de-nunca-acabar\/#organizationLogo","width":500,"height":500},"image":{"@id":"https:\/\/agentelibredigital.com\/index.php\/2026\/09\/06\/sd-eibar-3-0-granada-cf-la-historia-de-nunca-acabar\/#organizationLogo"},"sameAs":["https:\/\/twitter.com\/AgenteLibre_dig","https:\/\/www.instagram.com\/agentelibre_dig\/"]},{"@type":"Person","@id":"https:\/\/agentelibredigital.com\/index.php\/author\/daniel-lopez\/#author","url":"https:\/\/agentelibredigital.com\/index.php\/author\/daniel-lopez\/","name":"Daniel L\u00f3pez","image":{"@type":"ImageObject","@id":"https:\/\/agentelibredigital.com\/index.php\/2026\/09\/06\/sd-eibar-3-0-granada-cf-la-historia-de-nunca-acabar\/#authorImage","url":"https:\/\/secure.gravatar.com\/avatar\/05ca2f03848506a8854118727e97a832ac15c56f599eedd02ea0052ad6426427?s=96&d=mm&r=g","width":96,"height":96,"caption":"Daniel L\u00f3pez"}},{"@type":"WebPage","@id":"https:\/\/agentelibredigital.com\/index.php\/2026\/09\/06\/sd-eibar-3-0-granada-cf-la-historia-de-nunca-acabar\/#webpage","url":"https:\/\/agentelibredigital.com\/index.php\/2026\/09\/06\/sd-eibar-3-0-granada-cf-la-historia-de-nunca-acabar\/","name":"SD Eibar 3-0 Granada CF: la historia de nunca acabar","description":"La SD Eibar volvi\u00f3 a vencer de forma contundente al Granada CF, como en casi todos sus enfrentamientos anteriores en Ipur\u00faa, para colocarse l\u00edder","inLanguage":"es-ES","isPartOf":{"@id":"https:\/\/agentelibredigital.com\/#website"},"breadcrumb":{"@id":"https:\/\/agentelibredigital.com\/index.php\/2026\/09\/06\/sd-eibar-3-0-granada-cf-la-historia-de-nunca-acabar\/#breadcrumblist"},"author":{"@id":"https:\/\/agentelibredigital.com\/index.php\/author\/daniel-lopez\/#author"},"creator":{"@id":"https:\/\/agentelibredigital.com\/index.php\/author\/daniel-lopez\/#author"},"image":{"@type":"ImageObject","url":"https:\/\/agentelibredigital.com\/wp-content\/uploads\/2026\/09\/91ee61727b744db2f7851301fc6ee297.jpeg","@id":"https:\/\/agentelibredigital.com\/index.php\/2026\/09\/06\/sd-eibar-3-0-granada-cf-la-historia-de-nunca-acabar\/#mainImage","width":900,"height":671,"caption":"Los jugadores de la SD Eibar celebran el tercer gol del partido (Foto: v\u00eda LaLiga Hypermotion\/redes sociales 'web')"},"primaryImageOfPage":{"@id":"https:\/\/agentelibredigital.com\/index.php\/2026\/09\/06\/sd-eibar-3-0-granada-cf-la-historia-de-nunca-acabar\/#mainImage"},"datePublished":"2026-09-06T16:00:46+02:00","dateModified":"2026-09-06T16:00:46+02:00"},{"@type":"WebSite","@id":"https:\/\/agentelibredigital.com\/#website","url":"https:\/\/agentelibredigital.com\/","name":"agentelibredigital.com","alternateName":"Agente Libre","description":"La nueva generaci\u00f3n del periodismo deportivo.","inLanguage":"es-ES","publisher":{"@id":"https:\/\/agentelibredigital.com\/#organization"}}]},"og:locale":"es_ES","og:site_name":"Agente Libre Digital \u2013 La nueva generaci\u00f3n del periodismo deportivo.","og:type":"article","og:title":"SD Eibar 3-0 Granada CF: la historia de nunca acabar","og:description":"La SD Eibar volvi\u00f3 a vencer de forma contundente al Granada CF, como en casi todos sus enfrentamientos anteriores en Ipur\u00faa, para colocarse l\u00edder","og:url":"https:\/\/agentelibredigital.com\/index.php\/2026\/09\/06\/sd-eibar-3-0-granada-cf-la-historia-de-nunca-acabar\/","og:image":"https:\/\/agentelibredigital.com\/wp-content\/uploads\/2026\/09\/91ee61727b744db2f7851301fc6ee297.jpeg","og:image:secure_url":"https:\/\/agentelibredigital.com\/wp-content\/uploads\/2026\/09\/91ee61727b744db2f7851301fc6ee297.jpeg","og:image:width":900,"og:image:height":671,"article:published_time":"2026-09-06T14:00:46+00:00","article:modified_time":"2026-09-06T14:00:46+00:00","twitter:card":"summary","twitter:site":"@AgenteLibre_dig","twitter:title":"SD Eibar 3-0 Granada CF: la historia de nunca acabar","twitter:description":"La SD Eibar volvi\u00f3 a vencer de forma contundente al Granada CF, como en casi todos sus enfrentamientos anteriores en Ipur\u00faa, para colocarse l\u00edder","twitter:creator":"@AgenteLibre_dig","twitter:image":"https:\/\/agentelibredigital.com\/wp-content\/uploads\/2026\/09\/91ee61727b744db2f7851301fc6ee297.jpeg"},"aioseo_meta_data":{"post_id":"65691","title":"#post_title","description":"La SD Eibar volvi\u00f3 a vencer de forma contundente al Granada CF, como en casi todos sus enfrentamientos anteriores en Ipur\u00faa, para colocarse l\u00edder","keywords":null,"keyphrases":{"focus":{"keyphrase":"Granada CF","score":0,"analysis":[]},"additional":[]},"primary_term":null,"canonical_url":null,"og_title":null,"og_description":null,"og_object_type":"default","og_image_type":"default","og_image_url":null,"og_image_width":null,"og_image_height":null,"og_image_custom_url":null,"og_image_custom_fields":null,"og_video":"","og_custom_url":null,"og_article_section":null,"og_article_tags":null,"twitter_use_og":false,"twitter_card":"default","twitter_image_type":"default","twitter_image_url":null,"twitter_image_custom_url":null,"twitter_image_custom_fields":null,"twitter_title":null,"twitter_description":null,"schema":{"blockGraphs":[],"customGraphs":[],"default":{"data":{"Article":[],"Course":[],"Dataset":[],"FAQPage":[],"Movie":[],"Person":[],"Product":[],"ProductReview":[],"Car":[],"Recipe":[],"Service":[],"SoftwareApplication":[],"WebPage":[]},"graphName":"BlogPosting","isEnabled":true},"graphs":[]},"schema_type":"default","schema_type_options":null,"pillar_content":false,"robots_default":true,"robots_noindex":false,"robots_noarchive":false,"robots_nosnippet":false,"robots_nofollow":false,"robots_noimageindex":false,"robots_noodp":false,"robots_notranslate":false,"robots_max_snippet":"-1","robots_max_videopreview":"-1","robots_max_imagepreview":"large","priority":null,"frequency":"default","local_seo":null,"breadcrumb_settings":null,"limit_modified_date":false,"ai":{"faqs":[],"keyPoints":[],"schemas":[],"titles":[],"descriptions":[],"socialPosts":{"email":{"subject":"","preview":"","content":""},"linkedin":[],"twitter":[],"facebook":[],"instagram":[]}},"created":"2026-09-06 11:41:36","updated":"2026-09-06 14:01:14","seo_analyzer_scan_date":null,"focus_keyword":"Granada CF","additional_keywords":null,"truseo_locale":null},"aioseo_breadcrumb":"<div class=\"aioseo-breadcrumbs\"><span class=\"aioseo-breadcrumb\">\n\t\t\t<a href=\"https:\/\/agentelibredigital.com\" title=\"Home\">Home<\/a>\n\t\t<\/span><span class=\"aioseo-breadcrumb-separator\">&raquo;<\/span><span class=\"aioseo-breadcrumb\">\n\t\t\t<a href=\"https:\/\/agentelibredigital.com\/index.php\/category\/laliga-hypermotion\/\" title=\"LaLiga Hypermotion\">LaLiga Hypermotion<\/a>\n\t\t<\/span><span class=\"aioseo-breadcrumb-separator\">&raquo;<\/span><span class=\"aioseo-breadcrumb\">\n\t\t\tSD Eibar 3-0 Granada CF: la historia de nunca acabar\n\t\t<\/span><\/div>","aioseo_breadcrumb_json":[{"label":"Home","link":"https:\/\/agentelibredigital.com"},{"label":"LaLiga Hypermotion","link":"https:\/\/agentelibredigital.com\/index.php\/category\/laliga-hypermotion\/"},{"label":"SD Eibar 3-0 Granada CF: la historia de nunca acabar","link":"https:\/\/agentelibredigital.com\/index.php\/2026\/09\/06\/sd-eibar-3-0-granada-cf-la-historia-de-nunca-acabar\/"}],"_links":{"self":[{"href":"https:\/\/agentelibredigital.com\/index.php\/wp-json\/wp\/v2\/posts\/65691","targetHints":{"allow":["GET"]}}],"collection":[{"href":"https:\/\/agentelibredigital.com\/index.php\/wp-json\/wp\/v2\/posts"}],"about":[{"href":"https:\/\/agentelibredigital.com\/index.php\/wp-json\/wp\/v2\/types\/post"}],"author":[{"embeddable":true,"href":"https:\/\/agentelibredigital.com\/index.php\/wp-json\/wp\/v2\/users\/276"}],"replies":[{"embeddable":true,"href":"https:\/\/agentelibredigital.com\/index.php\/wp-json\/wp\/v2\/comments?post=65691"}],"version-history":[{"count":5,"href":"https:\/\/agentelibredigital.com\/index.php\/wp-json\/wp\/v2\/posts\/65691\/revisions"}],"predecessor-version":[{"id":65709,"href":"https:\/\/agentelibredigital.com\/index.php\/wp-json\/wp\/v2\/posts\/65691\/revisions\/65709"}],"wp:featuredmedia":[{"embeddable":true,"href":"https:\/\/agentelibredigital.com\/index.php\/wp-json\/wp\/v2\/media\/65708"}],"wp:attachment":[{"href":"https:\/\/agentelibredigital.com\/index.php\/wp-json\/wp\/v2\/media?parent=65691"}],"wp:term":[{"taxonomy":"category","embeddable":true,"href":"https:\/\/agentelibredigital.com\/index.php\/wp-json\/wp\/v2\/categories?post=65691"},{"taxonomy":"post_tag","embeddable":true,"href":"https:\/\/agentelibredigital.com\/index.php\/wp-json\/wp\/v2\/tags?post=65691"}],"curies":[{"name":"wp","href":"https:\/\/api.w.org\/{rel}","templated":true}]}}