{"id":65673,"date":"2026-09-05T19:00:39","date_gmt":"2026-09-05T17:00:39","guid":{"rendered":"https:\/\/agentelibredigital.com\/?p=65673"},"modified":"2026-09-05T19:00:17","modified_gmt":"2026-09-05T17:00:17","slug":"sd-eibar-granada-cf-romper-una-maldicion-para-seguir-sonando","status":"publish","type":"post","link":"https:\/\/agentelibredigital.com\/index.php\/2026\/09\/05\/sd-eibar-granada-cf-romper-una-maldicion-para-seguir-sonando\/","title":{"rendered":"SD Eibar &#8211; Granada CF: romper una maldici\u00f3n para seguir so\u00f1ando"},"content":{"rendered":"<p><strong>El Granada CF visita Ipur\u00faa, donde no conoce la victoria, y en el que la SD Eibar quiere volver a hacerse fuerte como en campa\u00f1as anteriores<\/strong><\/p>\n<p>La<strong> SD Eibar<\/strong> llega de <strong>vencer por la m\u00ednima en Andorra<\/strong> (<a href=\"https:\/\/as.com\/futbol\/este-eibar-va-en-serio-f202608-n\/\">0-1<\/a>) gracias a una gran jugada grupal que finaliz\u00f3 <strong>Aleix Garrido<\/strong>. Por su parte, el <strong>Granada CF<\/strong> viene de <strong>hacer lo propio en C\u00f3rdoba<\/strong> tras una hora de f\u00fatbol de mucho nivel (<a href=\"https:\/\/as.com\/futbol\/segunda\/el-granada-sigue-con-la-flecha-hacia-arriba-en-el-arcangel-f202608-n\/\">1-3<\/a>) que fructific\u00f3 con <strong>tres goles en la segunda mitad<\/strong> del derbi andaluz.<strong> Este domingo a las 14:00 horas<\/strong>, azulgranas y rojiblancos abren la jornada dominical de la<strong> cuarta fecha<\/strong> de <strong>LaLiga Hypermotion<\/strong> en el<strong> estadio Municipal de Ipur\u00faa<\/strong>. El encuentro ser\u00e1 televisado por <strong>LaLiga Hypermotion TV<\/strong>.<\/p>\n<p>&nbsp;<\/p>\n<h2>Despertando para volver a ilusionarse como la temporada pasada<\/h2>\n<p>La <strong>SD Eibar<\/strong> encadena <a href=\"https:\/\/www.granadahoy.com\/granadacf\/equipos-son-rocosos-casa-sd_0_2007872105.html\"><strong>dos victorias consecutivas<\/strong><\/a> ante Real Valladolid y FC Andorra por la m\u00ednima que le han hecho despertar de la inesperada derrota inicial en la jornada 1 de LaLiga Hypermotion en casa frente al Tenerife, un reci\u00e9n ascendido.<\/p>\n<figure id=\"attachment_65676\" aria-describedby=\"caption-attachment-65676\" style=\"width: 900px\" class=\"wp-caption aligncenter\"><img loading=\"lazy\" decoding=\"async\" class=\"wp-image-65676 size-full\" src=\"https:\/\/agentelibredigital.com\/wp-content\/uploads\/2026\/09\/3e066332d858bf0c9b0a8250d7b97d80.jpeg\" alt=\"FC Andorra - SD Eibar\" width=\"900\" height=\"600\" srcset=\"https:\/\/agentelibredigital.com\/wp-content\/uploads\/2026\/09\/3e066332d858bf0c9b0a8250d7b97d80.jpeg 900w, https:\/\/agentelibredigital.com\/wp-content\/uploads\/2026\/09\/3e066332d858bf0c9b0a8250d7b97d80-300x200.jpeg 300w, https:\/\/agentelibredigital.com\/wp-content\/uploads\/2026\/09\/3e066332d858bf0c9b0a8250d7b97d80-768x512.jpeg 768w\" sizes=\"auto, (max-width: 900px) 100vw, 900px\" \/><figcaption id=\"caption-attachment-65676\" class=\"wp-caption-text\">Los jugadores de la SD Eibar celebran con su afici\u00f3n desplazada la victoria en Andorra (Foto: v\u00eda LaLiga Hypermotion\/redes sociales &#8216;web&#8217;)<\/figcaption><\/figure>\n<p>Con<strong> seis puntos<\/strong> en el zurr\u00f3n, los chicos de<strong> <a href=\"https:\/\/as.com\/futbol\/aranbarri-estoy-encantado-con-la-plantilla-que-tengo-f202609-n\/\">Jokin Arambarri<\/a><\/strong> han tomado ya el pulso al nuevo t\u00e9cnico que tiene como objetivo hacer so\u00f1ar a Ipur\u00faa tal y como hizo su predecesor, Be\u00f1at San Jos\u00e9, durante la segunda vuelta de la temporada pasada con entrar al <em>play off <\/em>de ascenso a Primera Divisi\u00f3n. No resulta f\u00e1cil, pero con una <strong>base consolidada del a\u00f1o pasado<\/strong>, y<strong> refuerzos de nivel como Unai Elgezabal, Iv\u00e1n Gil o Peji\u00f1o<\/strong>, los armeros quieren replicar la gran campa\u00f1a pasada en la que finalizaron octavos, buscando su tercera victoria consecutiva en este encuentro.<\/p>\n<p>Ser\u00e1n<strong> baja por lesi\u00f3n Imanol Garc\u00eda, Lander Olaetxea, Peru Nolaskoain y Sergio \u00c1lvarez<\/strong>, a los que podr\u00eda sumarse el reci\u00e9n llegado en el tramo final del mercado de fichajes, <a href=\"https:\/\/as.com\/futbol\/gift-soy-desequilibrante-me-gusta-ir-al-espacio-f202609-n\/\"><strong>Elijah Gift<\/strong><\/a>, por molestias f\u00edsicas. Completa la lista de ausentes por <strong>sanci\u00f3n,<\/strong> tras ver cartulina roja directa en el \u00faltimo encuentro de Liga, <strong>Jon Magunazelaia<\/strong>.<\/p>\n<p>&nbsp;<\/p>\n<h2>Un inesperado l\u00edder tras tres jornadas con los pies en el suelo<\/h2>\n<p>El<strong> Granada CF<\/strong> comenzaba esta cuarta jornada de la Segunda Divisi\u00f3n como<strong> l\u00edder del campeonato<\/strong> tras sumar <strong>dos victorias seguidas<\/strong> ante el RCD Mallorca y el C\u00f3rdoba CF, con sensaciones de ser un equipo rocoso, que ha complementado bien a sus veteranos y chicos j\u00f3venes que vienen pisando fuerte desde la cantera.<\/p>\n<p>Los de <a href=\"https:\/\/as.com\/futbol\/pacheta-manu-lama-ha-querido-quedarse-f202609-n\/\"><strong>Pacheta<\/strong><\/a> han logrado <strong>siete unidades<\/strong> que les mantienen en la parte alta de la clasificaci\u00f3n a\u00fan con partidos de esta jornada ya disputados, lo que refleja de la dificultad de lo logrado en agosto ante la <a href=\"https:\/\/x.com\/Danielo_29_\/status\/2095880529962799540\">complicada situaci\u00f3n institucional<\/a> con el <strong>avanzado cambio de propiedad del club<\/strong>.<strong> Situaci\u00f3n opuesta a la de hace un a\u00f1o<\/strong>, cuando los rojiblancos arrancaron la competici\u00f3n con solo un punto de 12 posibles. La visita a Ipur\u00faa supone un nuevo reto para un equipo que ha logrado cuatro puntos ante dos reci\u00e9n descendidos y ha ganado el primer derbi andaluz de la temporada, ya que <strong>el Granada CF nunca ha ganado en Eibar<\/strong>.<\/p>\n<figure id=\"attachment_65675\" aria-describedby=\"caption-attachment-65675\" style=\"width: 900px\" class=\"wp-caption aligncenter\"><img loading=\"lazy\" decoding=\"async\" class=\"wp-image-65675 size-full\" src=\"https:\/\/agentelibredigital.com\/wp-content\/uploads\/2026\/09\/0492de6cbeab5202f19d73bc44a5e417.jpeg\" alt=\"C\u00f3rdoba CF - Granada CF\" width=\"900\" height=\"600\" srcset=\"https:\/\/agentelibredigital.com\/wp-content\/uploads\/2026\/09\/0492de6cbeab5202f19d73bc44a5e417.jpeg 900w, https:\/\/agentelibredigital.com\/wp-content\/uploads\/2026\/09\/0492de6cbeab5202f19d73bc44a5e417-300x200.jpeg 300w, https:\/\/agentelibredigital.com\/wp-content\/uploads\/2026\/09\/0492de6cbeab5202f19d73bc44a5e417-768x512.jpeg 768w\" sizes=\"auto, (max-width: 900px) 100vw, 900px\" \/><figcaption id=\"caption-attachment-65675\" class=\"wp-caption-text\">Los jugadores del Granada celebran con su afici\u00f3n desplazada la victoria en el derbi andaluz frente al C\u00f3rdoba CF (Foto: v\u00eda LaLiga Hypermotion\/redes sociales &#8216;web&#8217;)<\/figcaption><\/figure>\n<p>Ser\u00e1n <strong>baja por lesi\u00f3n Pau Casades\u00fas y <a href=\"https:\/\/agentelibredigital.com\/index.php\/2026\/07\/23\/abdoul-kader-bamba-llega-por-sorpresa-al-granada\/\">Abdoul Kader Bamba<\/a><\/strong>, a los que se podr\u00eda sumar, debido a unas molestias f\u00edsicas, <a href=\"https:\/\/www.ideal.es\/granadacf\/diallo-baja-ultimo-entrenamiento-granada-20260904111823-nt.html\"><strong>Ba\u00efla Diallo<\/strong><\/a>. El t\u00e9cnico de Salas de los Infantes volver\u00e1 a contar con varios jugadores del filial, el Recreativo Granada, que volver\u00e1n a viajar para completar la convocatoria.<\/p>\n<p>&nbsp;<\/p>\n<h2>Antecedentes<\/h2>\n<p>SD Eibar y Granada CF se han medido en<strong> 18 ocasiones<\/strong>, con <strong>11 victorias vascas, cinco empates y dos victorias andaluzas<\/strong>. El <strong>\u00faltimo precedente<\/strong> entre ambos equipos fue en la jornada 22 de la pasada temporada y finaliz\u00f3 con <strong>empate a cero en el Nuevo Los C\u00e1rmenes<\/strong>. El <strong>\u00faltimo choque en el estadio Municipal de Ipur\u00faa<\/strong> tuvo un color muy claro, el azulgrana, ya que <strong>la SD Eibar venci\u00f3 3-0<\/strong> en la segunda jornada del pasado curso gracias a las dianas de<strong> Javi Mart\u00f3n<\/strong>,<strong> Anaitz Arbilla<\/strong> y <strong>\u00c1lvaro Rodr\u00edguez<\/strong>.<\/p>\n<p>&nbsp;<\/p>\n<h2>Posibles onces iniciales:<\/h2>\n<p><strong>SD Eibar:<\/strong> Magunagoitia; \u00c1. Rodr\u00edguez, Elgezabal, Arbilla, Bernat; Madariaga, A. Garrido; Peji\u00f1o, Iv\u00e1n Gil, Jon Guruzeta; Javi Mart\u00f3n.<\/p>\n<p><strong>Granada CF:<\/strong> Lizoain; S. L\u00f3pez, Manu Lama, Bourama, Pamp\u00edn; R. Alcaraz, Gumbau; Rodelas, Alema\u00f1, Arnaiz; Chinaza.<\/p>\n","protected":false},"excerpt":{"rendered":"<p>El Granada CF visita Ipur\u00faa, donde no conoce la victoria, y en el que la SD Eibar quiere volver a hacerse fuerte como en campa\u00f1as anteriores La SD Eibar llega&hellip; <\/p>\n","protected":false},"author":276,"featured_media":65678,"comment_status":"open","ping_status":"open","sticky":false,"template":"","format":"standard","meta":{"om_disable_all_campaigns":false,"_monsterinsights_skip_tracking":false,"_uf_show_specific_survey":0,"_uf_disable_surveys":false,"footnotes":""},"categories":[47,29,8],"tags":[420,5633,68,101,4293,77,1123,5552],"class_list":["post-65673","post","type-post","status-publish","format-standard","has-post-thumbnail","hentry","category-futbol-espanol","category-granada","category-laliga-hypermotion","tag-granada-cf","tag-jokin-arambarri","tag-jornada-4","tag-laliga-hypermotion","tag-news","tag-pacheta","tag-sd-eibar","tag-temporada-2026-2027"],"aioseo_notices":[],"aioseo_head":"\n\t\t<!-- All in One SEO 5.0.1.1 - aioseo.com -->\n\t<meta name=\"description\" content=\"El Granada CF visita Ipur\u00faa, donde no conoce la victoria, y en el que la SD Eibar quiere volver a hacerse fuerte como en campa\u00f1as anteriores\" \/>\n\t<meta name=\"robots\" content=\"max-image-preview:large\" \/>\n\t<meta name=\"author\" content=\"Daniel L\u00f3pez\"\/>\n\t<link rel=\"canonical\" href=\"https:\/\/agentelibredigital.com\/index.php\/2026\/09\/05\/sd-eibar-granada-cf-romper-una-maldicion-para-seguir-sonando\/\" \/>\n\t<meta name=\"generator\" content=\"All in One SEO (AIOSEO) 5.0.1.1\" \/>\n\t\t<meta property=\"og:locale\" content=\"es_ES\" \/>\n\t\t<meta property=\"og:site_name\" content=\"Agente Libre Digital \u2013 La nueva generaci\u00f3n del periodismo deportivo.\" \/>\n\t\t<meta property=\"og:type\" content=\"article\" \/>\n\t\t<meta property=\"og:title\" content=\"SD Eibar \u2013 Granada CF: romper una maldici\u00f3n para seguir so\u00f1ando\" \/>\n\t\t<meta property=\"og:description\" content=\"El Granada CF visita Ipur\u00faa, donde no conoce la victoria, y en el que la SD Eibar quiere volver a hacerse fuerte como en campa\u00f1as anteriores\" \/>\n\t\t<meta property=\"og:url\" content=\"https:\/\/agentelibredigital.com\/index.php\/2026\/09\/05\/sd-eibar-granada-cf-romper-una-maldicion-para-seguir-sonando\/\" \/>\n\t\t<meta property=\"og:image\" content=\"https:\/\/agentelibredigital.com\/wp-content\/uploads\/2026\/09\/e41dfe3adb584112539a613d4e8ab103.jpeg\" \/>\n\t\t<meta property=\"og:image:secure_url\" content=\"https:\/\/agentelibredigital.com\/wp-content\/uploads\/2026\/09\/e41dfe3adb584112539a613d4e8ab103.jpeg\" \/>\n\t\t<meta property=\"og:image:width\" content=\"900\" \/>\n\t\t<meta property=\"og:image:height\" content=\"658\" \/>\n\t\t<meta property=\"article:published_time\" content=\"2026-09-05T17:00:39+00:00\" \/>\n\t\t<meta property=\"article:modified_time\" content=\"2026-09-05T17:00:17+00:00\" \/>\n\t\t<meta name=\"twitter:card\" content=\"summary\" \/>\n\t\t<meta name=\"twitter:site\" content=\"@AgenteLibre_dig\" \/>\n\t\t<meta name=\"twitter:title\" content=\"SD Eibar \u2013 Granada CF: romper una maldici\u00f3n para seguir so\u00f1ando\" \/>\n\t\t<meta name=\"twitter:description\" content=\"El Granada CF visita Ipur\u00faa, donde no conoce la victoria, y en el que la SD Eibar quiere volver a hacerse fuerte como en campa\u00f1as anteriores\" \/>\n\t\t<meta name=\"twitter:creator\" content=\"@AgenteLibre_dig\" \/>\n\t\t<meta name=\"twitter:image\" content=\"https:\/\/agentelibredigital.com\/wp-content\/uploads\/2026\/09\/e41dfe3adb584112539a613d4e8ab103.jpeg\" \/>\n\t\t<script type=\"application\/ld+json\" class=\"aioseo-schema\">\n\t\t\t{\"@context\":\"https:\\\/\\\/schema.org\",\"@graph\":[{\"@type\":\"BlogPosting\",\"@id\":\"https:\\\/\\\/agentelibredigital.com\\\/index.php\\\/2026\\\/09\\\/05\\\/sd-eibar-granada-cf-romper-una-maldicion-para-seguir-sonando\\\/#blogposting\",\"name\":\"SD Eibar \\u2013 Granada CF: romper una maldici\\u00f3n para seguir so\\u00f1ando\",\"headline\":\"SD Eibar &#8211; Granada CF: romper una maldici\\u00f3n para seguir so\\u00f1ando\",\"author\":{\"@id\":\"https:\\\/\\\/agentelibredigital.com\\\/index.php\\\/author\\\/daniel-lopez\\\/#author\"},\"publisher\":{\"@id\":\"https:\\\/\\\/agentelibredigital.com\\\/#organization\"},\"image\":{\"@type\":\"ImageObject\",\"url\":\"https:\\\/\\\/agentelibredigital.com\\\/wp-content\\\/uploads\\\/2026\\\/09\\\/e41dfe3adb584112539a613d4e8ab103.jpeg\",\"width\":900,\"height\":658,\"caption\":\"Imagen del encuentro entre ambos equipos del a\\u00f1o pasado en Eibar (Foto: v\\u00eda LaLiga Hypermotion\\\/redes sociales 'web')\"},\"datePublished\":\"2026-09-05T19:00:39+02:00\",\"dateModified\":\"2026-09-05T19:00:17+02:00\",\"inLanguage\":\"es-ES\",\"commentCount\":1,\"mainEntityOfPage\":{\"@id\":\"https:\\\/\\\/agentelibredigital.com\\\/index.php\\\/2026\\\/09\\\/05\\\/sd-eibar-granada-cf-romper-una-maldicion-para-seguir-sonando\\\/#webpage\"},\"isPartOf\":{\"@id\":\"https:\\\/\\\/agentelibredigital.com\\\/index.php\\\/2026\\\/09\\\/05\\\/sd-eibar-granada-cf-romper-una-maldicion-para-seguir-sonando\\\/#webpage\"},\"articleSection\":\"F\\u00fatbol Espa\\u00f1ol, Granada, LaLiga Hypermotion, Granada CF, Jokin Arambarri, Jornada 4, LaLiga Hypermotion, news, Pacheta, SD Eibar, Temporada 2026\\\/2027\"},{\"@type\":\"BreadcrumbList\",\"@id\":\"https:\\\/\\\/agentelibredigital.com\\\/index.php\\\/2026\\\/09\\\/05\\\/sd-eibar-granada-cf-romper-una-maldicion-para-seguir-sonando\\\/#breadcrumblist\",\"itemListElement\":[{\"@type\":\"ListItem\",\"@id\":\"https:\\\/\\\/agentelibredigital.com#listItem\",\"position\":1,\"name\":\"Home\",\"item\":\"https:\\\/\\\/agentelibredigital.com\",\"nextItem\":{\"@type\":\"ListItem\",\"@id\":\"https:\\\/\\\/agentelibredigital.com\\\/index.php\\\/category\\\/laliga-hypermotion\\\/#listItem\",\"name\":\"LaLiga Hypermotion\"}},{\"@type\":\"ListItem\",\"@id\":\"https:\\\/\\\/agentelibredigital.com\\\/index.php\\\/category\\\/laliga-hypermotion\\\/#listItem\",\"position\":2,\"name\":\"LaLiga Hypermotion\",\"item\":\"https:\\\/\\\/agentelibredigital.com\\\/index.php\\\/category\\\/laliga-hypermotion\\\/\",\"nextItem\":{\"@type\":\"ListItem\",\"@id\":\"https:\\\/\\\/agentelibredigital.com\\\/index.php\\\/2026\\\/09\\\/05\\\/sd-eibar-granada-cf-romper-una-maldicion-para-seguir-sonando\\\/#listItem\",\"name\":\"SD Eibar &#8211; Granada CF: romper una maldici\\u00f3n para seguir so\\u00f1ando\"},\"previousItem\":{\"@type\":\"ListItem\",\"@id\":\"https:\\\/\\\/agentelibredigital.com#listItem\",\"name\":\"Home\"}},{\"@type\":\"ListItem\",\"@id\":\"https:\\\/\\\/agentelibredigital.com\\\/index.php\\\/2026\\\/09\\\/05\\\/sd-eibar-granada-cf-romper-una-maldicion-para-seguir-sonando\\\/#listItem\",\"position\":3,\"name\":\"SD Eibar &#8211; Granada CF: romper una maldici\\u00f3n para seguir so\\u00f1ando\",\"previousItem\":{\"@type\":\"ListItem\",\"@id\":\"https:\\\/\\\/agentelibredigital.com\\\/index.php\\\/category\\\/laliga-hypermotion\\\/#listItem\",\"name\":\"LaLiga Hypermotion\"}}]},{\"@type\":\"Organization\",\"@id\":\"https:\\\/\\\/agentelibredigital.com\\\/#organization\",\"name\":\"Agente Libre Digital\",\"description\":\"La nueva generaci\\u00f3n del periodismo deportivo.\",\"url\":\"https:\\\/\\\/agentelibredigital.com\\\/\",\"telephone\":\"+34665330413\",\"logo\":{\"@type\":\"ImageObject\",\"url\":\"https:\\\/\\\/agentelibredigital.com\\\/wp-content\\\/uploads\\\/2023\\\/10\\\/Agente-5-1.png\",\"@id\":\"https:\\\/\\\/agentelibredigital.com\\\/index.php\\\/2026\\\/09\\\/05\\\/sd-eibar-granada-cf-romper-una-maldicion-para-seguir-sonando\\\/#organizationLogo\",\"width\":500,\"height\":500},\"image\":{\"@id\":\"https:\\\/\\\/agentelibredigital.com\\\/index.php\\\/2026\\\/09\\\/05\\\/sd-eibar-granada-cf-romper-una-maldicion-para-seguir-sonando\\\/#organizationLogo\"},\"sameAs\":[\"https:\\\/\\\/twitter.com\\\/AgenteLibre_dig\",\"https:\\\/\\\/www.instagram.com\\\/agentelibre_dig\\\/\"]},{\"@type\":\"Person\",\"@id\":\"https:\\\/\\\/agentelibredigital.com\\\/index.php\\\/author\\\/daniel-lopez\\\/#author\",\"url\":\"https:\\\/\\\/agentelibredigital.com\\\/index.php\\\/author\\\/daniel-lopez\\\/\",\"name\":\"Daniel L\\u00f3pez\",\"image\":{\"@type\":\"ImageObject\",\"@id\":\"https:\\\/\\\/agentelibredigital.com\\\/index.php\\\/2026\\\/09\\\/05\\\/sd-eibar-granada-cf-romper-una-maldicion-para-seguir-sonando\\\/#authorImage\",\"url\":\"https:\\\/\\\/secure.gravatar.com\\\/avatar\\\/05ca2f03848506a8854118727e97a832ac15c56f599eedd02ea0052ad6426427?s=96&d=mm&r=g\",\"width\":96,\"height\":96,\"caption\":\"Daniel L\\u00f3pez\"}},{\"@type\":\"WebPage\",\"@id\":\"https:\\\/\\\/agentelibredigital.com\\\/index.php\\\/2026\\\/09\\\/05\\\/sd-eibar-granada-cf-romper-una-maldicion-para-seguir-sonando\\\/#webpage\",\"url\":\"https:\\\/\\\/agentelibredigital.com\\\/index.php\\\/2026\\\/09\\\/05\\\/sd-eibar-granada-cf-romper-una-maldicion-para-seguir-sonando\\\/\",\"name\":\"SD Eibar \\u2013 Granada CF: romper una maldici\\u00f3n para seguir so\\u00f1ando\",\"description\":\"El Granada CF visita Ipur\\u00faa, donde no conoce la victoria, y en el que la SD Eibar quiere volver a hacerse fuerte como en campa\\u00f1as anteriores\",\"inLanguage\":\"es-ES\",\"isPartOf\":{\"@id\":\"https:\\\/\\\/agentelibredigital.com\\\/#website\"},\"breadcrumb\":{\"@id\":\"https:\\\/\\\/agentelibredigital.com\\\/index.php\\\/2026\\\/09\\\/05\\\/sd-eibar-granada-cf-romper-una-maldicion-para-seguir-sonando\\\/#breadcrumblist\"},\"author\":{\"@id\":\"https:\\\/\\\/agentelibredigital.com\\\/index.php\\\/author\\\/daniel-lopez\\\/#author\"},\"creator\":{\"@id\":\"https:\\\/\\\/agentelibredigital.com\\\/index.php\\\/author\\\/daniel-lopez\\\/#author\"},\"image\":{\"@type\":\"ImageObject\",\"url\":\"https:\\\/\\\/agentelibredigital.com\\\/wp-content\\\/uploads\\\/2026\\\/09\\\/e41dfe3adb584112539a613d4e8ab103.jpeg\",\"@id\":\"https:\\\/\\\/agentelibredigital.com\\\/index.php\\\/2026\\\/09\\\/05\\\/sd-eibar-granada-cf-romper-una-maldicion-para-seguir-sonando\\\/#mainImage\",\"width\":900,\"height\":658,\"caption\":\"Imagen del encuentro entre ambos equipos del a\\u00f1o pasado en Eibar (Foto: v\\u00eda LaLiga Hypermotion\\\/redes sociales 'web')\"},\"primaryImageOfPage\":{\"@id\":\"https:\\\/\\\/agentelibredigital.com\\\/index.php\\\/2026\\\/09\\\/05\\\/sd-eibar-granada-cf-romper-una-maldicion-para-seguir-sonando\\\/#mainImage\"},\"datePublished\":\"2026-09-05T19:00:39+02:00\",\"dateModified\":\"2026-09-05T19:00:17+02:00\"},{\"@type\":\"WebSite\",\"@id\":\"https:\\\/\\\/agentelibredigital.com\\\/#website\",\"url\":\"https:\\\/\\\/agentelibredigital.com\\\/\",\"name\":\"agentelibredigital.com\",\"alternateName\":\"Agente Libre\",\"description\":\"La nueva generaci\\u00f3n del periodismo deportivo.\",\"inLanguage\":\"es-ES\",\"publisher\":{\"@id\":\"https:\\\/\\\/agentelibredigital.com\\\/#organization\"}}]}\n\t\t<\/script>\n\t\t<!-- All in One SEO -->\n\n","aioseo_head_json":{"title":"SD Eibar \u2013 Granada CF: romper una maldici\u00f3n para seguir so\u00f1ando","description":"El Granada CF visita Ipur\u00faa, donde no conoce la victoria, y en el que la SD Eibar quiere volver a hacerse fuerte como en campa\u00f1as anteriores","canonical_url":"https:\/\/agentelibredigital.com\/index.php\/2026\/09\/05\/sd-eibar-granada-cf-romper-una-maldicion-para-seguir-sonando\/","robots":"max-image-preview:large","keywords":"","webmasterTools":{"miscellaneous":""},"schema":{"@context":"https:\/\/schema.org","@graph":[{"@type":"BlogPosting","@id":"https:\/\/agentelibredigital.com\/index.php\/2026\/09\/05\/sd-eibar-granada-cf-romper-una-maldicion-para-seguir-sonando\/#blogposting","name":"SD Eibar \u2013 Granada CF: romper una maldici\u00f3n para seguir so\u00f1ando","headline":"SD Eibar &#8211; Granada CF: romper una maldici\u00f3n para seguir so\u00f1ando","author":{"@id":"https:\/\/agentelibredigital.com\/index.php\/author\/daniel-lopez\/#author"},"publisher":{"@id":"https:\/\/agentelibredigital.com\/#organization"},"image":{"@type":"ImageObject","url":"https:\/\/agentelibredigital.com\/wp-content\/uploads\/2026\/09\/e41dfe3adb584112539a613d4e8ab103.jpeg","width":900,"height":658,"caption":"Imagen del encuentro entre ambos equipos del a\u00f1o pasado en Eibar (Foto: v\u00eda LaLiga Hypermotion\/redes sociales 'web')"},"datePublished":"2026-09-05T19:00:39+02:00","dateModified":"2026-09-05T19:00:17+02:00","inLanguage":"es-ES","commentCount":1,"mainEntityOfPage":{"@id":"https:\/\/agentelibredigital.com\/index.php\/2026\/09\/05\/sd-eibar-granada-cf-romper-una-maldicion-para-seguir-sonando\/#webpage"},"isPartOf":{"@id":"https:\/\/agentelibredigital.com\/index.php\/2026\/09\/05\/sd-eibar-granada-cf-romper-una-maldicion-para-seguir-sonando\/#webpage"},"articleSection":"F\u00fatbol Espa\u00f1ol, Granada, LaLiga Hypermotion, Granada CF, Jokin Arambarri, Jornada 4, LaLiga Hypermotion, news, Pacheta, SD Eibar, Temporada 2026\/2027"},{"@type":"BreadcrumbList","@id":"https:\/\/agentelibredigital.com\/index.php\/2026\/09\/05\/sd-eibar-granada-cf-romper-una-maldicion-para-seguir-sonando\/#breadcrumblist","itemListElement":[{"@type":"ListItem","@id":"https:\/\/agentelibredigital.com#listItem","position":1,"name":"Home","item":"https:\/\/agentelibredigital.com","nextItem":{"@type":"ListItem","@id":"https:\/\/agentelibredigital.com\/index.php\/category\/laliga-hypermotion\/#listItem","name":"LaLiga Hypermotion"}},{"@type":"ListItem","@id":"https:\/\/agentelibredigital.com\/index.php\/category\/laliga-hypermotion\/#listItem","position":2,"name":"LaLiga Hypermotion","item":"https:\/\/agentelibredigital.com\/index.php\/category\/laliga-hypermotion\/","nextItem":{"@type":"ListItem","@id":"https:\/\/agentelibredigital.com\/index.php\/2026\/09\/05\/sd-eibar-granada-cf-romper-una-maldicion-para-seguir-sonando\/#listItem","name":"SD Eibar &#8211; Granada CF: romper una maldici\u00f3n para seguir so\u00f1ando"},"previousItem":{"@type":"ListItem","@id":"https:\/\/agentelibredigital.com#listItem","name":"Home"}},{"@type":"ListItem","@id":"https:\/\/agentelibredigital.com\/index.php\/2026\/09\/05\/sd-eibar-granada-cf-romper-una-maldicion-para-seguir-sonando\/#listItem","position":3,"name":"SD Eibar &#8211; Granada CF: romper una maldici\u00f3n para seguir so\u00f1ando","previousItem":{"@type":"ListItem","@id":"https:\/\/agentelibredigital.com\/index.php\/category\/laliga-hypermotion\/#listItem","name":"LaLiga Hypermotion"}}]},{"@type":"Organization","@id":"https:\/\/agentelibredigital.com\/#organization","name":"Agente Libre Digital","description":"La nueva generaci\u00f3n del periodismo deportivo.","url":"https:\/\/agentelibredigital.com\/","telephone":"+34665330413","logo":{"@type":"ImageObject","url":"https:\/\/agentelibredigital.com\/wp-content\/uploads\/2023\/10\/Agente-5-1.png","@id":"https:\/\/agentelibredigital.com\/index.php\/2026\/09\/05\/sd-eibar-granada-cf-romper-una-maldicion-para-seguir-sonando\/#organizationLogo","width":500,"height":500},"image":{"@id":"https:\/\/agentelibredigital.com\/index.php\/2026\/09\/05\/sd-eibar-granada-cf-romper-una-maldicion-para-seguir-sonando\/#organizationLogo"},"sameAs":["https:\/\/twitter.com\/AgenteLibre_dig","https:\/\/www.instagram.com\/agentelibre_dig\/"]},{"@type":"Person","@id":"https:\/\/agentelibredigital.com\/index.php\/author\/daniel-lopez\/#author","url":"https:\/\/agentelibredigital.com\/index.php\/author\/daniel-lopez\/","name":"Daniel L\u00f3pez","image":{"@type":"ImageObject","@id":"https:\/\/agentelibredigital.com\/index.php\/2026\/09\/05\/sd-eibar-granada-cf-romper-una-maldicion-para-seguir-sonando\/#authorImage","url":"https:\/\/secure.gravatar.com\/avatar\/05ca2f03848506a8854118727e97a832ac15c56f599eedd02ea0052ad6426427?s=96&d=mm&r=g","width":96,"height":96,"caption":"Daniel L\u00f3pez"}},{"@type":"WebPage","@id":"https:\/\/agentelibredigital.com\/index.php\/2026\/09\/05\/sd-eibar-granada-cf-romper-una-maldicion-para-seguir-sonando\/#webpage","url":"https:\/\/agentelibredigital.com\/index.php\/2026\/09\/05\/sd-eibar-granada-cf-romper-una-maldicion-para-seguir-sonando\/","name":"SD Eibar \u2013 Granada CF: romper una maldici\u00f3n para seguir so\u00f1ando","description":"El Granada CF visita Ipur\u00faa, donde no conoce la victoria, y en el que la SD Eibar quiere volver a hacerse fuerte como en campa\u00f1as anteriores","inLanguage":"es-ES","isPartOf":{"@id":"https:\/\/agentelibredigital.com\/#website"},"breadcrumb":{"@id":"https:\/\/agentelibredigital.com\/index.php\/2026\/09\/05\/sd-eibar-granada-cf-romper-una-maldicion-para-seguir-sonando\/#breadcrumblist"},"author":{"@id":"https:\/\/agentelibredigital.com\/index.php\/author\/daniel-lopez\/#author"},"creator":{"@id":"https:\/\/agentelibredigital.com\/index.php\/author\/daniel-lopez\/#author"},"image":{"@type":"ImageObject","url":"https:\/\/agentelibredigital.com\/wp-content\/uploads\/2026\/09\/e41dfe3adb584112539a613d4e8ab103.jpeg","@id":"https:\/\/agentelibredigital.com\/index.php\/2026\/09\/05\/sd-eibar-granada-cf-romper-una-maldicion-para-seguir-sonando\/#mainImage","width":900,"height":658,"caption":"Imagen del encuentro entre ambos equipos del a\u00f1o pasado en Eibar (Foto: v\u00eda LaLiga Hypermotion\/redes sociales 'web')"},"primaryImageOfPage":{"@id":"https:\/\/agentelibredigital.com\/index.php\/2026\/09\/05\/sd-eibar-granada-cf-romper-una-maldicion-para-seguir-sonando\/#mainImage"},"datePublished":"2026-09-05T19:00:39+02:00","dateModified":"2026-09-05T19:00:17+02:00"},{"@type":"WebSite","@id":"https:\/\/agentelibredigital.com\/#website","url":"https:\/\/agentelibredigital.com\/","name":"agentelibredigital.com","alternateName":"Agente Libre","description":"La nueva generaci\u00f3n del periodismo deportivo.","inLanguage":"es-ES","publisher":{"@id":"https:\/\/agentelibredigital.com\/#organization"}}]},"og:locale":"es_ES","og:site_name":"Agente Libre Digital \u2013 La nueva generaci\u00f3n del periodismo deportivo.","og:type":"article","og:title":"SD Eibar \u2013 Granada CF: romper una maldici\u00f3n para seguir so\u00f1ando","og:description":"El Granada CF visita Ipur\u00faa, donde no conoce la victoria, y en el que la SD Eibar quiere volver a hacerse fuerte como en campa\u00f1as anteriores","og:url":"https:\/\/agentelibredigital.com\/index.php\/2026\/09\/05\/sd-eibar-granada-cf-romper-una-maldicion-para-seguir-sonando\/","og:image":"https:\/\/agentelibredigital.com\/wp-content\/uploads\/2026\/09\/e41dfe3adb584112539a613d4e8ab103.jpeg","og:image:secure_url":"https:\/\/agentelibredigital.com\/wp-content\/uploads\/2026\/09\/e41dfe3adb584112539a613d4e8ab103.jpeg","og:image:width":900,"og:image:height":658,"article:published_time":"2026-09-05T17:00:39+00:00","article:modified_time":"2026-09-05T17:00:17+00:00","twitter:card":"summary","twitter:site":"@AgenteLibre_dig","twitter:title":"SD Eibar \u2013 Granada CF: romper una maldici\u00f3n para seguir so\u00f1ando","twitter:description":"El Granada CF visita Ipur\u00faa, donde no conoce la victoria, y en el que la SD Eibar quiere volver a hacerse fuerte como en campa\u00f1as anteriores","twitter:creator":"@AgenteLibre_dig","twitter:image":"https:\/\/agentelibredigital.com\/wp-content\/uploads\/2026\/09\/e41dfe3adb584112539a613d4e8ab103.jpeg"},"aioseo_meta_data":{"post_id":"65673","title":"#post_title","description":"El Granada CF visita Ipur\u00faa, donde no conoce la victoria, y en el que la SD Eibar quiere volver a hacerse fuerte como en campa\u00f1as anteriores","keywords":null,"keyphrases":{"focus":{"keyphrase":"Granada CF","score":0,"analysis":[]},"additional":[]},"primary_term":null,"canonical_url":null,"og_title":null,"og_description":null,"og_object_type":"default","og_image_type":"default","og_image_url":null,"og_image_width":null,"og_image_height":null,"og_image_custom_url":null,"og_image_custom_fields":null,"og_video":"","og_custom_url":null,"og_article_section":null,"og_article_tags":null,"twitter_use_og":false,"twitter_card":"default","twitter_image_type":"default","twitter_image_url":null,"twitter_image_custom_url":null,"twitter_image_custom_fields":null,"twitter_title":null,"twitter_description":null,"schema":{"blockGraphs":[],"customGraphs":[],"default":{"data":{"Article":[],"Course":[],"Dataset":[],"FAQPage":[],"Movie":[],"Person":[],"Product":[],"ProductReview":[],"Car":[],"Recipe":[],"Service":[],"SoftwareApplication":[],"WebPage":[]},"graphName":"BlogPosting","isEnabled":true},"graphs":[]},"schema_type":"default","schema_type_options":null,"pillar_content":false,"robots_default":true,"robots_noindex":false,"robots_noarchive":false,"robots_nosnippet":false,"robots_nofollow":false,"robots_noimageindex":false,"robots_noodp":false,"robots_notranslate":false,"robots_max_snippet":"-1","robots_max_videopreview":"-1","robots_max_imagepreview":"large","priority":null,"frequency":"default","local_seo":null,"breadcrumb_settings":null,"limit_modified_date":false,"ai":{"faqs":[],"keyPoints":[],"schemas":[],"titles":[],"descriptions":[],"socialPosts":{"email":{"subject":"","preview":"","content":""},"linkedin":[],"twitter":[],"facebook":[],"instagram":[]}},"created":"2026-09-05 16:21:38","updated":"2026-09-05 17:00:43","seo_analyzer_scan_date":null,"focus_keyword":"Granada CF","additional_keywords":null,"truseo_locale":null},"aioseo_breadcrumb":"<div class=\"aioseo-breadcrumbs\"><span class=\"aioseo-breadcrumb\">\n\t\t\t<a href=\"https:\/\/agentelibredigital.com\" title=\"Home\">Home<\/a>\n\t\t<\/span><span class=\"aioseo-breadcrumb-separator\">&raquo;<\/span><span class=\"aioseo-breadcrumb\">\n\t\t\t<a href=\"https:\/\/agentelibredigital.com\/index.php\/category\/laliga-hypermotion\/\" title=\"LaLiga Hypermotion\">LaLiga Hypermotion<\/a>\n\t\t<\/span><span class=\"aioseo-breadcrumb-separator\">&raquo;<\/span><span class=\"aioseo-breadcrumb\">\n\t\t\tSD Eibar \u2013 Granada CF: romper una maldici\u00f3n para seguir so\u00f1ando\n\t\t<\/span><\/div>","aioseo_breadcrumb_json":[{"label":"Home","link":"https:\/\/agentelibredigital.com"},{"label":"LaLiga Hypermotion","link":"https:\/\/agentelibredigital.com\/index.php\/category\/laliga-hypermotion\/"},{"label":"SD Eibar &#8211; Granada CF: romper una maldici\u00f3n para seguir so\u00f1ando","link":"https:\/\/agentelibredigital.com\/index.php\/2026\/09\/05\/sd-eibar-granada-cf-romper-una-maldicion-para-seguir-sonando\/"}],"_links":{"self":[{"href":"https:\/\/agentelibredigital.com\/index.php\/wp-json\/wp\/v2\/posts\/65673","targetHints":{"allow":["GET"]}}],"collection":[{"href":"https:\/\/agentelibredigital.com\/index.php\/wp-json\/wp\/v2\/posts"}],"about":[{"href":"https:\/\/agentelibredigital.com\/index.php\/wp-json\/wp\/v2\/types\/post"}],"author":[{"embeddable":true,"href":"https:\/\/agentelibredigital.com\/index.php\/wp-json\/wp\/v2\/users\/276"}],"replies":[{"embeddable":true,"href":"https:\/\/agentelibredigital.com\/index.php\/wp-json\/wp\/v2\/comments?post=65673"}],"version-history":[{"count":3,"href":"https:\/\/agentelibredigital.com\/index.php\/wp-json\/wp\/v2\/posts\/65673\/revisions"}],"predecessor-version":[{"id":65680,"href":"https:\/\/agentelibredigital.com\/index.php\/wp-json\/wp\/v2\/posts\/65673\/revisions\/65680"}],"wp:featuredmedia":[{"embeddable":true,"href":"https:\/\/agentelibredigital.com\/index.php\/wp-json\/wp\/v2\/media\/65678"}],"wp:attachment":[{"href":"https:\/\/agentelibredigital.com\/index.php\/wp-json\/wp\/v2\/media?parent=65673"}],"wp:term":[{"taxonomy":"category","embeddable":true,"href":"https:\/\/agentelibredigital.com\/index.php\/wp-json\/wp\/v2\/categories?post=65673"},{"taxonomy":"post_tag","embeddable":true,"href":"https:\/\/agentelibredigital.com\/index.php\/wp-json\/wp\/v2\/tags?post=65673"}],"curies":[{"name":"wp","href":"https:\/\/api.w.org\/{rel}","templated":true}]}}