{"id":65655,"date":"2026-09-06T13:12:49","date_gmt":"2026-09-06T11:12:49","guid":{"rendered":"https:\/\/agentelibredigital.com\/?p=65655"},"modified":"2026-09-06T13:12:49","modified_gmt":"2026-09-06T11:12:49","slug":"previa-valencia-barca-mercado-cerrado-y-vida-nueva","status":"publish","type":"post","link":"https:\/\/agentelibredigital.com\/index.php\/2026\/09\/06\/previa-valencia-barca-mercado-cerrado-y-vida-nueva\/","title":{"rendered":"Previa Valencia &#8211; Bar\u00e7a: mercado cerrado y vida nueva"},"content":{"rendered":"<h4>Mestalla acoge la jornada 4 de LaLiga EA Sports frente al vigente campe\u00f3n sumido en una decepcionante planificaci\u00f3n deportiva<\/h4>\n<p>Regresa uno de los cl\u00e1sicos de <strong><a href=\"https:\/\/agentelibredigital.com\/index.php\/category\/laliga-ea-sports\/\">LaLiga EA Sports<\/a><\/strong> en uno de esos escenarios que, por lo que representa esta <strong>temporada de clausura<\/strong> para <strong>Mestalla<\/strong>, gozar\u00e1 del <a href=\"https:\/\/www.mundodeportivo.com\/horarios\/futbol\/20260905\/1004223642\/horario-canal-ver-tv-valencia-fc-barcelona-laliga-ea-sports-primera-division-futbol.html\">\u00faltimo Valencia &#8211; Bar\u00e7a de la historia<\/a>. Se podr\u00e1 disfrutar, por lo tanto, a trav\u00e9s de los canales oficiales de <strong>Movistar+ LaLiga<\/strong> a partir de las <strong>16:15 horas<\/strong> del domingo en horario peninsular -15:15 en Canarias-.<\/p>\n<h2>Estados de forma<\/h2>\n<p>La situaci\u00f3n deportiva contrarresta la emocional. La <strong>ruptura<\/strong> entre el Valencia CF como instituci\u00f3n, la plantilla, el entrenador y su afici\u00f3n es casi total. Se debe a muchos factores de conocimiento p\u00fablico, pero se ha acrecentado especialmente por el <strong>cierre de mercado<\/strong>, donde el conjunto ch\u00e9 se vio incapaz de cubrir sus necesidades y ahora se encuentra con una <strong>plantilla insuficiente<\/strong> tanto en cantidad como en calidad. Buena prueba de ello es el <strong>\u00fanico punto de nueve posibles<\/strong> en lo que va de liga.<\/p>\n<figure id=\"attachment_65687\" aria-describedby=\"caption-attachment-65687\" style=\"width: 987px\" class=\"wp-caption aligncenter\"><img loading=\"lazy\" decoding=\"async\" class=\" wp-image-65687\" src=\"https:\/\/agentelibredigital.com\/wp-content\/uploads\/2026\/09\/valencia-cf-v-real-betis-balompie-laliga-ea-sports-2026-27-300x207.jpg\" alt=\"\" width=\"987\" height=\"681\" srcset=\"https:\/\/agentelibredigital.com\/wp-content\/uploads\/2026\/09\/valencia-cf-v-real-betis-balompie-laliga-ea-sports-2026-27-300x207.jpg 300w, https:\/\/agentelibredigital.com\/wp-content\/uploads\/2026\/09\/valencia-cf-v-real-betis-balompie-laliga-ea-sports-2026-27-1024x708.jpg 1024w, https:\/\/agentelibredigital.com\/wp-content\/uploads\/2026\/09\/valencia-cf-v-real-betis-balompie-laliga-ea-sports-2026-27-768x531.jpg 768w, https:\/\/agentelibredigital.com\/wp-content\/uploads\/2026\/09\/valencia-cf-v-real-betis-balompie-laliga-ea-sports-2026-27-1536x1062.jpg 1536w, https:\/\/agentelibredigital.com\/wp-content\/uploads\/2026\/09\/valencia-cf-v-real-betis-balompie-laliga-ea-sports-2026-27-2048x1416.jpg 2048w\" sizes=\"auto, (max-width: 987px) 100vw, 987px\" \/><figcaption id=\"caption-attachment-65687\" class=\"wp-caption-text\">Pablo Maffeo en su primer partido como titular en el Valencia CF. Fuente: Francisco Macia \/ Getty Images.<\/figcaption><\/figure>\n<p>Para m\u00e1s inri, enfrente tendr\u00e1 a uno de los equipos que mejor se ha reforzado este verano, con las llegadas de <strong>Rodri<\/strong>, <strong>Gordon<\/strong>, <strong>Adeyemi<\/strong>, <strong>Cancelo<\/strong>, <strong>Livakovic<\/strong> y <strong>Gabriel Jesus<\/strong>. Un <strong>tres de tres<\/strong> en este arranque liguero acredita a Flick esta campa\u00f1a, por no olvidar todo lo logrado en cuanto a juego y cifras las dos temporadas anteriores. Se ha sabido renovar cada a\u00f1o, pero con un pilar fundamental: la <strong>presi\u00f3n tras p\u00e9rdida<\/strong>.<\/p>\n<h2>Historial Valencia vs Bar\u00e7a<\/h2>\n<p>Pocos no son los registros que enfrentan a los dos equipos por excelencia de la costa del Mediterr\u00e1neo espa\u00f1ol, pero s\u00ed est\u00e1 claro que el dominio futbol\u00edstico parte para el Bar\u00e7a: <strong>232 encuentros totales<\/strong> de los cuales los blaugrana se saldan con casi el <strong>doble de victorias que los taronja\u00a0<\/strong> (115 a 60). En tablas acabaron una cantidad similar que de victorias ch\u00e9s: un total de 57.<\/p>\n<p>Eso s\u00ed, cabe recordar que el \u00faltimo enfrentamiento entre ambos clubes se sald\u00f3 con un <strong>triunfo ch\u00e9 tras remontada (3-1)<\/strong>, ya en la jornada final de la anterior liga y sin nada en juego. Tambi\u00e9n signific\u00f3 el<strong> \u00faltimo gol de Lewandowski<\/strong> con el conjunto cul\u00e9.<\/p>\n<figure id=\"attachment_65688\" aria-describedby=\"caption-attachment-65688\" style=\"width: 988px\" class=\"wp-caption aligncenter\"><img loading=\"lazy\" decoding=\"async\" class=\" wp-image-65688\" src=\"https:\/\/agentelibredigital.com\/wp-content\/uploads\/2026\/09\/valencia-cf-v-fc-barcelona-laliga-ea-sports-300x214.jpg\" alt=\"\" width=\"988\" height=\"705\" srcset=\"https:\/\/agentelibredigital.com\/wp-content\/uploads\/2026\/09\/valencia-cf-v-fc-barcelona-laliga-ea-sports-300x214.jpg 300w, https:\/\/agentelibredigital.com\/wp-content\/uploads\/2026\/09\/valencia-cf-v-fc-barcelona-laliga-ea-sports-1024x731.jpg 1024w, https:\/\/agentelibredigital.com\/wp-content\/uploads\/2026\/09\/valencia-cf-v-fc-barcelona-laliga-ea-sports-768x548.jpg 768w, https:\/\/agentelibredigital.com\/wp-content\/uploads\/2026\/09\/valencia-cf-v-fc-barcelona-laliga-ea-sports-1536x1096.jpg 1536w, https:\/\/agentelibredigital.com\/wp-content\/uploads\/2026\/09\/valencia-cf-v-fc-barcelona-laliga-ea-sports-2048x1461.jpg 2048w\" sizes=\"auto, (max-width: 988px) 100vw, 988px\" \/><figcaption id=\"caption-attachment-65688\" class=\"wp-caption-text\">El \u00faltimo gol de Lewandowski con el Bar\u00e7a fue frente al Valencia CF. Fuente: Aitor Alcalde \/ Getty Images.<\/figcaption><\/figure>\n<h2>Declaraciones<\/h2>\n<p>Las dudas en la ciudad del Turia tambi\u00e9n se trasladan a la sala de prensa, donde Corber\u00e1n compareci\u00f3 en un tono neutro para atender a los principales reproches del valencianismo. <strong>\u00abSiempre que hay una lesi\u00f3n de varias semanas, el club debe plantearse eso\u00bb<\/strong>, a\u00f1adi\u00f3 el t\u00e9cnico chestano a la dolorosa baja de Umar Sadiq. Pero, a falta de delantero, la llegada de <strong>Harvey Elliot<\/strong> trae algo de luz entre las tinieblas que acechan Mestalla: \u00abEn esos espacios por dentro nos va a ayudar a aumentar el nivel del f\u00fatbol ofensivo del equipo\u00bb.<\/p>\n<p>Pero de Valencia a Barcelona llega la ruta de las incertidumbres. En el caso del Bar\u00e7a, el principal inconveniente de cara al partido es un golpe que llev\u00f3 a Lamine Yamal a entrenar por separado. No obstante, Flick recibi\u00f3 el \u00abokay\u00bb del jugador y a\u00f1adi\u00f3 que <strong>\u00abpodr\u00eda jugar ma\u00f1ana\u00bb<\/strong>. A esa informaci\u00f3n se a\u00f1ade la de los <strong>cinco capitanes<\/strong>: <strong>Raphinha y Pedri <\/strong>escogidos por el t\u00e9cnico alem\u00e1n, mientras que <strong>Eric Garcia, Frenkie De Jong y el propio Lamine<\/strong> fueron los elegidos por el vestuario cul\u00e9.<\/p>\n<figure id=\"attachment_65686\" aria-describedby=\"caption-attachment-65686\" style=\"width: 990px\" class=\"wp-caption aligncenter\"><img loading=\"lazy\" decoding=\"async\" class=\" wp-image-65686\" src=\"https:\/\/agentelibredigital.com\/wp-content\/uploads\/2026\/09\/elche-cf-v-fc-barcelona-laliga-ea-sports-2026-27-300x200.jpg\" alt=\"\" width=\"990\" height=\"660\" srcset=\"https:\/\/agentelibredigital.com\/wp-content\/uploads\/2026\/09\/elche-cf-v-fc-barcelona-laliga-ea-sports-2026-27-300x200.jpg 300w, https:\/\/agentelibredigital.com\/wp-content\/uploads\/2026\/09\/elche-cf-v-fc-barcelona-laliga-ea-sports-2026-27-1024x683.jpg 1024w, https:\/\/agentelibredigital.com\/wp-content\/uploads\/2026\/09\/elche-cf-v-fc-barcelona-laliga-ea-sports-2026-27-768x512.jpg 768w, https:\/\/agentelibredigital.com\/wp-content\/uploads\/2026\/09\/elche-cf-v-fc-barcelona-laliga-ea-sports-2026-27-1536x1024.jpg 1536w, https:\/\/agentelibredigital.com\/wp-content\/uploads\/2026\/09\/elche-cf-v-fc-barcelona-laliga-ea-sports-2026-27-2048x1365.jpg 2048w\" sizes=\"auto, (max-width: 990px) 100vw, 990px\" \/><figcaption id=\"caption-attachment-65686\" class=\"wp-caption-text\">Flick mantiene la incertidumbre sobre la posibilidad de que Lamine parta como titular. Fuente: Francisco Macia \/ Getty Images.<\/figcaption><\/figure>\n<h2>Arbitraje<\/h2>\n<p>La designaci\u00f3n arbitral estar\u00e1 formada por el colegiado principal, el ciudadreale\u00f1o <strong>Isidro D\u00edaz de Mera<\/strong>, mientras que desde la <strong>sala VOR<\/strong> le ayudar\u00e1<strong> Alejandro Mu\u00f1iz Ruiz<\/strong>.<\/p>\n<h2>Posibles onces<\/h2>\n<p>La duda de<strong> Lamine Yamal<\/strong> la ha mantenido tambi\u00e9n su t\u00e9cnico en la rueda de prensa previa, donde inform\u00f3 que recibi\u00f3 un golpe y que se hab\u00eda entrenado por separado: <strong>\u00abPodr\u00eda jugar ma\u00f1ana\u00bb<\/strong>, coment\u00f3 Hansi Flick. No obstante, el resto del once parece intocable, a diferencia del conjunto de Corber\u00e1n, cuya plantilla atraviesa un <strong>bajo estado f\u00edsico<\/strong>, y tanto es as\u00ed que <strong>hasta nueve de sus futbolistas<\/strong> podr\u00edan perderse el choque. Entre sus bajas m\u00e1s importantes est\u00e1n <strong>Guido Rodr\u00edguez<\/strong>, <strong>Umar Sadiq<\/strong>, <strong>Luis Rioja<\/strong> y una de sus \u00faltimas adquisiciones, el neerland\u00e9s <strong>Justin De Haas<\/strong>.<\/p>\n<p><strong>Valencia CF \u2013 <\/strong>Dimitrievski (P); Maffeo, Arnau Mart\u00ednez, T\u00e1rrega, Diakhaby, Gay\u00e1; Ugrini\u0107, Pepelu, Javi Guerra; Sato, Hugo Duro.<\/p>\n<p><strong>FC Barcelona \u2013\u00a0<\/strong>Joan Garcia (P); Kound\u00e9, Cubars\u00ed, Gerard Mart\u00edn, Xavi Espart; Bernal, Pedri; Adeyemi, Ferm\u00edn, Gordon; Raphinha.<\/p>\n<p><strong>Autor<\/strong>:\u00a0<em><a href=\"https:\/\/agentelibredigital.com\/index.php\/author\/adrian-garcia\/\">Adrian Garcia<\/a><\/em><\/p>\n","protected":false},"excerpt":{"rendered":"<p>Mestalla acoge la jornada 4 de LaLiga EA Sports frente al vigente campe\u00f3n sumido en una decepcionante planificaci\u00f3n deportiva Regresa uno de los cl\u00e1sicos de LaLiga EA Sports en uno&hellip; <\/p>\n","protected":false},"author":195,"featured_media":65689,"comment_status":"open","ping_status":"open","sticky":false,"template":"","format":"standard","meta":{"om_disable_all_campaigns":false,"_monsterinsights_skip_tracking":false,"_uf_show_specific_survey":0,"_uf_disable_surveys":false,"footnotes":""},"categories":[12,46,19],"tags":[55,106,182,126],"class_list":["post-65655","post","type-post","status-publish","format-standard","has-post-thumbnail","hentry","category-fc-barcelona","category-laliga-ea-sports","category-valencia-cf","tag-fc-barcelona","tag-laliga-ea-sports","tag-mestalla","tag-valencia-cf"],"aioseo_notices":[],"aioseo_head":"\n\t\t<!-- All in One SEO 5.0.1.1 - aioseo.com -->\n\t<meta name=\"description\" content=\"Previa Valencia \u2013 Bar\u00e7a: mercado cerrado y vida nueva Mestalla acoge la jornada 4 de LaLiga EA Sports frente al vigente campe\u00f3n sumido en una decepcionante planificaci\u00f3n deportiva\" \/>\n\t<meta name=\"robots\" content=\"max-image-preview:large\" \/>\n\t<meta name=\"author\" content=\"Adrian Garcia\"\/>\n\t<link rel=\"canonical\" href=\"https:\/\/agentelibredigital.com\/index.php\/2026\/09\/06\/previa-valencia-barca-mercado-cerrado-y-vida-nueva\/\" \/>\n\t<meta name=\"generator\" content=\"All in One SEO (AIOSEO) 5.0.1.1\" \/>\n\t\t<meta property=\"og:locale\" content=\"es_ES\" \/>\n\t\t<meta property=\"og:site_name\" content=\"Agente Libre Digital \u2013 La nueva generaci\u00f3n del periodismo deportivo.\" \/>\n\t\t<meta property=\"og:type\" content=\"article\" \/>\n\t\t<meta property=\"og:title\" content=\"Previa Valencia \u2013 Bar\u00e7a: mercado cerrado y vida nueva \u2013 Agente Libre Digital\" \/>\n\t\t<meta property=\"og:description\" content=\"Previa Valencia \u2013 Bar\u00e7a: mercado cerrado y vida nueva Mestalla acoge la jornada 4 de LaLiga EA Sports frente al vigente campe\u00f3n sumido en una decepcionante planificaci\u00f3n deportiva\" \/>\n\t\t<meta property=\"og:url\" content=\"https:\/\/agentelibredigital.com\/index.php\/2026\/09\/06\/previa-valencia-barca-mercado-cerrado-y-vida-nueva\/\" \/>\n\t\t<meta property=\"og:image\" content=\"https:\/\/agentelibredigital.com\/wp-content\/uploads\/2026\/09\/valencia-cf-v-athletic-club-laliga-santander-1-scaled.jpg\" \/>\n\t\t<meta property=\"og:image:secure_url\" content=\"https:\/\/agentelibredigital.com\/wp-content\/uploads\/2026\/09\/valencia-cf-v-athletic-club-laliga-santander-1-scaled.jpg\" \/>\n\t\t<meta property=\"og:image:width\" content=\"2560\" \/>\n\t\t<meta property=\"og:image:height\" content=\"1707\" \/>\n\t\t<meta property=\"article:published_time\" content=\"2026-09-06T11:12:49+00:00\" \/>\n\t\t<meta property=\"article:modified_time\" content=\"2026-09-06T11:12:49+00:00\" \/>\n\t\t<meta name=\"twitter:card\" content=\"summary\" \/>\n\t\t<meta name=\"twitter:site\" content=\"@AgenteLibre_dig\" \/>\n\t\t<meta name=\"twitter:title\" content=\"Previa Valencia \u2013 Bar\u00e7a: mercado cerrado y vida nueva \u2013 Agente Libre Digital\" \/>\n\t\t<meta name=\"twitter:description\" content=\"Previa Valencia \u2013 Bar\u00e7a: mercado cerrado y vida nueva Mestalla acoge la jornada 4 de LaLiga EA Sports frente al vigente campe\u00f3n sumido en una decepcionante planificaci\u00f3n deportiva\" \/>\n\t\t<meta name=\"twitter:creator\" content=\"@AgenteLibre_dig\" \/>\n\t\t<meta name=\"twitter:image\" content=\"https:\/\/agentelibredigital.com\/wp-content\/uploads\/2026\/09\/valencia-cf-v-athletic-club-laliga-santander-1-scaled.jpg\" \/>\n\t\t<script type=\"application\/ld+json\" class=\"aioseo-schema\">\n\t\t\t{\"@context\":\"https:\\\/\\\/schema.org\",\"@graph\":[{\"@type\":\"BlogPosting\",\"@id\":\"https:\\\/\\\/agentelibredigital.com\\\/index.php\\\/2026\\\/09\\\/06\\\/previa-valencia-barca-mercado-cerrado-y-vida-nueva\\\/#blogposting\",\"name\":\"Previa Valencia \\u2013 Bar\\u00e7a: mercado cerrado y vida nueva \\u2013 Agente Libre Digital\",\"headline\":\"Previa Valencia &#8211; Bar\\u00e7a: mercado cerrado y vida nueva\",\"author\":{\"@id\":\"https:\\\/\\\/agentelibredigital.com\\\/index.php\\\/author\\\/adrian-garcia\\\/#author\"},\"publisher\":{\"@id\":\"https:\\\/\\\/agentelibredigital.com\\\/#organization\"},\"image\":{\"@type\":\"ImageObject\",\"url\":\"https:\\\/\\\/agentelibredigital.com\\\/wp-content\\\/uploads\\\/2026\\\/09\\\/valencia-cf-v-athletic-club-laliga-santander-1-scaled.jpg\",\"width\":2560,\"height\":1707,\"caption\":\"Se esperan horas y horas de protestas en Valencia antes y durante el partido frente al Bar\\u00e7a. Fuente: Aitor Alcalde \\\/ Getty Images.\"},\"datePublished\":\"2026-09-06T13:12:49+02:00\",\"dateModified\":\"2026-09-06T13:12:49+02:00\",\"inLanguage\":\"es-ES\",\"commentCount\":1,\"mainEntityOfPage\":{\"@id\":\"https:\\\/\\\/agentelibredigital.com\\\/index.php\\\/2026\\\/09\\\/06\\\/previa-valencia-barca-mercado-cerrado-y-vida-nueva\\\/#webpage\"},\"isPartOf\":{\"@id\":\"https:\\\/\\\/agentelibredigital.com\\\/index.php\\\/2026\\\/09\\\/06\\\/previa-valencia-barca-mercado-cerrado-y-vida-nueva\\\/#webpage\"},\"articleSection\":\"FC Barcelona, LaLiga EA Sports, Valencia CF, FC Barcelona, LaLiga EA Sports, Mestalla, Valencia CF\"},{\"@type\":\"BreadcrumbList\",\"@id\":\"https:\\\/\\\/agentelibredigital.com\\\/index.php\\\/2026\\\/09\\\/06\\\/previa-valencia-barca-mercado-cerrado-y-vida-nueva\\\/#breadcrumblist\",\"itemListElement\":[{\"@type\":\"ListItem\",\"@id\":\"https:\\\/\\\/agentelibredigital.com#listItem\",\"position\":1,\"name\":\"Home\",\"item\":\"https:\\\/\\\/agentelibredigital.com\",\"nextItem\":{\"@type\":\"ListItem\",\"@id\":\"https:\\\/\\\/agentelibredigital.com\\\/index.php\\\/category\\\/fc-barcelona\\\/#listItem\",\"name\":\"FC Barcelona\"}},{\"@type\":\"ListItem\",\"@id\":\"https:\\\/\\\/agentelibredigital.com\\\/index.php\\\/category\\\/fc-barcelona\\\/#listItem\",\"position\":2,\"name\":\"FC Barcelona\",\"item\":\"https:\\\/\\\/agentelibredigital.com\\\/index.php\\\/category\\\/fc-barcelona\\\/\",\"nextItem\":{\"@type\":\"ListItem\",\"@id\":\"https:\\\/\\\/agentelibredigital.com\\\/index.php\\\/2026\\\/09\\\/06\\\/previa-valencia-barca-mercado-cerrado-y-vida-nueva\\\/#listItem\",\"name\":\"Previa Valencia &#8211; Bar\\u00e7a: mercado cerrado y vida nueva\"},\"previousItem\":{\"@type\":\"ListItem\",\"@id\":\"https:\\\/\\\/agentelibredigital.com#listItem\",\"name\":\"Home\"}},{\"@type\":\"ListItem\",\"@id\":\"https:\\\/\\\/agentelibredigital.com\\\/index.php\\\/2026\\\/09\\\/06\\\/previa-valencia-barca-mercado-cerrado-y-vida-nueva\\\/#listItem\",\"position\":3,\"name\":\"Previa Valencia &#8211; Bar\\u00e7a: mercado cerrado y vida nueva\",\"previousItem\":{\"@type\":\"ListItem\",\"@id\":\"https:\\\/\\\/agentelibredigital.com\\\/index.php\\\/category\\\/fc-barcelona\\\/#listItem\",\"name\":\"FC Barcelona\"}}]},{\"@type\":\"Organization\",\"@id\":\"https:\\\/\\\/agentelibredigital.com\\\/#organization\",\"name\":\"Agente Libre Digital\",\"description\":\"La nueva generaci\\u00f3n del periodismo deportivo.\",\"url\":\"https:\\\/\\\/agentelibredigital.com\\\/\",\"telephone\":\"+34665330413\",\"logo\":{\"@type\":\"ImageObject\",\"url\":\"https:\\\/\\\/agentelibredigital.com\\\/wp-content\\\/uploads\\\/2023\\\/10\\\/Agente-5-1.png\",\"@id\":\"https:\\\/\\\/agentelibredigital.com\\\/index.php\\\/2026\\\/09\\\/06\\\/previa-valencia-barca-mercado-cerrado-y-vida-nueva\\\/#organizationLogo\",\"width\":500,\"height\":500},\"image\":{\"@id\":\"https:\\\/\\\/agentelibredigital.com\\\/index.php\\\/2026\\\/09\\\/06\\\/previa-valencia-barca-mercado-cerrado-y-vida-nueva\\\/#organizationLogo\"},\"sameAs\":[\"https:\\\/\\\/twitter.com\\\/AgenteLibre_dig\",\"https:\\\/\\\/www.instagram.com\\\/agentelibre_dig\\\/\"]},{\"@type\":\"Person\",\"@id\":\"https:\\\/\\\/agentelibredigital.com\\\/index.php\\\/author\\\/adrian-garcia\\\/#author\",\"url\":\"https:\\\/\\\/agentelibredigital.com\\\/index.php\\\/author\\\/adrian-garcia\\\/\",\"name\":\"Adrian Garcia\",\"image\":{\"@type\":\"ImageObject\",\"@id\":\"https:\\\/\\\/agentelibredigital.com\\\/index.php\\\/2026\\\/09\\\/06\\\/previa-valencia-barca-mercado-cerrado-y-vida-nueva\\\/#authorImage\",\"url\":\"https:\\\/\\\/secure.gravatar.com\\\/avatar\\\/2646a2b8728a01c9eb97c14f2f14f7deab1473afcab44d4d51eac59cdf517f3b?s=96&d=mm&r=g\",\"width\":96,\"height\":96,\"caption\":\"Adrian Garcia\"}},{\"@type\":\"WebPage\",\"@id\":\"https:\\\/\\\/agentelibredigital.com\\\/index.php\\\/2026\\\/09\\\/06\\\/previa-valencia-barca-mercado-cerrado-y-vida-nueva\\\/#webpage\",\"url\":\"https:\\\/\\\/agentelibredigital.com\\\/index.php\\\/2026\\\/09\\\/06\\\/previa-valencia-barca-mercado-cerrado-y-vida-nueva\\\/\",\"name\":\"Previa Valencia \\u2013 Bar\\u00e7a: mercado cerrado y vida nueva \\u2013 Agente Libre Digital\",\"description\":\"Previa Valencia \\u2013 Bar\\u00e7a: mercado cerrado y vida nueva Mestalla acoge la jornada 4 de LaLiga EA Sports frente al vigente campe\\u00f3n sumido en una decepcionante planificaci\\u00f3n deportiva\",\"inLanguage\":\"es-ES\",\"isPartOf\":{\"@id\":\"https:\\\/\\\/agentelibredigital.com\\\/#website\"},\"breadcrumb\":{\"@id\":\"https:\\\/\\\/agentelibredigital.com\\\/index.php\\\/2026\\\/09\\\/06\\\/previa-valencia-barca-mercado-cerrado-y-vida-nueva\\\/#breadcrumblist\"},\"author\":{\"@id\":\"https:\\\/\\\/agentelibredigital.com\\\/index.php\\\/author\\\/adrian-garcia\\\/#author\"},\"creator\":{\"@id\":\"https:\\\/\\\/agentelibredigital.com\\\/index.php\\\/author\\\/adrian-garcia\\\/#author\"},\"image\":{\"@type\":\"ImageObject\",\"url\":\"https:\\\/\\\/agentelibredigital.com\\\/wp-content\\\/uploads\\\/2026\\\/09\\\/valencia-cf-v-athletic-club-laliga-santander-1-scaled.jpg\",\"@id\":\"https:\\\/\\\/agentelibredigital.com\\\/index.php\\\/2026\\\/09\\\/06\\\/previa-valencia-barca-mercado-cerrado-y-vida-nueva\\\/#mainImage\",\"width\":2560,\"height\":1707,\"caption\":\"Se esperan horas y horas de protestas en Valencia antes y durante el partido frente al Bar\\u00e7a. Fuente: Aitor Alcalde \\\/ Getty Images.\"},\"primaryImageOfPage\":{\"@id\":\"https:\\\/\\\/agentelibredigital.com\\\/index.php\\\/2026\\\/09\\\/06\\\/previa-valencia-barca-mercado-cerrado-y-vida-nueva\\\/#mainImage\"},\"datePublished\":\"2026-09-06T13:12:49+02:00\",\"dateModified\":\"2026-09-06T13:12:49+02:00\"},{\"@type\":\"WebSite\",\"@id\":\"https:\\\/\\\/agentelibredigital.com\\\/#website\",\"url\":\"https:\\\/\\\/agentelibredigital.com\\\/\",\"name\":\"agentelibredigital.com\",\"alternateName\":\"Agente Libre\",\"description\":\"La nueva generaci\\u00f3n del periodismo deportivo.\",\"inLanguage\":\"es-ES\",\"publisher\":{\"@id\":\"https:\\\/\\\/agentelibredigital.com\\\/#organization\"}}]}\n\t\t<\/script>\n\t\t<!-- All in One SEO -->\n\n","aioseo_head_json":{"title":"Previa Valencia \u2013 Bar\u00e7a: mercado cerrado y vida nueva \u2013 Agente Libre Digital","description":"Previa Valencia \u2013 Bar\u00e7a: mercado cerrado y vida nueva Mestalla acoge la jornada 4 de LaLiga EA Sports frente al vigente campe\u00f3n sumido en una decepcionante planificaci\u00f3n deportiva","canonical_url":"https:\/\/agentelibredigital.com\/index.php\/2026\/09\/06\/previa-valencia-barca-mercado-cerrado-y-vida-nueva\/","robots":"max-image-preview:large","keywords":"","webmasterTools":{"miscellaneous":""},"schema":{"@context":"https:\/\/schema.org","@graph":[{"@type":"BlogPosting","@id":"https:\/\/agentelibredigital.com\/index.php\/2026\/09\/06\/previa-valencia-barca-mercado-cerrado-y-vida-nueva\/#blogposting","name":"Previa Valencia \u2013 Bar\u00e7a: mercado cerrado y vida nueva \u2013 Agente Libre Digital","headline":"Previa Valencia &#8211; Bar\u00e7a: mercado cerrado y vida nueva","author":{"@id":"https:\/\/agentelibredigital.com\/index.php\/author\/adrian-garcia\/#author"},"publisher":{"@id":"https:\/\/agentelibredigital.com\/#organization"},"image":{"@type":"ImageObject","url":"https:\/\/agentelibredigital.com\/wp-content\/uploads\/2026\/09\/valencia-cf-v-athletic-club-laliga-santander-1-scaled.jpg","width":2560,"height":1707,"caption":"Se esperan horas y horas de protestas en Valencia antes y durante el partido frente al Bar\u00e7a. Fuente: Aitor Alcalde \/ Getty Images."},"datePublished":"2026-09-06T13:12:49+02:00","dateModified":"2026-09-06T13:12:49+02:00","inLanguage":"es-ES","commentCount":1,"mainEntityOfPage":{"@id":"https:\/\/agentelibredigital.com\/index.php\/2026\/09\/06\/previa-valencia-barca-mercado-cerrado-y-vida-nueva\/#webpage"},"isPartOf":{"@id":"https:\/\/agentelibredigital.com\/index.php\/2026\/09\/06\/previa-valencia-barca-mercado-cerrado-y-vida-nueva\/#webpage"},"articleSection":"FC Barcelona, LaLiga EA Sports, Valencia CF, FC Barcelona, LaLiga EA Sports, Mestalla, Valencia CF"},{"@type":"BreadcrumbList","@id":"https:\/\/agentelibredigital.com\/index.php\/2026\/09\/06\/previa-valencia-barca-mercado-cerrado-y-vida-nueva\/#breadcrumblist","itemListElement":[{"@type":"ListItem","@id":"https:\/\/agentelibredigital.com#listItem","position":1,"name":"Home","item":"https:\/\/agentelibredigital.com","nextItem":{"@type":"ListItem","@id":"https:\/\/agentelibredigital.com\/index.php\/category\/fc-barcelona\/#listItem","name":"FC Barcelona"}},{"@type":"ListItem","@id":"https:\/\/agentelibredigital.com\/index.php\/category\/fc-barcelona\/#listItem","position":2,"name":"FC Barcelona","item":"https:\/\/agentelibredigital.com\/index.php\/category\/fc-barcelona\/","nextItem":{"@type":"ListItem","@id":"https:\/\/agentelibredigital.com\/index.php\/2026\/09\/06\/previa-valencia-barca-mercado-cerrado-y-vida-nueva\/#listItem","name":"Previa Valencia &#8211; Bar\u00e7a: mercado cerrado y vida nueva"},"previousItem":{"@type":"ListItem","@id":"https:\/\/agentelibredigital.com#listItem","name":"Home"}},{"@type":"ListItem","@id":"https:\/\/agentelibredigital.com\/index.php\/2026\/09\/06\/previa-valencia-barca-mercado-cerrado-y-vida-nueva\/#listItem","position":3,"name":"Previa Valencia &#8211; Bar\u00e7a: mercado cerrado y vida nueva","previousItem":{"@type":"ListItem","@id":"https:\/\/agentelibredigital.com\/index.php\/category\/fc-barcelona\/#listItem","name":"FC Barcelona"}}]},{"@type":"Organization","@id":"https:\/\/agentelibredigital.com\/#organization","name":"Agente Libre Digital","description":"La nueva generaci\u00f3n del periodismo deportivo.","url":"https:\/\/agentelibredigital.com\/","telephone":"+34665330413","logo":{"@type":"ImageObject","url":"https:\/\/agentelibredigital.com\/wp-content\/uploads\/2023\/10\/Agente-5-1.png","@id":"https:\/\/agentelibredigital.com\/index.php\/2026\/09\/06\/previa-valencia-barca-mercado-cerrado-y-vida-nueva\/#organizationLogo","width":500,"height":500},"image":{"@id":"https:\/\/agentelibredigital.com\/index.php\/2026\/09\/06\/previa-valencia-barca-mercado-cerrado-y-vida-nueva\/#organizationLogo"},"sameAs":["https:\/\/twitter.com\/AgenteLibre_dig","https:\/\/www.instagram.com\/agentelibre_dig\/"]},{"@type":"Person","@id":"https:\/\/agentelibredigital.com\/index.php\/author\/adrian-garcia\/#author","url":"https:\/\/agentelibredigital.com\/index.php\/author\/adrian-garcia\/","name":"Adrian Garcia","image":{"@type":"ImageObject","@id":"https:\/\/agentelibredigital.com\/index.php\/2026\/09\/06\/previa-valencia-barca-mercado-cerrado-y-vida-nueva\/#authorImage","url":"https:\/\/secure.gravatar.com\/avatar\/2646a2b8728a01c9eb97c14f2f14f7deab1473afcab44d4d51eac59cdf517f3b?s=96&d=mm&r=g","width":96,"height":96,"caption":"Adrian Garcia"}},{"@type":"WebPage","@id":"https:\/\/agentelibredigital.com\/index.php\/2026\/09\/06\/previa-valencia-barca-mercado-cerrado-y-vida-nueva\/#webpage","url":"https:\/\/agentelibredigital.com\/index.php\/2026\/09\/06\/previa-valencia-barca-mercado-cerrado-y-vida-nueva\/","name":"Previa Valencia \u2013 Bar\u00e7a: mercado cerrado y vida nueva \u2013 Agente Libre Digital","description":"Previa Valencia \u2013 Bar\u00e7a: mercado cerrado y vida nueva Mestalla acoge la jornada 4 de LaLiga EA Sports frente al vigente campe\u00f3n sumido en una decepcionante planificaci\u00f3n deportiva","inLanguage":"es-ES","isPartOf":{"@id":"https:\/\/agentelibredigital.com\/#website"},"breadcrumb":{"@id":"https:\/\/agentelibredigital.com\/index.php\/2026\/09\/06\/previa-valencia-barca-mercado-cerrado-y-vida-nueva\/#breadcrumblist"},"author":{"@id":"https:\/\/agentelibredigital.com\/index.php\/author\/adrian-garcia\/#author"},"creator":{"@id":"https:\/\/agentelibredigital.com\/index.php\/author\/adrian-garcia\/#author"},"image":{"@type":"ImageObject","url":"https:\/\/agentelibredigital.com\/wp-content\/uploads\/2026\/09\/valencia-cf-v-athletic-club-laliga-santander-1-scaled.jpg","@id":"https:\/\/agentelibredigital.com\/index.php\/2026\/09\/06\/previa-valencia-barca-mercado-cerrado-y-vida-nueva\/#mainImage","width":2560,"height":1707,"caption":"Se esperan horas y horas de protestas en Valencia antes y durante el partido frente al Bar\u00e7a. Fuente: Aitor Alcalde \/ Getty Images."},"primaryImageOfPage":{"@id":"https:\/\/agentelibredigital.com\/index.php\/2026\/09\/06\/previa-valencia-barca-mercado-cerrado-y-vida-nueva\/#mainImage"},"datePublished":"2026-09-06T13:12:49+02:00","dateModified":"2026-09-06T13:12:49+02:00"},{"@type":"WebSite","@id":"https:\/\/agentelibredigital.com\/#website","url":"https:\/\/agentelibredigital.com\/","name":"agentelibredigital.com","alternateName":"Agente Libre","description":"La nueva generaci\u00f3n del periodismo deportivo.","inLanguage":"es-ES","publisher":{"@id":"https:\/\/agentelibredigital.com\/#organization"}}]},"og:locale":"es_ES","og:site_name":"Agente Libre Digital \u2013 La nueva generaci\u00f3n del periodismo deportivo.","og:type":"article","og:title":"Previa Valencia \u2013 Bar\u00e7a: mercado cerrado y vida nueva \u2013 Agente Libre Digital","og:description":"Previa Valencia \u2013 Bar\u00e7a: mercado cerrado y vida nueva Mestalla acoge la jornada 4 de LaLiga EA Sports frente al vigente campe\u00f3n sumido en una decepcionante planificaci\u00f3n deportiva","og:url":"https:\/\/agentelibredigital.com\/index.php\/2026\/09\/06\/previa-valencia-barca-mercado-cerrado-y-vida-nueva\/","og:image":"https:\/\/agentelibredigital.com\/wp-content\/uploads\/2026\/09\/valencia-cf-v-athletic-club-laliga-santander-1-scaled.jpg","og:image:secure_url":"https:\/\/agentelibredigital.com\/wp-content\/uploads\/2026\/09\/valencia-cf-v-athletic-club-laliga-santander-1-scaled.jpg","og:image:width":2560,"og:image:height":1707,"article:published_time":"2026-09-06T11:12:49+00:00","article:modified_time":"2026-09-06T11:12:49+00:00","twitter:card":"summary","twitter:site":"@AgenteLibre_dig","twitter:title":"Previa Valencia \u2013 Bar\u00e7a: mercado cerrado y vida nueva \u2013 Agente Libre Digital","twitter:description":"Previa Valencia \u2013 Bar\u00e7a: mercado cerrado y vida nueva Mestalla acoge la jornada 4 de LaLiga EA Sports frente al vigente campe\u00f3n sumido en una decepcionante planificaci\u00f3n deportiva","twitter:creator":"@AgenteLibre_dig","twitter:image":"https:\/\/agentelibredigital.com\/wp-content\/uploads\/2026\/09\/valencia-cf-v-athletic-club-laliga-santander-1-scaled.jpg"},"aioseo_meta_data":{"post_id":"65655","title":null,"description":"#post_title Mestalla acoge la jornada 4 de LaLiga EA Sports frente al vigente campe\u00f3n sumido en una decepcionante planificaci\u00f3n deportiva","keywords":null,"keyphrases":{"focus":{"keyphrase":"Bar\u00e7a","score":0,"analysis":[]},"additional":[]},"primary_term":null,"canonical_url":null,"og_title":null,"og_description":null,"og_object_type":"default","og_image_type":"default","og_image_url":null,"og_image_width":null,"og_image_height":null,"og_image_custom_url":null,"og_image_custom_fields":null,"og_video":"","og_custom_url":null,"og_article_section":null,"og_article_tags":null,"twitter_use_og":false,"twitter_card":"default","twitter_image_type":"default","twitter_image_url":null,"twitter_image_custom_url":null,"twitter_image_custom_fields":null,"twitter_title":null,"twitter_description":null,"schema":{"blockGraphs":[],"customGraphs":[],"default":{"data":{"Article":[],"Course":[],"Dataset":[],"FAQPage":[],"Movie":[],"Person":[],"Product":[],"ProductReview":[],"Car":[],"Recipe":[],"Service":[],"SoftwareApplication":[],"WebPage":[]},"graphName":"BlogPosting","isEnabled":true},"graphs":[]},"schema_type":"default","schema_type_options":null,"pillar_content":false,"robots_default":true,"robots_noindex":false,"robots_noarchive":false,"robots_nosnippet":false,"robots_nofollow":false,"robots_noimageindex":false,"robots_noodp":false,"robots_notranslate":false,"robots_max_snippet":"-1","robots_max_videopreview":"-1","robots_max_imagepreview":"large","priority":null,"frequency":"default","local_seo":null,"breadcrumb_settings":null,"limit_modified_date":false,"ai":{"faqs":[],"keyPoints":[],"schemas":[],"titles":[],"descriptions":[],"socialPosts":{"email":{"subject":"","preview":"","content":""},"linkedin":[],"twitter":[],"facebook":[],"instagram":[]}},"created":"2026-09-05 11:10:47","updated":"2026-09-06 11:14:19","seo_analyzer_scan_date":null,"focus_keyword":"Bar\u00e7a","additional_keywords":null,"truseo_locale":null},"aioseo_breadcrumb":"<div class=\"aioseo-breadcrumbs\"><span class=\"aioseo-breadcrumb\">\n\t\t\t<a href=\"https:\/\/agentelibredigital.com\" title=\"Home\">Home<\/a>\n\t\t<\/span><span class=\"aioseo-breadcrumb-separator\">&raquo;<\/span><span class=\"aioseo-breadcrumb\">\n\t\t\t<a href=\"https:\/\/agentelibredigital.com\/index.php\/category\/fc-barcelona\/\" title=\"FC Barcelona\">FC Barcelona<\/a>\n\t\t<\/span><span class=\"aioseo-breadcrumb-separator\">&raquo;<\/span><span class=\"aioseo-breadcrumb\">\n\t\t\tPrevia Valencia \u2013 Bar\u00e7a: mercado cerrado y vida nueva\n\t\t<\/span><\/div>","aioseo_breadcrumb_json":[{"label":"Home","link":"https:\/\/agentelibredigital.com"},{"label":"FC Barcelona","link":"https:\/\/agentelibredigital.com\/index.php\/category\/fc-barcelona\/"},{"label":"Previa Valencia &#8211; Bar\u00e7a: mercado cerrado y vida nueva","link":"https:\/\/agentelibredigital.com\/index.php\/2026\/09\/06\/previa-valencia-barca-mercado-cerrado-y-vida-nueva\/"}],"_links":{"self":[{"href":"https:\/\/agentelibredigital.com\/index.php\/wp-json\/wp\/v2\/posts\/65655","targetHints":{"allow":["GET"]}}],"collection":[{"href":"https:\/\/agentelibredigital.com\/index.php\/wp-json\/wp\/v2\/posts"}],"about":[{"href":"https:\/\/agentelibredigital.com\/index.php\/wp-json\/wp\/v2\/types\/post"}],"author":[{"embeddable":true,"href":"https:\/\/agentelibredigital.com\/index.php\/wp-json\/wp\/v2\/users\/195"}],"replies":[{"embeddable":true,"href":"https:\/\/agentelibredigital.com\/index.php\/wp-json\/wp\/v2\/comments?post=65655"}],"version-history":[{"count":2,"href":"https:\/\/agentelibredigital.com\/index.php\/wp-json\/wp\/v2\/posts\/65655\/revisions"}],"predecessor-version":[{"id":65690,"href":"https:\/\/agentelibredigital.com\/index.php\/wp-json\/wp\/v2\/posts\/65655\/revisions\/65690"}],"wp:featuredmedia":[{"embeddable":true,"href":"https:\/\/agentelibredigital.com\/index.php\/wp-json\/wp\/v2\/media\/65689"}],"wp:attachment":[{"href":"https:\/\/agentelibredigital.com\/index.php\/wp-json\/wp\/v2\/media?parent=65655"}],"wp:term":[{"taxonomy":"category","embeddable":true,"href":"https:\/\/agentelibredigital.com\/index.php\/wp-json\/wp\/v2\/categories?post=65655"},{"taxonomy":"post_tag","embeddable":true,"href":"https:\/\/agentelibredigital.com\/index.php\/wp-json\/wp\/v2\/tags?post=65655"}],"curies":[{"name":"wp","href":"https:\/\/api.w.org\/{rel}","templated":true}]}}