{"id":65643,"date":"2026-09-05T08:40:33","date_gmt":"2026-09-05T06:40:33","guid":{"rendered":"https:\/\/agentelibredigital.com\/?p=65643"},"modified":"2026-09-05T08:44:14","modified_gmt":"2026-09-05T06:44:14","slug":"previa-athletic-club-vs-atletico-de-madrid-san-mames-mide-el-impulso-de-los-colchoneros","status":"publish","type":"post","link":"https:\/\/agentelibredigital.com\/index.php\/2026\/09\/05\/previa-athletic-club-vs-atletico-de-madrid-san-mames-mide-el-impulso-de-los-colchoneros\/","title":{"rendered":"Previa Athletic Club vs Atl\u00e9tico de Madrid: San Mam\u00e9s mide el impulso de los colchoneros"},"content":{"rendered":"<p>El <strong>Athletic Club<\/strong> y el <strong>Atl\u00e9tico de Madrid<\/strong> se enfrentar\u00e1n este s\u00e1bado 5 de septiembre a las 16:15 horas, tiempo de <strong>Espa\u00f1a<\/strong>, en <strong>San Mam\u00e9s<\/strong>, en duelo correspondiente a la Jornada 4 de <strong>LaLiga EA Sports<\/strong>. <strong>Jos\u00e9 Luis Munuera Montero<\/strong>ser\u00e1 el encargado de impartir justicia, acompa\u00f1ado por <strong>Juan Luis Pulido Santana<\/strong> en el VAR. El encuentro podr\u00e1 seguirse en <strong>Espa\u00f1a<\/strong> a trav\u00e9s de Movistar LaLiga, Movistar+ y Orange F\u00fatbol 1. Los leones llegan despu\u00e9s de conseguir su primera victoria de la temporalmente, mientras que los colchoneros aterrizan en <strong>Bilbao<\/strong> invictos y con 7 de 9 puntos posibles.<\/p>\n<h4>Una prueba de altura en San Mam\u00e9s<\/h4>\n<p class=\"isSelectedEnd\">El inicio de temporada ha dejado realidades diferentes para ambos conjuntos. El <strong>Athletic Club<\/strong> necesit\u00f3 3 jornadas para conseguir su primera victoria y ahora tendr\u00e1 la oportunidad de demostrar ante su afici\u00f3n que el triunfo conseguido frente al <strong>Celta de Vigo<\/strong> puede significar un punto de inflexi\u00f3n.<\/p>\n<p>Enfrente estar\u00e1 un <strong>Atl\u00e9tico de Madrid<\/strong> que ha comenzado a carburar desde las primeras fechas. El conjunto dirigido por <strong>Diego Simeone<\/strong> marcha en la parte alta de la clasificaci\u00f3n con 7 puntos y todav\u00eda sin conocer la derrota, por lo que <strong>San Mam\u00e9s<\/strong> aparece como una de sus primeras grandes pruebas de la temporada.<\/p>\n<figure id=\"attachment_65647\" aria-describedby=\"caption-attachment-65647\" style=\"width: 300px\" class=\"wp-caption alignnone\"><img loading=\"lazy\" decoding=\"async\" class=\"size-medium wp-image-65647\" src=\"https:\/\/agentelibredigital.com\/wp-content\/uploads\/2026\/09\/IMG_8718-300x216.jpeg\" alt=\"\" width=\"300\" height=\"216\" srcset=\"https:\/\/agentelibredigital.com\/wp-content\/uploads\/2026\/09\/IMG_8718-300x216.jpeg 300w, https:\/\/agentelibredigital.com\/wp-content\/uploads\/2026\/09\/IMG_8718.jpeg 588w\" sizes=\"auto, (max-width: 300px) 100vw, 300px\" \/><figcaption id=\"caption-attachment-65647\" class=\"wp-caption-text\">Atl\u00e9tico de Madrid vs Athletic Club (Imagen tomada de la web)<\/figcaption><\/figure>\n<h4>Estado de forma: dos caminos distintos<\/h4>\n<p class=\"isSelectedEnd\">El <strong>Athletic Club<\/strong> llega con una victoria que necesitaba. Los dirigidos por <strong>Edin Terzi\u0107<\/strong> comenzaron <strong>LaLiga<\/strong> con 2 derrotas consecutivas, pero la reacci\u00f3n lleg\u00f3 en <strong>Bala\u00eddos<\/strong>, donde derrotaron 0-2 al <strong>Celta de Vigo<\/strong>.<\/p>\n<p class=\"isSelectedEnd\">Si ampliamos la mirada a sus \u00faltimos 5 compromisos oficiales y de preparaci\u00f3n, el balance es de 1 victoria y 4 derrotas. El triunfo en <strong>Vigo<\/strong>, por tanto, cort\u00f3 una din\u00e1mica negativa y dej\u00f3 mejores sensaciones antes de regresar a casa.<\/p>\n<p class=\"isSelectedEnd\">El <strong>Atl\u00e9tico de Madrid<\/strong> presenta una situaci\u00f3n distinta. Los colchoneros han conseguido 2 victorias y 1 empate en las primeras 3 jornadas del campeonato, para sumar 7 de los 9 puntos disputados.<\/p>\n<p>Su \u00faltima presentaci\u00f3n termin\u00f3 con victoria 1-3 frente al <strong>Sevilla<\/strong>, resultado que reforz\u00f3 el buen inicio del equipo de <strong>Simeone<\/strong> y en el que <strong>\u00c1lex Baena<\/strong> destac\u00f3 con un doblete.<\/p>\n<h4>Una rivalidad con m\u00e1s de un siglo de historia<\/h4>\n<p class=\"isSelectedEnd\">Pocos enfrentamientos pueden presumir de tanta historia en el futbol espa\u00f1ol. <strong>Athletic Club<\/strong> y <strong>Atl\u00e9tico de Madrid<\/strong> se han enfrentado en m\u00e1s de 200 ocasiones oficiales y han construido una rivalidad que atraviesa distintas generaciones.<\/p>\n<p class=\"isSelectedEnd\">Uno de sus primeros grandes cap\u00edtulos lleg\u00f3 en 1921, cuando ambos disputaron la final de Copa en <strong>San Mam\u00e9s<\/strong> y el conjunto vasco se proclam\u00f3 campe\u00f3n con una victoria 4-1. D\u00e9cadas despu\u00e9s tambi\u00e9n protagonizaron encuentros cargados de goles, como el 6-6 de 1950 y el 5-5 de 1971.<\/p>\n<p class=\"isSelectedEnd\">La historia reciente tambi\u00e9n ha dejado noches importantes. En las semifinales de la Copa del Rey de la temporada 2023-24, el conjunto vasco elimin\u00f3 al Atl\u00e9tico despu\u00e9s de vencer 0-1 en <strong>Madrid<\/strong> y posteriormente 3-0 en <strong>San Mam\u00e9s<\/strong>.<\/p>\n<p>En Liga, el precedente m\u00e1s cercano favorece a los colchoneros, que se impusieron 3-2 en el <strong>Metropolitano<\/strong> en abril de 2026. Sin embargo, la \u00faltima visita del Atl\u00e9tico a <strong>Bilbao<\/strong> termin\u00f3 con victoria 1-0 para los leones.<\/p>\n<h4>Terzi\u0107 quiere valent\u00eda; Simeone recupera a Juli\u00e1n<\/h4>\n<p><strong>Edin Terzi\u0107<\/strong> asegur\u00f3 en la rueda de prensa previa que el <strong>Athletic Club<\/strong> no modificar\u00e1 su propuesta pese a enfrentarse a uno de los conjuntos m\u00e1s fuertes del campeonato. El t\u00e9cnico alem\u00e1n quiere que los suyos sean protagonistas desde la presi\u00f3n y mantengan una propuesta ofensiva colectiva.<\/p>\n<p class=\"isSelectedEnd\">El entrenador tambi\u00e9n destac\u00f3 la importancia de aprovechar el regreso a <strong>San Mam\u00e9s<\/strong> despu\u00e9s de la victoria conseguida en <strong>Vigo<\/strong> y se\u00f1al\u00f3 que el encuentro representa \u201cuna gran oportunidad para conseguir 3 puntos importantes en casa\u201d.<\/p>\n<p>Adem\u00e1s, <strong>Terzi\u0107<\/strong> rechaz\u00f3 la idea de que el <strong>Atl\u00e9tico de Madrid<\/strong> sea \u00fanicamente un equipo defensivo y destac\u00f3 su transformaci\u00f3n y la calidad de sus futbolistas en el centro del campo. Advirti\u00f3 que el Athletic tendr\u00e1 que reducir sus errores y mantenerse concentrado durante los 90 minutos.<\/p>\n<figure id=\"attachment_65648\" aria-describedby=\"caption-attachment-65648\" style=\"width: 300px\" class=\"wp-caption alignnone\"><img loading=\"lazy\" decoding=\"async\" class=\"wp-image-65648 size-medium\" src=\"https:\/\/agentelibredigital.com\/wp-content\/uploads\/2026\/09\/IMG_8720-300x200.webp\" alt=\"\" width=\"300\" height=\"200\" srcset=\"https:\/\/agentelibredigital.com\/wp-content\/uploads\/2026\/09\/IMG_8720-300x200.webp 300w, https:\/\/agentelibredigital.com\/wp-content\/uploads\/2026\/09\/IMG_8720-1024x683.webp 1024w, https:\/\/agentelibredigital.com\/wp-content\/uploads\/2026\/09\/IMG_8720-768x512.webp 768w, https:\/\/agentelibredigital.com\/wp-content\/uploads\/2026\/09\/IMG_8720.webp 1280w\" sizes=\"auto, (max-width: 300px) 100vw, 300px\" \/><figcaption id=\"caption-attachment-65648\" class=\"wp-caption-text\">Edin en conferencia de prensa (Imagen tomada de la web).<\/figcaption><\/figure>\n<p>Por su parte, <strong>Diego Simeone<\/strong> confirm\u00f3 una de las principales novedades del conjunto madrile\u00f1o: <strong>Juli\u00e1n \u00c1lvarez<\/strong> volver\u00e1 a estar disponible despu\u00e9s de perderse el \u00faltimo encuentro frente al <strong>Sevilla<\/strong>. \u201cEst\u00e1 entrenando muy bien, ma\u00f1ana va a venir convocado y va a ser parte del grupo que sale para jugar en Bilbao\u201d, dijo.<\/p>\n<figure id=\"attachment_65646\" aria-describedby=\"caption-attachment-65646\" style=\"width: 300px\" class=\"wp-caption alignnone\"><img loading=\"lazy\" decoding=\"async\" class=\"size-medium wp-image-65646\" src=\"https:\/\/agentelibredigital.com\/wp-content\/uploads\/2026\/09\/IMG_8717-300x169.jpeg\" alt=\"\" width=\"300\" height=\"169\" srcset=\"https:\/\/agentelibredigital.com\/wp-content\/uploads\/2026\/09\/IMG_8717-300x169.jpeg 300w, https:\/\/agentelibredigital.com\/wp-content\/uploads\/2026\/09\/IMG_8717-1024x576.jpeg 1024w, https:\/\/agentelibredigital.com\/wp-content\/uploads\/2026\/09\/IMG_8717-768x432.jpeg 768w, https:\/\/agentelibredigital.com\/wp-content\/uploads\/2026\/09\/IMG_8717-1536x864.jpeg 1536w, https:\/\/agentelibredigital.com\/wp-content\/uploads\/2026\/09\/IMG_8717-2048x1152.jpeg 2048w\" sizes=\"auto, (max-width: 300px) 100vw, 300px\" \/><figcaption id=\"caption-attachment-65646\" class=\"wp-caption-text\">Atl\u00e9tico de Madrid vs Athletic Club (Imagen tomada de la web)<\/figcaption><\/figure>\n<p>El t\u00e9cnico argentino tambi\u00e9n habl\u00f3 sobre las \u00faltimas semanas vividas por el delantero y asegur\u00f3 que espera que lo ocurrido durante el mercado pueda servirle como aprendizaje. <strong>Simeone<\/strong> remarc\u00f3 que quieren volver a ver al argentino feliz y, principalmente, respondiendo dentro del terreno de juego con goles.<\/p>\n<h4>Principales armas: Nico contra Baena<\/h4>\n<p class=\"isSelectedEnd\">El <strong>Athletic Club<\/strong> volver\u00e1 a depositar buena parte de su peligro ofensivo en <strong>Nico Williams<\/strong>. Su velocidad y capacidad para encarar pueden convertirse en una de las principales v\u00edas para romper la estructura defensiva del conjunto madrile\u00f1o. Junto a \u00e9l, <strong>Oihan Sancet<\/strong> tendr\u00e1 la responsabilidad de conectar el mediocampo con el ataque y aparecer entre l\u00edneas.<\/p>\n<p class=\"isSelectedEnd\">En el <strong>Atl\u00e9tico de Madrid<\/strong>, los reflectores apuntan hacia <strong>\u00c1lex Baena<\/strong>. El mediocampista llega especialmente inspirado despu\u00e9s de marcar 2 goles frente al <strong>Sevilla<\/strong> y se ha convertido en una de las principales piezas ofensivas del conjunto colchonero.<\/p>\n<p class=\"isSelectedEnd\">A ellos se suma el regreso de <strong>Juli\u00e1n \u00c1lvarez<\/strong>. El delantero argentino todav\u00eda busca recuperar ritmo y podr\u00eda comenzar desde el banquillo, pero su regreso le devuelve a <strong>Simeone<\/strong> una alternativa importante para modificar el partido.<\/p>\n<h4>Munuera Montero, un viejo conocido<\/h4>\n<p class=\"isSelectedEnd\"><strong>Jos\u00e9 Luis Munuera Montero<\/strong> ser\u00e1 el \u00e1rbitro encargado de dirigir el encuentro, con <strong>Juan Luis Pulido Santana<\/strong> como responsable del VAR.<\/p>\n<figure id=\"attachment_65649\" aria-describedby=\"caption-attachment-65649\" style=\"width: 300px\" class=\"wp-caption alignnone\"><img loading=\"lazy\" decoding=\"async\" class=\"size-medium wp-image-65649\" src=\"https:\/\/agentelibredigital.com\/wp-content\/uploads\/2026\/09\/IMG_8721-300x169.jpeg\" alt=\"\" width=\"300\" height=\"169\" srcset=\"https:\/\/agentelibredigital.com\/wp-content\/uploads\/2026\/09\/IMG_8721-300x169.jpeg 300w, https:\/\/agentelibredigital.com\/wp-content\/uploads\/2026\/09\/IMG_8721.jpeg 738w\" sizes=\"auto, (max-width: 300px) 100vw, 300px\" \/><figcaption id=\"caption-attachment-65649\" class=\"wp-caption-text\">Munuera Montero, \u00e1rbitro (Imagen tomada de la web).<\/figcaption><\/figure>\n<p class=\"isSelectedEnd\">El colegiado cuenta con numerosos precedentes dirigiendo a ambos conjuntos, por lo que no ser\u00e1 un desconocido para ninguno. Con el paso de las temporadas ha estado presente tanto en encuentros del <strong>Athletic Club<\/strong> como del <strong>Atl\u00e9tico de Madrid<\/strong>, incluidos partidos de alta exigencia.<\/p>\n<p class=\"isSelectedEnd\">Para los colchoneros, uno de los antecedentes recientes lleg\u00f3 en un derbi frente al <strong>Real Madrid<\/strong>, encuentro que termin\u00f3 3-2 y que dej\u00f3 pol\u00e9mica por una acci\u00f3n entre <strong>Dani Carvajal<\/strong> y <strong>Marcos Llorente<\/strong>.<\/p>\n<h4>Posibles alineaciones<\/h4>\n<p class=\"isSelectedEnd\"><strong>Athletic Club:<\/strong> Unai Sim\u00f3n; Jes\u00fas Areso, Aitor Paredes, Aymeric Laporte, Yuri Berchiche; I\u00f1igo Ruiz de Galarreta, Mikel Gerenabarrena; I\u00f1aki Williams, Oihan Sancet, Nico Williams y Gorka Guruzeta.<\/p>\n<p class=\"isSelectedEnd\"><strong>Terzi\u0107<\/strong> contin\u00faa pendiente de la evoluci\u00f3n de <strong>Dani Vivian<\/strong> y <strong>Be\u00f1at Prados<\/strong>, por lo que las condiciones f\u00edsicas de ambos podr\u00edan determinar algunas de las decisiones del t\u00e9cnico. En ataque, la presencia de los hermanos <strong>Williams<\/strong> permitir\u00eda al conjunto vasco buscar profundidad por las bandas, con <strong>Guruzeta<\/strong> como referencia.<\/p>\n<p class=\"isSelectedEnd\"><strong>Atl\u00e9tico de Madrid:<\/strong> Jan Oblak; Marcos Llorente, Marc Pubill, D\u00e1vid Hancko, Alejandro Grimaldo; Morten Hjulmand, Pablo Barrios; Kang-in Lee, \u00c1lex Baena, Ademola Lookman y Giuliano Simeone.<\/p>\n<p class=\"isSelectedEnd\"><strong>Simeone<\/strong> podr\u00eda mantener buena parte de la estructura que respondi\u00f3 ante el <strong>Sevilla<\/strong>. La gran novedad estar\u00e1 en el banquillo con el regreso de <strong>Juli\u00e1n \u00c1lvarez<\/strong>, mientras que <strong>Alexander S\u00f8rloth<\/strong> contin\u00faa recuper\u00e1ndose de sus problemas f\u00edsicos.<\/p>\n<h4>San Mam\u00e9s espera otra batalla<\/h4>\n<p class=\"isSelectedEnd\">M\u00e1s de un siglo de enfrentamientos vuelve a desembocar en <strong>San Mam\u00e9s<\/strong>. El <strong>Athletic Club<\/strong> quiere demostrar que la victoria conseguida en <strong>Vigo<\/strong> fue el comienzo de su reacci\u00f3n, mientras que el <strong>Atl\u00e9tico de Madrid<\/strong> buscar\u00e1 confirmar que su buen arranque no es casualidad.<\/p>\n<p>Los leones quieren volver a rugir ante su gente; los colchoneros, salir de <strong>Bilbao<\/strong> todav\u00eda invictos. Dos hist\u00f3ricos frente a frente y 3 puntos esperando due\u00f1o. Ahora solo falta que ruede el bal\u00f3n.<\/p>\n","protected":false},"excerpt":{"rendered":"<p>El Athletic Club y el Atl\u00e9tico de Madrid se enfrentar\u00e1n este s\u00e1bado 5 de septiembre a las 16:15 horas, tiempo de Espa\u00f1a, en San Mam\u00e9s, en duelo correspondiente a la&hellip; <\/p>\n","protected":false},"author":354,"featured_media":65645,"comment_status":"open","ping_status":"open","sticky":false,"template":"","format":"standard","meta":{"om_disable_all_campaigns":false,"_monsterinsights_skip_tracking":false,"_uf_show_specific_survey":0,"_uf_disable_surveys":false,"footnotes":""},"categories":[13,46],"tags":[433,62,218,106,268],"class_list":["post-65643","post","type-post","status-publish","format-standard","has-post-thumbnail","hentry","category-atletico-de-madrid","category-laliga-ea-sports","tag-athletic-club","tag-atletico-de-madrid","tag-futbol-espanol","tag-laliga-ea-sports","tag-previa"],"aioseo_notices":[],"aioseo_head":"\n\t\t<!-- All in One SEO 5.0.1.1 - aioseo.com -->\n\t<meta name=\"description\" content=\"Previa Athletic Club vs Atl\u00e9tico de Madrid: San Mam\u00e9s mide el impulso de los colchoneros\" \/>\n\t<meta name=\"robots\" content=\"max-image-preview:large\" \/>\n\t<meta name=\"author\" content=\"Yeraldy Hern\u00e1ndez\"\/>\n\t<link rel=\"canonical\" href=\"https:\/\/agentelibredigital.com\/index.php\/2026\/09\/05\/previa-athletic-club-vs-atletico-de-madrid-san-mames-mide-el-impulso-de-los-colchoneros\/\" \/>\n\t<meta name=\"generator\" content=\"All in One SEO (AIOSEO) 5.0.1.1\" \/>\n\t\t<meta property=\"og:locale\" content=\"es_ES\" \/>\n\t\t<meta property=\"og:site_name\" content=\"Agente Libre Digital \u2013 La nueva generaci\u00f3n del periodismo deportivo.\" \/>\n\t\t<meta property=\"og:type\" content=\"article\" \/>\n\t\t<meta property=\"og:title\" content=\"Previa Athletic Club vs Atl\u00e9tico de Madrid: San Mam\u00e9s mide el impulso de los colchoneros \u2013 Agente Libre Digital\" \/>\n\t\t<meta property=\"og:description\" content=\"Previa Athletic Club vs Atl\u00e9tico de Madrid: San Mam\u00e9s mide el impulso de los colchoneros\" \/>\n\t\t<meta property=\"og:url\" content=\"https:\/\/agentelibredigital.com\/index.php\/2026\/09\/05\/previa-athletic-club-vs-atletico-de-madrid-san-mames-mide-el-impulso-de-los-colchoneros\/\" \/>\n\t\t<meta property=\"og:image\" content=\"https:\/\/agentelibredigital.com\/wp-content\/uploads\/2026\/09\/IMG_8716.webp\" \/>\n\t\t<meta property=\"og:image:secure_url\" content=\"https:\/\/agentelibredigital.com\/wp-content\/uploads\/2026\/09\/IMG_8716.webp\" \/>\n\t\t<meta property=\"og:image:width\" content=\"400\" \/>\n\t\t<meta property=\"og:image:height\" content=\"133\" \/>\n\t\t<meta property=\"article:published_time\" content=\"2026-09-05T06:40:33+00:00\" \/>\n\t\t<meta property=\"article:modified_time\" content=\"2026-09-05T06:44:14+00:00\" \/>\n\t\t<meta name=\"twitter:card\" content=\"summary\" \/>\n\t\t<meta name=\"twitter:site\" content=\"@AgenteLibre_dig\" \/>\n\t\t<meta name=\"twitter:title\" content=\"Previa Athletic Club vs Atl\u00e9tico de Madrid: San Mam\u00e9s mide el impulso de los colchoneros \u2013 Agente Libre Digital\" \/>\n\t\t<meta name=\"twitter:description\" content=\"Previa Athletic Club vs Atl\u00e9tico de Madrid: San Mam\u00e9s mide el impulso de los colchoneros\" \/>\n\t\t<meta name=\"twitter:creator\" content=\"@AgenteLibre_dig\" \/>\n\t\t<meta name=\"twitter:image\" content=\"https:\/\/agentelibredigital.com\/wp-content\/uploads\/2026\/09\/IMG_8716.webp\" \/>\n\t\t<script type=\"application\/ld+json\" class=\"aioseo-schema\">\n\t\t\t{\"@context\":\"https:\\\/\\\/schema.org\",\"@graph\":[{\"@type\":\"BlogPosting\",\"@id\":\"https:\\\/\\\/agentelibredigital.com\\\/index.php\\\/2026\\\/09\\\/05\\\/previa-athletic-club-vs-atletico-de-madrid-san-mames-mide-el-impulso-de-los-colchoneros\\\/#blogposting\",\"name\":\"Previa Athletic Club vs Atl\\u00e9tico de Madrid: San Mam\\u00e9s mide el impulso de los colchoneros \\u2013 Agente Libre Digital\",\"headline\":\"Previa Athletic Club vs Atl\\u00e9tico de Madrid: San Mam\\u00e9s mide el impulso de los colchoneros\",\"author\":{\"@id\":\"https:\\\/\\\/agentelibredigital.com\\\/index.php\\\/author\\\/salma-yeraldy\\\/#author\"},\"publisher\":{\"@id\":\"https:\\\/\\\/agentelibredigital.com\\\/#organization\"},\"image\":{\"@type\":\"ImageObject\",\"url\":\"https:\\\/\\\/agentelibredigital.com\\\/wp-content\\\/uploads\\\/2026\\\/09\\\/IMG_8716.webp\",\"width\":400,\"height\":133},\"datePublished\":\"2026-09-05T08:40:33+02:00\",\"dateModified\":\"2026-09-05T08:44:14+02:00\",\"inLanguage\":\"es-ES\",\"commentCount\":1,\"mainEntityOfPage\":{\"@id\":\"https:\\\/\\\/agentelibredigital.com\\\/index.php\\\/2026\\\/09\\\/05\\\/previa-athletic-club-vs-atletico-de-madrid-san-mames-mide-el-impulso-de-los-colchoneros\\\/#webpage\"},\"isPartOf\":{\"@id\":\"https:\\\/\\\/agentelibredigital.com\\\/index.php\\\/2026\\\/09\\\/05\\\/previa-athletic-club-vs-atletico-de-madrid-san-mames-mide-el-impulso-de-los-colchoneros\\\/#webpage\"},\"articleSection\":\"Atl\\u00e9tico de Madrid, LaLiga EA Sports, Athletic Club, Atl\\u00e9tico de Madrid, futbol espa\\u00f1ol, LaLiga EA Sports, Previa\"},{\"@type\":\"BreadcrumbList\",\"@id\":\"https:\\\/\\\/agentelibredigital.com\\\/index.php\\\/2026\\\/09\\\/05\\\/previa-athletic-club-vs-atletico-de-madrid-san-mames-mide-el-impulso-de-los-colchoneros\\\/#breadcrumblist\",\"itemListElement\":[{\"@type\":\"ListItem\",\"@id\":\"https:\\\/\\\/agentelibredigital.com#listItem\",\"position\":1,\"name\":\"Home\",\"item\":\"https:\\\/\\\/agentelibredigital.com\",\"nextItem\":{\"@type\":\"ListItem\",\"@id\":\"https:\\\/\\\/agentelibredigital.com\\\/index.php\\\/category\\\/atletico-de-madrid\\\/#listItem\",\"name\":\"Atl\\u00e9tico de Madrid\"}},{\"@type\":\"ListItem\",\"@id\":\"https:\\\/\\\/agentelibredigital.com\\\/index.php\\\/category\\\/atletico-de-madrid\\\/#listItem\",\"position\":2,\"name\":\"Atl\\u00e9tico de Madrid\",\"item\":\"https:\\\/\\\/agentelibredigital.com\\\/index.php\\\/category\\\/atletico-de-madrid\\\/\",\"nextItem\":{\"@type\":\"ListItem\",\"@id\":\"https:\\\/\\\/agentelibredigital.com\\\/index.php\\\/2026\\\/09\\\/05\\\/previa-athletic-club-vs-atletico-de-madrid-san-mames-mide-el-impulso-de-los-colchoneros\\\/#listItem\",\"name\":\"Previa Athletic Club vs Atl\\u00e9tico de Madrid: San Mam\\u00e9s mide el impulso de los colchoneros\"},\"previousItem\":{\"@type\":\"ListItem\",\"@id\":\"https:\\\/\\\/agentelibredigital.com#listItem\",\"name\":\"Home\"}},{\"@type\":\"ListItem\",\"@id\":\"https:\\\/\\\/agentelibredigital.com\\\/index.php\\\/2026\\\/09\\\/05\\\/previa-athletic-club-vs-atletico-de-madrid-san-mames-mide-el-impulso-de-los-colchoneros\\\/#listItem\",\"position\":3,\"name\":\"Previa Athletic Club vs Atl\\u00e9tico de Madrid: San Mam\\u00e9s mide el impulso de los colchoneros\",\"previousItem\":{\"@type\":\"ListItem\",\"@id\":\"https:\\\/\\\/agentelibredigital.com\\\/index.php\\\/category\\\/atletico-de-madrid\\\/#listItem\",\"name\":\"Atl\\u00e9tico de Madrid\"}}]},{\"@type\":\"Organization\",\"@id\":\"https:\\\/\\\/agentelibredigital.com\\\/#organization\",\"name\":\"Agente Libre Digital\",\"description\":\"La nueva generaci\\u00f3n del periodismo deportivo.\",\"url\":\"https:\\\/\\\/agentelibredigital.com\\\/\",\"telephone\":\"+34665330413\",\"logo\":{\"@type\":\"ImageObject\",\"url\":\"https:\\\/\\\/agentelibredigital.com\\\/wp-content\\\/uploads\\\/2023\\\/10\\\/Agente-5-1.png\",\"@id\":\"https:\\\/\\\/agentelibredigital.com\\\/index.php\\\/2026\\\/09\\\/05\\\/previa-athletic-club-vs-atletico-de-madrid-san-mames-mide-el-impulso-de-los-colchoneros\\\/#organizationLogo\",\"width\":500,\"height\":500},\"image\":{\"@id\":\"https:\\\/\\\/agentelibredigital.com\\\/index.php\\\/2026\\\/09\\\/05\\\/previa-athletic-club-vs-atletico-de-madrid-san-mames-mide-el-impulso-de-los-colchoneros\\\/#organizationLogo\"},\"sameAs\":[\"https:\\\/\\\/twitter.com\\\/AgenteLibre_dig\",\"https:\\\/\\\/www.instagram.com\\\/agentelibre_dig\\\/\"]},{\"@type\":\"Person\",\"@id\":\"https:\\\/\\\/agentelibredigital.com\\\/index.php\\\/author\\\/salma-yeraldy\\\/#author\",\"url\":\"https:\\\/\\\/agentelibredigital.com\\\/index.php\\\/author\\\/salma-yeraldy\\\/\",\"name\":\"Yeraldy Hern\\u00e1ndez\",\"image\":{\"@type\":\"ImageObject\",\"@id\":\"https:\\\/\\\/agentelibredigital.com\\\/index.php\\\/2026\\\/09\\\/05\\\/previa-athletic-club-vs-atletico-de-madrid-san-mames-mide-el-impulso-de-los-colchoneros\\\/#authorImage\",\"url\":\"https:\\\/\\\/secure.gravatar.com\\\/avatar\\\/92987f164da1f72b6ed32db828dbe016260d4edbedbeb0352878ba6b7f7c415c?s=96&d=mm&r=g\",\"width\":96,\"height\":96,\"caption\":\"Yeraldy Hern\\u00e1ndez\"}},{\"@type\":\"WebPage\",\"@id\":\"https:\\\/\\\/agentelibredigital.com\\\/index.php\\\/2026\\\/09\\\/05\\\/previa-athletic-club-vs-atletico-de-madrid-san-mames-mide-el-impulso-de-los-colchoneros\\\/#webpage\",\"url\":\"https:\\\/\\\/agentelibredigital.com\\\/index.php\\\/2026\\\/09\\\/05\\\/previa-athletic-club-vs-atletico-de-madrid-san-mames-mide-el-impulso-de-los-colchoneros\\\/\",\"name\":\"Previa Athletic Club vs Atl\\u00e9tico de Madrid: San Mam\\u00e9s mide el impulso de los colchoneros \\u2013 Agente Libre Digital\",\"description\":\"Previa Athletic Club vs Atl\\u00e9tico de Madrid: San Mam\\u00e9s mide el impulso de los colchoneros\",\"inLanguage\":\"es-ES\",\"isPartOf\":{\"@id\":\"https:\\\/\\\/agentelibredigital.com\\\/#website\"},\"breadcrumb\":{\"@id\":\"https:\\\/\\\/agentelibredigital.com\\\/index.php\\\/2026\\\/09\\\/05\\\/previa-athletic-club-vs-atletico-de-madrid-san-mames-mide-el-impulso-de-los-colchoneros\\\/#breadcrumblist\"},\"author\":{\"@id\":\"https:\\\/\\\/agentelibredigital.com\\\/index.php\\\/author\\\/salma-yeraldy\\\/#author\"},\"creator\":{\"@id\":\"https:\\\/\\\/agentelibredigital.com\\\/index.php\\\/author\\\/salma-yeraldy\\\/#author\"},\"image\":{\"@type\":\"ImageObject\",\"url\":\"https:\\\/\\\/agentelibredigital.com\\\/wp-content\\\/uploads\\\/2026\\\/09\\\/IMG_8716.webp\",\"@id\":\"https:\\\/\\\/agentelibredigital.com\\\/index.php\\\/2026\\\/09\\\/05\\\/previa-athletic-club-vs-atletico-de-madrid-san-mames-mide-el-impulso-de-los-colchoneros\\\/#mainImage\",\"width\":400,\"height\":133},\"primaryImageOfPage\":{\"@id\":\"https:\\\/\\\/agentelibredigital.com\\\/index.php\\\/2026\\\/09\\\/05\\\/previa-athletic-club-vs-atletico-de-madrid-san-mames-mide-el-impulso-de-los-colchoneros\\\/#mainImage\"},\"datePublished\":\"2026-09-05T08:40:33+02:00\",\"dateModified\":\"2026-09-05T08:44:14+02:00\"},{\"@type\":\"WebSite\",\"@id\":\"https:\\\/\\\/agentelibredigital.com\\\/#website\",\"url\":\"https:\\\/\\\/agentelibredigital.com\\\/\",\"name\":\"agentelibredigital.com\",\"alternateName\":\"Agente Libre\",\"description\":\"La nueva generaci\\u00f3n del periodismo deportivo.\",\"inLanguage\":\"es-ES\",\"publisher\":{\"@id\":\"https:\\\/\\\/agentelibredigital.com\\\/#organization\"}}]}\n\t\t<\/script>\n\t\t<!-- All in One SEO -->\n\n","aioseo_head_json":{"title":"Previa Athletic Club vs Atl\u00e9tico de Madrid: San Mam\u00e9s mide el impulso de los colchoneros \u2013 Agente Libre Digital","description":"Previa Athletic Club vs Atl\u00e9tico de Madrid: San Mam\u00e9s mide el impulso de los colchoneros","canonical_url":"https:\/\/agentelibredigital.com\/index.php\/2026\/09\/05\/previa-athletic-club-vs-atletico-de-madrid-san-mames-mide-el-impulso-de-los-colchoneros\/","robots":"max-image-preview:large","keywords":"","webmasterTools":{"miscellaneous":""},"schema":{"@context":"https:\/\/schema.org","@graph":[{"@type":"BlogPosting","@id":"https:\/\/agentelibredigital.com\/index.php\/2026\/09\/05\/previa-athletic-club-vs-atletico-de-madrid-san-mames-mide-el-impulso-de-los-colchoneros\/#blogposting","name":"Previa Athletic Club vs Atl\u00e9tico de Madrid: San Mam\u00e9s mide el impulso de los colchoneros \u2013 Agente Libre Digital","headline":"Previa Athletic Club vs Atl\u00e9tico de Madrid: San Mam\u00e9s mide el impulso de los colchoneros","author":{"@id":"https:\/\/agentelibredigital.com\/index.php\/author\/salma-yeraldy\/#author"},"publisher":{"@id":"https:\/\/agentelibredigital.com\/#organization"},"image":{"@type":"ImageObject","url":"https:\/\/agentelibredigital.com\/wp-content\/uploads\/2026\/09\/IMG_8716.webp","width":400,"height":133},"datePublished":"2026-09-05T08:40:33+02:00","dateModified":"2026-09-05T08:44:14+02:00","inLanguage":"es-ES","commentCount":1,"mainEntityOfPage":{"@id":"https:\/\/agentelibredigital.com\/index.php\/2026\/09\/05\/previa-athletic-club-vs-atletico-de-madrid-san-mames-mide-el-impulso-de-los-colchoneros\/#webpage"},"isPartOf":{"@id":"https:\/\/agentelibredigital.com\/index.php\/2026\/09\/05\/previa-athletic-club-vs-atletico-de-madrid-san-mames-mide-el-impulso-de-los-colchoneros\/#webpage"},"articleSection":"Atl\u00e9tico de Madrid, LaLiga EA Sports, Athletic Club, Atl\u00e9tico de Madrid, futbol espa\u00f1ol, LaLiga EA Sports, Previa"},{"@type":"BreadcrumbList","@id":"https:\/\/agentelibredigital.com\/index.php\/2026\/09\/05\/previa-athletic-club-vs-atletico-de-madrid-san-mames-mide-el-impulso-de-los-colchoneros\/#breadcrumblist","itemListElement":[{"@type":"ListItem","@id":"https:\/\/agentelibredigital.com#listItem","position":1,"name":"Home","item":"https:\/\/agentelibredigital.com","nextItem":{"@type":"ListItem","@id":"https:\/\/agentelibredigital.com\/index.php\/category\/atletico-de-madrid\/#listItem","name":"Atl\u00e9tico de Madrid"}},{"@type":"ListItem","@id":"https:\/\/agentelibredigital.com\/index.php\/category\/atletico-de-madrid\/#listItem","position":2,"name":"Atl\u00e9tico de Madrid","item":"https:\/\/agentelibredigital.com\/index.php\/category\/atletico-de-madrid\/","nextItem":{"@type":"ListItem","@id":"https:\/\/agentelibredigital.com\/index.php\/2026\/09\/05\/previa-athletic-club-vs-atletico-de-madrid-san-mames-mide-el-impulso-de-los-colchoneros\/#listItem","name":"Previa Athletic Club vs Atl\u00e9tico de Madrid: San Mam\u00e9s mide el impulso de los colchoneros"},"previousItem":{"@type":"ListItem","@id":"https:\/\/agentelibredigital.com#listItem","name":"Home"}},{"@type":"ListItem","@id":"https:\/\/agentelibredigital.com\/index.php\/2026\/09\/05\/previa-athletic-club-vs-atletico-de-madrid-san-mames-mide-el-impulso-de-los-colchoneros\/#listItem","position":3,"name":"Previa Athletic Club vs Atl\u00e9tico de Madrid: San Mam\u00e9s mide el impulso de los colchoneros","previousItem":{"@type":"ListItem","@id":"https:\/\/agentelibredigital.com\/index.php\/category\/atletico-de-madrid\/#listItem","name":"Atl\u00e9tico de Madrid"}}]},{"@type":"Organization","@id":"https:\/\/agentelibredigital.com\/#organization","name":"Agente Libre Digital","description":"La nueva generaci\u00f3n del periodismo deportivo.","url":"https:\/\/agentelibredigital.com\/","telephone":"+34665330413","logo":{"@type":"ImageObject","url":"https:\/\/agentelibredigital.com\/wp-content\/uploads\/2023\/10\/Agente-5-1.png","@id":"https:\/\/agentelibredigital.com\/index.php\/2026\/09\/05\/previa-athletic-club-vs-atletico-de-madrid-san-mames-mide-el-impulso-de-los-colchoneros\/#organizationLogo","width":500,"height":500},"image":{"@id":"https:\/\/agentelibredigital.com\/index.php\/2026\/09\/05\/previa-athletic-club-vs-atletico-de-madrid-san-mames-mide-el-impulso-de-los-colchoneros\/#organizationLogo"},"sameAs":["https:\/\/twitter.com\/AgenteLibre_dig","https:\/\/www.instagram.com\/agentelibre_dig\/"]},{"@type":"Person","@id":"https:\/\/agentelibredigital.com\/index.php\/author\/salma-yeraldy\/#author","url":"https:\/\/agentelibredigital.com\/index.php\/author\/salma-yeraldy\/","name":"Yeraldy Hern\u00e1ndez","image":{"@type":"ImageObject","@id":"https:\/\/agentelibredigital.com\/index.php\/2026\/09\/05\/previa-athletic-club-vs-atletico-de-madrid-san-mames-mide-el-impulso-de-los-colchoneros\/#authorImage","url":"https:\/\/secure.gravatar.com\/avatar\/92987f164da1f72b6ed32db828dbe016260d4edbedbeb0352878ba6b7f7c415c?s=96&d=mm&r=g","width":96,"height":96,"caption":"Yeraldy Hern\u00e1ndez"}},{"@type":"WebPage","@id":"https:\/\/agentelibredigital.com\/index.php\/2026\/09\/05\/previa-athletic-club-vs-atletico-de-madrid-san-mames-mide-el-impulso-de-los-colchoneros\/#webpage","url":"https:\/\/agentelibredigital.com\/index.php\/2026\/09\/05\/previa-athletic-club-vs-atletico-de-madrid-san-mames-mide-el-impulso-de-los-colchoneros\/","name":"Previa Athletic Club vs Atl\u00e9tico de Madrid: San Mam\u00e9s mide el impulso de los colchoneros \u2013 Agente Libre Digital","description":"Previa Athletic Club vs Atl\u00e9tico de Madrid: San Mam\u00e9s mide el impulso de los colchoneros","inLanguage":"es-ES","isPartOf":{"@id":"https:\/\/agentelibredigital.com\/#website"},"breadcrumb":{"@id":"https:\/\/agentelibredigital.com\/index.php\/2026\/09\/05\/previa-athletic-club-vs-atletico-de-madrid-san-mames-mide-el-impulso-de-los-colchoneros\/#breadcrumblist"},"author":{"@id":"https:\/\/agentelibredigital.com\/index.php\/author\/salma-yeraldy\/#author"},"creator":{"@id":"https:\/\/agentelibredigital.com\/index.php\/author\/salma-yeraldy\/#author"},"image":{"@type":"ImageObject","url":"https:\/\/agentelibredigital.com\/wp-content\/uploads\/2026\/09\/IMG_8716.webp","@id":"https:\/\/agentelibredigital.com\/index.php\/2026\/09\/05\/previa-athletic-club-vs-atletico-de-madrid-san-mames-mide-el-impulso-de-los-colchoneros\/#mainImage","width":400,"height":133},"primaryImageOfPage":{"@id":"https:\/\/agentelibredigital.com\/index.php\/2026\/09\/05\/previa-athletic-club-vs-atletico-de-madrid-san-mames-mide-el-impulso-de-los-colchoneros\/#mainImage"},"datePublished":"2026-09-05T08:40:33+02:00","dateModified":"2026-09-05T08:44:14+02:00"},{"@type":"WebSite","@id":"https:\/\/agentelibredigital.com\/#website","url":"https:\/\/agentelibredigital.com\/","name":"agentelibredigital.com","alternateName":"Agente Libre","description":"La nueva generaci\u00f3n del periodismo deportivo.","inLanguage":"es-ES","publisher":{"@id":"https:\/\/agentelibredigital.com\/#organization"}}]},"og:locale":"es_ES","og:site_name":"Agente Libre Digital \u2013 La nueva generaci\u00f3n del periodismo deportivo.","og:type":"article","og:title":"Previa Athletic Club vs Atl\u00e9tico de Madrid: San Mam\u00e9s mide el impulso de los colchoneros \u2013 Agente Libre Digital","og:description":"Previa Athletic Club vs Atl\u00e9tico de Madrid: San Mam\u00e9s mide el impulso de los colchoneros","og:url":"https:\/\/agentelibredigital.com\/index.php\/2026\/09\/05\/previa-athletic-club-vs-atletico-de-madrid-san-mames-mide-el-impulso-de-los-colchoneros\/","og:image":"https:\/\/agentelibredigital.com\/wp-content\/uploads\/2026\/09\/IMG_8716.webp","og:image:secure_url":"https:\/\/agentelibredigital.com\/wp-content\/uploads\/2026\/09\/IMG_8716.webp","og:image:width":400,"og:image:height":133,"article:published_time":"2026-09-05T06:40:33+00:00","article:modified_time":"2026-09-05T06:44:14+00:00","twitter:card":"summary","twitter:site":"@AgenteLibre_dig","twitter:title":"Previa Athletic Club vs Atl\u00e9tico de Madrid: San Mam\u00e9s mide el impulso de los colchoneros \u2013 Agente Libre Digital","twitter:description":"Previa Athletic Club vs Atl\u00e9tico de Madrid: San Mam\u00e9s mide el impulso de los colchoneros","twitter:creator":"@AgenteLibre_dig","twitter:image":"https:\/\/agentelibredigital.com\/wp-content\/uploads\/2026\/09\/IMG_8716.webp"},"aioseo_meta_data":{"post_id":"65643","title":null,"description":null,"keywords":null,"keyphrases":{"focus":{"keyphrase":"","score":0,"analysis":{"keyphraseInTitle":{"score":0,"maxScore":9,"error":1}}},"additional":[]},"primary_term":null,"canonical_url":null,"og_title":null,"og_description":null,"og_object_type":"default","og_image_type":"default","og_image_url":null,"og_image_width":null,"og_image_height":null,"og_image_custom_url":null,"og_image_custom_fields":null,"og_video":"","og_custom_url":null,"og_article_section":null,"og_article_tags":null,"twitter_use_og":false,"twitter_card":"default","twitter_image_type":"default","twitter_image_url":null,"twitter_image_custom_url":null,"twitter_image_custom_fields":null,"twitter_title":null,"twitter_description":null,"schema":{"blockGraphs":[],"customGraphs":[],"default":{"data":{"Article":[],"Course":[],"Dataset":[],"FAQPage":[],"Movie":[],"Person":[],"Product":[],"ProductReview":[],"Car":[],"Recipe":[],"Service":[],"SoftwareApplication":[],"WebPage":[]},"graphName":"BlogPosting","isEnabled":true},"graphs":[]},"schema_type":"default","schema_type_options":null,"pillar_content":false,"robots_default":true,"robots_noindex":false,"robots_noarchive":false,"robots_nosnippet":false,"robots_nofollow":false,"robots_noimageindex":false,"robots_noodp":false,"robots_notranslate":false,"robots_max_snippet":"-1","robots_max_videopreview":"-1","robots_max_imagepreview":"large","priority":null,"frequency":"default","local_seo":null,"breadcrumb_settings":null,"limit_modified_date":false,"ai":{"faqs":[],"keyPoints":[],"schemas":[],"titles":[],"descriptions":[],"socialPosts":{"email":{"subject":"","preview":"","content":""},"linkedin":[],"twitter":[],"facebook":[],"instagram":[]}},"created":"2026-09-05 06:11:18","updated":"2026-09-05 06:45:14","seo_analyzer_scan_date":null,"focus_keyword":null,"additional_keywords":null,"truseo_locale":null},"aioseo_breadcrumb":"<div class=\"aioseo-breadcrumbs\"><span class=\"aioseo-breadcrumb\">\n\t\t\t<a href=\"https:\/\/agentelibredigital.com\" title=\"Home\">Home<\/a>\n\t\t<\/span><span class=\"aioseo-breadcrumb-separator\">&raquo;<\/span><span class=\"aioseo-breadcrumb\">\n\t\t\t<a href=\"https:\/\/agentelibredigital.com\/index.php\/category\/atletico-de-madrid\/\" title=\"Atl\u00e9tico de Madrid\">Atl\u00e9tico de Madrid<\/a>\n\t\t<\/span><span class=\"aioseo-breadcrumb-separator\">&raquo;<\/span><span class=\"aioseo-breadcrumb\">\n\t\t\tPrevia Athletic Club vs Atl\u00e9tico de Madrid: San Mam\u00e9s mide el impulso de los colchoneros\n\t\t<\/span><\/div>","aioseo_breadcrumb_json":[{"label":"Home","link":"https:\/\/agentelibredigital.com"},{"label":"Atl\u00e9tico de Madrid","link":"https:\/\/agentelibredigital.com\/index.php\/category\/atletico-de-madrid\/"},{"label":"Previa Athletic Club vs Atl\u00e9tico de Madrid: San Mam\u00e9s mide el impulso de los colchoneros","link":"https:\/\/agentelibredigital.com\/index.php\/2026\/09\/05\/previa-athletic-club-vs-atletico-de-madrid-san-mames-mide-el-impulso-de-los-colchoneros\/"}],"_links":{"self":[{"href":"https:\/\/agentelibredigital.com\/index.php\/wp-json\/wp\/v2\/posts\/65643","targetHints":{"allow":["GET"]}}],"collection":[{"href":"https:\/\/agentelibredigital.com\/index.php\/wp-json\/wp\/v2\/posts"}],"about":[{"href":"https:\/\/agentelibredigital.com\/index.php\/wp-json\/wp\/v2\/types\/post"}],"author":[{"embeddable":true,"href":"https:\/\/agentelibredigital.com\/index.php\/wp-json\/wp\/v2\/users\/354"}],"replies":[{"embeddable":true,"href":"https:\/\/agentelibredigital.com\/index.php\/wp-json\/wp\/v2\/comments?post=65643"}],"version-history":[{"count":4,"href":"https:\/\/agentelibredigital.com\/index.php\/wp-json\/wp\/v2\/posts\/65643\/revisions"}],"predecessor-version":[{"id":65654,"href":"https:\/\/agentelibredigital.com\/index.php\/wp-json\/wp\/v2\/posts\/65643\/revisions\/65654"}],"wp:featuredmedia":[{"embeddable":true,"href":"https:\/\/agentelibredigital.com\/index.php\/wp-json\/wp\/v2\/media\/65645"}],"wp:attachment":[{"href":"https:\/\/agentelibredigital.com\/index.php\/wp-json\/wp\/v2\/media?parent=65643"}],"wp:term":[{"taxonomy":"category","embeddable":true,"href":"https:\/\/agentelibredigital.com\/index.php\/wp-json\/wp\/v2\/categories?post=65643"},{"taxonomy":"post_tag","embeddable":true,"href":"https:\/\/agentelibredigital.com\/index.php\/wp-json\/wp\/v2\/tags?post=65643"}],"curies":[{"name":"wp","href":"https:\/\/api.w.org\/{rel}","templated":true}]}}