{"id":65639,"date":"2026-09-04T20:05:34","date_gmt":"2026-09-04T18:05:34","guid":{"rendered":"https:\/\/agentelibredigital.com\/?p=65639"},"modified":"2026-09-04T20:05:34","modified_gmt":"2026-09-04T18:05:34","slug":"entrevista-con-la-periodista-francesa-dounia-mesli","status":"publish","type":"post","link":"https:\/\/agentelibredigital.com\/index.php\/2026\/09\/04\/entrevista-con-la-periodista-francesa-dounia-mesli\/","title":{"rendered":"Entrevista con la periodista francesa, Dounia Mesli"},"content":{"rendered":"<p>Entrevista realizada por Ismail El Machrafi<\/p>\n<p>La periodista francesa <strong>Dounia Mesli<\/strong> concedi\u00f3 una entrevista el viernes al sitio web espa\u00f1ol <em>Agente Libre Digital<\/em> y a OneFootball, en la que se\u00f1al\u00f3 que el Paris Saint-Germain (PSG), bajo la direcci\u00f3n de Luis Enrique, mantiene un proyecto basado en la continuidad y en fichajes espec\u00edficos, apostando por jugadores adaptados a su sistema para reforzar sus aspiraciones en la Liga de Campeones.<\/p>\n<p><strong>1.\u00bfCree usted que el PSG ha realizado un mercado de fichajes capaz de reforzar de forma duradera su proyecto deportivo y de responder a las exigencias de la Liga de Campeones?<\/strong><\/p>\n<p>Creo que el PSG se encuentra hoy en una din\u00e1mica bastante diferente de la que hemos conocido en el pasado. <strong>El objetivo ya no es necesariamente acumular grandes nombres, sino fichar a jugadores que respondan realmente a las necesidades de Luis Enrique y a su sistema.<\/strong><\/p>\n<p>Eso es lo que hace interesante este mercado de fichajes: <strong>hay una verdadera continuidad en el proyecto deportivo.<\/strong> El PSG busca cada vez m\u00e1s perfiles capaces de integrarse en un colectivo que ya es muy fuerte, en lugar de tener que reconstruirlo todo cada verano.<\/p>\n<p>Para la Liga de Campeones, es esencial, porque <strong>a este nivel el talento individual no basta. Hace falta profundidad, complementariedad y, sobre todo, jugadores capaces de responder a las exigencias t\u00e1cticas y f\u00edsicas de Luis Enrique.<\/strong> A mi juicio, es en esta direcci\u00f3n en la que el PSG sigue avanzando.<\/p>\n<p><strong>2 . \u00bfQu\u00e9 opini\u00f3n le merece el trabajo de Luis Enrique desde su llegada y la evoluci\u00f3n de la identidad de juego del PSG bajo su direcci\u00f3n?<\/strong><\/p>\n<p>Lo que m\u00e1s me impresiona de Luis Enrique es que <strong>ha logrado devolverle al colectivo un lugar central.<\/strong> Durante varias temporadas, por momentos se ten\u00eda la sensaci\u00f3n de que el PSG depend\u00eda en exceso de las individualidades. <strong>Hoy resulta mucho m\u00e1s f\u00e1cil reconocer una identidad colectiva y una forma de jugar.<\/strong><\/p>\n<p>Evidentemente, est\u00e1 la posesi\u00f3n, pero creo que reducir el PSG de Luis Enrique a la posesi\u00f3n ser\u00eda un error. <strong>Hay much\u00edsimos movimientos, permutas, presi\u00f3n y, sobre todo, esa voluntad constante de generar superioridades.<\/strong><\/p>\n<p>Adem\u00e1s, <strong>los jugadores parecen haberse identificado plenamente con su proyecto.<\/strong> Incluso cuando un jugador sale del once o cambia de posici\u00f3n, sigue implicado. Quiz\u00e1 uno de los mayores logros de Luis Enrique sea <strong>haber construido un verdadero equipo<\/strong>, manteniendo al mismo tiempo una competencia muy importante.<\/p>\n<p><strong>3. <\/strong><strong>\u00bfCu\u00e1les son las principales innovaciones t\u00e1cticas introducidas por Luis Enrique que distinguen<\/strong> <strong>al PSG actual del de temporadas anteriores?<\/strong><\/p>\n<p>Yo hablar\u00eda sobre todo de <strong>la movilidad.<\/strong> Con Luis Enrique, las posiciones iniciales existen, pero <strong>no determinan necesariamente las zonas en las que los jugadores se van a mover durante el partido.<\/strong><\/p>\n<p>Adem\u00e1s, podemos ver a <strong>un lateral meterse por dentro y ocupar posiciones en el centro del campo<\/strong>, a un centrocampista situarse muy arriba, o a un extremo jugar por dentro o, por el contrario, mantenerse muy abierto. <strong>Esta movilidad permanente hace que el PSG sea mucho m\u00e1s dif\u00edcil de leer.<\/strong><\/p>\n<p>Asimismo, est\u00e1 <strong>la presi\u00f3n tras p\u00e9rdida.<\/strong> En cuanto el Paris pierde el bal\u00f3n, la idea es recuperarlo inmediatamente en muchas ocasiones. Esto permite al PSG mantener al rival bajo presi\u00f3n y, a veces, <strong>generar una ocasi\u00f3n apenas unos segundos despu\u00e9s de haber perdido el bal\u00f3n.<\/strong><\/p>\n<p>Creo que Luis Enrique tambi\u00e9n ha <strong>potenciado mucho la polivalencia de sus jugadores.<\/strong> No quiere simplemente jugadores excelentes en su posici\u00f3n, sino <strong>jugadores capaces de asumir diferentes roles a lo largo de un mismo partido.<\/strong><\/p>\n<p><strong>4 . \u00bfQu\u00e9 impacto puede tener Khvicha Kvaratskhelia en la din\u00e1mica ofensiva del PSG y qu\u00e9 espera de \u00e9l esta temporada?<\/strong><\/p>\n<p>Kvaratskhelia es un jugador interesante porque <strong>puede aportar much\u00edsimo en ataque.<\/strong> Puede encarar en el uno contra uno, desbordar, combinar en espacios reducidos, jugar por la izquierda, pero tambi\u00e9n acercarse al eje.<\/p>\n<p>Por otra parte, lo que me parece interesante desde su llegada es que tambi\u00e9n estamos descubriendo <strong>todo el trabajo que realiza sin bal\u00f3n.<\/strong> Se ha adaptado muy r\u00e1pidamente a las exigencias de Luis Enrique, especialmente en <strong>la presi\u00f3n y en los esfuerzos defensivos.<\/strong><\/p>\n<p>Asimismo, esta temporada, espero que <strong>asuma todav\u00eda m\u00e1s responsabilidades ofensivas.<\/strong> Tiene las cualidades necesarias para convertirse en <strong>uno de los jugadores m\u00e1s decisivos de este equipo.<\/strong> Y ahora que conoce perfectamente a sus compa\u00f1eros y el sistema, probablemente podemos esperar todav\u00eda m\u00e1s de \u00e9l a nivel estad\u00edstico, especialmente en cuanto a <strong>goles y asistencias.<\/strong><\/p>\n<p><strong>5. <\/strong><strong>Fabian Ruiz parece haber dado un paso importante en los \u00faltimos meses: \u00bfse ha convertido en un elemento imprescindible del centro del campo parisino?<\/strong><\/p>\n<p>S\u00ed, claramente. Y creo que su evoluci\u00f3n es bastante reveladora del trabajo de Luis Enrique.<\/p>\n<p>Fabian Ruiz fue criticado en ocasiones durante sus primeras temporadas en el PSG, pero hoy entendemos mucho mejor lo que aporta. <strong>Es un jugador extremadamente inteligente a la hora de posicionarse, que sabe jugar bajo presi\u00f3n y que sabe leer muy bien los espacios.<\/strong><\/p>\n<p>Adem\u00e1s, <strong>aporta algo diferente al resto de los centrocampistas del PSG<\/strong>, especialmente por su capacidad para incorporarse al ataque y llegar al \u00e1rea rival.<\/p>\n<p>Lo que resulta interesante del centro del campo del PSG es precisamente <strong>esa complementariedad.<\/strong> Vitinha, Jo\u00e3o Neves y Fabian Ruiz no tienen exactamente las mismas cualidades, pero juntos pueden controlar una gran variedad de situaciones de juego. <strong>Hoy, Fabian ya no es simplemente una opci\u00f3n m\u00e1s: se ha convertido en un jugador clave del sistema de Luis Enrique.<\/strong><\/p>\n<p><strong>6 . <\/strong><strong>Entre las ambiciones del PSG en la Liga de Campeones y la pugna por el Bal\u00f3n de Oro, \u00bfcu\u00e1les son, en su opini\u00f3n, los principales desaf\u00edos y qu\u00e9 jugadores destacan actualmente entre los favoritos?<\/strong><\/p>\n<p>Para el PSG, <strong>el mayor desaf\u00edo probablemente sea mantener este nivel a lo largo del tiempo.<\/strong> Cuando un equipo alcanza el m\u00e1ximo nivel europeo, a partir de entonces todo el mundo est\u00e1 pendiente de \u00e9l. Los rivales analizan m\u00e1s su juego y buscan soluciones para ponerle las cosas dif\u00edciles. Por tanto, <strong>el desaf\u00edo de Luis Enrique es seguir haciendo evolucionar a su equipo sin perder aquello que le hace fuerte.<\/strong><\/p>\n<p>En cuanto al Bal\u00f3n de Oro, creo que hay que tener en cuenta a <strong>los jugadores que hayan sido decisivos en las competiciones m\u00e1s importantes.<\/strong> La Liga de Campeones, pero tambi\u00e9n las grandes competiciones internacionales, van a tener un peso enorme.<\/p>\n<p>Y en cuanto a los jugadores del PSG, <strong>las actuaciones colectivas ser\u00e1n necesariamente determinantes.<\/strong> Cuando un equipo domina en Europa, sus individualidades adquieren todav\u00eda m\u00e1s protagonismo. Pero precisamente me parece interesante que <strong>el PSG actual ya no dependa de un solo jugador: varios pueden ser decisivos y aspirar a los premios individuales.<\/strong><\/p>\n<p><strong>Es casi parad\u00f3jico: cuanto m\u00e1s colectivo se ha vuelto el PSG, m\u00e1s posibilidades tienen algunos de sus jugadores de ser premiados a t\u00edtulo individual.<\/strong><\/p>\n","protected":false},"excerpt":{"rendered":"<p>Entrevista realizada por Ismail El Machrafi La periodista francesa Dounia Mesli concedi\u00f3 una entrevista el viernes al sitio web espa\u00f1ol Agente Libre Digital y a OneFootball, en la que se\u00f1al\u00f3&hellip; <\/p>\n","protected":false},"author":329,"featured_media":65640,"comment_status":"open","ping_status":"open","sticky":false,"template":"","format":"standard","meta":{"om_disable_all_campaigns":false,"_monsterinsights_skip_tracking":false,"_uf_show_specific_survey":0,"_uf_disable_surveys":false,"footnotes":""},"categories":[3045,48],"tags":[538,2786,2125,83],"class_list":["post-65639","post","type-post","status-publish","format-standard","has-post-thumbnail","hentry","category-fichaje","category-futbol-internacional","tag-balon-de-oro","tag-fichaje","tag-luis-enrique","tag-psg"],"aioseo_notices":[],"aioseo_head":"\n\t\t<!-- All in One SEO 5.0.1.1 - aioseo.com -->\n\t<meta name=\"description\" content=\"Entrevista con la periodista francesa, Dounia Mesli\" \/>\n\t<meta name=\"robots\" content=\"max-image-preview:large\" \/>\n\t<meta name=\"author\" content=\"Ismail Elmachrafi\"\/>\n\t<link rel=\"canonical\" href=\"https:\/\/agentelibredigital.com\/index.php\/2026\/09\/04\/entrevista-con-la-periodista-francesa-dounia-mesli\/\" \/>\n\t<meta name=\"generator\" content=\"All in One SEO (AIOSEO) 5.0.1.1\" \/>\n\t\t<meta property=\"og:locale\" content=\"es_ES\" \/>\n\t\t<meta property=\"og:site_name\" content=\"Agente Libre Digital \u2013 La nueva generaci\u00f3n del periodismo deportivo.\" \/>\n\t\t<meta property=\"og:type\" content=\"article\" \/>\n\t\t<meta property=\"og:title\" content=\"Entrevista con la periodista francesa, Dounia Mesli \u2013 Agente Libre Digital\" \/>\n\t\t<meta property=\"og:description\" content=\"Entrevista con la periodista francesa, Dounia Mesli\" \/>\n\t\t<meta property=\"og:url\" content=\"https:\/\/agentelibredigital.com\/index.php\/2026\/09\/04\/entrevista-con-la-periodista-francesa-dounia-mesli\/\" \/>\n\t\t<meta property=\"og:image\" content=\"https:\/\/agentelibredigital.com\/wp-content\/uploads\/2026\/09\/Fuente-X-1.jpg\" \/>\n\t\t<meta property=\"og:image:secure_url\" content=\"https:\/\/agentelibredigital.com\/wp-content\/uploads\/2026\/09\/Fuente-X-1.jpg\" \/>\n\t\t<meta property=\"og:image:width\" content=\"2048\" \/>\n\t\t<meta property=\"og:image:height\" content=\"1536\" \/>\n\t\t<meta property=\"article:published_time\" content=\"2026-09-04T18:05:34+00:00\" \/>\n\t\t<meta property=\"article:modified_time\" content=\"2026-09-04T18:05:34+00:00\" \/>\n\t\t<meta name=\"twitter:card\" content=\"summary\" \/>\n\t\t<meta name=\"twitter:site\" content=\"@AgenteLibre_dig\" \/>\n\t\t<meta name=\"twitter:title\" content=\"Entrevista con la periodista francesa, Dounia Mesli \u2013 Agente Libre Digital\" \/>\n\t\t<meta name=\"twitter:description\" content=\"Entrevista con la periodista francesa, Dounia Mesli\" \/>\n\t\t<meta name=\"twitter:creator\" content=\"@AgenteLibre_dig\" \/>\n\t\t<meta name=\"twitter:image\" content=\"https:\/\/agentelibredigital.com\/wp-content\/uploads\/2026\/09\/Fuente-X-1.jpg\" \/>\n\t\t<script type=\"application\/ld+json\" class=\"aioseo-schema\">\n\t\t\t{\"@context\":\"https:\\\/\\\/schema.org\",\"@graph\":[{\"@type\":\"BlogPosting\",\"@id\":\"https:\\\/\\\/agentelibredigital.com\\\/index.php\\\/2026\\\/09\\\/04\\\/entrevista-con-la-periodista-francesa-dounia-mesli\\\/#blogposting\",\"name\":\"Entrevista con la periodista francesa, Dounia Mesli \\u2013 Agente Libre Digital\",\"headline\":\"Entrevista con la periodista francesa, Dounia Mesli\",\"author\":{\"@id\":\"https:\\\/\\\/agentelibredigital.com\\\/index.php\\\/author\\\/ismail-elmachrafi\\\/#author\"},\"publisher\":{\"@id\":\"https:\\\/\\\/agentelibredigital.com\\\/#organization\"},\"image\":{\"@type\":\"ImageObject\",\"url\":\"https:\\\/\\\/agentelibredigital.com\\\/wp-content\\\/uploads\\\/2026\\\/09\\\/Fuente-X-1.jpg\",\"width\":2048,\"height\":1536,\"caption\":\"Fuente : X\"},\"datePublished\":\"2026-09-04T20:05:34+02:00\",\"dateModified\":\"2026-09-04T20:05:34+02:00\",\"inLanguage\":\"es-ES\",\"commentCount\":5,\"mainEntityOfPage\":{\"@id\":\"https:\\\/\\\/agentelibredigital.com\\\/index.php\\\/2026\\\/09\\\/04\\\/entrevista-con-la-periodista-francesa-dounia-mesli\\\/#webpage\"},\"isPartOf\":{\"@id\":\"https:\\\/\\\/agentelibredigital.com\\\/index.php\\\/2026\\\/09\\\/04\\\/entrevista-con-la-periodista-francesa-dounia-mesli\\\/#webpage\"},\"articleSection\":\"fichaje, F\\u00fatbol Internacional, Bal\\u00f3n de Oro, FIchaje, Luis Enrique, PSG\"},{\"@type\":\"BreadcrumbList\",\"@id\":\"https:\\\/\\\/agentelibredigital.com\\\/index.php\\\/2026\\\/09\\\/04\\\/entrevista-con-la-periodista-francesa-dounia-mesli\\\/#breadcrumblist\",\"itemListElement\":[{\"@type\":\"ListItem\",\"@id\":\"https:\\\/\\\/agentelibredigital.com#listItem\",\"position\":1,\"name\":\"Home\",\"item\":\"https:\\\/\\\/agentelibredigital.com\",\"nextItem\":{\"@type\":\"ListItem\",\"@id\":\"https:\\\/\\\/agentelibredigital.com\\\/index.php\\\/category\\\/futbol-internacional\\\/#listItem\",\"name\":\"F\\u00fatbol Internacional\"}},{\"@type\":\"ListItem\",\"@id\":\"https:\\\/\\\/agentelibredigital.com\\\/index.php\\\/category\\\/futbol-internacional\\\/#listItem\",\"position\":2,\"name\":\"F\\u00fatbol Internacional\",\"item\":\"https:\\\/\\\/agentelibredigital.com\\\/index.php\\\/category\\\/futbol-internacional\\\/\",\"nextItem\":{\"@type\":\"ListItem\",\"@id\":\"https:\\\/\\\/agentelibredigital.com\\\/index.php\\\/2026\\\/09\\\/04\\\/entrevista-con-la-periodista-francesa-dounia-mesli\\\/#listItem\",\"name\":\"Entrevista con la periodista francesa, Dounia Mesli\"},\"previousItem\":{\"@type\":\"ListItem\",\"@id\":\"https:\\\/\\\/agentelibredigital.com#listItem\",\"name\":\"Home\"}},{\"@type\":\"ListItem\",\"@id\":\"https:\\\/\\\/agentelibredigital.com\\\/index.php\\\/2026\\\/09\\\/04\\\/entrevista-con-la-periodista-francesa-dounia-mesli\\\/#listItem\",\"position\":3,\"name\":\"Entrevista con la periodista francesa, Dounia Mesli\",\"previousItem\":{\"@type\":\"ListItem\",\"@id\":\"https:\\\/\\\/agentelibredigital.com\\\/index.php\\\/category\\\/futbol-internacional\\\/#listItem\",\"name\":\"F\\u00fatbol Internacional\"}}]},{\"@type\":\"Organization\",\"@id\":\"https:\\\/\\\/agentelibredigital.com\\\/#organization\",\"name\":\"Agente Libre Digital\",\"description\":\"La nueva generaci\\u00f3n del periodismo deportivo.\",\"url\":\"https:\\\/\\\/agentelibredigital.com\\\/\",\"telephone\":\"+34665330413\",\"logo\":{\"@type\":\"ImageObject\",\"url\":\"https:\\\/\\\/agentelibredigital.com\\\/wp-content\\\/uploads\\\/2023\\\/10\\\/Agente-5-1.png\",\"@id\":\"https:\\\/\\\/agentelibredigital.com\\\/index.php\\\/2026\\\/09\\\/04\\\/entrevista-con-la-periodista-francesa-dounia-mesli\\\/#organizationLogo\",\"width\":500,\"height\":500},\"image\":{\"@id\":\"https:\\\/\\\/agentelibredigital.com\\\/index.php\\\/2026\\\/09\\\/04\\\/entrevista-con-la-periodista-francesa-dounia-mesli\\\/#organizationLogo\"},\"sameAs\":[\"https:\\\/\\\/twitter.com\\\/AgenteLibre_dig\",\"https:\\\/\\\/www.instagram.com\\\/agentelibre_dig\\\/\"]},{\"@type\":\"Person\",\"@id\":\"https:\\\/\\\/agentelibredigital.com\\\/index.php\\\/author\\\/ismail-elmachrafi\\\/#author\",\"url\":\"https:\\\/\\\/agentelibredigital.com\\\/index.php\\\/author\\\/ismail-elmachrafi\\\/\",\"name\":\"Ismail Elmachrafi\",\"image\":{\"@type\":\"ImageObject\",\"@id\":\"https:\\\/\\\/agentelibredigital.com\\\/index.php\\\/2026\\\/09\\\/04\\\/entrevista-con-la-periodista-francesa-dounia-mesli\\\/#authorImage\",\"url\":\"https:\\\/\\\/secure.gravatar.com\\\/avatar\\\/0d00b9b09e934b44a61e6a8eaaf9a2c905fff32f08b6cbbbf891a80ee1a3198a?s=96&d=mm&r=g\",\"width\":96,\"height\":96,\"caption\":\"Ismail Elmachrafi\"}},{\"@type\":\"WebPage\",\"@id\":\"https:\\\/\\\/agentelibredigital.com\\\/index.php\\\/2026\\\/09\\\/04\\\/entrevista-con-la-periodista-francesa-dounia-mesli\\\/#webpage\",\"url\":\"https:\\\/\\\/agentelibredigital.com\\\/index.php\\\/2026\\\/09\\\/04\\\/entrevista-con-la-periodista-francesa-dounia-mesli\\\/\",\"name\":\"Entrevista con la periodista francesa, Dounia Mesli \\u2013 Agente Libre Digital\",\"description\":\"Entrevista con la periodista francesa, Dounia Mesli\",\"inLanguage\":\"es-ES\",\"isPartOf\":{\"@id\":\"https:\\\/\\\/agentelibredigital.com\\\/#website\"},\"breadcrumb\":{\"@id\":\"https:\\\/\\\/agentelibredigital.com\\\/index.php\\\/2026\\\/09\\\/04\\\/entrevista-con-la-periodista-francesa-dounia-mesli\\\/#breadcrumblist\"},\"author\":{\"@id\":\"https:\\\/\\\/agentelibredigital.com\\\/index.php\\\/author\\\/ismail-elmachrafi\\\/#author\"},\"creator\":{\"@id\":\"https:\\\/\\\/agentelibredigital.com\\\/index.php\\\/author\\\/ismail-elmachrafi\\\/#author\"},\"image\":{\"@type\":\"ImageObject\",\"url\":\"https:\\\/\\\/agentelibredigital.com\\\/wp-content\\\/uploads\\\/2026\\\/09\\\/Fuente-X-1.jpg\",\"@id\":\"https:\\\/\\\/agentelibredigital.com\\\/index.php\\\/2026\\\/09\\\/04\\\/entrevista-con-la-periodista-francesa-dounia-mesli\\\/#mainImage\",\"width\":2048,\"height\":1536,\"caption\":\"Fuente : X\"},\"primaryImageOfPage\":{\"@id\":\"https:\\\/\\\/agentelibredigital.com\\\/index.php\\\/2026\\\/09\\\/04\\\/entrevista-con-la-periodista-francesa-dounia-mesli\\\/#mainImage\"},\"datePublished\":\"2026-09-04T20:05:34+02:00\",\"dateModified\":\"2026-09-04T20:05:34+02:00\"},{\"@type\":\"WebSite\",\"@id\":\"https:\\\/\\\/agentelibredigital.com\\\/#website\",\"url\":\"https:\\\/\\\/agentelibredigital.com\\\/\",\"name\":\"agentelibredigital.com\",\"alternateName\":\"Agente Libre\",\"description\":\"La nueva generaci\\u00f3n del periodismo deportivo.\",\"inLanguage\":\"es-ES\",\"publisher\":{\"@id\":\"https:\\\/\\\/agentelibredigital.com\\\/#organization\"}}]}\n\t\t<\/script>\n\t\t<!-- All in One SEO -->\n\n","aioseo_head_json":{"title":"Entrevista con la periodista francesa, Dounia Mesli \u2013 Agente Libre Digital","description":"Entrevista con la periodista francesa, Dounia Mesli","canonical_url":"https:\/\/agentelibredigital.com\/index.php\/2026\/09\/04\/entrevista-con-la-periodista-francesa-dounia-mesli\/","robots":"max-image-preview:large","keywords":"","webmasterTools":{"miscellaneous":""},"schema":{"@context":"https:\/\/schema.org","@graph":[{"@type":"BlogPosting","@id":"https:\/\/agentelibredigital.com\/index.php\/2026\/09\/04\/entrevista-con-la-periodista-francesa-dounia-mesli\/#blogposting","name":"Entrevista con la periodista francesa, Dounia Mesli \u2013 Agente Libre Digital","headline":"Entrevista con la periodista francesa, Dounia Mesli","author":{"@id":"https:\/\/agentelibredigital.com\/index.php\/author\/ismail-elmachrafi\/#author"},"publisher":{"@id":"https:\/\/agentelibredigital.com\/#organization"},"image":{"@type":"ImageObject","url":"https:\/\/agentelibredigital.com\/wp-content\/uploads\/2026\/09\/Fuente-X-1.jpg","width":2048,"height":1536,"caption":"Fuente : X"},"datePublished":"2026-09-04T20:05:34+02:00","dateModified":"2026-09-04T20:05:34+02:00","inLanguage":"es-ES","commentCount":5,"mainEntityOfPage":{"@id":"https:\/\/agentelibredigital.com\/index.php\/2026\/09\/04\/entrevista-con-la-periodista-francesa-dounia-mesli\/#webpage"},"isPartOf":{"@id":"https:\/\/agentelibredigital.com\/index.php\/2026\/09\/04\/entrevista-con-la-periodista-francesa-dounia-mesli\/#webpage"},"articleSection":"fichaje, F\u00fatbol Internacional, Bal\u00f3n de Oro, FIchaje, Luis Enrique, PSG"},{"@type":"BreadcrumbList","@id":"https:\/\/agentelibredigital.com\/index.php\/2026\/09\/04\/entrevista-con-la-periodista-francesa-dounia-mesli\/#breadcrumblist","itemListElement":[{"@type":"ListItem","@id":"https:\/\/agentelibredigital.com#listItem","position":1,"name":"Home","item":"https:\/\/agentelibredigital.com","nextItem":{"@type":"ListItem","@id":"https:\/\/agentelibredigital.com\/index.php\/category\/futbol-internacional\/#listItem","name":"F\u00fatbol Internacional"}},{"@type":"ListItem","@id":"https:\/\/agentelibredigital.com\/index.php\/category\/futbol-internacional\/#listItem","position":2,"name":"F\u00fatbol Internacional","item":"https:\/\/agentelibredigital.com\/index.php\/category\/futbol-internacional\/","nextItem":{"@type":"ListItem","@id":"https:\/\/agentelibredigital.com\/index.php\/2026\/09\/04\/entrevista-con-la-periodista-francesa-dounia-mesli\/#listItem","name":"Entrevista con la periodista francesa, Dounia Mesli"},"previousItem":{"@type":"ListItem","@id":"https:\/\/agentelibredigital.com#listItem","name":"Home"}},{"@type":"ListItem","@id":"https:\/\/agentelibredigital.com\/index.php\/2026\/09\/04\/entrevista-con-la-periodista-francesa-dounia-mesli\/#listItem","position":3,"name":"Entrevista con la periodista francesa, Dounia Mesli","previousItem":{"@type":"ListItem","@id":"https:\/\/agentelibredigital.com\/index.php\/category\/futbol-internacional\/#listItem","name":"F\u00fatbol Internacional"}}]},{"@type":"Organization","@id":"https:\/\/agentelibredigital.com\/#organization","name":"Agente Libre Digital","description":"La nueva generaci\u00f3n del periodismo deportivo.","url":"https:\/\/agentelibredigital.com\/","telephone":"+34665330413","logo":{"@type":"ImageObject","url":"https:\/\/agentelibredigital.com\/wp-content\/uploads\/2023\/10\/Agente-5-1.png","@id":"https:\/\/agentelibredigital.com\/index.php\/2026\/09\/04\/entrevista-con-la-periodista-francesa-dounia-mesli\/#organizationLogo","width":500,"height":500},"image":{"@id":"https:\/\/agentelibredigital.com\/index.php\/2026\/09\/04\/entrevista-con-la-periodista-francesa-dounia-mesli\/#organizationLogo"},"sameAs":["https:\/\/twitter.com\/AgenteLibre_dig","https:\/\/www.instagram.com\/agentelibre_dig\/"]},{"@type":"Person","@id":"https:\/\/agentelibredigital.com\/index.php\/author\/ismail-elmachrafi\/#author","url":"https:\/\/agentelibredigital.com\/index.php\/author\/ismail-elmachrafi\/","name":"Ismail Elmachrafi","image":{"@type":"ImageObject","@id":"https:\/\/agentelibredigital.com\/index.php\/2026\/09\/04\/entrevista-con-la-periodista-francesa-dounia-mesli\/#authorImage","url":"https:\/\/secure.gravatar.com\/avatar\/0d00b9b09e934b44a61e6a8eaaf9a2c905fff32f08b6cbbbf891a80ee1a3198a?s=96&d=mm&r=g","width":96,"height":96,"caption":"Ismail Elmachrafi"}},{"@type":"WebPage","@id":"https:\/\/agentelibredigital.com\/index.php\/2026\/09\/04\/entrevista-con-la-periodista-francesa-dounia-mesli\/#webpage","url":"https:\/\/agentelibredigital.com\/index.php\/2026\/09\/04\/entrevista-con-la-periodista-francesa-dounia-mesli\/","name":"Entrevista con la periodista francesa, Dounia Mesli \u2013 Agente Libre Digital","description":"Entrevista con la periodista francesa, Dounia Mesli","inLanguage":"es-ES","isPartOf":{"@id":"https:\/\/agentelibredigital.com\/#website"},"breadcrumb":{"@id":"https:\/\/agentelibredigital.com\/index.php\/2026\/09\/04\/entrevista-con-la-periodista-francesa-dounia-mesli\/#breadcrumblist"},"author":{"@id":"https:\/\/agentelibredigital.com\/index.php\/author\/ismail-elmachrafi\/#author"},"creator":{"@id":"https:\/\/agentelibredigital.com\/index.php\/author\/ismail-elmachrafi\/#author"},"image":{"@type":"ImageObject","url":"https:\/\/agentelibredigital.com\/wp-content\/uploads\/2026\/09\/Fuente-X-1.jpg","@id":"https:\/\/agentelibredigital.com\/index.php\/2026\/09\/04\/entrevista-con-la-periodista-francesa-dounia-mesli\/#mainImage","width":2048,"height":1536,"caption":"Fuente : X"},"primaryImageOfPage":{"@id":"https:\/\/agentelibredigital.com\/index.php\/2026\/09\/04\/entrevista-con-la-periodista-francesa-dounia-mesli\/#mainImage"},"datePublished":"2026-09-04T20:05:34+02:00","dateModified":"2026-09-04T20:05:34+02:00"},{"@type":"WebSite","@id":"https:\/\/agentelibredigital.com\/#website","url":"https:\/\/agentelibredigital.com\/","name":"agentelibredigital.com","alternateName":"Agente Libre","description":"La nueva generaci\u00f3n del periodismo deportivo.","inLanguage":"es-ES","publisher":{"@id":"https:\/\/agentelibredigital.com\/#organization"}}]},"og:locale":"es_ES","og:site_name":"Agente Libre Digital \u2013 La nueva generaci\u00f3n del periodismo deportivo.","og:type":"article","og:title":"Entrevista con la periodista francesa, Dounia Mesli \u2013 Agente Libre Digital","og:description":"Entrevista con la periodista francesa, Dounia Mesli","og:url":"https:\/\/agentelibredigital.com\/index.php\/2026\/09\/04\/entrevista-con-la-periodista-francesa-dounia-mesli\/","og:image":"https:\/\/agentelibredigital.com\/wp-content\/uploads\/2026\/09\/Fuente-X-1.jpg","og:image:secure_url":"https:\/\/agentelibredigital.com\/wp-content\/uploads\/2026\/09\/Fuente-X-1.jpg","og:image:width":2048,"og:image:height":1536,"article:published_time":"2026-09-04T18:05:34+00:00","article:modified_time":"2026-09-04T18:05:34+00:00","twitter:card":"summary","twitter:site":"@AgenteLibre_dig","twitter:title":"Entrevista con la periodista francesa, Dounia Mesli \u2013 Agente Libre Digital","twitter:description":"Entrevista con la periodista francesa, Dounia Mesli","twitter:creator":"@AgenteLibre_dig","twitter:image":"https:\/\/agentelibredigital.com\/wp-content\/uploads\/2026\/09\/Fuente-X-1.jpg"},"aioseo_meta_data":{"post_id":"65639","title":null,"description":null,"keywords":null,"keyphrases":{"focus":{"keyphrase":"","score":0,"analysis":{"keyphraseInTitle":{"score":0,"maxScore":9,"error":1}}},"additional":[]},"primary_term":null,"canonical_url":null,"og_title":null,"og_description":null,"og_object_type":"default","og_image_type":"default","og_image_url":null,"og_image_width":null,"og_image_height":null,"og_image_custom_url":null,"og_image_custom_fields":null,"og_video":"","og_custom_url":null,"og_article_section":null,"og_article_tags":null,"twitter_use_og":false,"twitter_card":"default","twitter_image_type":"default","twitter_image_url":null,"twitter_image_custom_url":null,"twitter_image_custom_fields":null,"twitter_title":null,"twitter_description":null,"schema":{"blockGraphs":[],"customGraphs":[],"default":{"data":{"Article":[],"Course":[],"Dataset":[],"FAQPage":[],"Movie":[],"Person":[],"Product":[],"ProductReview":[],"Car":[],"Recipe":[],"Service":[],"SoftwareApplication":[],"WebPage":[]},"graphName":"BlogPosting","isEnabled":true},"graphs":[]},"schema_type":"default","schema_type_options":null,"pillar_content":false,"robots_default":true,"robots_noindex":false,"robots_noarchive":false,"robots_nosnippet":false,"robots_nofollow":false,"robots_noimageindex":false,"robots_noodp":false,"robots_notranslate":false,"robots_max_snippet":"-1","robots_max_videopreview":"-1","robots_max_imagepreview":"large","priority":null,"frequency":"default","local_seo":null,"breadcrumb_settings":null,"limit_modified_date":false,"ai":{"faqs":[],"keyPoints":[],"schemas":[],"titles":[],"descriptions":[],"socialPosts":{"email":{"subject":"","preview":"","content":""},"linkedin":[],"twitter":[],"facebook":[],"instagram":[]}},"created":"2026-09-04 18:05:34","updated":"2026-09-04 18:06:29","seo_analyzer_scan_date":null,"focus_keyword":null,"additional_keywords":null,"truseo_locale":null},"aioseo_breadcrumb":"<div class=\"aioseo-breadcrumbs\"><span class=\"aioseo-breadcrumb\">\n\t\t\t<a href=\"https:\/\/agentelibredigital.com\" title=\"Home\">Home<\/a>\n\t\t<\/span><span class=\"aioseo-breadcrumb-separator\">&raquo;<\/span><span class=\"aioseo-breadcrumb\">\n\t\t\t<a href=\"https:\/\/agentelibredigital.com\/index.php\/category\/futbol-internacional\/\" title=\"F\u00fatbol Internacional\">F\u00fatbol Internacional<\/a>\n\t\t<\/span><span class=\"aioseo-breadcrumb-separator\">&raquo;<\/span><span class=\"aioseo-breadcrumb\">\n\t\t\tEntrevista con la periodista francesa, Dounia Mesli\n\t\t<\/span><\/div>","aioseo_breadcrumb_json":[{"label":"Home","link":"https:\/\/agentelibredigital.com"},{"label":"F\u00fatbol Internacional","link":"https:\/\/agentelibredigital.com\/index.php\/category\/futbol-internacional\/"},{"label":"Entrevista con la periodista francesa, Dounia Mesli","link":"https:\/\/agentelibredigital.com\/index.php\/2026\/09\/04\/entrevista-con-la-periodista-francesa-dounia-mesli\/"}],"_links":{"self":[{"href":"https:\/\/agentelibredigital.com\/index.php\/wp-json\/wp\/v2\/posts\/65639","targetHints":{"allow":["GET"]}}],"collection":[{"href":"https:\/\/agentelibredigital.com\/index.php\/wp-json\/wp\/v2\/posts"}],"about":[{"href":"https:\/\/agentelibredigital.com\/index.php\/wp-json\/wp\/v2\/types\/post"}],"author":[{"embeddable":true,"href":"https:\/\/agentelibredigital.com\/index.php\/wp-json\/wp\/v2\/users\/329"}],"replies":[{"embeddable":true,"href":"https:\/\/agentelibredigital.com\/index.php\/wp-json\/wp\/v2\/comments?post=65639"}],"version-history":[{"count":1,"href":"https:\/\/agentelibredigital.com\/index.php\/wp-json\/wp\/v2\/posts\/65639\/revisions"}],"predecessor-version":[{"id":65641,"href":"https:\/\/agentelibredigital.com\/index.php\/wp-json\/wp\/v2\/posts\/65639\/revisions\/65641"}],"wp:featuredmedia":[{"embeddable":true,"href":"https:\/\/agentelibredigital.com\/index.php\/wp-json\/wp\/v2\/media\/65640"}],"wp:attachment":[{"href":"https:\/\/agentelibredigital.com\/index.php\/wp-json\/wp\/v2\/media?parent=65639"}],"wp:term":[{"taxonomy":"category","embeddable":true,"href":"https:\/\/agentelibredigital.com\/index.php\/wp-json\/wp\/v2\/categories?post=65639"},{"taxonomy":"post_tag","embeddable":true,"href":"https:\/\/agentelibredigital.com\/index.php\/wp-json\/wp\/v2\/tags?post=65639"}],"curies":[{"name":"wp","href":"https:\/\/api.w.org\/{rel}","templated":true}]}}