{"id":65584,"date":"2026-09-02T09:58:18","date_gmt":"2026-09-02T07:58:18","guid":{"rendered":"https:\/\/agentelibredigital.com\/?p=65584"},"modified":"2026-09-02T09:58:18","modified_gmt":"2026-09-02T07:58:18","slug":"paco-jemez-nuevo-tecnico-del-raja-de-casablanca","status":"publish","type":"post","link":"https:\/\/agentelibredigital.com\/index.php\/2026\/09\/02\/paco-jemez-nuevo-tecnico-del-raja-de-casablanca\/","title":{"rendered":"Paco J\u00e9mez, nuevo t\u00e9cnico del Raja de Casablanca"},"content":{"rendered":"<p>Por Ismail El machrafi<\/p>\n<p class=\"isSelectedEnd\">El <strong>Raja Club Athletic de Casablanca<\/strong> anunci\u00f3 este mi\u00e9rcoles el nombramiento del entrenador espa\u00f1ol <strong>Paco J\u00e9mez<\/strong> al frente del primer equipo, en sustituci\u00f3n del t\u00e9cnico tunecino <strong>Nassereddine Nabi<\/strong>, con un contrato de <strong>una temporada<\/strong>.<\/p>\n<p class=\"isSelectedEnd\">J\u00e9mez cuenta con una amplia trayectoria en el f\u00fatbol europeo e internacional. A lo largo de su carrera ha dirigido a varios clubes espa\u00f1oles, entre ellos el <strong>Rayo Vallecano<\/strong>, <strong>Las Palmas<\/strong>, <strong>Granada<\/strong>, <strong>C\u00f3rdoba<\/strong> e <strong>Ibiza<\/strong>. Tambi\u00e9n acumul\u00f3 experiencia en el f\u00fatbol iran\u00ed al asumir la direcci\u00f3n t\u00e9cnica del <strong>Tractor FC<\/strong>.<\/p>\n<p class=\"isSelectedEnd\">El entrenador espa\u00f1ol trabaj\u00f3 asimismo en Inglaterra como <strong>entrenador asistente de Nuno Esp\u00edrito Santo<\/strong> durante la etapa de este \u00faltimo en el <strong>West Ham United<\/strong>, una experiencia que influy\u00f3 en la decisi\u00f3n de la directiva del Raja de confiarle el liderazgo del nuevo proyecto deportivo del club.<\/p>\n<p class=\"isSelectedEnd\">Este nombramiento se produce pocas horas despu\u00e9s de que el conjunto casablanqu\u00e9s anunciara el fin de su relaci\u00f3n contractual con <strong>Nassereddine Nabi<\/strong>. El Raja precis\u00f3 que la separaci\u00f3n se llev\u00f3 a cabo de conformidad con las cl\u00e1usulas contractuales que vinculaban a ambas partes.<\/p>\n<p>Con la llegada de <strong>Paco J\u00e9mez<\/strong>, el Raja abre una nueva etapa en su banquillo. El t\u00e9cnico espa\u00f1ol tendr\u00e1 ahora la responsabilidad de preparar al equipo y cumplir con las <strong>ambiciones deportivas del club<\/strong> de cara a la nueva temporada.<\/p>\n","protected":false},"excerpt":{"rendered":"<p>Por Ismail El machrafi El Raja Club Athletic de Casablanca anunci\u00f3 este mi\u00e9rcoles el nombramiento del entrenador espa\u00f1ol Paco J\u00e9mez al frente del primer equipo, en sustituci\u00f3n del t\u00e9cnico tunecino&hellip; <\/p>\n","protected":false},"author":329,"featured_media":65585,"comment_status":"open","ping_status":"open","sticky":false,"template":"","format":"standard","meta":{"om_disable_all_campaigns":false,"_monsterinsights_skip_tracking":false,"_uf_show_specific_survey":0,"_uf_disable_surveys":false,"footnotes":""},"categories":[3045,48],"tags":[1187,3037,5631],"class_list":["post-65584","post","type-post","status-publish","format-standard","has-post-thumbnail","hentry","category-fichaje","category-futbol-internacional","tag-fichajes","tag-marruecos","tag-raja-de-casablanca"],"aioseo_notices":[],"aioseo_head":"\n\t\t<!-- All in One SEO 5.0.1.1 - aioseo.com -->\n\t<meta name=\"description\" content=\"Paco J\u00e9mez, nuevo t\u00e9cnico del Raja de Casablanca\" \/>\n\t<meta name=\"robots\" content=\"max-image-preview:large\" \/>\n\t<meta name=\"author\" content=\"Ismail Elmachrafi\"\/>\n\t<link rel=\"canonical\" href=\"https:\/\/agentelibredigital.com\/index.php\/2026\/09\/02\/paco-jemez-nuevo-tecnico-del-raja-de-casablanca\/\" \/>\n\t<meta name=\"generator\" content=\"All in One SEO (AIOSEO) 5.0.1.1\" \/>\n\t\t<meta property=\"og:locale\" content=\"es_ES\" \/>\n\t\t<meta property=\"og:site_name\" content=\"Agente Libre Digital \u2013 La nueva generaci\u00f3n del periodismo deportivo.\" \/>\n\t\t<meta property=\"og:type\" content=\"article\" \/>\n\t\t<meta property=\"og:title\" content=\"Paco J\u00e9mez, nuevo t\u00e9cnico del Raja de Casablanca \u2013 Agente Libre Digital\" \/>\n\t\t<meta property=\"og:description\" content=\"Paco J\u00e9mez, nuevo t\u00e9cnico del Raja de Casablanca\" \/>\n\t\t<meta property=\"og:url\" content=\"https:\/\/agentelibredigital.com\/index.php\/2026\/09\/02\/paco-jemez-nuevo-tecnico-del-raja-de-casablanca\/\" \/>\n\t\t<meta property=\"og:image\" content=\"https:\/\/agentelibredigital.com\/wp-content\/uploads\/2026\/09\/paco-jemez.webp\" \/>\n\t\t<meta property=\"og:image:secure_url\" content=\"https:\/\/agentelibredigital.com\/wp-content\/uploads\/2026\/09\/paco-jemez.webp\" \/>\n\t\t<meta property=\"og:image:width\" content=\"900\" \/>\n\t\t<meta property=\"og:image:height\" content=\"600\" \/>\n\t\t<meta property=\"article:published_time\" content=\"2026-09-02T07:58:18+00:00\" \/>\n\t\t<meta property=\"article:modified_time\" content=\"2026-09-02T07:58:18+00:00\" \/>\n\t\t<meta name=\"twitter:card\" content=\"summary\" \/>\n\t\t<meta name=\"twitter:site\" content=\"@AgenteLibre_dig\" \/>\n\t\t<meta name=\"twitter:title\" content=\"Paco J\u00e9mez, nuevo t\u00e9cnico del Raja de Casablanca \u2013 Agente Libre Digital\" \/>\n\t\t<meta name=\"twitter:description\" content=\"Paco J\u00e9mez, nuevo t\u00e9cnico del Raja de Casablanca\" \/>\n\t\t<meta name=\"twitter:creator\" content=\"@AgenteLibre_dig\" \/>\n\t\t<meta name=\"twitter:image\" content=\"https:\/\/agentelibredigital.com\/wp-content\/uploads\/2026\/09\/paco-jemez.webp\" \/>\n\t\t<script type=\"application\/ld+json\" class=\"aioseo-schema\">\n\t\t\t{\"@context\":\"https:\\\/\\\/schema.org\",\"@graph\":[{\"@type\":\"BlogPosting\",\"@id\":\"https:\\\/\\\/agentelibredigital.com\\\/index.php\\\/2026\\\/09\\\/02\\\/paco-jemez-nuevo-tecnico-del-raja-de-casablanca\\\/#blogposting\",\"name\":\"Paco J\\u00e9mez, nuevo t\\u00e9cnico del Raja de Casablanca \\u2013 Agente Libre Digital\",\"headline\":\"Paco J\\u00e9mez, nuevo t\\u00e9cnico del Raja de Casablanca\",\"author\":{\"@id\":\"https:\\\/\\\/agentelibredigital.com\\\/index.php\\\/author\\\/ismail-elmachrafi\\\/#author\"},\"publisher\":{\"@id\":\"https:\\\/\\\/agentelibredigital.com\\\/#organization\"},\"image\":{\"@type\":\"ImageObject\",\"url\":\"https:\\\/\\\/agentelibredigital.com\\\/wp-content\\\/uploads\\\/2026\\\/09\\\/paco-jemez.webp\",\"width\":900,\"height\":600,\"caption\":\"Fuente : SNRT.com\"},\"datePublished\":\"2026-09-02T09:58:18+02:00\",\"dateModified\":\"2026-09-02T09:58:18+02:00\",\"inLanguage\":\"es-ES\",\"commentCount\":1,\"mainEntityOfPage\":{\"@id\":\"https:\\\/\\\/agentelibredigital.com\\\/index.php\\\/2026\\\/09\\\/02\\\/paco-jemez-nuevo-tecnico-del-raja-de-casablanca\\\/#webpage\"},\"isPartOf\":{\"@id\":\"https:\\\/\\\/agentelibredigital.com\\\/index.php\\\/2026\\\/09\\\/02\\\/paco-jemez-nuevo-tecnico-del-raja-de-casablanca\\\/#webpage\"},\"articleSection\":\"fichaje, F\\u00fatbol Internacional, Fichajes, marruecos, Raja de Casablanca\"},{\"@type\":\"BreadcrumbList\",\"@id\":\"https:\\\/\\\/agentelibredigital.com\\\/index.php\\\/2026\\\/09\\\/02\\\/paco-jemez-nuevo-tecnico-del-raja-de-casablanca\\\/#breadcrumblist\",\"itemListElement\":[{\"@type\":\"ListItem\",\"@id\":\"https:\\\/\\\/agentelibredigital.com#listItem\",\"position\":1,\"name\":\"Home\",\"item\":\"https:\\\/\\\/agentelibredigital.com\",\"nextItem\":{\"@type\":\"ListItem\",\"@id\":\"https:\\\/\\\/agentelibredigital.com\\\/index.php\\\/category\\\/futbol-internacional\\\/#listItem\",\"name\":\"F\\u00fatbol Internacional\"}},{\"@type\":\"ListItem\",\"@id\":\"https:\\\/\\\/agentelibredigital.com\\\/index.php\\\/category\\\/futbol-internacional\\\/#listItem\",\"position\":2,\"name\":\"F\\u00fatbol Internacional\",\"item\":\"https:\\\/\\\/agentelibredigital.com\\\/index.php\\\/category\\\/futbol-internacional\\\/\",\"nextItem\":{\"@type\":\"ListItem\",\"@id\":\"https:\\\/\\\/agentelibredigital.com\\\/index.php\\\/2026\\\/09\\\/02\\\/paco-jemez-nuevo-tecnico-del-raja-de-casablanca\\\/#listItem\",\"name\":\"Paco J\\u00e9mez, nuevo t\\u00e9cnico del Raja de Casablanca\"},\"previousItem\":{\"@type\":\"ListItem\",\"@id\":\"https:\\\/\\\/agentelibredigital.com#listItem\",\"name\":\"Home\"}},{\"@type\":\"ListItem\",\"@id\":\"https:\\\/\\\/agentelibredigital.com\\\/index.php\\\/2026\\\/09\\\/02\\\/paco-jemez-nuevo-tecnico-del-raja-de-casablanca\\\/#listItem\",\"position\":3,\"name\":\"Paco J\\u00e9mez, nuevo t\\u00e9cnico del Raja de Casablanca\",\"previousItem\":{\"@type\":\"ListItem\",\"@id\":\"https:\\\/\\\/agentelibredigital.com\\\/index.php\\\/category\\\/futbol-internacional\\\/#listItem\",\"name\":\"F\\u00fatbol Internacional\"}}]},{\"@type\":\"Organization\",\"@id\":\"https:\\\/\\\/agentelibredigital.com\\\/#organization\",\"name\":\"Agente Libre Digital\",\"description\":\"La nueva generaci\\u00f3n del periodismo deportivo.\",\"url\":\"https:\\\/\\\/agentelibredigital.com\\\/\",\"telephone\":\"+34665330413\",\"logo\":{\"@type\":\"ImageObject\",\"url\":\"https:\\\/\\\/agentelibredigital.com\\\/wp-content\\\/uploads\\\/2023\\\/10\\\/Agente-5-1.png\",\"@id\":\"https:\\\/\\\/agentelibredigital.com\\\/index.php\\\/2026\\\/09\\\/02\\\/paco-jemez-nuevo-tecnico-del-raja-de-casablanca\\\/#organizationLogo\",\"width\":500,\"height\":500},\"image\":{\"@id\":\"https:\\\/\\\/agentelibredigital.com\\\/index.php\\\/2026\\\/09\\\/02\\\/paco-jemez-nuevo-tecnico-del-raja-de-casablanca\\\/#organizationLogo\"},\"sameAs\":[\"https:\\\/\\\/twitter.com\\\/AgenteLibre_dig\",\"https:\\\/\\\/www.instagram.com\\\/agentelibre_dig\\\/\"]},{\"@type\":\"Person\",\"@id\":\"https:\\\/\\\/agentelibredigital.com\\\/index.php\\\/author\\\/ismail-elmachrafi\\\/#author\",\"url\":\"https:\\\/\\\/agentelibredigital.com\\\/index.php\\\/author\\\/ismail-elmachrafi\\\/\",\"name\":\"Ismail Elmachrafi\",\"image\":{\"@type\":\"ImageObject\",\"@id\":\"https:\\\/\\\/agentelibredigital.com\\\/index.php\\\/2026\\\/09\\\/02\\\/paco-jemez-nuevo-tecnico-del-raja-de-casablanca\\\/#authorImage\",\"url\":\"https:\\\/\\\/secure.gravatar.com\\\/avatar\\\/0d00b9b09e934b44a61e6a8eaaf9a2c905fff32f08b6cbbbf891a80ee1a3198a?s=96&d=mm&r=g\",\"width\":96,\"height\":96,\"caption\":\"Ismail Elmachrafi\"}},{\"@type\":\"WebPage\",\"@id\":\"https:\\\/\\\/agentelibredigital.com\\\/index.php\\\/2026\\\/09\\\/02\\\/paco-jemez-nuevo-tecnico-del-raja-de-casablanca\\\/#webpage\",\"url\":\"https:\\\/\\\/agentelibredigital.com\\\/index.php\\\/2026\\\/09\\\/02\\\/paco-jemez-nuevo-tecnico-del-raja-de-casablanca\\\/\",\"name\":\"Paco J\\u00e9mez, nuevo t\\u00e9cnico del Raja de Casablanca \\u2013 Agente Libre Digital\",\"description\":\"Paco J\\u00e9mez, nuevo t\\u00e9cnico del Raja de Casablanca\",\"inLanguage\":\"es-ES\",\"isPartOf\":{\"@id\":\"https:\\\/\\\/agentelibredigital.com\\\/#website\"},\"breadcrumb\":{\"@id\":\"https:\\\/\\\/agentelibredigital.com\\\/index.php\\\/2026\\\/09\\\/02\\\/paco-jemez-nuevo-tecnico-del-raja-de-casablanca\\\/#breadcrumblist\"},\"author\":{\"@id\":\"https:\\\/\\\/agentelibredigital.com\\\/index.php\\\/author\\\/ismail-elmachrafi\\\/#author\"},\"creator\":{\"@id\":\"https:\\\/\\\/agentelibredigital.com\\\/index.php\\\/author\\\/ismail-elmachrafi\\\/#author\"},\"image\":{\"@type\":\"ImageObject\",\"url\":\"https:\\\/\\\/agentelibredigital.com\\\/wp-content\\\/uploads\\\/2026\\\/09\\\/paco-jemez.webp\",\"@id\":\"https:\\\/\\\/agentelibredigital.com\\\/index.php\\\/2026\\\/09\\\/02\\\/paco-jemez-nuevo-tecnico-del-raja-de-casablanca\\\/#mainImage\",\"width\":900,\"height\":600,\"caption\":\"Fuente : SNRT.com\"},\"primaryImageOfPage\":{\"@id\":\"https:\\\/\\\/agentelibredigital.com\\\/index.php\\\/2026\\\/09\\\/02\\\/paco-jemez-nuevo-tecnico-del-raja-de-casablanca\\\/#mainImage\"},\"datePublished\":\"2026-09-02T09:58:18+02:00\",\"dateModified\":\"2026-09-02T09:58:18+02:00\"},{\"@type\":\"WebSite\",\"@id\":\"https:\\\/\\\/agentelibredigital.com\\\/#website\",\"url\":\"https:\\\/\\\/agentelibredigital.com\\\/\",\"name\":\"agentelibredigital.com\",\"alternateName\":\"Agente Libre\",\"description\":\"La nueva generaci\\u00f3n del periodismo deportivo.\",\"inLanguage\":\"es-ES\",\"publisher\":{\"@id\":\"https:\\\/\\\/agentelibredigital.com\\\/#organization\"}}]}\n\t\t<\/script>\n\t\t<!-- All in One SEO -->\n\n","aioseo_head_json":{"title":"Paco J\u00e9mez, nuevo t\u00e9cnico del Raja de Casablanca \u2013 Agente Libre Digital","description":"Paco J\u00e9mez, nuevo t\u00e9cnico del Raja de Casablanca","canonical_url":"https:\/\/agentelibredigital.com\/index.php\/2026\/09\/02\/paco-jemez-nuevo-tecnico-del-raja-de-casablanca\/","robots":"max-image-preview:large","keywords":"","webmasterTools":{"miscellaneous":""},"schema":{"@context":"https:\/\/schema.org","@graph":[{"@type":"BlogPosting","@id":"https:\/\/agentelibredigital.com\/index.php\/2026\/09\/02\/paco-jemez-nuevo-tecnico-del-raja-de-casablanca\/#blogposting","name":"Paco J\u00e9mez, nuevo t\u00e9cnico del Raja de Casablanca \u2013 Agente Libre Digital","headline":"Paco J\u00e9mez, nuevo t\u00e9cnico del Raja de Casablanca","author":{"@id":"https:\/\/agentelibredigital.com\/index.php\/author\/ismail-elmachrafi\/#author"},"publisher":{"@id":"https:\/\/agentelibredigital.com\/#organization"},"image":{"@type":"ImageObject","url":"https:\/\/agentelibredigital.com\/wp-content\/uploads\/2026\/09\/paco-jemez.webp","width":900,"height":600,"caption":"Fuente : SNRT.com"},"datePublished":"2026-09-02T09:58:18+02:00","dateModified":"2026-09-02T09:58:18+02:00","inLanguage":"es-ES","commentCount":1,"mainEntityOfPage":{"@id":"https:\/\/agentelibredigital.com\/index.php\/2026\/09\/02\/paco-jemez-nuevo-tecnico-del-raja-de-casablanca\/#webpage"},"isPartOf":{"@id":"https:\/\/agentelibredigital.com\/index.php\/2026\/09\/02\/paco-jemez-nuevo-tecnico-del-raja-de-casablanca\/#webpage"},"articleSection":"fichaje, F\u00fatbol Internacional, Fichajes, marruecos, Raja de Casablanca"},{"@type":"BreadcrumbList","@id":"https:\/\/agentelibredigital.com\/index.php\/2026\/09\/02\/paco-jemez-nuevo-tecnico-del-raja-de-casablanca\/#breadcrumblist","itemListElement":[{"@type":"ListItem","@id":"https:\/\/agentelibredigital.com#listItem","position":1,"name":"Home","item":"https:\/\/agentelibredigital.com","nextItem":{"@type":"ListItem","@id":"https:\/\/agentelibredigital.com\/index.php\/category\/futbol-internacional\/#listItem","name":"F\u00fatbol Internacional"}},{"@type":"ListItem","@id":"https:\/\/agentelibredigital.com\/index.php\/category\/futbol-internacional\/#listItem","position":2,"name":"F\u00fatbol Internacional","item":"https:\/\/agentelibredigital.com\/index.php\/category\/futbol-internacional\/","nextItem":{"@type":"ListItem","@id":"https:\/\/agentelibredigital.com\/index.php\/2026\/09\/02\/paco-jemez-nuevo-tecnico-del-raja-de-casablanca\/#listItem","name":"Paco J\u00e9mez, nuevo t\u00e9cnico del Raja de Casablanca"},"previousItem":{"@type":"ListItem","@id":"https:\/\/agentelibredigital.com#listItem","name":"Home"}},{"@type":"ListItem","@id":"https:\/\/agentelibredigital.com\/index.php\/2026\/09\/02\/paco-jemez-nuevo-tecnico-del-raja-de-casablanca\/#listItem","position":3,"name":"Paco J\u00e9mez, nuevo t\u00e9cnico del Raja de Casablanca","previousItem":{"@type":"ListItem","@id":"https:\/\/agentelibredigital.com\/index.php\/category\/futbol-internacional\/#listItem","name":"F\u00fatbol Internacional"}}]},{"@type":"Organization","@id":"https:\/\/agentelibredigital.com\/#organization","name":"Agente Libre Digital","description":"La nueva generaci\u00f3n del periodismo deportivo.","url":"https:\/\/agentelibredigital.com\/","telephone":"+34665330413","logo":{"@type":"ImageObject","url":"https:\/\/agentelibredigital.com\/wp-content\/uploads\/2023\/10\/Agente-5-1.png","@id":"https:\/\/agentelibredigital.com\/index.php\/2026\/09\/02\/paco-jemez-nuevo-tecnico-del-raja-de-casablanca\/#organizationLogo","width":500,"height":500},"image":{"@id":"https:\/\/agentelibredigital.com\/index.php\/2026\/09\/02\/paco-jemez-nuevo-tecnico-del-raja-de-casablanca\/#organizationLogo"},"sameAs":["https:\/\/twitter.com\/AgenteLibre_dig","https:\/\/www.instagram.com\/agentelibre_dig\/"]},{"@type":"Person","@id":"https:\/\/agentelibredigital.com\/index.php\/author\/ismail-elmachrafi\/#author","url":"https:\/\/agentelibredigital.com\/index.php\/author\/ismail-elmachrafi\/","name":"Ismail Elmachrafi","image":{"@type":"ImageObject","@id":"https:\/\/agentelibredigital.com\/index.php\/2026\/09\/02\/paco-jemez-nuevo-tecnico-del-raja-de-casablanca\/#authorImage","url":"https:\/\/secure.gravatar.com\/avatar\/0d00b9b09e934b44a61e6a8eaaf9a2c905fff32f08b6cbbbf891a80ee1a3198a?s=96&d=mm&r=g","width":96,"height":96,"caption":"Ismail Elmachrafi"}},{"@type":"WebPage","@id":"https:\/\/agentelibredigital.com\/index.php\/2026\/09\/02\/paco-jemez-nuevo-tecnico-del-raja-de-casablanca\/#webpage","url":"https:\/\/agentelibredigital.com\/index.php\/2026\/09\/02\/paco-jemez-nuevo-tecnico-del-raja-de-casablanca\/","name":"Paco J\u00e9mez, nuevo t\u00e9cnico del Raja de Casablanca \u2013 Agente Libre Digital","description":"Paco J\u00e9mez, nuevo t\u00e9cnico del Raja de Casablanca","inLanguage":"es-ES","isPartOf":{"@id":"https:\/\/agentelibredigital.com\/#website"},"breadcrumb":{"@id":"https:\/\/agentelibredigital.com\/index.php\/2026\/09\/02\/paco-jemez-nuevo-tecnico-del-raja-de-casablanca\/#breadcrumblist"},"author":{"@id":"https:\/\/agentelibredigital.com\/index.php\/author\/ismail-elmachrafi\/#author"},"creator":{"@id":"https:\/\/agentelibredigital.com\/index.php\/author\/ismail-elmachrafi\/#author"},"image":{"@type":"ImageObject","url":"https:\/\/agentelibredigital.com\/wp-content\/uploads\/2026\/09\/paco-jemez.webp","@id":"https:\/\/agentelibredigital.com\/index.php\/2026\/09\/02\/paco-jemez-nuevo-tecnico-del-raja-de-casablanca\/#mainImage","width":900,"height":600,"caption":"Fuente : SNRT.com"},"primaryImageOfPage":{"@id":"https:\/\/agentelibredigital.com\/index.php\/2026\/09\/02\/paco-jemez-nuevo-tecnico-del-raja-de-casablanca\/#mainImage"},"datePublished":"2026-09-02T09:58:18+02:00","dateModified":"2026-09-02T09:58:18+02:00"},{"@type":"WebSite","@id":"https:\/\/agentelibredigital.com\/#website","url":"https:\/\/agentelibredigital.com\/","name":"agentelibredigital.com","alternateName":"Agente Libre","description":"La nueva generaci\u00f3n del periodismo deportivo.","inLanguage":"es-ES","publisher":{"@id":"https:\/\/agentelibredigital.com\/#organization"}}]},"og:locale":"es_ES","og:site_name":"Agente Libre Digital \u2013 La nueva generaci\u00f3n del periodismo deportivo.","og:type":"article","og:title":"Paco J\u00e9mez, nuevo t\u00e9cnico del Raja de Casablanca \u2013 Agente Libre Digital","og:description":"Paco J\u00e9mez, nuevo t\u00e9cnico del Raja de Casablanca","og:url":"https:\/\/agentelibredigital.com\/index.php\/2026\/09\/02\/paco-jemez-nuevo-tecnico-del-raja-de-casablanca\/","og:image":"https:\/\/agentelibredigital.com\/wp-content\/uploads\/2026\/09\/paco-jemez.webp","og:image:secure_url":"https:\/\/agentelibredigital.com\/wp-content\/uploads\/2026\/09\/paco-jemez.webp","og:image:width":900,"og:image:height":600,"article:published_time":"2026-09-02T07:58:18+00:00","article:modified_time":"2026-09-02T07:58:18+00:00","twitter:card":"summary","twitter:site":"@AgenteLibre_dig","twitter:title":"Paco J\u00e9mez, nuevo t\u00e9cnico del Raja de Casablanca \u2013 Agente Libre Digital","twitter:description":"Paco J\u00e9mez, nuevo t\u00e9cnico del Raja de Casablanca","twitter:creator":"@AgenteLibre_dig","twitter:image":"https:\/\/agentelibredigital.com\/wp-content\/uploads\/2026\/09\/paco-jemez.webp"},"aioseo_meta_data":{"post_id":"65584","title":null,"description":null,"keywords":null,"keyphrases":{"focus":{"keyphrase":"","score":0,"analysis":{"keyphraseInTitle":{"score":0,"maxScore":9,"error":1}}},"additional":[]},"primary_term":null,"canonical_url":null,"og_title":null,"og_description":null,"og_object_type":"default","og_image_type":"default","og_image_url":null,"og_image_width":null,"og_image_height":null,"og_image_custom_url":null,"og_image_custom_fields":null,"og_video":"","og_custom_url":null,"og_article_section":null,"og_article_tags":null,"twitter_use_og":false,"twitter_card":"default","twitter_image_type":"default","twitter_image_url":null,"twitter_image_custom_url":null,"twitter_image_custom_fields":null,"twitter_title":null,"twitter_description":null,"schema":{"blockGraphs":[],"customGraphs":[],"default":{"data":{"Article":[],"Course":[],"Dataset":[],"FAQPage":[],"Movie":[],"Person":[],"Product":[],"ProductReview":[],"Car":[],"Recipe":[],"Service":[],"SoftwareApplication":[],"WebPage":[]},"graphName":"BlogPosting","isEnabled":true},"graphs":[]},"schema_type":"default","schema_type_options":null,"pillar_content":false,"robots_default":true,"robots_noindex":false,"robots_noarchive":false,"robots_nosnippet":false,"robots_nofollow":false,"robots_noimageindex":false,"robots_noodp":false,"robots_notranslate":false,"robots_max_snippet":"-1","robots_max_videopreview":"-1","robots_max_imagepreview":"large","priority":null,"frequency":"default","local_seo":null,"breadcrumb_settings":null,"limit_modified_date":false,"ai":{"faqs":[],"keyPoints":[],"schemas":[],"titles":[],"descriptions":[],"socialPosts":{"email":{"subject":"","preview":"","content":""},"linkedin":[],"twitter":[],"facebook":[],"instagram":[]}},"created":"2026-09-02 07:58:18","updated":"2026-09-02 07:59:09","seo_analyzer_scan_date":null,"focus_keyword":null,"additional_keywords":null,"truseo_locale":null},"aioseo_breadcrumb":"<div class=\"aioseo-breadcrumbs\"><span class=\"aioseo-breadcrumb\">\n\t\t\t<a href=\"https:\/\/agentelibredigital.com\" title=\"Home\">Home<\/a>\n\t\t<\/span><span class=\"aioseo-breadcrumb-separator\">&raquo;<\/span><span class=\"aioseo-breadcrumb\">\n\t\t\t<a href=\"https:\/\/agentelibredigital.com\/index.php\/category\/futbol-internacional\/\" title=\"F\u00fatbol Internacional\">F\u00fatbol Internacional<\/a>\n\t\t<\/span><span class=\"aioseo-breadcrumb-separator\">&raquo;<\/span><span class=\"aioseo-breadcrumb\">\n\t\t\tPaco J\u00e9mez, nuevo t\u00e9cnico del Raja de Casablanca\n\t\t<\/span><\/div>","aioseo_breadcrumb_json":[{"label":"Home","link":"https:\/\/agentelibredigital.com"},{"label":"F\u00fatbol Internacional","link":"https:\/\/agentelibredigital.com\/index.php\/category\/futbol-internacional\/"},{"label":"Paco J\u00e9mez, nuevo t\u00e9cnico del Raja de Casablanca","link":"https:\/\/agentelibredigital.com\/index.php\/2026\/09\/02\/paco-jemez-nuevo-tecnico-del-raja-de-casablanca\/"}],"_links":{"self":[{"href":"https:\/\/agentelibredigital.com\/index.php\/wp-json\/wp\/v2\/posts\/65584","targetHints":{"allow":["GET"]}}],"collection":[{"href":"https:\/\/agentelibredigital.com\/index.php\/wp-json\/wp\/v2\/posts"}],"about":[{"href":"https:\/\/agentelibredigital.com\/index.php\/wp-json\/wp\/v2\/types\/post"}],"author":[{"embeddable":true,"href":"https:\/\/agentelibredigital.com\/index.php\/wp-json\/wp\/v2\/users\/329"}],"replies":[{"embeddable":true,"href":"https:\/\/agentelibredigital.com\/index.php\/wp-json\/wp\/v2\/comments?post=65584"}],"version-history":[{"count":1,"href":"https:\/\/agentelibredigital.com\/index.php\/wp-json\/wp\/v2\/posts\/65584\/revisions"}],"predecessor-version":[{"id":65586,"href":"https:\/\/agentelibredigital.com\/index.php\/wp-json\/wp\/v2\/posts\/65584\/revisions\/65586"}],"wp:featuredmedia":[{"embeddable":true,"href":"https:\/\/agentelibredigital.com\/index.php\/wp-json\/wp\/v2\/media\/65585"}],"wp:attachment":[{"href":"https:\/\/agentelibredigital.com\/index.php\/wp-json\/wp\/v2\/media?parent=65584"}],"wp:term":[{"taxonomy":"category","embeddable":true,"href":"https:\/\/agentelibredigital.com\/index.php\/wp-json\/wp\/v2\/categories?post=65584"},{"taxonomy":"post_tag","embeddable":true,"href":"https:\/\/agentelibredigital.com\/index.php\/wp-json\/wp\/v2\/tags?post=65584"}],"curies":[{"name":"wp","href":"https:\/\/api.w.org\/{rel}","templated":true}]}}