{"id":65219,"date":"2026-09-01T01:12:58","date_gmt":"2026-08-31T23:12:58","guid":{"rendered":"https:\/\/agentelibredigital.com\/?p=65219"},"modified":"2026-09-01T01:12:58","modified_gmt":"2026-08-31T23:12:58","slug":"flick-deja-entreabierta-la-plantilla-no-creo-que-manana-haya-mas-fichajes-pero-veremos","status":"publish","type":"post","link":"https:\/\/agentelibredigital.com\/index.php\/2026\/09\/01\/flick-deja-entreabierta-la-plantilla-no-creo-que-manana-haya-mas-fichajes-pero-veremos\/","title":{"rendered":"Flick deja entreabierta la plantilla: \u00abno creo que ma\u00f1ana haya m\u00e1s fichajes, pero veremos\u00bb"},"content":{"rendered":"<h4>El t\u00e9cnico alem\u00e1n ha comparecido en rueda de prensa despu\u00e9s de recuperar el liderato arrasando al Rayo Vallecano (5-2)<\/h4>\n<p>Regresaron el <strong>liderato<\/strong> y las <strong>remontadas<\/strong>, pero tambi\u00e9n el <strong>olfato goleador<\/strong> de uno de los estandartes de este <strong><a href=\"https:\/\/agentelibredigital.com\/index.php\/category\/fc-barcelona\/\">FC Barcelona<\/a><\/strong>. <strong>Lamine Yamal<\/strong> se deshace de las cr\u00edticas con un doblete que, junto a la <strong>dupla Raphinha-Gordon<\/strong>, es la mejor noticia en el arranque de la tercera campa\u00f1a de <strong>Hansi Flick<\/strong> desde el banquillo blaugrana.<\/p>\n<p>Por el contrario, a\u00fan quedan <strong>muchas operaciones por resolver<\/strong> de cara al final de mercado, y tan solo <strong>24 horas<\/strong> de vigencia. Entre ellas, <strong>Casad\u00f3<\/strong> y resolver las encrucijadas del <strong>central zurdo<\/strong> y del <strong>lateral izquierdo<\/strong>, a pesar de haber cerrado ya un &#8216;Plan B&#8217; al caso &#8216;Juli\u00e1n \u00c1lvarez&#8217; con <strong>Gabriel Jesus<\/strong> y de haber solventado las dudas con <strong>Jules Kound\u00e9<\/strong>. Sin embargo, el Rayo Vallecano visibiliz\u00f3 la necesidad de incorporar un defensa m\u00e1s para poder hacer frente tanto a posibles lesiones como a los momentos m\u00e1s defensivamente imprecisos de la temporada.<\/p>\n<h2>Flick, sobre su nuevo &#8216;nueve&#8217;: Gabriel Jesus<\/h2>\n<p>\u00ab<strong>Vino de una lesi\u00f3n, pero todo est\u00e1 bien<\/strong>. Habl\u00e9 con \u00e9l esta tarde y <strong>me sorprendi\u00f3 un poco que pudi\u00e9ramos tener la oportunidad de conseguirlo<\/strong>. Realmente, me encanta: me gusta mucho c\u00f3mo juega al f\u00fatbol y tiene un estilo parecido al nuestro. Puede ayudarnos mucho en los partidos, as\u00ed que gracias a Deco porque, de nuevo, hizo un trabajo fant\u00e1stico. <strong>No creo que ma\u00f1ana haya m\u00e1s fichajes, pero veremos<\/strong>\u00ab.<\/p>\n<h2>Sin Juli\u00e1n pero con mucho gol<\/h2>\n<p>\u00ab<strong>Lamine<\/strong> [Yamal] siempre quiere mejorar; estoy muy contento con \u00e9l. Hoy ha jugado al f\u00fatbol de manera incre\u00edble. Por parte de [Anthony] <a href=\"https:\/\/www.mundodeportivo.com\/futbol\/fc-barcelona\/20260901\/1004221915\/nuevo-idolo-camp-nou.html\"><strong>Gordon<\/strong><\/a>, hoy ha dado <strong>dos asistencias de gol<\/strong>; tiene mucha velocidad, y ya tenemos mucha en esa posici\u00f3n con Adeyemi, Lamine&#8230; De <strong>Raphinha,<\/strong> esperaba este rendimiento. <strong>Ser capit\u00e1n es algo positivo para \u00e9l<\/strong> y tambi\u00e9n para las necesidades del equipo, ya que lo importante es c\u00f3mo jugamos en conjunto a pesar de tener que mejorar en algunas situaciones del partido\u00bb.<\/p>\n<figure id=\"attachment_65224\" aria-describedby=\"caption-attachment-65224\" style=\"width: 986px\" class=\"wp-caption aligncenter\"><img loading=\"lazy\" decoding=\"async\" class=\" wp-image-65224\" src=\"https:\/\/agentelibredigital.com\/wp-content\/uploads\/2026\/09\/fc-barcelona-v-rayo-vallecano-de-madrid-laliga-ea-sports-2026-27-300x207.jpg\" alt=\"\" width=\"986\" height=\"680\" srcset=\"https:\/\/agentelibredigital.com\/wp-content\/uploads\/2026\/09\/fc-barcelona-v-rayo-vallecano-de-madrid-laliga-ea-sports-2026-27-300x207.jpg 300w, https:\/\/agentelibredigital.com\/wp-content\/uploads\/2026\/09\/fc-barcelona-v-rayo-vallecano-de-madrid-laliga-ea-sports-2026-27-768x531.jpg 768w\" sizes=\"auto, (max-width: 986px) 100vw, 986px\" \/><figcaption id=\"caption-attachment-65224\" class=\"wp-caption-text\">Lamine Yamal regresa de la sequ\u00eda goleadora con un doblete ante el Rayo Vallecano. Fuente: David Ramos \/ Getty Images.<\/figcaption><\/figure>\n<h2>La locomotora &#8216;Flick&#8217;<\/h2>\n<p>\u00abPara m\u00ed lo importante son los tres puntos. Quer\u00edamos un buen inicio de temporada y, de momento, en la primera jornada todo me ha gustado mucho. En la segunda el rival era duro, pero <strong>a\u00fan tenemos que mejorar<\/strong> en los momentos con y sin bal\u00f3n. Tanto [Jo\u00e2o] <strong>Cancelo<\/strong>, como [Xavi] <strong>Espart<\/strong> y <strong><a href=\"https:\/\/agentelibredigital.com\/index.php\/2026\/08\/06\/rodri-se-decanta-por-el-barca\/\">Rodri<\/a><\/strong> pueden jugar de inicio\u00bb.<\/p>\n<p><strong>Redactor:<\/strong>\u00a0<em><a href=\"https:\/\/agentelibredigital.com\/index.php\/author\/adrian-garcia\/\">Adrian Garcia<\/a><\/em><\/p>\n","protected":false},"excerpt":{"rendered":"<p>El t\u00e9cnico alem\u00e1n ha comparecido en rueda de prensa despu\u00e9s de recuperar el liderato arrasando al Rayo Vallecano (5-2) Regresaron el liderato y las remontadas, pero tambi\u00e9n el olfato goleador&hellip; <\/p>\n","protected":false},"author":195,"featured_media":65225,"comment_status":"open","ping_status":"open","sticky":false,"template":"","format":"standard","meta":{"om_disable_all_campaigns":false,"_monsterinsights_skip_tracking":false,"_uf_show_specific_survey":0,"_uf_disable_surveys":false,"footnotes":""},"categories":[12,46],"tags":[55,2799,106,154,169],"class_list":["post-65219","post","type-post","status-publish","format-standard","has-post-thumbnail","hentry","category-fc-barcelona","category-laliga-ea-sports","tag-fc-barcelona","tag-hansi-flick","tag-laliga-ea-sports","tag-mercado-de-fichajes","tag-rayo-vallecano"],"aioseo_notices":[],"aioseo_head":"\n\t\t<!-- All in One SEO 5.0.1.1 - aioseo.com -->\n\t<meta name=\"description\" content=\"Flick deja entreabierta la plantilla: \u00abno creo que ma\u00f1ana haya m\u00e1s fichajes, pero veremos\u00bb El t\u00e9cnico alem\u00e1n ha comparecido en rueda de prensa despu\u00e9s de recuperar el liderato arrasando al Rayo Vallecano (5-2)\" \/>\n\t<meta name=\"robots\" content=\"max-image-preview:large\" \/>\n\t<meta name=\"author\" content=\"Adrian Garcia\"\/>\n\t<link rel=\"canonical\" href=\"https:\/\/agentelibredigital.com\/index.php\/2026\/09\/01\/flick-deja-entreabierta-la-plantilla-no-creo-que-manana-haya-mas-fichajes-pero-veremos\/\" \/>\n\t<meta name=\"generator\" content=\"All in One SEO (AIOSEO) 5.0.1.1\" \/>\n\t\t<meta property=\"og:locale\" content=\"es_ES\" \/>\n\t\t<meta property=\"og:site_name\" content=\"Agente Libre Digital \u2013 La nueva generaci\u00f3n del periodismo deportivo.\" \/>\n\t\t<meta property=\"og:type\" content=\"article\" \/>\n\t\t<meta property=\"og:title\" content=\"Flick deja entreabierta la plantilla: \u00abno creo que ma\u00f1ana haya m\u00e1s fichajes, pero veremos\u00bb \u2013 Agente Libre Digital\" \/>\n\t\t<meta property=\"og:description\" content=\"Flick deja entreabierta la plantilla: \u00abno creo que ma\u00f1ana haya m\u00e1s fichajes, pero veremos\u00bb El t\u00e9cnico alem\u00e1n ha comparecido en rueda de prensa despu\u00e9s de recuperar el liderato arrasando al Rayo Vallecano (5-2)\" \/>\n\t\t<meta property=\"og:url\" content=\"https:\/\/agentelibredigital.com\/index.php\/2026\/09\/01\/flick-deja-entreabierta-la-plantilla-no-creo-que-manana-haya-mas-fichajes-pero-veremos\/\" \/>\n\t\t<meta property=\"og:image\" content=\"https:\/\/agentelibredigital.com\/wp-content\/uploads\/2026\/09\/birmingham-city-v-fc-barcelona-pre-season-friendly-scaled.jpg\" \/>\n\t\t<meta property=\"og:image:secure_url\" content=\"https:\/\/agentelibredigital.com\/wp-content\/uploads\/2026\/09\/birmingham-city-v-fc-barcelona-pre-season-friendly-scaled.jpg\" \/>\n\t\t<meta property=\"og:image:width\" content=\"2560\" \/>\n\t\t<meta property=\"og:image:height\" content=\"1707\" \/>\n\t\t<meta property=\"article:published_time\" content=\"2026-08-31T23:12:58+00:00\" \/>\n\t\t<meta property=\"article:modified_time\" content=\"2026-08-31T23:12:58+00:00\" \/>\n\t\t<meta name=\"twitter:card\" content=\"summary\" \/>\n\t\t<meta name=\"twitter:site\" content=\"@AgenteLibre_dig\" \/>\n\t\t<meta name=\"twitter:title\" content=\"Flick deja entreabierta la plantilla: \u00abno creo que ma\u00f1ana haya m\u00e1s fichajes, pero veremos\u00bb \u2013 Agente Libre Digital\" \/>\n\t\t<meta name=\"twitter:description\" content=\"Flick deja entreabierta la plantilla: \u00abno creo que ma\u00f1ana haya m\u00e1s fichajes, pero veremos\u00bb El t\u00e9cnico alem\u00e1n ha comparecido en rueda de prensa despu\u00e9s de recuperar el liderato arrasando al Rayo Vallecano (5-2)\" \/>\n\t\t<meta name=\"twitter:creator\" content=\"@AgenteLibre_dig\" \/>\n\t\t<meta name=\"twitter:image\" content=\"https:\/\/agentelibredigital.com\/wp-content\/uploads\/2026\/09\/birmingham-city-v-fc-barcelona-pre-season-friendly-scaled.jpg\" \/>\n\t\t<script type=\"application\/ld+json\" class=\"aioseo-schema\">\n\t\t\t{\"@context\":\"https:\\\/\\\/schema.org\",\"@graph\":[{\"@type\":\"BlogPosting\",\"@id\":\"https:\\\/\\\/agentelibredigital.com\\\/index.php\\\/2026\\\/09\\\/01\\\/flick-deja-entreabierta-la-plantilla-no-creo-que-manana-haya-mas-fichajes-pero-veremos\\\/#blogposting\",\"name\":\"Flick deja entreabierta la plantilla: \\u00abno creo que ma\\u00f1ana haya m\\u00e1s fichajes, pero veremos\\u00bb \\u2013 Agente Libre Digital\",\"headline\":\"Flick deja entreabierta la plantilla: \\u00abno creo que ma\\u00f1ana haya m\\u00e1s fichajes, pero veremos\\u00bb\",\"author\":{\"@id\":\"https:\\\/\\\/agentelibredigital.com\\\/index.php\\\/author\\\/adrian-garcia\\\/#author\"},\"publisher\":{\"@id\":\"https:\\\/\\\/agentelibredigital.com\\\/#organization\"},\"image\":{\"@type\":\"ImageObject\",\"url\":\"https:\\\/\\\/agentelibredigital.com\\\/wp-content\\\/uploads\\\/2026\\\/09\\\/birmingham-city-v-fc-barcelona-pre-season-friendly-scaled.jpg\",\"width\":2560,\"height\":1707,\"caption\":\"Flick no cierra la puerta a la llegada de nuevos refuerzos. Fuente: Alex Livesey \\\/ Getty Images.\"},\"datePublished\":\"2026-09-01T01:12:58+02:00\",\"dateModified\":\"2026-09-01T01:12:58+02:00\",\"inLanguage\":\"es-ES\",\"mainEntityOfPage\":{\"@id\":\"https:\\\/\\\/agentelibredigital.com\\\/index.php\\\/2026\\\/09\\\/01\\\/flick-deja-entreabierta-la-plantilla-no-creo-que-manana-haya-mas-fichajes-pero-veremos\\\/#webpage\"},\"isPartOf\":{\"@id\":\"https:\\\/\\\/agentelibredigital.com\\\/index.php\\\/2026\\\/09\\\/01\\\/flick-deja-entreabierta-la-plantilla-no-creo-que-manana-haya-mas-fichajes-pero-veremos\\\/#webpage\"},\"articleSection\":\"FC Barcelona, LaLiga EA Sports, FC Barcelona, Hansi Flick, LaLiga EA Sports, Mercado de fichajes, Rayo Vallecano\"},{\"@type\":\"BreadcrumbList\",\"@id\":\"https:\\\/\\\/agentelibredigital.com\\\/index.php\\\/2026\\\/09\\\/01\\\/flick-deja-entreabierta-la-plantilla-no-creo-que-manana-haya-mas-fichajes-pero-veremos\\\/#breadcrumblist\",\"itemListElement\":[{\"@type\":\"ListItem\",\"@id\":\"https:\\\/\\\/agentelibredigital.com#listItem\",\"position\":1,\"name\":\"Home\",\"item\":\"https:\\\/\\\/agentelibredigital.com\",\"nextItem\":{\"@type\":\"ListItem\",\"@id\":\"https:\\\/\\\/agentelibredigital.com\\\/index.php\\\/category\\\/fc-barcelona\\\/#listItem\",\"name\":\"FC Barcelona\"}},{\"@type\":\"ListItem\",\"@id\":\"https:\\\/\\\/agentelibredigital.com\\\/index.php\\\/category\\\/fc-barcelona\\\/#listItem\",\"position\":2,\"name\":\"FC Barcelona\",\"item\":\"https:\\\/\\\/agentelibredigital.com\\\/index.php\\\/category\\\/fc-barcelona\\\/\",\"nextItem\":{\"@type\":\"ListItem\",\"@id\":\"https:\\\/\\\/agentelibredigital.com\\\/index.php\\\/2026\\\/09\\\/01\\\/flick-deja-entreabierta-la-plantilla-no-creo-que-manana-haya-mas-fichajes-pero-veremos\\\/#listItem\",\"name\":\"Flick deja entreabierta la plantilla: \\u00abno creo que ma\\u00f1ana haya m\\u00e1s fichajes, pero veremos\\u00bb\"},\"previousItem\":{\"@type\":\"ListItem\",\"@id\":\"https:\\\/\\\/agentelibredigital.com#listItem\",\"name\":\"Home\"}},{\"@type\":\"ListItem\",\"@id\":\"https:\\\/\\\/agentelibredigital.com\\\/index.php\\\/2026\\\/09\\\/01\\\/flick-deja-entreabierta-la-plantilla-no-creo-que-manana-haya-mas-fichajes-pero-veremos\\\/#listItem\",\"position\":3,\"name\":\"Flick deja entreabierta la plantilla: \\u00abno creo que ma\\u00f1ana haya m\\u00e1s fichajes, pero veremos\\u00bb\",\"previousItem\":{\"@type\":\"ListItem\",\"@id\":\"https:\\\/\\\/agentelibredigital.com\\\/index.php\\\/category\\\/fc-barcelona\\\/#listItem\",\"name\":\"FC Barcelona\"}}]},{\"@type\":\"Organization\",\"@id\":\"https:\\\/\\\/agentelibredigital.com\\\/#organization\",\"name\":\"Agente Libre Digital\",\"description\":\"La nueva generaci\\u00f3n del periodismo deportivo.\",\"url\":\"https:\\\/\\\/agentelibredigital.com\\\/\",\"telephone\":\"+34665330413\",\"logo\":{\"@type\":\"ImageObject\",\"url\":\"https:\\\/\\\/agentelibredigital.com\\\/wp-content\\\/uploads\\\/2023\\\/10\\\/Agente-5-1.png\",\"@id\":\"https:\\\/\\\/agentelibredigital.com\\\/index.php\\\/2026\\\/09\\\/01\\\/flick-deja-entreabierta-la-plantilla-no-creo-que-manana-haya-mas-fichajes-pero-veremos\\\/#organizationLogo\",\"width\":500,\"height\":500},\"image\":{\"@id\":\"https:\\\/\\\/agentelibredigital.com\\\/index.php\\\/2026\\\/09\\\/01\\\/flick-deja-entreabierta-la-plantilla-no-creo-que-manana-haya-mas-fichajes-pero-veremos\\\/#organizationLogo\"},\"sameAs\":[\"https:\\\/\\\/twitter.com\\\/AgenteLibre_dig\",\"https:\\\/\\\/www.instagram.com\\\/agentelibre_dig\\\/\"]},{\"@type\":\"Person\",\"@id\":\"https:\\\/\\\/agentelibredigital.com\\\/index.php\\\/author\\\/adrian-garcia\\\/#author\",\"url\":\"https:\\\/\\\/agentelibredigital.com\\\/index.php\\\/author\\\/adrian-garcia\\\/\",\"name\":\"Adrian Garcia\",\"image\":{\"@type\":\"ImageObject\",\"@id\":\"https:\\\/\\\/agentelibredigital.com\\\/index.php\\\/2026\\\/09\\\/01\\\/flick-deja-entreabierta-la-plantilla-no-creo-que-manana-haya-mas-fichajes-pero-veremos\\\/#authorImage\",\"url\":\"https:\\\/\\\/secure.gravatar.com\\\/avatar\\\/2646a2b8728a01c9eb97c14f2f14f7deab1473afcab44d4d51eac59cdf517f3b?s=96&d=mm&r=g\",\"width\":96,\"height\":96,\"caption\":\"Adrian Garcia\"}},{\"@type\":\"WebPage\",\"@id\":\"https:\\\/\\\/agentelibredigital.com\\\/index.php\\\/2026\\\/09\\\/01\\\/flick-deja-entreabierta-la-plantilla-no-creo-que-manana-haya-mas-fichajes-pero-veremos\\\/#webpage\",\"url\":\"https:\\\/\\\/agentelibredigital.com\\\/index.php\\\/2026\\\/09\\\/01\\\/flick-deja-entreabierta-la-plantilla-no-creo-que-manana-haya-mas-fichajes-pero-veremos\\\/\",\"name\":\"Flick deja entreabierta la plantilla: \\u00abno creo que ma\\u00f1ana haya m\\u00e1s fichajes, pero veremos\\u00bb \\u2013 Agente Libre Digital\",\"description\":\"Flick deja entreabierta la plantilla: \\u00abno creo que ma\\u00f1ana haya m\\u00e1s fichajes, pero veremos\\u00bb El t\\u00e9cnico alem\\u00e1n ha comparecido en rueda de prensa despu\\u00e9s de recuperar el liderato arrasando al Rayo Vallecano (5-2)\",\"inLanguage\":\"es-ES\",\"isPartOf\":{\"@id\":\"https:\\\/\\\/agentelibredigital.com\\\/#website\"},\"breadcrumb\":{\"@id\":\"https:\\\/\\\/agentelibredigital.com\\\/index.php\\\/2026\\\/09\\\/01\\\/flick-deja-entreabierta-la-plantilla-no-creo-que-manana-haya-mas-fichajes-pero-veremos\\\/#breadcrumblist\"},\"author\":{\"@id\":\"https:\\\/\\\/agentelibredigital.com\\\/index.php\\\/author\\\/adrian-garcia\\\/#author\"},\"creator\":{\"@id\":\"https:\\\/\\\/agentelibredigital.com\\\/index.php\\\/author\\\/adrian-garcia\\\/#author\"},\"image\":{\"@type\":\"ImageObject\",\"url\":\"https:\\\/\\\/agentelibredigital.com\\\/wp-content\\\/uploads\\\/2026\\\/09\\\/birmingham-city-v-fc-barcelona-pre-season-friendly-scaled.jpg\",\"@id\":\"https:\\\/\\\/agentelibredigital.com\\\/index.php\\\/2026\\\/09\\\/01\\\/flick-deja-entreabierta-la-plantilla-no-creo-que-manana-haya-mas-fichajes-pero-veremos\\\/#mainImage\",\"width\":2560,\"height\":1707,\"caption\":\"Flick no cierra la puerta a la llegada de nuevos refuerzos. Fuente: Alex Livesey \\\/ Getty Images.\"},\"primaryImageOfPage\":{\"@id\":\"https:\\\/\\\/agentelibredigital.com\\\/index.php\\\/2026\\\/09\\\/01\\\/flick-deja-entreabierta-la-plantilla-no-creo-que-manana-haya-mas-fichajes-pero-veremos\\\/#mainImage\"},\"datePublished\":\"2026-09-01T01:12:58+02:00\",\"dateModified\":\"2026-09-01T01:12:58+02:00\"},{\"@type\":\"WebSite\",\"@id\":\"https:\\\/\\\/agentelibredigital.com\\\/#website\",\"url\":\"https:\\\/\\\/agentelibredigital.com\\\/\",\"name\":\"agentelibredigital.com\",\"alternateName\":\"Agente Libre\",\"description\":\"La nueva generaci\\u00f3n del periodismo deportivo.\",\"inLanguage\":\"es-ES\",\"publisher\":{\"@id\":\"https:\\\/\\\/agentelibredigital.com\\\/#organization\"}}]}\n\t\t<\/script>\n\t\t<!-- All in One SEO -->\n\n","aioseo_head_json":{"title":"Flick deja entreabierta la plantilla: \u00abno creo que ma\u00f1ana haya m\u00e1s fichajes, pero veremos\u00bb \u2013 Agente Libre Digital","description":"Flick deja entreabierta la plantilla: \u00abno creo que ma\u00f1ana haya m\u00e1s fichajes, pero veremos\u00bb El t\u00e9cnico alem\u00e1n ha comparecido en rueda de prensa despu\u00e9s de recuperar el liderato arrasando al Rayo Vallecano (5-2)","canonical_url":"https:\/\/agentelibredigital.com\/index.php\/2026\/09\/01\/flick-deja-entreabierta-la-plantilla-no-creo-que-manana-haya-mas-fichajes-pero-veremos\/","robots":"max-image-preview:large","keywords":"","webmasterTools":{"miscellaneous":""},"schema":{"@context":"https:\/\/schema.org","@graph":[{"@type":"BlogPosting","@id":"https:\/\/agentelibredigital.com\/index.php\/2026\/09\/01\/flick-deja-entreabierta-la-plantilla-no-creo-que-manana-haya-mas-fichajes-pero-veremos\/#blogposting","name":"Flick deja entreabierta la plantilla: \u00abno creo que ma\u00f1ana haya m\u00e1s fichajes, pero veremos\u00bb \u2013 Agente Libre Digital","headline":"Flick deja entreabierta la plantilla: \u00abno creo que ma\u00f1ana haya m\u00e1s fichajes, pero veremos\u00bb","author":{"@id":"https:\/\/agentelibredigital.com\/index.php\/author\/adrian-garcia\/#author"},"publisher":{"@id":"https:\/\/agentelibredigital.com\/#organization"},"image":{"@type":"ImageObject","url":"https:\/\/agentelibredigital.com\/wp-content\/uploads\/2026\/09\/birmingham-city-v-fc-barcelona-pre-season-friendly-scaled.jpg","width":2560,"height":1707,"caption":"Flick no cierra la puerta a la llegada de nuevos refuerzos. Fuente: Alex Livesey \/ Getty Images."},"datePublished":"2026-09-01T01:12:58+02:00","dateModified":"2026-09-01T01:12:58+02:00","inLanguage":"es-ES","mainEntityOfPage":{"@id":"https:\/\/agentelibredigital.com\/index.php\/2026\/09\/01\/flick-deja-entreabierta-la-plantilla-no-creo-que-manana-haya-mas-fichajes-pero-veremos\/#webpage"},"isPartOf":{"@id":"https:\/\/agentelibredigital.com\/index.php\/2026\/09\/01\/flick-deja-entreabierta-la-plantilla-no-creo-que-manana-haya-mas-fichajes-pero-veremos\/#webpage"},"articleSection":"FC Barcelona, LaLiga EA Sports, FC Barcelona, Hansi Flick, LaLiga EA Sports, Mercado de fichajes, Rayo Vallecano"},{"@type":"BreadcrumbList","@id":"https:\/\/agentelibredigital.com\/index.php\/2026\/09\/01\/flick-deja-entreabierta-la-plantilla-no-creo-que-manana-haya-mas-fichajes-pero-veremos\/#breadcrumblist","itemListElement":[{"@type":"ListItem","@id":"https:\/\/agentelibredigital.com#listItem","position":1,"name":"Home","item":"https:\/\/agentelibredigital.com","nextItem":{"@type":"ListItem","@id":"https:\/\/agentelibredigital.com\/index.php\/category\/fc-barcelona\/#listItem","name":"FC Barcelona"}},{"@type":"ListItem","@id":"https:\/\/agentelibredigital.com\/index.php\/category\/fc-barcelona\/#listItem","position":2,"name":"FC Barcelona","item":"https:\/\/agentelibredigital.com\/index.php\/category\/fc-barcelona\/","nextItem":{"@type":"ListItem","@id":"https:\/\/agentelibredigital.com\/index.php\/2026\/09\/01\/flick-deja-entreabierta-la-plantilla-no-creo-que-manana-haya-mas-fichajes-pero-veremos\/#listItem","name":"Flick deja entreabierta la plantilla: \u00abno creo que ma\u00f1ana haya m\u00e1s fichajes, pero veremos\u00bb"},"previousItem":{"@type":"ListItem","@id":"https:\/\/agentelibredigital.com#listItem","name":"Home"}},{"@type":"ListItem","@id":"https:\/\/agentelibredigital.com\/index.php\/2026\/09\/01\/flick-deja-entreabierta-la-plantilla-no-creo-que-manana-haya-mas-fichajes-pero-veremos\/#listItem","position":3,"name":"Flick deja entreabierta la plantilla: \u00abno creo que ma\u00f1ana haya m\u00e1s fichajes, pero veremos\u00bb","previousItem":{"@type":"ListItem","@id":"https:\/\/agentelibredigital.com\/index.php\/category\/fc-barcelona\/#listItem","name":"FC Barcelona"}}]},{"@type":"Organization","@id":"https:\/\/agentelibredigital.com\/#organization","name":"Agente Libre Digital","description":"La nueva generaci\u00f3n del periodismo deportivo.","url":"https:\/\/agentelibredigital.com\/","telephone":"+34665330413","logo":{"@type":"ImageObject","url":"https:\/\/agentelibredigital.com\/wp-content\/uploads\/2023\/10\/Agente-5-1.png","@id":"https:\/\/agentelibredigital.com\/index.php\/2026\/09\/01\/flick-deja-entreabierta-la-plantilla-no-creo-que-manana-haya-mas-fichajes-pero-veremos\/#organizationLogo","width":500,"height":500},"image":{"@id":"https:\/\/agentelibredigital.com\/index.php\/2026\/09\/01\/flick-deja-entreabierta-la-plantilla-no-creo-que-manana-haya-mas-fichajes-pero-veremos\/#organizationLogo"},"sameAs":["https:\/\/twitter.com\/AgenteLibre_dig","https:\/\/www.instagram.com\/agentelibre_dig\/"]},{"@type":"Person","@id":"https:\/\/agentelibredigital.com\/index.php\/author\/adrian-garcia\/#author","url":"https:\/\/agentelibredigital.com\/index.php\/author\/adrian-garcia\/","name":"Adrian Garcia","image":{"@type":"ImageObject","@id":"https:\/\/agentelibredigital.com\/index.php\/2026\/09\/01\/flick-deja-entreabierta-la-plantilla-no-creo-que-manana-haya-mas-fichajes-pero-veremos\/#authorImage","url":"https:\/\/secure.gravatar.com\/avatar\/2646a2b8728a01c9eb97c14f2f14f7deab1473afcab44d4d51eac59cdf517f3b?s=96&d=mm&r=g","width":96,"height":96,"caption":"Adrian Garcia"}},{"@type":"WebPage","@id":"https:\/\/agentelibredigital.com\/index.php\/2026\/09\/01\/flick-deja-entreabierta-la-plantilla-no-creo-que-manana-haya-mas-fichajes-pero-veremos\/#webpage","url":"https:\/\/agentelibredigital.com\/index.php\/2026\/09\/01\/flick-deja-entreabierta-la-plantilla-no-creo-que-manana-haya-mas-fichajes-pero-veremos\/","name":"Flick deja entreabierta la plantilla: \u00abno creo que ma\u00f1ana haya m\u00e1s fichajes, pero veremos\u00bb \u2013 Agente Libre Digital","description":"Flick deja entreabierta la plantilla: \u00abno creo que ma\u00f1ana haya m\u00e1s fichajes, pero veremos\u00bb El t\u00e9cnico alem\u00e1n ha comparecido en rueda de prensa despu\u00e9s de recuperar el liderato arrasando al Rayo Vallecano (5-2)","inLanguage":"es-ES","isPartOf":{"@id":"https:\/\/agentelibredigital.com\/#website"},"breadcrumb":{"@id":"https:\/\/agentelibredigital.com\/index.php\/2026\/09\/01\/flick-deja-entreabierta-la-plantilla-no-creo-que-manana-haya-mas-fichajes-pero-veremos\/#breadcrumblist"},"author":{"@id":"https:\/\/agentelibredigital.com\/index.php\/author\/adrian-garcia\/#author"},"creator":{"@id":"https:\/\/agentelibredigital.com\/index.php\/author\/adrian-garcia\/#author"},"image":{"@type":"ImageObject","url":"https:\/\/agentelibredigital.com\/wp-content\/uploads\/2026\/09\/birmingham-city-v-fc-barcelona-pre-season-friendly-scaled.jpg","@id":"https:\/\/agentelibredigital.com\/index.php\/2026\/09\/01\/flick-deja-entreabierta-la-plantilla-no-creo-que-manana-haya-mas-fichajes-pero-veremos\/#mainImage","width":2560,"height":1707,"caption":"Flick no cierra la puerta a la llegada de nuevos refuerzos. Fuente: Alex Livesey \/ Getty Images."},"primaryImageOfPage":{"@id":"https:\/\/agentelibredigital.com\/index.php\/2026\/09\/01\/flick-deja-entreabierta-la-plantilla-no-creo-que-manana-haya-mas-fichajes-pero-veremos\/#mainImage"},"datePublished":"2026-09-01T01:12:58+02:00","dateModified":"2026-09-01T01:12:58+02:00"},{"@type":"WebSite","@id":"https:\/\/agentelibredigital.com\/#website","url":"https:\/\/agentelibredigital.com\/","name":"agentelibredigital.com","alternateName":"Agente Libre","description":"La nueva generaci\u00f3n del periodismo deportivo.","inLanguage":"es-ES","publisher":{"@id":"https:\/\/agentelibredigital.com\/#organization"}}]},"og:locale":"es_ES","og:site_name":"Agente Libre Digital \u2013 La nueva generaci\u00f3n del periodismo deportivo.","og:type":"article","og:title":"Flick deja entreabierta la plantilla: \u00abno creo que ma\u00f1ana haya m\u00e1s fichajes, pero veremos\u00bb \u2013 Agente Libre Digital","og:description":"Flick deja entreabierta la plantilla: \u00abno creo que ma\u00f1ana haya m\u00e1s fichajes, pero veremos\u00bb El t\u00e9cnico alem\u00e1n ha comparecido en rueda de prensa despu\u00e9s de recuperar el liderato arrasando al Rayo Vallecano (5-2)","og:url":"https:\/\/agentelibredigital.com\/index.php\/2026\/09\/01\/flick-deja-entreabierta-la-plantilla-no-creo-que-manana-haya-mas-fichajes-pero-veremos\/","og:image":"https:\/\/agentelibredigital.com\/wp-content\/uploads\/2026\/09\/birmingham-city-v-fc-barcelona-pre-season-friendly-scaled.jpg","og:image:secure_url":"https:\/\/agentelibredigital.com\/wp-content\/uploads\/2026\/09\/birmingham-city-v-fc-barcelona-pre-season-friendly-scaled.jpg","og:image:width":2560,"og:image:height":1707,"article:published_time":"2026-08-31T23:12:58+00:00","article:modified_time":"2026-08-31T23:12:58+00:00","twitter:card":"summary","twitter:site":"@AgenteLibre_dig","twitter:title":"Flick deja entreabierta la plantilla: \u00abno creo que ma\u00f1ana haya m\u00e1s fichajes, pero veremos\u00bb \u2013 Agente Libre Digital","twitter:description":"Flick deja entreabierta la plantilla: \u00abno creo que ma\u00f1ana haya m\u00e1s fichajes, pero veremos\u00bb El t\u00e9cnico alem\u00e1n ha comparecido en rueda de prensa despu\u00e9s de recuperar el liderato arrasando al Rayo Vallecano (5-2)","twitter:creator":"@AgenteLibre_dig","twitter:image":"https:\/\/agentelibredigital.com\/wp-content\/uploads\/2026\/09\/birmingham-city-v-fc-barcelona-pre-season-friendly-scaled.jpg"},"aioseo_meta_data":{"post_id":"65219","title":null,"description":"#post_title El t\u00e9cnico alem\u00e1n ha comparecido en rueda de prensa despu\u00e9s de recuperar el liderato arrasando al Rayo Vallecano (5-2)","keywords":null,"keyphrases":{"focus":{"keyphrase":"flick","score":0,"analysis":[]},"additional":[]},"primary_term":null,"canonical_url":null,"og_title":null,"og_description":null,"og_object_type":"default","og_image_type":"default","og_image_url":null,"og_image_width":null,"og_image_height":null,"og_image_custom_url":null,"og_image_custom_fields":null,"og_video":"","og_custom_url":null,"og_article_section":null,"og_article_tags":null,"twitter_use_og":false,"twitter_card":"default","twitter_image_type":"default","twitter_image_url":null,"twitter_image_custom_url":null,"twitter_image_custom_fields":null,"twitter_title":null,"twitter_description":null,"schema":{"blockGraphs":[],"customGraphs":[],"default":{"data":{"Article":[],"Course":[],"Dataset":[],"FAQPage":[],"Movie":[],"Person":[],"Product":[],"ProductReview":[],"Car":[],"Recipe":[],"Service":[],"SoftwareApplication":[],"WebPage":[]},"graphName":"BlogPosting","isEnabled":true},"graphs":[]},"schema_type":"default","schema_type_options":null,"pillar_content":false,"robots_default":true,"robots_noindex":false,"robots_noarchive":false,"robots_nosnippet":false,"robots_nofollow":false,"robots_noimageindex":false,"robots_noodp":false,"robots_notranslate":false,"robots_max_snippet":"-1","robots_max_videopreview":"-1","robots_max_imagepreview":"large","priority":null,"frequency":"default","local_seo":null,"breadcrumb_settings":null,"limit_modified_date":false,"ai":{"faqs":[],"keyPoints":[],"schemas":[],"titles":[],"descriptions":[],"socialPosts":{"email":{"subject":"","preview":"","content":""},"linkedin":[],"twitter":[],"facebook":[],"instagram":[]}},"created":"2026-08-31 21:51:56","updated":"2026-08-31 23:13:22","seo_analyzer_scan_date":null,"focus_keyword":"flick","additional_keywords":null,"truseo_locale":null},"aioseo_breadcrumb":"<div class=\"aioseo-breadcrumbs\"><span class=\"aioseo-breadcrumb\">\n\t\t\t<a href=\"https:\/\/agentelibredigital.com\" title=\"Home\">Home<\/a>\n\t\t<\/span><span class=\"aioseo-breadcrumb-separator\">&raquo;<\/span><span class=\"aioseo-breadcrumb\">\n\t\t\t<a href=\"https:\/\/agentelibredigital.com\/index.php\/category\/fc-barcelona\/\" title=\"FC Barcelona\">FC Barcelona<\/a>\n\t\t<\/span><span class=\"aioseo-breadcrumb-separator\">&raquo;<\/span><span class=\"aioseo-breadcrumb\">\n\t\t\tFlick deja entreabierta la plantilla: \u00abno creo que ma\u00f1ana haya m\u00e1s fichajes, pero veremos\u00bb\n\t\t<\/span><\/div>","aioseo_breadcrumb_json":[{"label":"Home","link":"https:\/\/agentelibredigital.com"},{"label":"FC Barcelona","link":"https:\/\/agentelibredigital.com\/index.php\/category\/fc-barcelona\/"},{"label":"Flick deja entreabierta la plantilla: \u00abno creo que ma\u00f1ana haya m\u00e1s fichajes, pero veremos\u00bb","link":"https:\/\/agentelibredigital.com\/index.php\/2026\/09\/01\/flick-deja-entreabierta-la-plantilla-no-creo-que-manana-haya-mas-fichajes-pero-veremos\/"}],"_links":{"self":[{"href":"https:\/\/agentelibredigital.com\/index.php\/wp-json\/wp\/v2\/posts\/65219","targetHints":{"allow":["GET"]}}],"collection":[{"href":"https:\/\/agentelibredigital.com\/index.php\/wp-json\/wp\/v2\/posts"}],"about":[{"href":"https:\/\/agentelibredigital.com\/index.php\/wp-json\/wp\/v2\/types\/post"}],"author":[{"embeddable":true,"href":"https:\/\/agentelibredigital.com\/index.php\/wp-json\/wp\/v2\/users\/195"}],"replies":[{"embeddable":true,"href":"https:\/\/agentelibredigital.com\/index.php\/wp-json\/wp\/v2\/comments?post=65219"}],"version-history":[{"count":2,"href":"https:\/\/agentelibredigital.com\/index.php\/wp-json\/wp\/v2\/posts\/65219\/revisions"}],"predecessor-version":[{"id":65226,"href":"https:\/\/agentelibredigital.com\/index.php\/wp-json\/wp\/v2\/posts\/65219\/revisions\/65226"}],"wp:featuredmedia":[{"embeddable":true,"href":"https:\/\/agentelibredigital.com\/index.php\/wp-json\/wp\/v2\/media\/65225"}],"wp:attachment":[{"href":"https:\/\/agentelibredigital.com\/index.php\/wp-json\/wp\/v2\/media?parent=65219"}],"wp:term":[{"taxonomy":"category","embeddable":true,"href":"https:\/\/agentelibredigital.com\/index.php\/wp-json\/wp\/v2\/categories?post=65219"},{"taxonomy":"post_tag","embeddable":true,"href":"https:\/\/agentelibredigital.com\/index.php\/wp-json\/wp\/v2\/tags?post=65219"}],"curies":[{"name":"wp","href":"https:\/\/api.w.org\/{rel}","templated":true}]}}