{"id":65202,"date":"2026-08-31T22:59:31","date_gmt":"2026-08-31T20:59:31","guid":{"rendered":"https:\/\/agentelibredigital.com\/?p=65202"},"modified":"2026-08-31T22:59:31","modified_gmt":"2026-08-31T20:59:31","slug":"burgos-cf-2-2-real-sociedad-b-el-burgos-no-arranca","status":"publish","type":"post","link":"https:\/\/agentelibredigital.com\/index.php\/2026\/08\/31\/burgos-cf-2-2-real-sociedad-b-el-burgos-no-arranca\/","title":{"rendered":"Burgos CF 2-2 Real Sociedad B: El Burgos no arranca"},"content":{"rendered":"<h4>Los blanquinegros vuelven a sembrar dudas tras repetir errores pasados y empatar con el filial de la Real Sociedad<\/h4>\n<p>El <a href=\"https:\/\/agentelibredigital.com\/?s=burgos+cf\"><strong>Burgos CF<\/strong> <\/a>ha empatado <strong>2-2<\/strong> con la <strong>Real Sociedad B<\/strong> en El Plant\u00edo en la jornada 3 de <a href=\"https:\/\/agentelibredigital.com\/index.php\/category\/laliga-hypermotion\/\">La Liga Hypermotion<\/a>. El Burgos dio sensaci\u00f3n de control en el primer tiempo y capaz merece ir ganando al descanso, pero vuelve a encajar un gol infantil. En el segundo tiempo el Burgos volvi\u00f3 a estar carente de ideas, pero tuvo la suerte de encontrarse con el 2-1, pero no supo mantener la ventaja y pronto volvi\u00f3 a encajar un gol tonto. Igualmente, aunque el Burgos no mereci\u00f3 ganar, tiene motivos para quejarse del arbitraje, ya que no pitan un penalti claro a Llabr\u00e9s en el primer tiempo y anulan un gol de manera muy rigurosa a David Gonz\u00e1lez en el descuento del segundo tiempo.<\/p>\n<h2>Control blanquinegro, pero reciben gol infantil<\/h2>\n<p dir=\"ltr\">El partido comenz\u00f3 sin un dominador claro y ambos equipos se acercaron al gol, el Burgos con un mano a mano fallado por Alex For\u00e9s, que igualmente fue anulado por fuera de juego,\u00a0 y un remate al palo desde el \u00e1rea peque\u00f1a de Gorka Carrera para el filial realista. En el minuto 11, un bal\u00f3n impact\u00f3 en la mano de Agote dentro del \u00e1rea y aunque Josu Galech Azpeztegu\u00eda no apreci\u00f3 nada en directo, tras un par de minutos de revisi\u00f3n<strong>, Iv\u00e1n Caparr\u00f3s Hern\u00e1ndez le mand\u00f3 a revisarla al VAR y que pitara penalti.<\/strong> Y as\u00ed hizo el colegiado navarro.<em> <strong>Curro tom\u00f3 la responsabilidad y marc\u00f3 el primero del partido.<\/strong><\/em> Entonces llegar\u00edan los mejores minutos del Burgos, que dominar\u00eda el partido durante el siguiente tramo, y aunque en alg\u00fan momento la Real B tuviera el bal\u00f3n, el Burgos era el equipo que controloaba el encuentro. En el minuto 24, \u00c1lex For\u00e9s volvi\u00f3 a fallar un mano a mano y unos minutos despu\u00e9s har\u00eda lo propio Gorka Carrera para la Real B tras un robo de bal\u00f3n bastante riguroso de Astiazaran. A\u00fan as\u00ed, en el partido daba la sensaci\u00f3n que pod\u00eda pasar cualquier cosa y as\u00ed fue en el minuto 38, cuando el Burgos dej\u00f3 muy descuidada la defensa en un corner a favor y<em> <strong>Dani D\u00edaz se march\u00f3 solo tras superar a un Dadie que no mostr\u00f3 mucha resistencia y al llegar al \u00e1rea dio el pase de la muerte para que marcara el empate Carrera<\/strong>.<\/em> El Burgos perdi\u00f3 de golpe el control del partido y se le empez\u00f3 a ver desesperado y carente de ideas. <strong>Galech Azpeztegu\u00eda se trag\u00f3 un claro derribo de Garro a Llabr\u00e9s en el \u00e1rea,<\/strong> acci\u00f3n en la que Caparr\u00f3s Hern\u00e1ndez no vio conveniente intervenir. Adem\u00e1s, a los blanquinegros les anular\u00edan un gol de \u00c1lex For\u00e9s por un ligero fuera de juego de Curro en el descuento del primer tiempo.<\/p>\n<figure style=\"width: 898px\" class=\"wp-caption alignnone\"><img loading=\"lazy\" decoding=\"async\" src=\"https:\/\/asmedia.epimg.net\/les\/20260831\/01ba30b6c89a3a5a88f42aa1722b5db1\/02eca74aff463b53ff9f2f3aec232580_720.jpeg\" alt=\"|\" width=\"898\" height=\"652\" \/><figcaption class=\"wp-caption-text\">Galdames y Curro celebrando el primer gol. Fuente La Liga<\/figcaption><\/figure>\n<h2>Un Burgos sin ideas pierde una oportunidad de oro<\/h2>\n<p>El segundo tiempo inici\u00f3 sin dominador claro y sin grandes sensaciones de peligro, pero daba la sensaci\u00f3n ahora de que el Burgos estaba perdido y la Real se encontraba m\u00e1s c\u00f3modo. En cambio en el minuto 56, <em><strong>un disparo lejano de Javi Llabr\u00e9s complic\u00f3 a Fraga que rechaz\u00f3 como pudo el remate y le cay\u00f3 a \u00c1lex For\u00e9s, que esta vez no perdon\u00f3 y volvi\u00f3 a poner en ventaja a su equipo<\/strong><\/em>. El partido parec\u00eda que se le hab\u00eda puesto de cara a los blanquinegros con muy poco, pero la Real B se ech\u00f3 arriba y en el minuto 62, Dani D\u00edaz remat\u00f3 desde la esquina del \u00e1rea de volea tras un saque de esquina.<em><strong> Cantero no logr\u00f3 blocar y dej\u00f3 el bal\u00f3n muerto para que Gorosabel totalmente solo cabeceara a gol y pusiera el 2-2<\/strong><\/em>. Tras el gol el Burgos perdi\u00f3 las pocas ideas que ten\u00eda y el filial donostiarra daba la sensaci\u00f3n de ser un equipo m\u00e1s solido, sin terminar ni de brillar ni de generar gran peligro. Los minutos fueron pasando sin grandes noticias y en los \u00faltimos co+mpases el Burgos intent\u00f3 buscar la \u00e9pica, pero con las pocas ideas existentes e ir a la desesperada provocaron que no tuvieran mucho \u00e9xito sus intentos. De todas maneras, <strong>iba a encontrar el gol en el minuto 90 por medio de David Gonz\u00e1lez, pero fue anulado de manera rigurosa<\/strong>. Galech Azpeztegu\u00eda se\u00f1al\u00f3 falta de Mollejo sobre el cancerbero de la Real B, Aitor Fraga, pero el 11 blanquinegro no toca a Fraga. Solo se entiende la no intervenci\u00f3n del VAR por un posible fuera de juego de Mollejo en el inicio de la acci\u00f3n.<\/p>\n<figure style=\"width: 901px\" class=\"wp-caption alignnone\"><img loading=\"lazy\" decoding=\"async\" src=\"https:\/\/statics-maker.llt-services.com\/bur\/images\/2026\/08\/31\/xlarge-wp\/8f4a3180-2c78-4acc-8116-47a42ac53abf-476.webp\" alt=\"\" width=\"901\" height=\"602\" \/><figcaption class=\"wp-caption-text\">For\u00e9s celebrando su gol. Fuente Burgos CF<\/figcaption><\/figure>\n<h2>Punto que deja m\u00e1s contento a la Real B<\/h2>\n<p><strong>El <a href=\"https:\/\/www.burgoscf.es\/noticias\/2-2-or-empate-con-polemica\">Burgos CF<\/a> se coloca 12\u00ba con 4 puntos<\/strong>. Suma su segundo partido seguido sin ganar y da la sensaci\u00f3n de que a\u00fan no arranca. Igualmente sigue sin perder en casa en este 2026 y suma su 2\u00ba partido de esta temporada sin perder como local.<\/p>\n<p><strong>La Real Sociedad B se coloca 13\u00ba con 4 puntos.<\/strong> Suman su segundo partido seguido sin perder y adem\u00e1s es su segundo partido consecutivo sin caer derrotado a domicilio.<\/p>\n<p>&nbsp;<\/p>\n","protected":false},"excerpt":{"rendered":"<p>Los blanquinegros vuelven a sembrar dudas tras repetir errores pasados y empatar con el filial de la Real Sociedad El Burgos CF ha empatado 2-2 con la Real Sociedad B&hellip; <\/p>\n","protected":false},"author":49,"featured_media":65205,"comment_status":"open","ping_status":"open","sticky":false,"template":"","format":"standard","meta":{"om_disable_all_campaigns":false,"_monsterinsights_skip_tracking":false,"_uf_show_specific_survey":0,"_uf_disable_surveys":false,"footnotes":""},"categories":[47,8],"tags":[569,218,1082,806],"class_list":["post-65202","post","type-post","status-publish","format-standard","has-post-thumbnail","hentry","category-futbol-espanol","category-laliga-hypermotion","tag-burgos-cf","tag-futbol-espanol","tag-la-liga-hypermotion","tag-real-sociedad-b"],"aioseo_notices":[],"aioseo_head":"\n\t\t<!-- All in One SEO 5.0.1.1 - aioseo.com -->\n\t<meta name=\"description\" content=\"Los blanquinegros vuelven a sembrar dudas tras repetir errores pasados y empatar con el filial de la Real Sociedad\" \/>\n\t<meta name=\"robots\" content=\"max-image-preview:large\" \/>\n\t<meta name=\"author\" content=\"Rafael Pereda\"\/>\n\t<link rel=\"canonical\" href=\"https:\/\/agentelibredigital.com\/index.php\/2026\/08\/31\/burgos-cf-2-2-real-sociedad-b-el-burgos-no-arranca\/\" \/>\n\t<meta name=\"generator\" content=\"All in One SEO (AIOSEO) 5.0.1.1\" \/>\n\t\t<meta property=\"og:locale\" content=\"es_ES\" \/>\n\t\t<meta property=\"og:site_name\" content=\"Agente Libre Digital \u2013 La nueva generaci\u00f3n del periodismo deportivo.\" \/>\n\t\t<meta property=\"og:type\" content=\"article\" \/>\n\t\t<meta property=\"og:title\" content=\"Burgos CF 2-2 Real Sociedad B: El Burgos no arranca \u2013 Agente Libre Digital\" \/>\n\t\t<meta property=\"og:description\" content=\"Los blanquinegros vuelven a sembrar dudas tras repetir errores pasados y empatar con el filial de la Real Sociedad\" \/>\n\t\t<meta property=\"og:url\" content=\"https:\/\/agentelibredigital.com\/index.php\/2026\/08\/31\/burgos-cf-2-2-real-sociedad-b-el-burgos-no-arranca\/\" \/>\n\t\t<meta property=\"og:image\" content=\"https:\/\/agentelibredigital.com\/wp-content\/uploads\/2026\/08\/burgos-real-b.jpeg\" \/>\n\t\t<meta property=\"og:image:secure_url\" content=\"https:\/\/agentelibredigital.com\/wp-content\/uploads\/2026\/08\/burgos-real-b.jpeg\" \/>\n\t\t<meta property=\"og:image:width\" content=\"720\" \/>\n\t\t<meta property=\"og:image:height\" content=\"477\" \/>\n\t\t<meta property=\"article:published_time\" content=\"2026-08-31T20:59:31+00:00\" \/>\n\t\t<meta property=\"article:modified_time\" content=\"2026-08-31T20:59:31+00:00\" \/>\n\t\t<meta name=\"twitter:card\" content=\"summary\" \/>\n\t\t<meta name=\"twitter:site\" content=\"@AgenteLibre_dig\" \/>\n\t\t<meta name=\"twitter:title\" content=\"Burgos CF 2-2 Real Sociedad B: El Burgos no arranca \u2013 Agente Libre Digital\" \/>\n\t\t<meta name=\"twitter:description\" content=\"Los blanquinegros vuelven a sembrar dudas tras repetir errores pasados y empatar con el filial de la Real Sociedad\" \/>\n\t\t<meta name=\"twitter:creator\" content=\"@AgenteLibre_dig\" \/>\n\t\t<meta name=\"twitter:image\" content=\"https:\/\/agentelibredigital.com\/wp-content\/uploads\/2026\/08\/burgos-real-b.jpeg\" \/>\n\t\t<script type=\"application\/ld+json\" class=\"aioseo-schema\">\n\t\t\t{\"@context\":\"https:\\\/\\\/schema.org\",\"@graph\":[{\"@type\":\"BlogPosting\",\"@id\":\"https:\\\/\\\/agentelibredigital.com\\\/index.php\\\/2026\\\/08\\\/31\\\/burgos-cf-2-2-real-sociedad-b-el-burgos-no-arranca\\\/#blogposting\",\"name\":\"Burgos CF 2-2 Real Sociedad B: El Burgos no arranca \\u2013 Agente Libre Digital\",\"headline\":\"Burgos CF 2-2 Real Sociedad B: El Burgos no arranca\",\"author\":{\"@id\":\"https:\\\/\\\/agentelibredigital.com\\\/index.php\\\/author\\\/rafael-pereda\\\/#author\"},\"publisher\":{\"@id\":\"https:\\\/\\\/agentelibredigital.com\\\/#organization\"},\"image\":{\"@type\":\"ImageObject\",\"url\":\"https:\\\/\\\/agentelibredigital.com\\\/wp-content\\\/uploads\\\/2026\\\/08\\\/burgos-real-b.jpeg\",\"width\":720,\"height\":477,\"caption\":\"Llabr\\u00e9s con el bal\\u00f3n perseguido por Garro. Fuente La Liga\"},\"datePublished\":\"2026-08-31T22:59:31+02:00\",\"dateModified\":\"2026-08-31T22:59:31+02:00\",\"inLanguage\":\"es-ES\",\"mainEntityOfPage\":{\"@id\":\"https:\\\/\\\/agentelibredigital.com\\\/index.php\\\/2026\\\/08\\\/31\\\/burgos-cf-2-2-real-sociedad-b-el-burgos-no-arranca\\\/#webpage\"},\"isPartOf\":{\"@id\":\"https:\\\/\\\/agentelibredigital.com\\\/index.php\\\/2026\\\/08\\\/31\\\/burgos-cf-2-2-real-sociedad-b-el-burgos-no-arranca\\\/#webpage\"},\"articleSection\":\"F\\u00fatbol Espa\\u00f1ol, LaLiga Hypermotion, Burgos CF, futbol espa\\u00f1ol, La liga HYpermotion, Real Sociedad B\"},{\"@type\":\"BreadcrumbList\",\"@id\":\"https:\\\/\\\/agentelibredigital.com\\\/index.php\\\/2026\\\/08\\\/31\\\/burgos-cf-2-2-real-sociedad-b-el-burgos-no-arranca\\\/#breadcrumblist\",\"itemListElement\":[{\"@type\":\"ListItem\",\"@id\":\"https:\\\/\\\/agentelibredigital.com#listItem\",\"position\":1,\"name\":\"Home\",\"item\":\"https:\\\/\\\/agentelibredigital.com\",\"nextItem\":{\"@type\":\"ListItem\",\"@id\":\"https:\\\/\\\/agentelibredigital.com\\\/index.php\\\/category\\\/laliga-hypermotion\\\/#listItem\",\"name\":\"LaLiga Hypermotion\"}},{\"@type\":\"ListItem\",\"@id\":\"https:\\\/\\\/agentelibredigital.com\\\/index.php\\\/category\\\/laliga-hypermotion\\\/#listItem\",\"position\":2,\"name\":\"LaLiga Hypermotion\",\"item\":\"https:\\\/\\\/agentelibredigital.com\\\/index.php\\\/category\\\/laliga-hypermotion\\\/\",\"nextItem\":{\"@type\":\"ListItem\",\"@id\":\"https:\\\/\\\/agentelibredigital.com\\\/index.php\\\/2026\\\/08\\\/31\\\/burgos-cf-2-2-real-sociedad-b-el-burgos-no-arranca\\\/#listItem\",\"name\":\"Burgos CF 2-2 Real Sociedad B: El Burgos no arranca\"},\"previousItem\":{\"@type\":\"ListItem\",\"@id\":\"https:\\\/\\\/agentelibredigital.com#listItem\",\"name\":\"Home\"}},{\"@type\":\"ListItem\",\"@id\":\"https:\\\/\\\/agentelibredigital.com\\\/index.php\\\/2026\\\/08\\\/31\\\/burgos-cf-2-2-real-sociedad-b-el-burgos-no-arranca\\\/#listItem\",\"position\":3,\"name\":\"Burgos CF 2-2 Real Sociedad B: El Burgos no arranca\",\"previousItem\":{\"@type\":\"ListItem\",\"@id\":\"https:\\\/\\\/agentelibredigital.com\\\/index.php\\\/category\\\/laliga-hypermotion\\\/#listItem\",\"name\":\"LaLiga Hypermotion\"}}]},{\"@type\":\"Organization\",\"@id\":\"https:\\\/\\\/agentelibredigital.com\\\/#organization\",\"name\":\"Agente Libre Digital\",\"description\":\"La nueva generaci\\u00f3n del periodismo deportivo.\",\"url\":\"https:\\\/\\\/agentelibredigital.com\\\/\",\"telephone\":\"+34665330413\",\"logo\":{\"@type\":\"ImageObject\",\"url\":\"https:\\\/\\\/agentelibredigital.com\\\/wp-content\\\/uploads\\\/2023\\\/10\\\/Agente-5-1.png\",\"@id\":\"https:\\\/\\\/agentelibredigital.com\\\/index.php\\\/2026\\\/08\\\/31\\\/burgos-cf-2-2-real-sociedad-b-el-burgos-no-arranca\\\/#organizationLogo\",\"width\":500,\"height\":500},\"image\":{\"@id\":\"https:\\\/\\\/agentelibredigital.com\\\/index.php\\\/2026\\\/08\\\/31\\\/burgos-cf-2-2-real-sociedad-b-el-burgos-no-arranca\\\/#organizationLogo\"},\"sameAs\":[\"https:\\\/\\\/twitter.com\\\/AgenteLibre_dig\",\"https:\\\/\\\/www.instagram.com\\\/agentelibre_dig\\\/\"]},{\"@type\":\"Person\",\"@id\":\"https:\\\/\\\/agentelibredigital.com\\\/index.php\\\/author\\\/rafael-pereda\\\/#author\",\"url\":\"https:\\\/\\\/agentelibredigital.com\\\/index.php\\\/author\\\/rafael-pereda\\\/\",\"name\":\"Rafael Pereda\",\"image\":{\"@type\":\"ImageObject\",\"@id\":\"https:\\\/\\\/agentelibredigital.com\\\/index.php\\\/2026\\\/08\\\/31\\\/burgos-cf-2-2-real-sociedad-b-el-burgos-no-arranca\\\/#authorImage\",\"url\":\"https:\\\/\\\/secure.gravatar.com\\\/avatar\\\/b011881c808245d96da0fec527c19d4905183fa8f648250e570f070e9c6c144f?s=96&d=mm&r=g\",\"width\":96,\"height\":96,\"caption\":\"Rafael Pereda\"}},{\"@type\":\"WebPage\",\"@id\":\"https:\\\/\\\/agentelibredigital.com\\\/index.php\\\/2026\\\/08\\\/31\\\/burgos-cf-2-2-real-sociedad-b-el-burgos-no-arranca\\\/#webpage\",\"url\":\"https:\\\/\\\/agentelibredigital.com\\\/index.php\\\/2026\\\/08\\\/31\\\/burgos-cf-2-2-real-sociedad-b-el-burgos-no-arranca\\\/\",\"name\":\"Burgos CF 2-2 Real Sociedad B: El Burgos no arranca \\u2013 Agente Libre Digital\",\"description\":\"Los blanquinegros vuelven a sembrar dudas tras repetir errores pasados y empatar con el filial de la Real Sociedad\",\"inLanguage\":\"es-ES\",\"isPartOf\":{\"@id\":\"https:\\\/\\\/agentelibredigital.com\\\/#website\"},\"breadcrumb\":{\"@id\":\"https:\\\/\\\/agentelibredigital.com\\\/index.php\\\/2026\\\/08\\\/31\\\/burgos-cf-2-2-real-sociedad-b-el-burgos-no-arranca\\\/#breadcrumblist\"},\"author\":{\"@id\":\"https:\\\/\\\/agentelibredigital.com\\\/index.php\\\/author\\\/rafael-pereda\\\/#author\"},\"creator\":{\"@id\":\"https:\\\/\\\/agentelibredigital.com\\\/index.php\\\/author\\\/rafael-pereda\\\/#author\"},\"image\":{\"@type\":\"ImageObject\",\"url\":\"https:\\\/\\\/agentelibredigital.com\\\/wp-content\\\/uploads\\\/2026\\\/08\\\/burgos-real-b.jpeg\",\"@id\":\"https:\\\/\\\/agentelibredigital.com\\\/index.php\\\/2026\\\/08\\\/31\\\/burgos-cf-2-2-real-sociedad-b-el-burgos-no-arranca\\\/#mainImage\",\"width\":720,\"height\":477,\"caption\":\"Llabr\\u00e9s con el bal\\u00f3n perseguido por Garro. Fuente La Liga\"},\"primaryImageOfPage\":{\"@id\":\"https:\\\/\\\/agentelibredigital.com\\\/index.php\\\/2026\\\/08\\\/31\\\/burgos-cf-2-2-real-sociedad-b-el-burgos-no-arranca\\\/#mainImage\"},\"datePublished\":\"2026-08-31T22:59:31+02:00\",\"dateModified\":\"2026-08-31T22:59:31+02:00\"},{\"@type\":\"WebSite\",\"@id\":\"https:\\\/\\\/agentelibredigital.com\\\/#website\",\"url\":\"https:\\\/\\\/agentelibredigital.com\\\/\",\"name\":\"agentelibredigital.com\",\"alternateName\":\"Agente Libre\",\"description\":\"La nueva generaci\\u00f3n del periodismo deportivo.\",\"inLanguage\":\"es-ES\",\"publisher\":{\"@id\":\"https:\\\/\\\/agentelibredigital.com\\\/#organization\"}}]}\n\t\t<\/script>\n\t\t<!-- All in One SEO -->\n\n","aioseo_head_json":{"title":"Burgos CF 2-2 Real Sociedad B: El Burgos no arranca \u2013 Agente Libre Digital","description":"Los blanquinegros vuelven a sembrar dudas tras repetir errores pasados y empatar con el filial de la Real Sociedad","canonical_url":"https:\/\/agentelibredigital.com\/index.php\/2026\/08\/31\/burgos-cf-2-2-real-sociedad-b-el-burgos-no-arranca\/","robots":"max-image-preview:large","keywords":"","webmasterTools":{"miscellaneous":""},"schema":{"@context":"https:\/\/schema.org","@graph":[{"@type":"BlogPosting","@id":"https:\/\/agentelibredigital.com\/index.php\/2026\/08\/31\/burgos-cf-2-2-real-sociedad-b-el-burgos-no-arranca\/#blogposting","name":"Burgos CF 2-2 Real Sociedad B: El Burgos no arranca \u2013 Agente Libre Digital","headline":"Burgos CF 2-2 Real Sociedad B: El Burgos no arranca","author":{"@id":"https:\/\/agentelibredigital.com\/index.php\/author\/rafael-pereda\/#author"},"publisher":{"@id":"https:\/\/agentelibredigital.com\/#organization"},"image":{"@type":"ImageObject","url":"https:\/\/agentelibredigital.com\/wp-content\/uploads\/2026\/08\/burgos-real-b.jpeg","width":720,"height":477,"caption":"Llabr\u00e9s con el bal\u00f3n perseguido por Garro. Fuente La Liga"},"datePublished":"2026-08-31T22:59:31+02:00","dateModified":"2026-08-31T22:59:31+02:00","inLanguage":"es-ES","mainEntityOfPage":{"@id":"https:\/\/agentelibredigital.com\/index.php\/2026\/08\/31\/burgos-cf-2-2-real-sociedad-b-el-burgos-no-arranca\/#webpage"},"isPartOf":{"@id":"https:\/\/agentelibredigital.com\/index.php\/2026\/08\/31\/burgos-cf-2-2-real-sociedad-b-el-burgos-no-arranca\/#webpage"},"articleSection":"F\u00fatbol Espa\u00f1ol, LaLiga Hypermotion, Burgos CF, futbol espa\u00f1ol, La liga HYpermotion, Real Sociedad B"},{"@type":"BreadcrumbList","@id":"https:\/\/agentelibredigital.com\/index.php\/2026\/08\/31\/burgos-cf-2-2-real-sociedad-b-el-burgos-no-arranca\/#breadcrumblist","itemListElement":[{"@type":"ListItem","@id":"https:\/\/agentelibredigital.com#listItem","position":1,"name":"Home","item":"https:\/\/agentelibredigital.com","nextItem":{"@type":"ListItem","@id":"https:\/\/agentelibredigital.com\/index.php\/category\/laliga-hypermotion\/#listItem","name":"LaLiga Hypermotion"}},{"@type":"ListItem","@id":"https:\/\/agentelibredigital.com\/index.php\/category\/laliga-hypermotion\/#listItem","position":2,"name":"LaLiga Hypermotion","item":"https:\/\/agentelibredigital.com\/index.php\/category\/laliga-hypermotion\/","nextItem":{"@type":"ListItem","@id":"https:\/\/agentelibredigital.com\/index.php\/2026\/08\/31\/burgos-cf-2-2-real-sociedad-b-el-burgos-no-arranca\/#listItem","name":"Burgos CF 2-2 Real Sociedad B: El Burgos no arranca"},"previousItem":{"@type":"ListItem","@id":"https:\/\/agentelibredigital.com#listItem","name":"Home"}},{"@type":"ListItem","@id":"https:\/\/agentelibredigital.com\/index.php\/2026\/08\/31\/burgos-cf-2-2-real-sociedad-b-el-burgos-no-arranca\/#listItem","position":3,"name":"Burgos CF 2-2 Real Sociedad B: El Burgos no arranca","previousItem":{"@type":"ListItem","@id":"https:\/\/agentelibredigital.com\/index.php\/category\/laliga-hypermotion\/#listItem","name":"LaLiga Hypermotion"}}]},{"@type":"Organization","@id":"https:\/\/agentelibredigital.com\/#organization","name":"Agente Libre Digital","description":"La nueva generaci\u00f3n del periodismo deportivo.","url":"https:\/\/agentelibredigital.com\/","telephone":"+34665330413","logo":{"@type":"ImageObject","url":"https:\/\/agentelibredigital.com\/wp-content\/uploads\/2023\/10\/Agente-5-1.png","@id":"https:\/\/agentelibredigital.com\/index.php\/2026\/08\/31\/burgos-cf-2-2-real-sociedad-b-el-burgos-no-arranca\/#organizationLogo","width":500,"height":500},"image":{"@id":"https:\/\/agentelibredigital.com\/index.php\/2026\/08\/31\/burgos-cf-2-2-real-sociedad-b-el-burgos-no-arranca\/#organizationLogo"},"sameAs":["https:\/\/twitter.com\/AgenteLibre_dig","https:\/\/www.instagram.com\/agentelibre_dig\/"]},{"@type":"Person","@id":"https:\/\/agentelibredigital.com\/index.php\/author\/rafael-pereda\/#author","url":"https:\/\/agentelibredigital.com\/index.php\/author\/rafael-pereda\/","name":"Rafael Pereda","image":{"@type":"ImageObject","@id":"https:\/\/agentelibredigital.com\/index.php\/2026\/08\/31\/burgos-cf-2-2-real-sociedad-b-el-burgos-no-arranca\/#authorImage","url":"https:\/\/secure.gravatar.com\/avatar\/b011881c808245d96da0fec527c19d4905183fa8f648250e570f070e9c6c144f?s=96&d=mm&r=g","width":96,"height":96,"caption":"Rafael Pereda"}},{"@type":"WebPage","@id":"https:\/\/agentelibredigital.com\/index.php\/2026\/08\/31\/burgos-cf-2-2-real-sociedad-b-el-burgos-no-arranca\/#webpage","url":"https:\/\/agentelibredigital.com\/index.php\/2026\/08\/31\/burgos-cf-2-2-real-sociedad-b-el-burgos-no-arranca\/","name":"Burgos CF 2-2 Real Sociedad B: El Burgos no arranca \u2013 Agente Libre Digital","description":"Los blanquinegros vuelven a sembrar dudas tras repetir errores pasados y empatar con el filial de la Real Sociedad","inLanguage":"es-ES","isPartOf":{"@id":"https:\/\/agentelibredigital.com\/#website"},"breadcrumb":{"@id":"https:\/\/agentelibredigital.com\/index.php\/2026\/08\/31\/burgos-cf-2-2-real-sociedad-b-el-burgos-no-arranca\/#breadcrumblist"},"author":{"@id":"https:\/\/agentelibredigital.com\/index.php\/author\/rafael-pereda\/#author"},"creator":{"@id":"https:\/\/agentelibredigital.com\/index.php\/author\/rafael-pereda\/#author"},"image":{"@type":"ImageObject","url":"https:\/\/agentelibredigital.com\/wp-content\/uploads\/2026\/08\/burgos-real-b.jpeg","@id":"https:\/\/agentelibredigital.com\/index.php\/2026\/08\/31\/burgos-cf-2-2-real-sociedad-b-el-burgos-no-arranca\/#mainImage","width":720,"height":477,"caption":"Llabr\u00e9s con el bal\u00f3n perseguido por Garro. Fuente La Liga"},"primaryImageOfPage":{"@id":"https:\/\/agentelibredigital.com\/index.php\/2026\/08\/31\/burgos-cf-2-2-real-sociedad-b-el-burgos-no-arranca\/#mainImage"},"datePublished":"2026-08-31T22:59:31+02:00","dateModified":"2026-08-31T22:59:31+02:00"},{"@type":"WebSite","@id":"https:\/\/agentelibredigital.com\/#website","url":"https:\/\/agentelibredigital.com\/","name":"agentelibredigital.com","alternateName":"Agente Libre","description":"La nueva generaci\u00f3n del periodismo deportivo.","inLanguage":"es-ES","publisher":{"@id":"https:\/\/agentelibredigital.com\/#organization"}}]},"og:locale":"es_ES","og:site_name":"Agente Libre Digital \u2013 La nueva generaci\u00f3n del periodismo deportivo.","og:type":"article","og:title":"Burgos CF 2-2 Real Sociedad B: El Burgos no arranca \u2013 Agente Libre Digital","og:description":"Los blanquinegros vuelven a sembrar dudas tras repetir errores pasados y empatar con el filial de la Real Sociedad","og:url":"https:\/\/agentelibredigital.com\/index.php\/2026\/08\/31\/burgos-cf-2-2-real-sociedad-b-el-burgos-no-arranca\/","og:image":"https:\/\/agentelibredigital.com\/wp-content\/uploads\/2026\/08\/burgos-real-b.jpeg","og:image:secure_url":"https:\/\/agentelibredigital.com\/wp-content\/uploads\/2026\/08\/burgos-real-b.jpeg","og:image:width":720,"og:image:height":477,"article:published_time":"2026-08-31T20:59:31+00:00","article:modified_time":"2026-08-31T20:59:31+00:00","twitter:card":"summary","twitter:site":"@AgenteLibre_dig","twitter:title":"Burgos CF 2-2 Real Sociedad B: El Burgos no arranca \u2013 Agente Libre Digital","twitter:description":"Los blanquinegros vuelven a sembrar dudas tras repetir errores pasados y empatar con el filial de la Real Sociedad","twitter:creator":"@AgenteLibre_dig","twitter:image":"https:\/\/agentelibredigital.com\/wp-content\/uploads\/2026\/08\/burgos-real-b.jpeg"},"aioseo_meta_data":{"post_id":"65202","title":null,"description":"Los blanquinegros vuelven a sembrar dudas tras repetir errores pasados y empatar con el filial de la Real Sociedad","keywords":null,"keyphrases":{"focus":{"keyphrase":"Burgos","score":0,"analysis":[]},"additional":[]},"primary_term":null,"canonical_url":null,"og_title":null,"og_description":null,"og_object_type":"default","og_image_type":"default","og_image_url":null,"og_image_width":null,"og_image_height":null,"og_image_custom_url":null,"og_image_custom_fields":null,"og_video":"","og_custom_url":null,"og_article_section":null,"og_article_tags":null,"twitter_use_og":false,"twitter_card":"default","twitter_image_type":"default","twitter_image_url":null,"twitter_image_custom_url":null,"twitter_image_custom_fields":null,"twitter_title":null,"twitter_description":null,"schema":{"blockGraphs":[],"customGraphs":[],"default":{"data":{"Article":[],"Course":[],"Dataset":[],"FAQPage":[],"Movie":[],"Person":[],"Product":[],"ProductReview":[],"Car":[],"Recipe":[],"Service":[],"SoftwareApplication":[],"WebPage":[]},"graphName":"BlogPosting","isEnabled":true},"graphs":[]},"schema_type":"default","schema_type_options":null,"pillar_content":false,"robots_default":true,"robots_noindex":false,"robots_noarchive":false,"robots_nosnippet":false,"robots_nofollow":false,"robots_noimageindex":false,"robots_noodp":false,"robots_notranslate":false,"robots_max_snippet":"-1","robots_max_videopreview":"-1","robots_max_imagepreview":"large","priority":null,"frequency":"default","local_seo":null,"breadcrumb_settings":null,"limit_modified_date":false,"ai":{"faqs":[],"keyPoints":[],"schemas":[],"titles":[],"descriptions":[],"socialPosts":{"email":{"subject":"","preview":"","content":""},"linkedin":[],"twitter":[],"facebook":[],"instagram":[]}},"created":"2026-08-31 20:41:46","updated":"2026-08-31 21:00:36","seo_analyzer_scan_date":null,"focus_keyword":"Burgos","additional_keywords":null,"truseo_locale":null},"aioseo_breadcrumb":"<div class=\"aioseo-breadcrumbs\"><span class=\"aioseo-breadcrumb\">\n\t\t\t<a href=\"https:\/\/agentelibredigital.com\" title=\"Home\">Home<\/a>\n\t\t<\/span><span class=\"aioseo-breadcrumb-separator\">&raquo;<\/span><span class=\"aioseo-breadcrumb\">\n\t\t\t<a href=\"https:\/\/agentelibredigital.com\/index.php\/category\/laliga-hypermotion\/\" title=\"LaLiga Hypermotion\">LaLiga Hypermotion<\/a>\n\t\t<\/span><span class=\"aioseo-breadcrumb-separator\">&raquo;<\/span><span class=\"aioseo-breadcrumb\">\n\t\t\tBurgos CF 2-2 Real Sociedad B: El Burgos no arranca\n\t\t<\/span><\/div>","aioseo_breadcrumb_json":[{"label":"Home","link":"https:\/\/agentelibredigital.com"},{"label":"LaLiga Hypermotion","link":"https:\/\/agentelibredigital.com\/index.php\/category\/laliga-hypermotion\/"},{"label":"Burgos CF 2-2 Real Sociedad B: El Burgos no arranca","link":"https:\/\/agentelibredigital.com\/index.php\/2026\/08\/31\/burgos-cf-2-2-real-sociedad-b-el-burgos-no-arranca\/"}],"_links":{"self":[{"href":"https:\/\/agentelibredigital.com\/index.php\/wp-json\/wp\/v2\/posts\/65202","targetHints":{"allow":["GET"]}}],"collection":[{"href":"https:\/\/agentelibredigital.com\/index.php\/wp-json\/wp\/v2\/posts"}],"about":[{"href":"https:\/\/agentelibredigital.com\/index.php\/wp-json\/wp\/v2\/types\/post"}],"author":[{"embeddable":true,"href":"https:\/\/agentelibredigital.com\/index.php\/wp-json\/wp\/v2\/users\/49"}],"replies":[{"embeddable":true,"href":"https:\/\/agentelibredigital.com\/index.php\/wp-json\/wp\/v2\/comments?post=65202"}],"version-history":[{"count":3,"href":"https:\/\/agentelibredigital.com\/index.php\/wp-json\/wp\/v2\/posts\/65202\/revisions"}],"predecessor-version":[{"id":65206,"href":"https:\/\/agentelibredigital.com\/index.php\/wp-json\/wp\/v2\/posts\/65202\/revisions\/65206"}],"wp:featuredmedia":[{"embeddable":true,"href":"https:\/\/agentelibredigital.com\/index.php\/wp-json\/wp\/v2\/media\/65205"}],"wp:attachment":[{"href":"https:\/\/agentelibredigital.com\/index.php\/wp-json\/wp\/v2\/media?parent=65202"}],"wp:term":[{"taxonomy":"category","embeddable":true,"href":"https:\/\/agentelibredigital.com\/index.php\/wp-json\/wp\/v2\/categories?post=65202"},{"taxonomy":"post_tag","embeddable":true,"href":"https:\/\/agentelibredigital.com\/index.php\/wp-json\/wp\/v2\/tags?post=65202"}],"curies":[{"name":"wp","href":"https:\/\/api.w.org\/{rel}","templated":true}]}}