{"id":62529,"date":"2026-05-01T08:30:53","date_gmt":"2026-05-01T06:30:53","guid":{"rendered":"https:\/\/agentelibredigital.com\/?p=62529"},"modified":"2026-04-30T12:56:54","modified_gmt":"2026-04-30T10:56:54","slug":"real-zaragoza-granada-la-salvacion-no-espera-a-nadie","status":"publish","type":"post","link":"https:\/\/agentelibredigital.com\/index.php\/2026\/05\/01\/real-zaragoza-granada-la-salvacion-no-espera-a-nadie\/","title":{"rendered":"Real Zaragoza &#8211; Granada: la salvaci\u00f3n no espera a nadie"},"content":{"rendered":"<p><strong>Real Zaragoza y Granada se enfrentan en un duelo marcado por la necesidad de ambos por acercarse a la permanencia y certificarla matem\u00e1ticamente<\/strong><\/p>\n<p>El <strong>Real Zaragoza<\/strong> viene de <strong>caer en el derbi aragon\u00e9s de El Alcoraz frente al Huesca<\/strong> (<a href=\"https:\/\/as.com\/futbol\/segunda\/el-huesca-se-agarra-a-la-vida-y-condena-al-zaragoza-f202604-n\/\">1-0<\/a>) tras un solitario gol de \u00d3scar Sielva de penalti. Por su parte, el <strong>Granada<\/strong> llega de <strong>perder con estr\u00e9pito en un derbi andaluz ante la UD Almer\u00eda<\/strong> (<a href=\"https:\/\/agentelibredigital.com\/index.php\/2026\/04\/26\/granada-1-4-ud-almeria-arribas-mira-a-primera-division\/\">2-4<\/a>) en el Nuevo Los C\u00e1rmenes. <strong>Este viernes a las 21:00<\/strong>, <strong>Real Zaragoza<\/strong> y <strong>Granada<\/strong> se enfrentan en su duelo correspondiente a la <strong>jornada 38<\/strong> de<strong> LaLiga Hypermotion<\/strong> en el <strong>Ibercaja Estadio<\/strong>. El encuentro ser\u00e1 televisado por <strong>Gol<\/strong>, <strong>Aragon TV<\/strong>, <strong>Canal Sur<\/strong> y <strong>LaLiga Hypermotion TV<\/strong>.<\/p>\n<p>&nbsp;<\/p>\n<h2>Un hist\u00f3rico tocado&#8230; pero no hundido<\/h2>\n<p>El <strong>Real Zaragoza<\/strong> lleva <strong>toda la temporada en puestos de descenso<\/strong> tras no haber conseguido la regularidad necesaria, algo que ya le ocurri\u00f3 el pasado curso. Con el reto de salvar la categor\u00eda por segundo a\u00f1o seguido, los blanquillos necesitan reaccionar ya sino quieren bajar por segunda vez en su historia del f\u00fatbol profesional.<\/p>\n<figure id=\"attachment_62536\" aria-describedby=\"caption-attachment-62536\" style=\"width: 900px\" class=\"wp-caption aligncenter\"><img loading=\"lazy\" decoding=\"async\" class=\"wp-image-62536 size-full\" src=\"https:\/\/agentelibredigital.com\/wp-content\/uploads\/2026\/04\/baf0f735ff0fdd93d06242984a20566c.jpeg\" alt=\"Real Zaragoza\" width=\"900\" height=\"600\" srcset=\"https:\/\/agentelibredigital.com\/wp-content\/uploads\/2026\/04\/baf0f735ff0fdd93d06242984a20566c.jpeg 900w, https:\/\/agentelibredigital.com\/wp-content\/uploads\/2026\/04\/baf0f735ff0fdd93d06242984a20566c-300x200.jpeg 300w, https:\/\/agentelibredigital.com\/wp-content\/uploads\/2026\/04\/baf0f735ff0fdd93d06242984a20566c-768x512.jpeg 768w\" sizes=\"auto, (max-width: 900px) 100vw, 900px\" \/><figcaption id=\"caption-attachment-62536\" class=\"wp-caption-text\">Marcos Cuenca intenta marcharse de un rival (Foto: v\u00eda LaLiga Hypermotion\/redes sociales \u00b4web`)<\/figcaption><\/figure>\n<p>Los de <a href=\"https:\/\/www.granadahoy.com\/granadacf\/david-navarro-granada-real-zaragoza_0_2006625140.html\"><strong>David Navarro<\/strong><\/a> vienen de caer con mucha pol\u00e9mica en el derbi aragon\u00e9s frente al Huesca, lo que no resta de la crisis de juego que vive el equipo y de los <strong>cinco partidos consecutivos sin ganar<\/strong> que le han impedido salir del descenso. A pesar de todo esto, solo est\u00e1n a tres puntos de alcanzar al C\u00e1diz, equipo que marca la salvaci\u00f3n, por lo que de ganar este encuentro las opciones de salvaci\u00f3n de este hist\u00f3rico del f\u00fatbol espa\u00f1ol se multiplicar\u00edan.<\/p>\n<p>Ser\u00e1n <strong>baja por sanci\u00f3n<\/strong>, tras se expulsados en Huesca, <strong><a href=\"https:\/\/www.marca.com\/futbol\/zaragoza\/2026\/04\/29\/historica-sancion-andrada-12-1-partidos-agresion.html\">Esteban Andrada<\/a> y Dani Tasende<\/strong>, a los que se unen los <strong>lesionados Tachi, Keidi Bare, Paul Akouokou y Valery<\/strong>. <strong>Ra\u00fal Guti<\/strong> ya se encuentra disponible tras regresar en El Alcoraz de lesi\u00f3n y <strong>Pablo Insua<\/strong> se volver\u00e1 a medir al que fue su equipo la pasada temporada.<\/p>\n<p>&nbsp;<\/p>\n<h2>Cerrar la permanencia para evitar l\u00edos<\/h2>\n<p>El <strong>Granada<\/strong> se encuentra en su <strong>peor racha de la temporada<\/strong> recordando al primer mes de competici\u00f3n donde consigui\u00f3 solo un punto de doce posibles, replicado con un pobre balance de tres de quince unidades posibles en un mes de abril para olvidar de los rojiblancos.<\/p>\n<p>Los de <a href=\"https:\/\/as.com\/futbol\/segunda\/pacheta-tenemos-un-grupo-que-funciona-como-uno-solo-f202604-n\/\"><strong>Pacheta<\/strong><\/a> necesitan dejar de encajar goles (15 goles encajados en los \u00faltimos seis partidos), m\u00e1s a\u00fan teniendo en cuenta que<strong> tendr\u00e1 enfrente a la peor delantera de segunda<\/strong>, junto a la Cultural Leonesa, con solo 33 goles anotados. De vencer en Zaragoza dar\u00eda un paso de gigante hacia certificar una permanencia que ya es virtual desde finales de marzo pero que a\u00fan no es matem\u00e1tica.<\/p>\n<figure id=\"attachment_62519\" aria-describedby=\"caption-attachment-62519\" style=\"width: 900px\" class=\"wp-caption aligncenter\"><img loading=\"lazy\" decoding=\"async\" class=\"wp-image-62519 size-full\" src=\"https:\/\/agentelibredigital.com\/wp-content\/uploads\/2026\/04\/30df479cda27ed593f83e4a1e9051270.jpeg\" alt=\"Granada - UD Almer\u00eda\" width=\"900\" height=\"600\" srcset=\"https:\/\/agentelibredigital.com\/wp-content\/uploads\/2026\/04\/30df479cda27ed593f83e4a1e9051270.jpeg 900w, https:\/\/agentelibredigital.com\/wp-content\/uploads\/2026\/04\/30df479cda27ed593f83e4a1e9051270-300x200.jpeg 300w, https:\/\/agentelibredigital.com\/wp-content\/uploads\/2026\/04\/30df479cda27ed593f83e4a1e9051270-768x512.jpeg 768w\" sizes=\"auto, (max-width: 900px) 100vw, 900px\" \/><figcaption id=\"caption-attachment-62519\" class=\"wp-caption-text\">Pedro Alema\u00f1 conduce el bal\u00f3n (Foto: v\u00eda LaLiga Hypermotion\/redes sociales \u00b4web`)<\/figcaption><\/figure>\n<p>Ser\u00e1n <strong>baja por lesi\u00f3n <a href=\"https:\/\/www.granadahoy.com\/granadacf\/luca-zidane-lesion-granada-cf_0_2006613208.amp.html\">Luca Zidane<\/a> y Manu Lama<\/strong>, mientras que <strong>Jorge Pascual regresar\u00e1<\/strong> a la convocatoria tras cumplir dos partidos de sanci\u00f3n por la cartulina roja vista ante la Cultural hace tres jornadas.<\/p>\n<p>&nbsp;<\/p>\n<h2>Antecedentes<\/h2>\n<p>Real Zaragoza y Granada se han visto las caras en<strong> 57 ocasiones con 23 victorias aragonesas, 13 empates y 29 triunfos andaluces<\/strong>. El <strong>\u00faltimo precedente<\/strong> en la jornada 13 de la primera vuelta se lo llev\u00f3 el <strong>Granada<\/strong> por <strong>3-1<\/strong> tras remontar un tanto inicial en propia meta con goles de <strong>Jorge Pascual<\/strong>, <strong>Pedro Alema\u00f1<\/strong> y <strong>Jos\u00e9 Arnaiz<\/strong>. El <strong>\u00faltimo precedente en la capital de Arag\u00f3n<\/strong> en Liga fue el 1 de noviembre de 2024, en la jornada 13 de la pasada campa\u00f1a y finaliz\u00f3 con <strong>victoria local 2-1<\/strong> con un <strong>doblete de Iv\u00e1n Az\u00f3n<\/strong>. <strong>Myrto Uzuni<\/strong> recort\u00f3 diferencias para los visitantes.<\/p>\n<p>&nbsp;<\/p>\n<h2>Posibles alineaciones:<\/h2>\n<p><strong>Real Zaragoza:<\/strong> A. Rodr\u00edguez; Aguirregabiria, Insua, El Yamiq, Larios; Mawuli, Saidu; F. Serrano, Rober, Cuenca; Dani G\u00f3mez.<\/p>\n<p><strong>Granada:<\/strong> Astralaga; Lemos, O. Naasei, L. Williams, Diallo; R. Alcaraz, Izan Gonz\u00e1lez, Alema\u00f1; P. S\u00e1enz, Arnaiz y Petit.<\/p>\n","protected":false},"excerpt":{"rendered":"<p>Real Zaragoza y Granada se enfrentan en un duelo marcado por la necesidad de ambos por acercarse a la permanencia y certificarla matem\u00e1ticamente El Real Zaragoza viene de caer en&hellip; <\/p>\n","protected":false},"author":276,"featured_media":62538,"comment_status":"open","ping_status":"open","sticky":false,"template":"","format":"standard","meta":{"om_disable_all_campaigns":false,"_monsterinsights_skip_tracking":false,"_monsterinsights_sitenote_active":false,"_monsterinsights_sitenote_note":"","_monsterinsights_sitenote_category":0,"_uf_show_specific_survey":0,"_uf_disable_surveys":false,"footnotes":""},"categories":[47,29,8],"tags":[5482,420,2442,101,4293,77,132,2205,4350],"class_list":["post-62529","post","type-post","status-publish","format-standard","has-post-thumbnail","hentry","category-futbol-espanol","category-granada","category-laliga-hypermotion","tag-david-navarro","tag-granada-cf","tag-jornada-38","tag-laliga-hypermotion","tag-news","tag-pacheta","tag-real-zaragoza","tag-segunda-divison","tag-temporada-2025-2026"],"aioseo_notices":[],"_links":{"self":[{"href":"https:\/\/agentelibredigital.com\/index.php\/wp-json\/wp\/v2\/posts\/62529","targetHints":{"allow":["GET"]}}],"collection":[{"href":"https:\/\/agentelibredigital.com\/index.php\/wp-json\/wp\/v2\/posts"}],"about":[{"href":"https:\/\/agentelibredigital.com\/index.php\/wp-json\/wp\/v2\/types\/post"}],"author":[{"embeddable":true,"href":"https:\/\/agentelibredigital.com\/index.php\/wp-json\/wp\/v2\/users\/276"}],"replies":[{"embeddable":true,"href":"https:\/\/agentelibredigital.com\/index.php\/wp-json\/wp\/v2\/comments?post=62529"}],"version-history":[{"count":9,"href":"https:\/\/agentelibredigital.com\/index.php\/wp-json\/wp\/v2\/posts\/62529\/revisions"}],"predecessor-version":[{"id":62540,"href":"https:\/\/agentelibredigital.com\/index.php\/wp-json\/wp\/v2\/posts\/62529\/revisions\/62540"}],"wp:featuredmedia":[{"embeddable":true,"href":"https:\/\/agentelibredigital.com\/index.php\/wp-json\/wp\/v2\/media\/62538"}],"wp:attachment":[{"href":"https:\/\/agentelibredigital.com\/index.php\/wp-json\/wp\/v2\/media?parent=62529"}],"wp:term":[{"taxonomy":"category","embeddable":true,"href":"https:\/\/agentelibredigital.com\/index.php\/wp-json\/wp\/v2\/categories?post=62529"},{"taxonomy":"post_tag","embeddable":true,"href":"https:\/\/agentelibredigital.com\/index.php\/wp-json\/wp\/v2\/tags?post=62529"}],"curies":[{"name":"wp","href":"https:\/\/api.w.org\/{rel}","templated":true}]}}