{"id":62522,"date":"2026-04-26T18:22:08","date_gmt":"2026-04-26T16:22:08","guid":{"rendered":"https:\/\/agentelibredigital.com\/?p=62522"},"modified":"2026-04-26T18:22:08","modified_gmt":"2026-04-26T16:22:08","slug":"arbeloa-hizo-un-buen-trabajo-pese-al-juego-irregular-del-equipo-ben-fernandes-santos","status":"publish","type":"post","link":"https:\/\/agentelibredigital.com\/index.php\/2026\/04\/26\/arbeloa-hizo-un-buen-trabajo-pese-al-juego-irregular-del-equipo-ben-fernandes-santos\/","title":{"rendered":"\u00abArbeloa hizo un buen trabajo pese al juego irregular del equipo\u00bb (Ben Fernandes Santos)"},"content":{"rendered":"<p>El periodista deportivo Ben Fernandes Santos, residente en Espa\u00f1a, subray\u00f3 este domingo, en una entrevista concedida a Ismail El Machrafi para el sitio espa\u00f1ol Agente Libre Digital, que <strong>Arbeloa hizo un buen trabajo pese al juego irregular del equipo y apost\u00f3 por la cantera.<\/strong><\/p>\n<p data-start=\"366\" data-end=\"620\">En su intervenci\u00f3n, Fernandes Santos afirm\u00f3 que se quedar\u00eda con Arbeloa, al considerar que ha realizado un buen trabajo pese a la irregularidad del equipo, y destac\u00f3 su apuesta por la cantera, algo que, como seguidor de la F\u00e1brica, valora especialmente.<\/p>\n<p data-start=\"622\" data-end=\"816\">Sin embargo, record\u00f3 que en el Madrid <strong>\u201chay que ganar t\u00edtulos\u201d<\/strong> y lament\u00f3 que Arbeloa no haya levantado ninguno como merengue, lo que, seg\u00fan apunt\u00f3, <strong>podr\u00eda acabar pasando factura a su continuidad.<\/strong><\/p>\n<p data-start=\"818\" data-end=\"1160\">En cuanto al banquillo, <strong>se mostr\u00f3 partidario del regreso de Jos\u00e9 Mourinho,<\/strong> compar\u00e1ndolo con la segunda etapa de Ancelotti como un \u201cfinal po\u00e9tico\u201d que, seg\u00fan record\u00f3, sali\u00f3 bien, \u00a0a\u00f1adiendo que <strong>el portugu\u00e9s le encaja por su mano dura en el vestuario y por su apuesta por los j\u00f3venes del Castilla,<\/strong> un perfil que, a su juicio, se ajusta al proyecto.<\/p>\n<p data-start=\"1162\" data-end=\"1505\">Al hablar de la cantera, destac\u00f3 <strong>el \u00e9xito del Juvenil Sub-19 del Real Madrid, un logro que calific\u00f3 de gran importancia<\/strong> y que asegur\u00f3 vivir con especial emoci\u00f3n, ya que sigue a varios de estos jugadores desde hace a\u00f1os e incluso conoce a alguno de ellos, lo que hace que su t\u00edtulo de campeones de Europa le resulte especialmente significativo.<\/p>\n<p data-start=\"1507\" data-end=\"1750\">Prosigui\u00f3 se\u00f1alando que, de cara al primer equipo, espera que algunos jugadores puedan asentarse, recordando que cinco de ellos\u00a0: <strong>Thiago, Y\u00e1\u00f1ez, Diego Aguado, Valdepe\u00f1as y Cestero ya han debutado, y confiando en que sigan ganando protagonismo.<\/strong><\/p>\n<p data-start=\"1752\" data-end=\"2035\">Resalt\u00f3 que la generaci\u00f3n 2001, campeona de la Youth League en 2020, no tuvo las oportunidades esperadas, pese a que hasta nueve jugadores llegaron a debutar con el primer equipo y ninguno contin\u00faa en el club, por lo que conf\u00eda en que la generaci\u00f3n 2007 tenga un recorrido diferente.<\/p>\n<p data-start=\"2037\" data-end=\"2440\">En cambio, el primer equipo cerr\u00f3 una temporada \u201ca cero\u201d en las tres competiciones principales (Champions, Liga y Copa),<strong> un escenario que calific\u00f3 de inaceptable para el Real Madrid,<\/strong> y subray\u00f3 que el club, como el mejor de la historia, no puede permitirse dos temporadas consecutivas sin t\u00edtulos, por lo que reclam\u00f3 <strong>autocr\u00edtica en todos los niveles y un replanteamiento general, tambi\u00e9n en la direcci\u00f3n.<\/strong><\/p>\n<p data-start=\"2442\" data-end=\"2692\">Al ser preguntado por la ausencia de Thiago Pitarch frente al Bayern de M\u00fanich y el Deportivo Alav\u00e9s, Fernandes Santos se\u00f1al\u00f3 que responde a <strong>\u201c\u00f3rdenes de arriba\u201d,<\/strong> y a\u00f1adi\u00f3 que la reacci\u00f3n de Arbeloa al ser consultado por el tema fue muy significativa.<\/p>\n<p data-start=\"2694\" data-end=\"3023\">Al abordar el mercado de fichajes, apunt\u00f3 que el conjunto madridista necesita un centrocampista organizador del perfil de Vitinha, aunque reconoci\u00f3 que se trata de una opci\u00f3n complicada, y a\u00f1adi\u00f3 que tambi\u00e9n har\u00eda falta reforzar el eje de la defensa, mostrando su preferencia por Schlotterbeck, con Jacobo Ram\u00f3n como alternativa.<\/p>\n<p data-start=\"3025\" data-end=\"3469\">Kylian Mbapp\u00e9 y Vin\u00edcius J\u00fanior pueden rendir juntos sin desajustar al equipo; sin embargo, <strong>el encaje exige sacrificio de ambos. En ese aspecto, Mbapp\u00e9 va un punto por detr\u00e1s de Vin\u00edcius<\/strong>. Asimismo, en ataque todav\u00eda se pisan y les falta sincron\u00eda; por ello, <strong>deben leerse mejor, ajustar los movimientos y, en consecuencia, pulir la cohesi\u00f3n<\/strong> para que el talento no desajuste el equilibrio del equipo.<\/p>\n<p data-start=\"3471\" data-end=\"3739\" data-is-last-node=\"\" data-is-only-node=\"\">Para concluir, el modelo de Florentino P\u00e9rez deber\u00e1 reestructurarse, sobre todo en el debate de la SAD (Sociedad An\u00f3nima Deportiva), que no convence. En ese contexto, Anas Laghrari aparece como posible sucesor.<\/p>\n","protected":false},"excerpt":{"rendered":"<p>El periodista deportivo Ben Fernandes Santos, residente en Espa\u00f1a, subray\u00f3 este domingo, en una entrevista concedida a Ismail El Machrafi para el sitio espa\u00f1ol Agente Libre Digital, que Arbeloa hizo&hellip; <\/p>\n","protected":false},"author":329,"featured_media":62524,"comment_status":"open","ping_status":"open","sticky":false,"template":"","format":"standard","meta":{"om_disable_all_campaigns":false,"_monsterinsights_skip_tracking":false,"_monsterinsights_sitenote_active":false,"_monsterinsights_sitenote_note":"","_monsterinsights_sitenote_category":0,"_uf_show_specific_survey":0,"_uf_disable_surveys":false,"footnotes":""},"categories":[3045,47,6,36],"tags":[2786,322,4022,4734],"class_list":["post-62522","post","type-post","status-publish","format-standard","has-post-thumbnail","hentry","category-fichaje","category-futbol-espanol","category-real-madrid","category-uefa-champions-league","tag-fichaje","tag-florentino-perez","tag-real-madrd","tag-youth-league"],"aioseo_notices":[],"_links":{"self":[{"href":"https:\/\/agentelibredigital.com\/index.php\/wp-json\/wp\/v2\/posts\/62522","targetHints":{"allow":["GET"]}}],"collection":[{"href":"https:\/\/agentelibredigital.com\/index.php\/wp-json\/wp\/v2\/posts"}],"about":[{"href":"https:\/\/agentelibredigital.com\/index.php\/wp-json\/wp\/v2\/types\/post"}],"author":[{"embeddable":true,"href":"https:\/\/agentelibredigital.com\/index.php\/wp-json\/wp\/v2\/users\/329"}],"replies":[{"embeddable":true,"href":"https:\/\/agentelibredigital.com\/index.php\/wp-json\/wp\/v2\/comments?post=62522"}],"version-history":[{"count":1,"href":"https:\/\/agentelibredigital.com\/index.php\/wp-json\/wp\/v2\/posts\/62522\/revisions"}],"predecessor-version":[{"id":62526,"href":"https:\/\/agentelibredigital.com\/index.php\/wp-json\/wp\/v2\/posts\/62522\/revisions\/62526"}],"wp:featuredmedia":[{"embeddable":true,"href":"https:\/\/agentelibredigital.com\/index.php\/wp-json\/wp\/v2\/media\/62524"}],"wp:attachment":[{"href":"https:\/\/agentelibredigital.com\/index.php\/wp-json\/wp\/v2\/media?parent=62522"}],"wp:term":[{"taxonomy":"category","embeddable":true,"href":"https:\/\/agentelibredigital.com\/index.php\/wp-json\/wp\/v2\/categories?post=62522"},{"taxonomy":"post_tag","embeddable":true,"href":"https:\/\/agentelibredigital.com\/index.php\/wp-json\/wp\/v2\/tags?post=62522"}],"curies":[{"name":"wp","href":"https:\/\/api.w.org\/{rel}","templated":true}]}}