{"id":62392,"date":"2026-04-26T08:30:09","date_gmt":"2026-04-26T06:30:09","guid":{"rendered":"https:\/\/agentelibredigital.com\/?p=62392"},"modified":"2026-04-25T22:49:23","modified_gmt":"2026-04-25T20:49:23","slug":"granada-ud-almeria-derbi-con-un-billete-de-ascenso-en-juego","status":"publish","type":"post","link":"https:\/\/agentelibredigital.com\/index.php\/2026\/04\/26\/granada-ud-almeria-derbi-con-un-billete-de-ascenso-en-juego\/","title":{"rendered":"Granada &#8211; UD Almer\u00eda: derbi con un billete de ascenso en juego"},"content":{"rendered":"<p><strong>La UD Almer\u00eda visita, jug\u00e1ndose el ascenso a Primera Divisi\u00f3n, a un Granada que ya est\u00e1 pr\u00e1cticamente salvado y solo le queda certificarlo de forma matem\u00e1tica<\/strong><\/p>\n<p>El <strong>Granada<\/strong> viene de sufrir su <strong>peor derrota de la temporada en Albacete<\/strong> (<a href=\"https:\/\/agentelibredigital.com\/index.php\/2026\/04\/19\/albacete-balompie-4-1-granada-exhibicion-del-albacete-ante-un-pobre-granada\/\">4-1<\/a>) en un encuentro donde estuvieron absolutamente irreconocibles. Por su parte, la <strong>UD Almer\u00eda<\/strong> llega de<strong> vencer al M\u00e1laga<\/strong> (<a href=\"https:\/\/as.com\/futbol\/el-almeria-gana-al-malaga-un-derbi-del-mediterraneo-para-el-recuerdo-f202604-n\/\">3-2<\/a>) en los \u00faltimos minutos de partido con un gol decisivo de Leo Baptistao. <strong>Este domingo a las 16:15<\/strong>, <strong>Granada y UD Almer\u00eda<\/strong> disputan un <strong>derbi andaluz<\/strong> en la <strong>jornada 37<\/strong> de <strong>LaLiga Hypermotion<\/strong> en el <strong>estadio Nuevo Los C\u00e1rmenes<\/strong>. El encuentro ser\u00e1 transmitido por <strong>La Liga Hypermotion TV<\/strong>.<\/p>\n<p>&nbsp;<\/p>\n<h2>Mala sensaciones&#8230; pero con la permanencia en el bolsillo<\/h2>\n<p>El <strong>Granada<\/strong> ha bajado exponencialmente sus prestaciones tras la victoria a finales de marzo frente al Huesca que sell\u00f3 virtualmente la permanencia un a\u00f1o m\u00e1s en Segunda Divisi\u00f3n.<\/p>\n<figure id=\"attachment_62335\" aria-describedby=\"caption-attachment-62335\" style=\"width: 900px\" class=\"wp-caption aligncenter\"><img loading=\"lazy\" decoding=\"async\" class=\"wp-image-62335 size-full\" src=\"https:\/\/agentelibredigital.com\/wp-content\/uploads\/2026\/04\/8473f98f7502f5e0904db22a833e2f06.jpeg\" alt=\"Albacete Balompi\u00e9 - Granada\" width=\"900\" height=\"600\" srcset=\"https:\/\/agentelibredigital.com\/wp-content\/uploads\/2026\/04\/8473f98f7502f5e0904db22a833e2f06.jpeg 900w, https:\/\/agentelibredigital.com\/wp-content\/uploads\/2026\/04\/8473f98f7502f5e0904db22a833e2f06-300x200.jpeg 300w, https:\/\/agentelibredigital.com\/wp-content\/uploads\/2026\/04\/8473f98f7502f5e0904db22a833e2f06-768x512.jpeg 768w\" sizes=\"auto, (max-width: 900px) 100vw, 900px\" \/><figcaption id=\"caption-attachment-62335\" class=\"wp-caption-text\">Los jugadores del Granada celebran el gol de Gonzalo Petit (Foto: v\u00eda LaLiga Hypermotion\/redes sociales \u00b4web`)<\/figcaption><\/figure>\n<p>Los de <a href=\"https:\/\/www.granadahoy.com\/granadacf\/pacheta-apela-limite-almeria_0_2006592298.html\"><strong>Pacheta<\/strong><\/a> se han dejado ir en muchos partidos durante el mes de abril, encajando <strong>nueve goles en cuatro partidos<\/strong>, sumando <strong>tres puntos de doce posibles<\/strong> (solo ganaron a la Cultural Leonesa) y dejando muestras de apat\u00eda que en Albacete fueron evidentes y costaron la <strong>peor derrota de la temporada por tres goles de diferencia<\/strong>. Regresar a la senda de la victoria en este derbi sellar\u00eda ya casi de forma matem\u00e1tica la permanencia, unido a lo que haga el Real Zaragoza, equipo que marca el descenso, en partido.<\/p>\n<p>Ser\u00e1 <strong>baja Manu Lama por pubalgia y Jorge Pascual por sanci\u00f3n<\/strong>, mientras que el t\u00e9cnico de Salas de los Infantes podr\u00e1 volver a contar con <a href=\"https:\/\/www.granadahoy.com\/granadacf\/pacheta-recupera-diallo-medirse-almeria_0_2006578198.html\"><strong>Baila Diallo<\/strong><\/a>, que cumpli\u00f3 en el Carlos Belmonte su encuentro de sanci\u00f3n por cartulina roja frente a la &#8216;Cultu&#8217;.<\/p>\n<p>&nbsp;<\/p>\n<h2>Direcci\u00f3n a Primera, pero a\u00fan queda un mundo<\/h2>\n<p>La <strong>UD Almer\u00eda<\/strong> viaja a Granada con el impulso de la victoria en los minutos finales en otro derbi andaluz ante el M\u00e1laga y sabiendo que se est\u00e1 haciendo muy fuerte en su estadio para luchar por el ascenso directo.<\/p>\n<p>Sin embargo, fuera de casa en sus \u00faltimos desplazamientos los de <a href=\"https:\/\/www.marca.com\/futbol\/almeria\/2026\/04\/25\/rubi-me-juego-diga-hemos-subido-culpa-entrenador.html\"><strong>Rubi<\/strong><\/a> han tenido muchos problemas para hacer gol, a pesar de ser el <strong><a href=\"https:\/\/www.granadahoy.com\/granadacf\/almeria-granada-futbol-segunda-division_0_2006569361.html\">segundo mejor ataque de LaLiga Hypermotion<\/a> con 70 goles anotados<\/strong>. Las derrotas en Castell\u00f3n y Santander, siendo especialmente dolorosa esta \u00faltima por 5-1 impiden a los ind\u00e1licos asaltar las segunda plaza, a la que van en muy buena din\u00e1mica, pero necesitan tambi\u00e9n sumar puntos fuera del UD Almer\u00eda Stadium.<\/p>\n<figure id=\"attachment_62395\" aria-describedby=\"caption-attachment-62395\" style=\"width: 900px\" class=\"wp-caption aligncenter\"><img loading=\"lazy\" decoding=\"async\" class=\"wp-image-62395 size-full\" src=\"https:\/\/agentelibredigital.com\/wp-content\/uploads\/2026\/04\/c570e661835c7071dbcae9d75a7919fc.jpeg\" alt=\"UD Almer\u00eda\" width=\"900\" height=\"600\" srcset=\"https:\/\/agentelibredigital.com\/wp-content\/uploads\/2026\/04\/c570e661835c7071dbcae9d75a7919fc.jpeg 900w, https:\/\/agentelibredigital.com\/wp-content\/uploads\/2026\/04\/c570e661835c7071dbcae9d75a7919fc-300x200.jpeg 300w, https:\/\/agentelibredigital.com\/wp-content\/uploads\/2026\/04\/c570e661835c7071dbcae9d75a7919fc-768x512.jpeg 768w\" sizes=\"auto, (max-width: 900px) 100vw, 900px\" \/><figcaption id=\"caption-attachment-62395\" class=\"wp-caption-text\">Los jugadores de la UD Almer\u00eda elevan a Leo Baptistao tras su decisivo gol frente al M\u00e1laga (Foto: v\u00eda LaLiga Hypermotion\/redes sociales &#8216;web&#8217;)<\/figcaption><\/figure>\n<p>Ser\u00e1 <strong>baja por sanci\u00f3n Daijiro Chirino<\/strong>, que vio cartulina roja en los minutos del derbi frente al M\u00e1laga, mientras que <strong>Andr\u00e9s Fern\u00e1ndez<\/strong> regresar\u00e1 a Granada, donde jug\u00f3 en la temporada 2014-2015 y volver\u00e1 al equipo <strong>Dion Lopy<\/strong> tras cumplir su encuentro de sanci\u00f3n por ver cartulina roja frente al Racing.<\/p>\n<p>&nbsp;<\/p>\n<h2>Antecedentes<\/h2>\n<p>Granada y UD Almer\u00eda se han visto las caras en <strong>34 ocasiones con nueve victorias granadinas, 13 empates y 12 victorias almerienses<\/strong>. El <strong>\u00faltimo precedente<\/strong> en la <strong>jornada 20<\/strong> de la primera vuelta finaliz\u00f3 con victoria de los de Rubi por <strong>3-2<\/strong> gracias a las dianas de <strong>Gui Guedes<\/strong>, <strong>Leo Baptistao<\/strong> y <strong>Stefan Dzodic<\/strong>. Para el Granada marcaron <strong>Pedro Alema\u00f1<\/strong> y<strong> Jorge Pascual<\/strong> de penalti. El<strong> \u00faltimo precedente en el Nuevo Los C\u00e1rmenes<\/strong> en la jornada 34 de la temporada pasada se lo llevaron los rojiblancos horizontales, entonces entrenados por Fran Escrib\u00e1, por <strong>3-1<\/strong> gracias a los goles de<strong> Lucas Boy\u00e9<\/strong> de penalti,<strong> Gonzalo Villar<\/strong> y <strong>Miguel Rubio<\/strong>. Para la UD Almer\u00eda marc\u00f3 <strong>Gonzalo Melero<\/strong>.<\/p>\n<p>&nbsp;<\/p>\n<h2>Posibles onces iniciales:<\/h2>\n<p><strong>Granada:<\/strong> Luca; Lemos, O. Naasei, L. Williams, Diallo; R. Alcaraz, Alema\u00f1, Izan Gonz\u00e1lez; \u00c1lex Sola, Petit y Arnaiz.<\/p>\n<p><strong>UD Almer\u00eda:<\/strong> A. Fern\u00e1ndez; Luna, Ely, Bonini, \u00c1lex Mu\u00f1oz; Dzodic, Lopy; Embarba, Arribas, Morcillo; de la Fuente.<\/p>\n","protected":false},"excerpt":{"rendered":"<p>La UD Almer\u00eda visita, jug\u00e1ndose el ascenso a Primera Divisi\u00f3n, a un Granada que ya est\u00e1 pr\u00e1cticamente salvado y solo le queda certificarlo de forma matem\u00e1tica El Granada viene de&hellip; <\/p>\n","protected":false},"author":276,"featured_media":62397,"comment_status":"open","ping_status":"open","sticky":false,"template":"","format":"standard","meta":{"om_disable_all_campaigns":false,"_monsterinsights_skip_tracking":false,"_monsterinsights_sitenote_active":false,"_monsterinsights_sitenote_note":"","_monsterinsights_sitenote_category":0,"_uf_show_specific_survey":0,"_uf_disable_surveys":false,"footnotes":""},"categories":[30,47,29],"tags":[3796,420,2376,101,4293,77,3162,320,4350,141],"class_list":["post-62392","post","type-post","status-publish","format-standard","has-post-thumbnail","hentry","category-almeria","category-futbol-espanol","category-granada","tag-derbi-andaluz","tag-granada-cf","tag-jornada-37","tag-laliga-hypermotion","tag-news","tag-pacheta","tag-rubi","tag-segunda-division","tag-temporada-2025-2026","tag-ud-almeria"],"aioseo_notices":[],"_links":{"self":[{"href":"https:\/\/agentelibredigital.com\/index.php\/wp-json\/wp\/v2\/posts\/62392","targetHints":{"allow":["GET"]}}],"collection":[{"href":"https:\/\/agentelibredigital.com\/index.php\/wp-json\/wp\/v2\/posts"}],"about":[{"href":"https:\/\/agentelibredigital.com\/index.php\/wp-json\/wp\/v2\/types\/post"}],"author":[{"embeddable":true,"href":"https:\/\/agentelibredigital.com\/index.php\/wp-json\/wp\/v2\/users\/276"}],"replies":[{"embeddable":true,"href":"https:\/\/agentelibredigital.com\/index.php\/wp-json\/wp\/v2\/comments?post=62392"}],"version-history":[{"count":6,"href":"https:\/\/agentelibredigital.com\/index.php\/wp-json\/wp\/v2\/posts\/62392\/revisions"}],"predecessor-version":[{"id":62436,"href":"https:\/\/agentelibredigital.com\/index.php\/wp-json\/wp\/v2\/posts\/62392\/revisions\/62436"}],"wp:featuredmedia":[{"embeddable":true,"href":"https:\/\/agentelibredigital.com\/index.php\/wp-json\/wp\/v2\/media\/62397"}],"wp:attachment":[{"href":"https:\/\/agentelibredigital.com\/index.php\/wp-json\/wp\/v2\/media?parent=62392"}],"wp:term":[{"taxonomy":"category","embeddable":true,"href":"https:\/\/agentelibredigital.com\/index.php\/wp-json\/wp\/v2\/categories?post=62392"},{"taxonomy":"post_tag","embeddable":true,"href":"https:\/\/agentelibredigital.com\/index.php\/wp-json\/wp\/v2\/tags?post=62392"}],"curies":[{"name":"wp","href":"https:\/\/api.w.org\/{rel}","templated":true}]}}