{"id":61885,"date":"2026-04-01T08:00:14","date_gmt":"2026-04-01T06:00:14","guid":{"rendered":"https:\/\/agentelibredigital.com\/?p=61885"},"modified":"2026-04-01T00:23:05","modified_gmt":"2026-03-31T22:23:05","slug":"previa-burgos-cf-ad-ceuta-el-ceuta-visita-a-un-burgos-lanzado","status":"publish","type":"post","link":"https:\/\/agentelibredigital.com\/index.php\/2026\/04\/01\/previa-burgos-cf-ad-ceuta-el-ceuta-visita-a-un-burgos-lanzado\/","title":{"rendered":"Previa Burgos CF-AD Ceuta: El Ceuta visita a un Burgos lanzado"},"content":{"rendered":"<h4>Los blanquinegros buscan prolongar su buen momento para seguir en play-off ante un Ceuta al acecho<\/h4>\n<p>El <a href=\"https:\/\/agentelibredigital.com\/?s=burgos+cf\">Burgos CF<\/a> se enfrentar\u00e1 a la AD Ceuta en El Plant\u00edo hoy a las 20:00 horas para la disputa de la jornada 33 de <a href=\"https:\/\/agentelibredigital.com\/index.php\/category\/laliga-hypermotion\/\">La Liga Hypermotion<\/a>. Los burgaleses buscan seguir su buen momento para conservar la posici\u00f3n de play-off recientemente recuperada. En frente tendr\u00e1n a un Ceuta al acecho por meterse en la lucha por el play-off.<\/p>\n<p><strong>El encargado de dirigir el encuentro ser\u00e1 Rafael S\u00e1nchez, del colegio murciano<\/strong>. Esta temporada ya ha arbitrado a los dos equipos. A los burgaleses les arbitr\u00f3 en sus empates como local contra el Granada y como visitante contra Las Palmas. A los ceut\u00eds les arbitr\u00f3 en su victoria como local contra el Huesca. Al Ceuta solo le ha arbitrado en esa ocasi\u00f3n. Por su parte, al Burgos le ha dirigido en 10 ocasiones y tiene un balance igualado de 2 victorias, 6 empates y 2 derrotas. <strong>Estar\u00e1 asistido desde el VAR por Iv\u00e1n Caparr\u00f3s, del colegio valenciano.<\/strong><\/p>\n<h2>\u00bfC\u00f3mo llega el Burgos?<\/h2>\n<p><strong>El <a href=\"https:\/\/www.burgoscf.es\/noticias\/previa-or-un-partido-una-mision\">Burgos CF<\/a> llega en 5\u00ba posici\u00f3n con 53 puntos, 2 puntos por encima de las posiciones fuera del play-off. <\/strong>Los blanquinegros llegan lanzados a este partido. Suman 5 partidos consecutivos sin perder, de los que han ganado 4. Este impulso les ha permitido volver al play-off despu\u00e9s de varias jornadas. Pero la liga no ha terminado, as\u00ed que tiene que continuar la racha para seguir en play-off. Por lo tanto, <strong>buscar\u00e1n una victoria que les mantenga en esta buena racha y mantenga metidos en el play-off. <\/strong>Jugar\u00e1n en casa, lo que se les est\u00e1 dando muy bien \u00faltimamente. Suman 7partidos sin perder como local, de los que han ganado 5. En total han sumado 29 puntos de 48 posibles en casa, lo que le hace ser el 8\u00ba mejor local, igualado con Las Palmas. Vienen de ganar al Valladolid en el Jos\u00e9 Zorrilla.<\/p>\n<p><strong>Ramis cuenta con las bajas de Fer Ni\u00f1o y Atienza<\/strong>, por sanci\u00f3n<strong>. No ha confirmado ninguna baja m\u00e1s<\/strong>, aunque ha dado a entender que es probable que haya.<strong> \u00a0Recupera a Appin, <\/strong>tras estar con su selecci\u00f3n<strong>.<\/strong> Adem\u00e1s, <strong>Appin y Mej\u00eda se encuentran apercibidos. <\/strong><\/p>\n<p><strong><em>El Burgos podr\u00eda salir con: Ander Cantero\/ Lizancos, Luengo, Grego Sierra, Florian Miguel\/ Morante, Marcelo Exp\u00f3sito\/ David Gonz\u00e1lez, Curro, \u00cd. C\u00f3rdoba\/ Mario Gonz\u00e1lez<\/em><\/strong><\/p>\n<figure style=\"width: 902px\" class=\"wp-caption alignnone\"><img loading=\"lazy\" decoding=\"async\" src=\"https:\/\/statics-maker.llt-services.com\/bur\/images\/2026\/03\/30\/xlarge\/28e9d113-dcf3-4b56-9443-a46150323975-725.JPG\" alt=\"\" width=\"902\" height=\"601\" \/><figcaption class=\"wp-caption-text\">Los jugadores blanquinegros celebrando la victoria contra el Valladolid con su afici\u00f3n. Fuente Burgos CF<\/figcaption><\/figure>\n<h2>\u00bfC\u00f3mo llega el Ceuta?<\/h2>\n<p><strong>La AD Ceuta llega en 9\u00ba posici\u00f3n con 47 puntos, a 4 del play-off. <\/strong>Los de Juan Jos\u00e9 Romero se est\u00e1n mostrando muy irregulares<strong>, <\/strong>lo que les ha alejado un poco del play-off. Vienen de romper una racha de 3 derrotas seguidas, dos de ellas por goleada. Por lo tanto, <strong>buscar\u00e1n<\/strong> <strong>una victoria que les haga crear una buena din\u00e1mica y poder tener la opci\u00f3n de acercarse al play-off. <\/strong>Jugar\u00e1n fuera de casa, cosa que no se les ha dado demasiado bien en la temporada. Acumulan dos derrotas por goleada consecutivas a domicilio. Adem\u00e1s, han perdido 5 de sus \u00faltimos 5 partidos como visitante. En total han sumado tan solo 13 puntos de 48 posibles fuera de casa, lo que les hace ser el 3\u00ba peor visitante de la categor\u00eda, junto al Mirand\u00e9s. Viene de ganar al C\u00e1diz como local.<\/p>\n<p><strong>Jos\u00e9 Juan Romero ha viajado con todos menos con Salvi<\/strong>, por lesi\u00f3n. Aunque no todos los que viajan estar\u00e1n disponibles, ya que se quedar\u00e1n en la pen\u00ednsula para disputar el partido del domingo. De hecho, <strong>Anuar y Dom\u00e9nech son baja para este partido. S\u00ed recupera a Marino y probablemente a Kuki<\/strong>. Adem\u00e1s<strong>, est\u00e1n apercibidos Kuki Salazar, Rub\u00e9n D\u00edez, Bodiger, Bassinga.<\/strong><\/p>\n<p><strong><em>El Ceuta podr\u00eda salir con:\u00a0 Vallejo\/ Ahmed, Carlos Hern\u00e1ndez, Diego Gonz\u00e1lez, Matos\/ Bodiger, Lachhab, Illescas\/ Kone, Marcos Fern\u00e1ndez, Konrad<\/em><\/strong><\/p>\n<figure style=\"width: 900px\" class=\"wp-caption alignnone\"><img loading=\"lazy\" decoding=\"async\" src=\"https:\/\/pbs.twimg.com\/media\/HEkOQZYWoAAqlod?format=jpg&amp;name=large\" alt=\"Imagen\" width=\"900\" height=\"637\" \/><figcaption class=\"wp-caption-text\">Los jugadores del Ceuta celebrando la victoria contra el C\u00e1diz. Fuente AD Ceuta<\/figcaption><\/figure>\n<h2>Regreso a casa<\/h2>\n<p><strong>Este partido tendr\u00e1 el regreso especial de Matos a la que fue su casa. <\/strong>El lateral andaluz lleg\u00f3 en la temporada 2021-22 a El Plant\u00edo y r\u00e1pidamente se gan\u00f3 el cari\u00f1o de la afici\u00f3n burgalesa. <strong>Cari\u00f1o que fue yendo a m\u00e1s con el paso de las 3 temporadas que estuvo defendiendo la camiseta blanquinegra.<\/strong> De hecho, su marcha al C\u00e1diz en el verano de 2024 fue muy dolorosa, ya que era de los jugadores m\u00e1s queridos por la afici\u00f3n. El a\u00f1o pasado ya recibi\u00f3 una grand\u00edsima ovaci\u00f3n en su visita con el Cadiz. Este a\u00f1o no se espera que sea menos.<\/p>\n<figure style=\"width: 902px\" class=\"wp-caption alignnone\"><img loading=\"lazy\" decoding=\"async\" src=\"https:\/\/statics-maker.llt-services.com\/bur\/images\/2024\/04\/15\/xlarge\/c0b0fa86-0954-4d5a-93ac-010c130b80e6-461.jpg\" alt=\"\" width=\"902\" height=\"601\" \/><figcaption class=\"wp-caption-text\">Matos celebrando un gol en su etapa con el Burgos. Fuente Burgos CF<\/figcaption><\/figure>\n<p>Por otro lado, tambi\u00e9n <strong>ser\u00e1 un partido especial para Guille Vallejo, ya que visita su ciudad natal.<\/strong><\/p>\n<h2>Historial Burgos-Ceuta<\/h2>\n<p><strong>El Burgos CF y la AD Ceuta se han enfrentado en tan solo 1 ocasi\u00f3n.<\/strong>\u00a0Esa \u00fanica vez fue el partido de la primera vuelta, que gan\u00f3 el Ceuta 1-0. Por lo tanto,<strong> en El Plant\u00edo nunca se han enfrentado.<\/strong><\/p>\n<figure style=\"width: 900px\" class=\"wp-caption alignnone\"><img loading=\"lazy\" decoding=\"async\" src=\"https:\/\/www.revistaforofos.com\/wp-content\/uploads\/2025\/11\/Matos-celebracion.jpeg\" alt=\"Un Burgos muy pobre cae en Ceuta (1-0) \u2013 Revista Forofos\" width=\"900\" height=\"600\" \/><figcaption class=\"wp-caption-text\">Matos celebrando el gol victorioso en el partido de ida. Fuente La Liga<\/figcaption><\/figure>\n","protected":false},"excerpt":{"rendered":"<p>Los blanquinegros buscan prolongar su buen momento para seguir en play-off ante un Ceuta al acecho El Burgos CF se enfrentar\u00e1 a la AD Ceuta en El Plant\u00edo hoy a&hellip; <\/p>\n","protected":false},"author":49,"featured_media":61886,"comment_status":"open","ping_status":"open","sticky":false,"template":"","format":"standard","meta":{"om_disable_all_campaigns":false,"_monsterinsights_skip_tracking":false,"_monsterinsights_sitenote_active":false,"_monsterinsights_sitenote_note":"","_monsterinsights_sitenote_category":0,"_uf_show_specific_survey":0,"_uf_disable_surveys":false,"footnotes":""},"categories":[47,8],"tags":[2190,569,218,1082],"class_list":["post-61885","post","type-post","status-publish","format-standard","has-post-thumbnail","hentry","category-futbol-espanol","category-laliga-hypermotion","tag-ad-ceuta","tag-burgos-cf","tag-futbol-espanol","tag-la-liga-hypermotion"],"aioseo_notices":[],"_links":{"self":[{"href":"https:\/\/agentelibredigital.com\/index.php\/wp-json\/wp\/v2\/posts\/61885","targetHints":{"allow":["GET"]}}],"collection":[{"href":"https:\/\/agentelibredigital.com\/index.php\/wp-json\/wp\/v2\/posts"}],"about":[{"href":"https:\/\/agentelibredigital.com\/index.php\/wp-json\/wp\/v2\/types\/post"}],"author":[{"embeddable":true,"href":"https:\/\/agentelibredigital.com\/index.php\/wp-json\/wp\/v2\/users\/49"}],"replies":[{"embeddable":true,"href":"https:\/\/agentelibredigital.com\/index.php\/wp-json\/wp\/v2\/comments?post=61885"}],"version-history":[{"count":1,"href":"https:\/\/agentelibredigital.com\/index.php\/wp-json\/wp\/v2\/posts\/61885\/revisions"}],"predecessor-version":[{"id":61887,"href":"https:\/\/agentelibredigital.com\/index.php\/wp-json\/wp\/v2\/posts\/61885\/revisions\/61887"}],"wp:featuredmedia":[{"embeddable":true,"href":"https:\/\/agentelibredigital.com\/index.php\/wp-json\/wp\/v2\/media\/61886"}],"wp:attachment":[{"href":"https:\/\/agentelibredigital.com\/index.php\/wp-json\/wp\/v2\/media?parent=61885"}],"wp:term":[{"taxonomy":"category","embeddable":true,"href":"https:\/\/agentelibredigital.com\/index.php\/wp-json\/wp\/v2\/categories?post=61885"},{"taxonomy":"post_tag","embeddable":true,"href":"https:\/\/agentelibredigital.com\/index.php\/wp-json\/wp\/v2\/tags?post=61885"}],"curies":[{"name":"wp","href":"https:\/\/api.w.org\/{rel}","templated":true}]}}