{"id":51400,"date":"2025-08-17T19:11:48","date_gmt":"2025-08-17T17:11:48","guid":{"rendered":"https:\/\/agentelibredigital.com\/?p=51400"},"modified":"2025-08-17T19:11:48","modified_gmt":"2025-08-17T17:11:48","slug":"puntuaciones-del-celta-vs-getafe","status":"publish","type":"post","link":"https:\/\/agentelibredigital.com\/index.php\/2025\/08\/17\/puntuaciones-del-celta-vs-getafe\/","title":{"rendered":"Puntuaciones del Celta vs. Getafe"},"content":{"rendered":"<h4>Derrota dolorosa para los de Vigo que no le encontraron la vuelta al planteamiento del Getafe. Los de Bordal\u00e1s hicieron lo que ten\u00edan que hacer y el plan les sali\u00f3 a la perfecci\u00f3n. Perdi\u00f3 el favorito y el equipo que lleg\u00f3 al l\u00edmite dio el batacazo.<\/h4>\n<h2>PREVIA<\/h2>\n<p>Los equipos llegaban al encuentro en extremos totalmente distintos. Partiendo de la base de que el <a href=\"https:\/\/agentelibredigital.com\/?s=RC+Celta\">Celta<\/a> tuvo un mercado de pases magistral y<strong> el <a href=\"https:\/\/agentelibredigital.com\/?s=Getafe\">Getafe<\/a> solo pudo inscribir 13 jugadores del primer equipo<\/strong>. De los cuales dos son porteros y dos no son tomados en cuenta por <a href=\"https:\/\/agentelibredigital.com\/?s=Bordal%C3%A1s\">Bordal\u00e1s<\/a>. Una situaci\u00f3n delicada la que atraviesan los azulones que <strong>se vio obligado a vender al central Alderete<\/strong> por un \u00abprecio bajo\u00bb para poder inscribir jugadores. Por si fuera poco, <strong>todo apunta a que tendr\u00e1n que vender a otro jugador importante<\/strong> y el nombre que mas suena es Uche.<\/p>\n<p><strong>El Celta por su parte tuvo una pretemporada reveladora<\/strong>. Se pudo ver a Radu, que ser\u00e1 en principio el due\u00f1o de los 3 palos. <strong>Javi Rueda y Miguel Rom\u00e1n se ganaron la confianza del Gir\u00e1ldez<\/strong> y obtuvieron ficha del primer equipo. Otro nombre propio que brill\u00f3 fue el de <strong>Jones El-Abdellaoui<\/strong>, con su desborde y desequilibrio fue catalogado como \u00abel fichaje no fichaje\u00bb. <strong>El \u00fanico contratiempo fue la baja de \u00faltima hora de Starfelt por lesi\u00f3n.<\/strong> Por el contexto, el Celta se ve\u00eda superior y obligado a sumar de 3 en casa.<\/p>\n<p>&nbsp;<\/p>\n<figure style=\"width: 1080px\" class=\"wp-caption alignnone\"><img loading=\"lazy\" decoding=\"async\" src=\"https:\/\/pbs.twimg.com\/media\/Gyjun-rXYAAxQHs?format=jpg&amp;name=large\" alt=\"Imagen\" width=\"1080\" height=\"1350\" \/><figcaption class=\"wp-caption-text\">Los elegidos por Claudio para empezar la temporada. Fuente: RC Celta<\/figcaption><\/figure>\n<h2>Puntuaciones<\/h2>\n<p><strong>CRITERIO: M\u00ednimo 0 y m\u00e1ximo 10. 0:Nefasto, 1-2 P\u00e9simo, 3-4 Mal, 5-6 Decente, 7-8 Bien, 9-10 Excelente, (N\/C: No califica)<\/strong><\/p>\n<h2>XI INCIAL<\/h2>\n<p><strong>Andrei Radu (4.5) :\u00a0<\/strong>No tuvo mucho que hacer en ambos goles. La estad\u00edstica refleja 2 tiros y 2 goles encajados pero tiene cero responsabilidad. En el primer gol Javi le tapa la visi\u00f3n y en el segundo la defensa lo deja regalado.<\/p>\n<p><strong>Javi Rodr\u00edguez (1): P\u00e9simo partido de Javi, <\/strong>se not\u00f3 la ausencia de un jugador m\u00e1s experimentado acompa\u00f1\u00e1ndole. No se entendi\u00f3 con Yoel en el segundo gol.<\/p>\n<p><strong>Yoel Lago (1):Sali\u00f3 al 81. Otro muy bajo rendimiento.\u00a0<\/strong>Se ubic\u00f3 de l\u00edbero como reemplazo de Starfelt pero no estuvo ni cerca de cumplir. <strong>Capaz era mucha responsabilidad.<\/strong><\/p>\n<p><strong>Marcos Alonso (2): <\/strong>Marcos fue el jugador m\u00e1s experimentado de la defensa pero no pudo marcar esa diferencia. No supo gestionar el marcador y empez\u00f3 a errar a ra\u00edz de los nervios.<\/p>\n<p><strong>\u00d3scar Mingueza (6): De lo poco rescatable.\u00a0<\/strong>Fue el m\u00e1s claro con el bal\u00f3n de cara al ataque. Con Aspas buscaba una pared o una asociaci\u00f3n pero faltaba un jugador para triangular.<\/p>\n<p><strong>Mihailo Ristic (4): Sali\u00f3 al 57. <\/strong>Aport\u00f3 poca profundidad, ten\u00eda un duelo dif\u00edcil en la banda de Juan Iglesias. Con Williot no consiguieron asociarse ni ayudarse el uno al otro.<\/p>\n<p><strong>Fran Beltr\u00e1n (4) : Sali\u00f3 al 57&#8242;. <\/strong>T\u00edpico partido de Fran, uno de esos en los que pasa desapercibido y Claudio se dio cuenta. No fue diferencial ni en ataque ni en defensa.<\/p>\n<p><strong>Ilaix Moriba (4): En teor\u00eda el jugador \u00abf\u00edsico\u00bb del equipo.<\/strong> Ahora bien ante la marca f\u00e9rrea del Getafe se vio totalmente minimizado. No fue ese Ilaix que llegaba a zonas cercanas al \u00e1rea grande.<\/p>\n<p><strong>Iago Aspas (5): El capit\u00e1n hizo lo que pudo.\u00a0<\/strong>En opini\u00f3n de este humilde redactor, no era un partido para ser titular. As\u00ed como fue suplente en la \u00faltima jornada de la temporada pasada, pudo haberlo sido hoy. Bien en el juego de toque pero no da ese v\u00e9rtigo que necesitaba el juego. Eso s\u00ed, el \u00fanico que pate\u00f3 al arco y quiso hacer algo diferente. Aprobado.<\/p>\n<p><strong>Ferr\u00e1n Jutgl\u00e0 (4.5): Sali\u00f3 al 66&#8242;. <\/strong>Partido dif\u00edcil entre los centrales del Getafe, varias veces tuvo que ir a la banda para poder entrar en juego. No le llegaron balones y poco pudo hacer.<\/p>\n<p><strong>Williot Swedberg (5): Sali\u00f3 al 57.\u00a0<\/strong>Se le vio intentando pero f\u00edsicamente no pod\u00eda competir con la defensa del Getafe. No pudo sacar ventaja con la velocidad y Ristic no colaboraba.<\/p>\n<h2>CAMBIOS<\/h2>\n<p><strong>Bryan Zaragoza (3) : Ingres\u00f3 al 57&#8242;: Entr\u00f3 bien, intentando desequilibrar pero no lo logr\u00f3. <\/strong>El Getafe defiende cerrado y parece que ofrece la banda como alternativa pero no deja espacio para atacar. No pudo ayudar a revertir la t\u00f3nica del partido.<\/p>\n<p><strong>Hugo Sotelo (2): Ingres\u00f3 al 57&#8242;. No hizo nada que Fran pudiera hacer.<\/strong> No fue ese jugador esclarecedor en el medio del campo que ped\u00eda el partido.<\/p>\n<p><strong>Jones El-Abdellaoui (3): Ingres\u00f3 al 57&#8242;:\u00a0<\/strong>Otro cambio con buena intenci\u00f3n que no pudo ser diferencial. Poco que decir de Jones<\/p>\n<p><strong>Pablo Dur\u00e1n (N\/C) : Ingres\u00f3 al 81&#8242;. Nada que comentar.<\/strong><\/p>\n<p><strong>Borja Iglesias (4): Ingres\u00f3 al 67&#8242;. Ten\u00eda una tarea<\/strong> <strong>dif\u00edcil<\/strong>. A\u00fan as\u00ed consigui\u00f3 pivotear par de veces pero no signific\u00f3 peligro alguno.<\/p>\n<p><strong>DT. Claudio Gir\u00e1ldez:\u00a0<\/strong>En los papeles el planteamiento inicial era bueno, ante la respuesta del Getafe debi\u00f3 realizar cambios nada m\u00e1s empezar el segundo tiempo. No pudo ganarle la partida a Bordal\u00e1s y a su juego brusco.<\/p>\n<blockquote class=\"twitter-tweet\">\n<p lang=\"qme\" dir=\"ltr\">\ud83e\ude75\ud83e\udec2\ud83d\udc99<a href=\"https:\/\/twitter.com\/hashtag\/VUELVELALIGA?src=hash&amp;ref_src=twsrc%5Etfw\">#VUELVELALIGA<\/a> <a href=\"https:\/\/t.co\/0c5XTTJde9\">pic.twitter.com\/0c5XTTJde9<\/a><\/p>\n<p>&mdash; LALIGA (@LaLiga) <a href=\"https:\/\/twitter.com\/LaLiga\/status\/1957101825074540906?ref_src=twsrc%5Etfw\">August 17, 2025<\/a><\/p><\/blockquote>\n<p> <script async src=\"https:\/\/platform.twitter.com\/widgets.js\" charset=\"utf-8\"><\/script>&nbsp;<\/p>\n","protected":false},"excerpt":{"rendered":"<p>Derrota dolorosa para los de Vigo que no le encontraron la vuelta al planteamiento del Getafe. Los de Bordal\u00e1s hicieron lo que ten\u00edan que hacer y el plan les sali\u00f3&hellip; <\/p>\n","protected":false},"author":129,"featured_media":51404,"comment_status":"open","ping_status":"open","sticky":false,"template":"","format":"standard","meta":{"om_disable_all_campaigns":false,"_monsterinsights_skip_tracking":false,"_monsterinsights_sitenote_active":false,"_monsterinsights_sitenote_note":"","_monsterinsights_sitenote_category":0,"_uf_show_specific_survey":0,"_uf_disable_surveys":false,"footnotes":""},"categories":[28],"tags":[272,371,1786],"class_list":["post-51400","post","type-post","status-publish","format-standard","has-post-thumbnail","hentry","category-celta-de-vigo","tag-la-liga-ea-sports","tag-puntuaciones","tag-rc-celta-de-vigo"],"aioseo_notices":[],"_links":{"self":[{"href":"https:\/\/agentelibredigital.com\/index.php\/wp-json\/wp\/v2\/posts\/51400","targetHints":{"allow":["GET"]}}],"collection":[{"href":"https:\/\/agentelibredigital.com\/index.php\/wp-json\/wp\/v2\/posts"}],"about":[{"href":"https:\/\/agentelibredigital.com\/index.php\/wp-json\/wp\/v2\/types\/post"}],"author":[{"embeddable":true,"href":"https:\/\/agentelibredigital.com\/index.php\/wp-json\/wp\/v2\/users\/129"}],"replies":[{"embeddable":true,"href":"https:\/\/agentelibredigital.com\/index.php\/wp-json\/wp\/v2\/comments?post=51400"}],"version-history":[{"count":2,"href":"https:\/\/agentelibredigital.com\/index.php\/wp-json\/wp\/v2\/posts\/51400\/revisions"}],"predecessor-version":[{"id":51405,"href":"https:\/\/agentelibredigital.com\/index.php\/wp-json\/wp\/v2\/posts\/51400\/revisions\/51405"}],"wp:featuredmedia":[{"embeddable":true,"href":"https:\/\/agentelibredigital.com\/index.php\/wp-json\/wp\/v2\/media\/51404"}],"wp:attachment":[{"href":"https:\/\/agentelibredigital.com\/index.php\/wp-json\/wp\/v2\/media?parent=51400"}],"wp:term":[{"taxonomy":"category","embeddable":true,"href":"https:\/\/agentelibredigital.com\/index.php\/wp-json\/wp\/v2\/categories?post=51400"},{"taxonomy":"post_tag","embeddable":true,"href":"https:\/\/agentelibredigital.com\/index.php\/wp-json\/wp\/v2\/tags?post=51400"}],"curies":[{"name":"wp","href":"https:\/\/api.w.org\/{rel}","templated":true}]}}