{"id":48292,"date":"2025-05-26T14:56:57","date_gmt":"2025-05-26T12:56:57","guid":{"rendered":"https:\/\/agentelibredigital.com\/?p=48292"},"modified":"2025-05-26T14:56:57","modified_gmt":"2025-05-26T12:56:57","slug":"xabi-alonso-siento-que-es-el-momento-de-ser-el-entrenador-del-madrid","status":"publish","type":"post","link":"https:\/\/agentelibredigital.com\/index.php\/2025\/05\/26\/xabi-alonso-siento-que-es-el-momento-de-ser-el-entrenador-del-madrid\/","title":{"rendered":"Xabi Alonso: \u00abSiento que es el momento de ser el entrenador del Madrid\u00bb"},"content":{"rendered":"<h4>El nuevo entrenador del Real Madrid ha sido presentado en un acto protocolario, donde ya se le ha visto posando junto a Florentino P\u00e9rez y la camiseta del Madrid. Tras esto, ha habido una rueda de prensa donde ha podido atender las preguntas de los medios. Dejando sus primeras palabras como nuevo t\u00e9cnico blanco.<\/h4>\n<p><a href=\"https:\/\/agentelibredigital.com\/index.php\/2025\/05\/25\/ya-es-oficial-empieza-la-era-de-xabi-alonso-en-los-banquillos-de-chamartin\/\">Xabi Alonso fue oficializado ayer como nuevo entrenador del Madrid<\/a> tras un fin de semana de <strong>muchas emociones en Chamart\u00edn<\/strong>,<a href=\"https:\/\/agentelibredigital.com\/index.php\/2025\/05\/24\/gracias-carletto-gracias-luka\/\"> con la despedida de Modric y Ancelotti.<\/a> Pero el trabajo no para, y si bien ya est\u00e1n trabajando en traer nuevo jugadores para reforzar al equipo, tambi\u00e9n han adelantado el proceso <strong>para presentar al nuevo t\u00e9cnico<\/strong> y que pueda trabajar ya con el equipo de cara al <strong>Mundial de Clubes<\/strong>, que dar\u00e1 comienzo en algo m\u00e1s de dos semanas.<\/p>\n<p>El acto daba comienzo con un precioso v\u00eddeo al m\u00e1s puro estilo <a href=\"https:\/\/agentelibredigital.com\/index.php\/category\/real-madrid\/\">\u00abReal Madrid\u00bb<\/a>, repasando sus hitos como jugador blanco y como entrenador en todas sus exitosas etapas, <strong>donde incluye un peque\u00f1o paso por la Fabrica<\/strong>. Con la finalizaci\u00f3n del mismo ha tomado la palabra <strong>Florentino P\u00e9rez<\/strong>, presidente del <strong>Real Madrid<\/strong>, que ha presentado y dado la bienvenida a<strong> Xabi Alonso.<\/strong><\/p>\n<p>\u00abEl vinculo con el Madrid nunca ha dejado de existir, siempre ha estado ah\u00ed\u00bb, comenz\u00f3 diciendo <strong>Xabi<\/strong> en sus <strong>primera palabras como entrenador del Madrid.<\/strong><\/p>\n<figure id=\"attachment_48294\" aria-describedby=\"caption-attachment-48294\" style=\"width: 938px\" class=\"wp-caption aligncenter\"><img loading=\"lazy\" decoding=\"async\" class=\" wp-image-48294\" src=\"https:\/\/agentelibredigital.com\/wp-content\/uploads\/2025\/05\/AV19460-300x200.webp\" alt=\"\" width=\"938\" height=\"625\" srcset=\"https:\/\/agentelibredigital.com\/wp-content\/uploads\/2025\/05\/AV19460-300x200.webp 300w, https:\/\/agentelibredigital.com\/wp-content\/uploads\/2025\/05\/AV19460.webp 768w\" sizes=\"auto, (max-width: 938px) 100vw, 938px\" \/><figcaption id=\"caption-attachment-48294\" class=\"wp-caption-text\">Xabi Alonso y Florentino P\u00e9rez firmando los papeles reglamentarios para el fichaje de Xabi Alonso como t\u00e9cnico del Madrid. Fuente: OneFootball<\/figcaption><\/figure>\n<p>El tolosarra tambi\u00e9n se ha acordado de <a href=\"https:\/\/agentelibredigital.com\/index.php\/2025\/05\/24\/ancelotti-ha-sido-un-honor-ser-parte-de-esta-familia\/\">Carlo Ancelotti y el gran legado que ha dejado en el Madrid<\/a>. Siendo una gran influencia para \u00e9l mismo, como bien ha reconocido.<\/p>\n<p>Con la finalizaci\u00f3n de este acto ha llegado el momento de los medios de comunicaci\u00f3n, con la rueda de prensa en la Ciudad Deportiva del Real Madrid.<\/p>\n<h2>Sobre el posible \u00abnuevo\u00bb centrocampista como fichaje<\/h2>\n<p>\u00abEs nuestro deber querer siempre mejorar en cualquier faceta del juego o de la planificaci\u00f3n de la plantilla. Por tanto, desde que soy entrenador del Madrid quiero tener esta comunicaci\u00f3n, esta visi\u00f3n con el club de consensuar como podemos mejorar. Yo creo que el contexto en el que vamos a estar, nos va a demandar. Ahora mismo no llego con las exigencias, si no con ganas de trabajar con el equipo y siempre con la idea de jugar mejor\u00bb.<\/p>\n<h2>\u00bfHa hecho an\u00e1lisis de la plantilla?<\/h2>\n<p>\u00abClaro que he hecho un an\u00e1lisis de como ha jugado el equipo, de como est\u00e1n los jugadores, pero lo uso de cara a la idea que tengo yo, de cara al proyecto nuevo que iniciamos&#8230;El reto es hacer un equipo, sacar el potencial de estos jugadores y hacer que todo el equipo vaya a una para hacer una fuerza muy potente\u00bb, coment\u00f3 Xabi Alonso<\/p>\n<h2>\u00bfPor que llega antes del Mundial de Clubes?<\/h2>\n<p>\u00abLo veo como una oportunidad por dos partes. Por una parte, para ir adelantando procesos, ir adelantando conocernos, ir adelantando cosas de como queremos ser y luego la oportunidad de pelear por otro t\u00edtulo&#8230;Si conseguimos unir los dos puede ser un gran inicio y eso es desde hoy lo que tengo pensado\u00bb.<\/p>\n<h2>\u00bfComo va a jugar el Madrid de Xabi Alonso? \u00bf3-4-2-1? \u00bfDos delanteros o tres?<\/h2>\n<p>\u00abTengo una idea de como queremos jugar&#8230;Quiero que el equipo transmita emoci\u00f3n, transmita energ\u00eda, que queramos jugar de una manera ambiciosa y que conecte con la gente. Con cuatro, con tres ya lo iremos viendo&#8230;\u00bb, respondi\u00f3 el t\u00e9cnico tolosarra a una de las preguntas m\u00e1s frecuentadas en los medios los \u00faltimos d\u00edas.<\/p>\n<figure id=\"attachment_48296\" aria-describedby=\"caption-attachment-48296\" style=\"width: 933px\" class=\"wp-caption aligncenter\"><img loading=\"lazy\" decoding=\"async\" class=\" wp-image-48296\" src=\"https:\/\/agentelibredigital.com\/wp-content\/uploads\/2025\/05\/1-fc-heidenheim-1846-v-bayer-04-leverkusen-bundesliga-300x200.jpg\" alt=\"\" width=\"933\" height=\"622\" srcset=\"https:\/\/agentelibredigital.com\/wp-content\/uploads\/2025\/05\/1-fc-heidenheim-1846-v-bayer-04-leverkusen-bundesliga-300x200.jpg 300w, https:\/\/agentelibredigital.com\/wp-content\/uploads\/2025\/05\/1-fc-heidenheim-1846-v-bayer-04-leverkusen-bundesliga-1024x683.jpg 1024w, https:\/\/agentelibredigital.com\/wp-content\/uploads\/2025\/05\/1-fc-heidenheim-1846-v-bayer-04-leverkusen-bundesliga-768x512.jpg 768w, https:\/\/agentelibredigital.com\/wp-content\/uploads\/2025\/05\/1-fc-heidenheim-1846-v-bayer-04-leverkusen-bundesliga-1536x1024.jpg 1536w, https:\/\/agentelibredigital.com\/wp-content\/uploads\/2025\/05\/1-fc-heidenheim-1846-v-bayer-04-leverkusen-bundesliga-2048x1366.jpg 2048w\" sizes=\"auto, (max-width: 933px) 100vw, 933px\" \/><figcaption id=\"caption-attachment-48296\" class=\"wp-caption-text\">Xabi Alonso dirigiendo al Bayer Leverkusen. Fuentes: OneFootball<\/figcaption><\/figure>\n<h2>\u00bfY la presi\u00f3n alta?<\/h2>\n<p>\u00abA mi lo que me gusta es que sepamos elegir los momentos. Si que con una idea de saber como hacerla, de tener una organizaci\u00f3n, de tener un control desde que tenemos el bal\u00f3n hasta que no tengamos el bal\u00f3n&#8230;Hoy en d\u00eda tienes que saber manejar diferentes contextos, buscar la presi\u00f3n alta cuando es necesario, replegar cuando es necesario, pero si que tengo la idea de un juego ambicioso, activo, proactivo, que busque llevar la iniciativa\u00bb.<\/p>\n<h2>\u00bfQue entrenador le ha marcado m\u00e1s?<\/h2>\n<p>\u00abTodos me han ayudado mucho, tuve la suerte de tener muy buenos. Mi padre fue entrenador as\u00ed que seguramente \u00e9l haya sido mi mayor influencia\u00bb, respondi\u00f3 con sinceridad Xabi<\/p>\n<h2>\u00bfComo encajar\u00e1 a las estrellas del Madrid?<\/h2>\n<p>\u00abEs una suerte que tengamos jugadores de ese nivel&#8230;Son jugadores diferenciales, que marcan las diferencias y que les tenemos que sacar todo lo que tienen. Por que si ellos dan el m\u00e1ximo nivel, el equipo va a ser mucho m\u00e1s ganador, y eso es lo que queremos\u00bb.<\/p>\n<figure id=\"attachment_48295\" aria-describedby=\"caption-attachment-48295\" style=\"width: 940px\" class=\"wp-caption aligncenter\"><img loading=\"lazy\" decoding=\"async\" class=\" wp-image-48295\" src=\"https:\/\/agentelibredigital.com\/wp-content\/uploads\/2025\/05\/real-madrid-cf-v-manchester-city-uefa-champions-league-2024-25-league-knockout-play-off-second-leg-300x199.jpg\" alt=\"\" width=\"940\" height=\"624\" srcset=\"https:\/\/agentelibredigital.com\/wp-content\/uploads\/2025\/05\/real-madrid-cf-v-manchester-city-uefa-champions-league-2024-25-league-knockout-play-off-second-leg-300x199.jpg 300w, https:\/\/agentelibredigital.com\/wp-content\/uploads\/2025\/05\/real-madrid-cf-v-manchester-city-uefa-champions-league-2024-25-league-knockout-play-off-second-leg-768x509.jpg 768w\" sizes=\"auto, (max-width: 940px) 100vw, 940px\" \/><figcaption id=\"caption-attachment-48295\" class=\"wp-caption-text\">Bellingham, Rodrygo, Vinicius y Mbapp\u00e9. Fuente: OneFootball<\/figcaption><\/figure>\n","protected":false},"excerpt":{"rendered":"<p>El nuevo entrenador del Real Madrid ha sido presentado en un acto protocolario, donde ya se le ha visto posando junto a Florentino P\u00e9rez y la camiseta del Madrid. Tras&hellip; <\/p>\n","protected":false},"author":253,"featured_media":48293,"comment_status":"open","ping_status":"open","sticky":false,"template":"","format":"standard","meta":{"om_disable_all_campaigns":false,"_monsterinsights_skip_tracking":false,"_monsterinsights_sitenote_active":false,"_monsterinsights_sitenote_note":"","_monsterinsights_sitenote_category":0,"_uf_show_specific_survey":0,"_uf_disable_surveys":false,"footnotes":""},"categories":[3045,6],"tags":[3902,2786,322,56,1053,364],"class_list":["post-48292","post","type-post","status-publish","format-standard","has-post-thumbnail","hentry","category-fichaje","category-real-madrid","tag-ciudad-real-madrid","tag-fichaje","tag-florentino-perez","tag-real-madrid","tag-rueda-de-prensa","tag-xabi-alonso"],"aioseo_notices":[],"_links":{"self":[{"href":"https:\/\/agentelibredigital.com\/index.php\/wp-json\/wp\/v2\/posts\/48292","targetHints":{"allow":["GET"]}}],"collection":[{"href":"https:\/\/agentelibredigital.com\/index.php\/wp-json\/wp\/v2\/posts"}],"about":[{"href":"https:\/\/agentelibredigital.com\/index.php\/wp-json\/wp\/v2\/types\/post"}],"author":[{"embeddable":true,"href":"https:\/\/agentelibredigital.com\/index.php\/wp-json\/wp\/v2\/users\/253"}],"replies":[{"embeddable":true,"href":"https:\/\/agentelibredigital.com\/index.php\/wp-json\/wp\/v2\/comments?post=48292"}],"version-history":[{"count":1,"href":"https:\/\/agentelibredigital.com\/index.php\/wp-json\/wp\/v2\/posts\/48292\/revisions"}],"predecessor-version":[{"id":48297,"href":"https:\/\/agentelibredigital.com\/index.php\/wp-json\/wp\/v2\/posts\/48292\/revisions\/48297"}],"wp:featuredmedia":[{"embeddable":true,"href":"https:\/\/agentelibredigital.com\/index.php\/wp-json\/wp\/v2\/media\/48293"}],"wp:attachment":[{"href":"https:\/\/agentelibredigital.com\/index.php\/wp-json\/wp\/v2\/media?parent=48292"}],"wp:term":[{"taxonomy":"category","embeddable":true,"href":"https:\/\/agentelibredigital.com\/index.php\/wp-json\/wp\/v2\/categories?post=48292"},{"taxonomy":"post_tag","embeddable":true,"href":"https:\/\/agentelibredigital.com\/index.php\/wp-json\/wp\/v2\/tags?post=48292"}],"curies":[{"name":"wp","href":"https:\/\/api.w.org\/{rel}","templated":true}]}}