{"id":48149,"date":"2025-05-24T20:21:56","date_gmt":"2025-05-24T18:21:56","guid":{"rendered":"https:\/\/agentelibredigital.com\/?p=48149"},"modified":"2025-06-05T22:39:46","modified_gmt":"2025-06-05T20:39:46","slug":"cd-tenerife-real-oviedo-este-oviedo-sera-mas-alto-que-el-teide","status":"publish","type":"post","link":"https:\/\/agentelibredigital.com\/index.php\/2025\/05\/24\/cd-tenerife-real-oviedo-este-oviedo-sera-mas-alto-que-el-teide\/","title":{"rendered":"Previa CD Tenerife-Real Oviedo: \u00abEste Oviedo ser\u00e1 m\u00e1s alto que el Teide\u00bb"},"content":{"rendered":"<p><a href=\"https:\/\/agentelibredigital.com\/?s=tenerife\">CD Tenerife<\/a> y <a href=\"https:\/\/agentelibredigital.com\/?s=real+oviedo\">Real Oviedo<\/a> se ver\u00e1n las caras este domingo a las 18:30 horas en el <a href=\"https:\/\/agentelibredigital.com\/?s=heliodoro+rodriguez+lopez\">Heliodoro Rodr\u00edguez L\u00f3pez<\/a>, en un encuentro correspondiente a la jornada 41 de la <a href=\"https:\/\/agentelibredigital.com\/?s=liga+hypermotion\">Liga Hypermotion<\/a>. A 65 kil\u00f3metros del Teide, el pico m\u00e1s alto de Espa\u00f1a, el conjunto oviedista afronta una cita que puede marcar su temporada. Es su \u00faltima salida en la fase regular, y quiz\u00e1 su \u00faltima oportunidad de seguir creyendo en el ascenso directo.<\/p>\n<p>El encuentro ser\u00e1 dirigido por Daniel Palencia Caballero, \u00e1rbitro del colegio vasco. Desde el VAR actuar\u00e1 D\u00e1maso Arcediano Monescillo, del comit\u00e9 andaluz y cuya relaci\u00f3n con la afici\u00f3n azul no ha estado exenta de pol\u00e9mica.<\/p>\n<h2>C\u00f3mo llega el CD Tenerife<\/h2>\n<figure style=\"width: 1280px\" class=\"wp-caption alignnone\"><img loading=\"lazy\" decoding=\"async\" src=\"https:\/\/pbs.twimg.com\/media\/GreCoDoWcAAkAnW?format=jpg&amp;name=large\" alt=\"Yussi Diarra durante un entrenamiento previo al partido. Fuente: CD Tenerife. \" width=\"1280\" height=\"720\" \/><figcaption class=\"wp-caption-text\">Yussi Diarra durante un entrenamiento previo al partido. Fuente: CD Tenerife.<\/figcaption><\/figure>\n<p class=\"\" data-start=\"107\" data-end=\"450\">Los tinerfe\u00f1os llegan al encuentro como vig\u00e9simo clasificado, con 36 puntos. En sus \u00faltimos cinco partidos han sumado dos empates y una derrota. Los blanquiazules han sido, sin duda, una de las grandes decepciones del curso. Por su banquillo han pasado tres entrenadores: \u00d3scar Cano, Pepe Mel y \u00c1lvaro Cervera. Con la llegada de este \u00faltimo pareci\u00f3 encenderse una chispa de esperanza, pero ni siquiera el ex del Oviedo ha logrado enderezar el rumbo. <strong>El \u201cTete\u201d llegar\u00e1 a este tramo final sin nada en juego, salvo el orgullo.<\/strong><\/p>\n<p class=\"\" data-start=\"452\" data-end=\"725\">Cervera volver\u00e1 a tener varias bajas sensibles. Jos\u00e9 Amo, in\u00e9dito durante toda la temporada por lesi\u00f3n, seguir\u00e1 fuera. Tampoco estar\u00e1 Fabio Gonz\u00e1lez, expulsado en el descuento frente al Levante tras \u00abagarrar del cuello a un adversario, lanz\u00e1ndolo al suelo con fuerza excesiva sin estar el bal\u00f3n en juego\u00bb. A esta lista se suma Edgar Bad\u00eda, ausente por enfermedad febril, y Jos\u00e9 Le\u00f3n, que contin\u00faa lesionado. La \u00fanica buena noticia para el t\u00e9cnico guineano es la recuperaci\u00f3n de Land\u00e1zuri: el central fue expulsado ante el Cartagena por cortar una ocasi\u00f3n manifiesta de gol, pero el club recurri\u00f3 y el CTA ha decidido retirarle la tarjeta.<\/p>\n<p class=\"\" data-start=\"727\" data-end=\"1161\">En la previa, Cervera apel\u00f3 al compromiso hasta el final: \u00abhay equipos que se juegan mucho y hay que estar centrados en este final de temporada\u00bb. Adem\u00e1s se pronunci\u00f3 tambi\u00e9n sobre el tema arbitral: \u00abyo no estoy en contra de nada y s\u00ed a favor de que las cosas se hagan bien\u00bb.<\/p>\n<p class=\"\" data-start=\"1163\" data-end=\"1826\">Destacar a alguien en este Tenerife no es sencillo, pero hay nombres que han brillado con luz propia pese a la inercia del equipo. En porter\u00eda, Edgar Bad\u00eda ha vuelto a demostrar que es un aut\u00e9ntico especialista en Segunda Divisi\u00f3n. En defensa, J\u00e9r\u00e9my Mellot sigue siendo un lateral fiable y con buena proyecci\u00f3n ofensiva. En la medular, Youssouf Diarra ha sido probablemente el jugador m\u00e1s determinante, con cinco goles y una presencia constante en campo rival. Y arriba, Luismi Cruz ha explotado como uno de los talentos j\u00f3venes m\u00e1s codiciados del mercado: dos goles, ocho asistencias y varios equipos llamando a su puerta.<\/p>\n<p data-start=\"1163\" data-end=\"1826\">En el apartado de ex, encontramos a Aitor Sanz. El madrile\u00f1o sigue levantando pasiones en la isla, es su und\u00e9cima campa\u00f1a en el conjunto canario y a pesar de que en esta no ha tenido mucho protagonismo sigue siendo un pilar fundamental dentro del vestuario. En Oviedo dej\u00f3 buen recuerdo tras tres campa\u00f1as, a donde lleg\u00f3 procedente del Real Uni\u00f3n de Ir\u00fan. Fue bajo las \u00f3rdenes de Pacheta donde m\u00e1s brill\u00f3, convirti\u00e9ndose en un centrocampista clave en aquella etapa azul.<\/p>\n<p data-start=\"1163\" data-end=\"1826\"><strong data-start=\"1615\" data-end=\"1638\">Posible alineaci\u00f3n:\u00a0<\/strong>Salvi; David Rguez., Land\u00e1zuri, Sergio, Mellot; Diarra, Aar\u00f3n, Waldo, Cantero; \u00c1ngel, Maikel Mesa.<\/p>\n<h2>C\u00f3mo llega el Real Oviedo<\/h2>\n<figure style=\"width: 1700px\" class=\"wp-caption alignnone\"><img loading=\"lazy\" decoding=\"async\" src=\"https:\/\/statics-maker.llt-services.com\/ovi\/images\/2025\/05\/21\/xlarge-wp\/0077e10e-001c-4428-80a0-10841f1c921e-652.webp\" alt=\"Veljko Paunovi\u0107 y Oier Luengo durante un entrenamiento de esta semana. Fuente: Real Oviedo.\" width=\"1700\" height=\"1267\" \/><figcaption class=\"wp-caption-text\">Veljko Paunovi\u0107 y Oier Luengo durante un entrenamiento de esta semana. Fuente: Real Oviedo.<\/figcaption><\/figure>\n<p class=\"\" data-start=\"117\" data-end=\"611\">El conjunto carbay\u00f3n afronta este encuentro desde la cuarta posici\u00f3n con 69 puntos,\u00a0 llega tras haber cosechado tres victorias y dos empates en sus \u00faltimos cinco partidos. <b>Tras haber asegurado matem\u00e1ticamente su presencia en el play-off, los azules no tiran la toalla en la pelea por el ascenso directo, y buscar\u00e1n apurar sus opciones hasta el final.<\/b><\/p>\n<p class=\"\" data-start=\"613\" data-end=\"1310\">El t\u00e9cnico serbio recupera a Nacho Vidal tras cumplir ciclo de tarjetas. Las dudas siguen recayendo sobre Fede Vi\u00f1as, Chaira y \u00c1lvaro Lemos; todos ellos con lesiones de una gravedad media-alta. Cabe destacar que Lucas Ahijado, ya ha entrenado con el grupo pero no viajar\u00e1 a Tenerife. Pauno sigue apostando por varios nombres del filial, a la isla viajar\u00e1n: Marco Esteban, Eze, Lamine Gueye y Miguel Narv\u00e1ez; sorprende la presencia de este \u00faltimo, ya que ser\u00e1 la primera vez que Pauno viajar\u00e1 con tres porteros.<\/p>\n<p class=\"\" data-start=\"1312\" data-end=\"1743\">En la previa del encuentro comparecieron ante los medios Veljko Paunovi\u0107 y Aar\u00f3n Escandell. El entrenador se mostr\u00f3 optimista de cara al final de liga: \u00abQuedan dos partidos, hay posibilidades y tenemos que cumplir con lo nuestro\u00bb. Por su parte, el portero se mostr\u00f3 muy tajante: \u00abFocos en el siguiente partido, no hay m\u00e1s\u00bb. Tambi\u00e9n fue protagonista Kwasi Sibo, el cual recogi\u00f3 el premio al &#8216;Jugador Cinco Estrellas&#8217; del mes de abril. Durante la entrega hizo unas declaraciones sobre la alta estima que le tiene el m\u00edster: \u00abPaunovic conf\u00eda mucho en m\u00ed\u00bb.<\/p>\n<p class=\"\" data-start=\"1208\" data-end=\"1338\"><strong data-start=\"1208\" data-end=\"1231\">Posible alineaci\u00f3n:<\/strong> Escandell; Nacho Vidal, Costas, Dani Calvo, Rahim; Sibo, Colombatto; Hassan, Cazorla, Paulino; Alemao.<\/p>\n<h2>Enfrentamientos entre ambos equipos<\/h2>\n<figure style=\"width: 1200px\" class=\"wp-caption alignnone\"><img loading=\"lazy\" decoding=\"async\" src=\"https:\/\/piks.eldesmarque.com\/thumbs\/o\/1200\/thumbs\/o\/1200\/bin\/2020\/03\/01\/momento_del_gol_de_rodri_rios_el_real_oviedo_tenerife_foto_laliga.jpeg\" alt=\"Gol de Penalti de Rodri R\u00edos frente al Tenerife. Fuente: La Liga. \" width=\"1200\" height=\"800\" \/><figcaption class=\"wp-caption-text\">Gol de Penalti de Rodri R\u00edos frente al Tenerife. Fuente: La Liga.<\/figcaption><\/figure>\n<p>2020 fue el a\u00f1o de la pandemia, el del primer gobierno en coalici\u00f3n en la historia de nuestro pa\u00eds y el del derribo del Calder\u00f3n. Para el oviedismo, sin embargo, aquel primer trimestre fue uno de los m\u00e1s duros en la etapa reciente del club: hasta la jornada 10, el equipo era colista y avanzaba sin rumbo, inmerso en la oscuridad. La llegada de Jos\u00e9 \u00c1ngel Ziganda a mediados de febrero cambi\u00f3 el panorama. Su estreno en el banquillo fue ante el Tenerife, en un partido que parec\u00eda condenado al empate hasta que una jugada individual de Borja S\u00e1nchez provoc\u00f3 una mano en el \u00e1rea rival. El VAR intervino y decret\u00f3 penalti, que Rodri R\u00edos \u2014a\u00fan sin goles en la temporada\u2014 transform\u00f3 para firmar una victoria que acabar\u00eda siendo un punto de inflexi\u00f3n.<\/p>\n<p>Desde que comenz\u00f3 el siglo XXI, tinerfe\u00f1os y carbayones se han enfrentado en 26 ocasiones, repartidas entre Copa del Rey, Segunda Divisi\u00f3n y Segunda B. El historial es completamente equilibrado: diez victorias para cada uno y seis empates. Un duelo con historia, con cuentas pendientes y con el aroma de los encuentros que siempre dejan algo.<\/p>\n","protected":false},"excerpt":{"rendered":"<p>CD Tenerife y Real Oviedo se ver\u00e1n las caras este domingo a las 18:30 horas en el Heliodoro Rodr\u00edguez L\u00f3pez, en un encuentro correspondiente a la jornada 41 de la&hellip; <\/p>\n","protected":false},"author":238,"featured_media":48228,"comment_status":"open","ping_status":"open","sticky":false,"template":"","format":"standard","meta":{"om_disable_all_campaigns":false,"_monsterinsights_skip_tracking":false,"_monsterinsights_sitenote_active":false,"_monsterinsights_sitenote_note":"","_monsterinsights_sitenote_category":0,"_uf_show_specific_survey":0,"_uf_disable_surveys":false,"footnotes":""},"categories":[47,8],"tags":[4048,986,1327,1535,980,3983],"class_list":["post-48149","post","type-post","status-publish","format-standard","has-post-thumbnail","hentry","category-futbol-espanol","category-laliga-hypermotion","tag-alvaro-cervera","tag-cd-tenerife","tag-heliodoro-rodriguez-lopez","tag-liga-hypermotion","tag-real-oviedo","tag-velko-paunovic"],"aioseo_notices":[],"_links":{"self":[{"href":"https:\/\/agentelibredigital.com\/index.php\/wp-json\/wp\/v2\/posts\/48149","targetHints":{"allow":["GET"]}}],"collection":[{"href":"https:\/\/agentelibredigital.com\/index.php\/wp-json\/wp\/v2\/posts"}],"about":[{"href":"https:\/\/agentelibredigital.com\/index.php\/wp-json\/wp\/v2\/types\/post"}],"author":[{"embeddable":true,"href":"https:\/\/agentelibredigital.com\/index.php\/wp-json\/wp\/v2\/users\/238"}],"replies":[{"embeddable":true,"href":"https:\/\/agentelibredigital.com\/index.php\/wp-json\/wp\/v2\/comments?post=48149"}],"version-history":[{"count":3,"href":"https:\/\/agentelibredigital.com\/index.php\/wp-json\/wp\/v2\/posts\/48149\/revisions"}],"predecessor-version":[{"id":48493,"href":"https:\/\/agentelibredigital.com\/index.php\/wp-json\/wp\/v2\/posts\/48149\/revisions\/48493"}],"wp:featuredmedia":[{"embeddable":true,"href":"https:\/\/agentelibredigital.com\/index.php\/wp-json\/wp\/v2\/media\/48228"}],"wp:attachment":[{"href":"https:\/\/agentelibredigital.com\/index.php\/wp-json\/wp\/v2\/media?parent=48149"}],"wp:term":[{"taxonomy":"category","embeddable":true,"href":"https:\/\/agentelibredigital.com\/index.php\/wp-json\/wp\/v2\/categories?post=48149"},{"taxonomy":"post_tag","embeddable":true,"href":"https:\/\/agentelibredigital.com\/index.php\/wp-json\/wp\/v2\/tags?post=48149"}],"curies":[{"name":"wp","href":"https:\/\/api.w.org\/{rel}","templated":true}]}}