{"id":46726,"date":"2025-04-21T08:30:48","date_gmt":"2025-04-21T06:30:48","guid":{"rendered":"https:\/\/agentelibredigital.com\/?p=46726"},"modified":"2025-04-20T23:43:10","modified_gmt":"2025-04-20T21:43:10","slug":"girona-real-betis-necesidad-de-ganar","status":"publish","type":"post","link":"https:\/\/agentelibredigital.com\/index.php\/2025\/04\/21\/girona-real-betis-necesidad-de-ganar\/","title":{"rendered":"Girona-Real Betis: Necesidad de ganar"},"content":{"rendered":"<h2><strong>El Girona se juega la vida en un encuentro vital ante el Real Betis en Montilivi. Los catalanes necesitan urgentemente reencontrarse con la victoria, mientras que los b\u00e9ticos siguen su camino hacia la Champions.\u00a0<\/strong><\/h2>\n<h3>Situaci\u00f3n de ambos<\/h3>\n<h4>Girona<\/h4>\n<p>Los catalanes comenzaron un a\u00f1o inolvidable con buen pie, peleando por Europa, pero conforme ha ido avanzando la temporada han ido mostrando debilidades, hasta estar <strong>actualmente decimosexto a tres puntos de la zona de descenso <\/strong>que la marca el <strong>Alav\u00e9s<\/strong> con 31 puntos. Sin duda, toda una decepci\u00f3n para los gironins.<\/p>\n<p>Por ello, los gironins necesitan con <strong>urgencia un triunfo en Montilivi<\/strong> para recuperar la esperanza ya que <strong>en lo que va de a\u00f1o tan solo han conseguido dos victorias<\/strong>. La \u00faltima, el <strong>3 de febrero ante Las Palmas<\/strong>, mientras que en los \u00faltimos nueve encuentro ligeros tan solo han logrado 3 empates.<\/p>\n<figure id=\"attachment_46772\" aria-describedby=\"caption-attachment-46772\" style=\"width: 819px\" class=\"wp-caption aligncenter\"><img loading=\"lazy\" decoding=\"async\" class=\"size-large wp-image-46772\" src=\"https:\/\/agentelibredigital.com\/wp-content\/uploads\/2025\/04\/GoexLOMXYAAJFCO-819x1024.jpg\" alt=\"\" width=\"819\" height=\"1024\" srcset=\"https:\/\/agentelibredigital.com\/wp-content\/uploads\/2025\/04\/GoexLOMXYAAJFCO-819x1024.jpg 819w, https:\/\/agentelibredigital.com\/wp-content\/uploads\/2025\/04\/GoexLOMXYAAJFCO-240x300.jpg 240w, https:\/\/agentelibredigital.com\/wp-content\/uploads\/2025\/04\/GoexLOMXYAAJFCO-768x960.jpg 768w, https:\/\/agentelibredigital.com\/wp-content\/uploads\/2025\/04\/GoexLOMXYAAJFCO.jpg 960w\" sizes=\"auto, (max-width: 819px) 100vw, 819px\" \/><figcaption id=\"caption-attachment-46772\" class=\"wp-caption-text\">Pi\u00f1a de los jugadores del Girona en el \u00faltimo encuentro ante Osasuna. <a href=\"https:\/\/x.com\/GironaFC\"><strong>Fuente: Girona<\/strong><\/a><\/figcaption><\/figure>\n<h4>Real Betis<\/h4>\n<p>Aunque hace unos meses se hablaba del fin de ciclo de Pellegrini, el <strong><a href=\"https:\/\/agentelibredigital.com\/index.php\/category\/betis\/\">Betis<\/a> ha renacido<\/strong> y vive un gran momento. En todo el <strong>mes de marzo<\/strong> los b\u00e9ticos <strong>no hab\u00eda perdido ning\u00fan partido<\/strong>, pero esa racha se fren\u00f3 cuando fueron <strong>derrotados ante el Villarreal<\/strong>, pese a ello, los b\u00e9ticos no pueden tener pegas ya que han logrado <strong>clasificarse a la semifinal de <a href=\"https:\/\/agentelibredigital.com\/index.php\/category\/conference-league\/\">UEFA Conference League<\/a><\/strong> y en la Liga EA Sports est\u00e1n <strong>pelando por posicionarse en puesto de <a href=\"https:\/\/agentelibredigital.com\/index.php\/category\/uefa-champions-league\/\">Champions<\/a><\/strong>.<\/p>\n<p>Otra buena noticia para el conjunto andaluz es que no tienen muchas bajas. La \u00fanica baja importante es la de Diego Llorente que se perder\u00e1 todo lo que resta de temporada.<\/p>\n<h3>Antecedentes<\/h3>\n<p>Los precedentes entre ambos conjuntos no es positivo para el conjunto de M\u00edchel. De los diecisiete encuentros disputados, los catalanes tan s\u00f3lo han logrado <strong>ganar tres encuentros y empatar otros tres<\/strong>.<\/p>\n<p>En la primera vuelta, los b\u00e9ticos comenzaron con buen pie con el <strong>tanto de Bartra<\/strong>, pero un <strong>tanto de Misehouy<\/strong> en el 72&#8242; logr\u00f3 rescatar un punto en el Benito Villamar\u00edn.<\/p>\n<figure id=\"attachment_46750\" aria-describedby=\"caption-attachment-46750\" style=\"width: 1024px\" class=\"wp-caption aligncenter\"><img loading=\"lazy\" decoding=\"async\" class=\"size-large wp-image-46750\" src=\"https:\/\/agentelibredigital.com\/wp-content\/uploads\/2025\/04\/real-betis-balompie-v-girona-fc-la-liga-ea-sports-1024x683.jpg\" alt=\"\" width=\"1024\" height=\"683\" srcset=\"https:\/\/agentelibredigital.com\/wp-content\/uploads\/2025\/04\/real-betis-balompie-v-girona-fc-la-liga-ea-sports-1024x683.jpg 1024w, https:\/\/agentelibredigital.com\/wp-content\/uploads\/2025\/04\/real-betis-balompie-v-girona-fc-la-liga-ea-sports-300x200.jpg 300w, https:\/\/agentelibredigital.com\/wp-content\/uploads\/2025\/04\/real-betis-balompie-v-girona-fc-la-liga-ea-sports-768x512.jpg 768w, https:\/\/agentelibredigital.com\/wp-content\/uploads\/2025\/04\/real-betis-balompie-v-girona-fc-la-liga-ea-sports-1536x1024.jpg 1536w, https:\/\/agentelibredigital.com\/wp-content\/uploads\/2025\/04\/real-betis-balompie-v-girona-fc-la-liga-ea-sports-2048x1366.jpg 2048w\" sizes=\"auto, (max-width: 1024px) 100vw, 1024px\" \/><figcaption id=\"caption-attachment-46750\" class=\"wp-caption-text\">Real Betis 1-1 Girona. Fuente: Fran Santiago (Getty Images)<\/figcaption><\/figure>\n<h3>Posibles alineaciones<\/h3>\n<p><strong><a href=\"https:\/\/agentelibredigital.com\/index.php\/category\/girona\/\">Once del Girona:<\/a>\u00a0<\/strong>Gazzaniga (P); Arnau, Krejci, Daley Blind, Miguel Guti\u00e9rrez; Iv\u00e1n Mart\u00edn, Oriol Romeu, Yangel Herrera; Tsygankov, Abel Ruiz y Danjuma.<\/p>\n<p><strong><a href=\"https:\/\/agentelibredigital.com\/index.php\/category\/betis\/\">Once del Real Betis:<\/a>\u00a0<\/strong>Adri\u00e1n (P); Sabaly, Marc Bartra, Natan, Perraud; Pablo Fornals, Johnny Cardoso; Antony, Isco, Jes\u00fas Rodr\u00edguez; y Cucho Hern\u00e1ndez.<\/p>\n","protected":false},"excerpt":{"rendered":"<p>El Girona se juega la vida en un encuentro vital ante el Real Betis en Montilivi. Los catalanes necesitan urgentemente reencontrarse con la victoria, mientras que los b\u00e9ticos siguen su&hellip; <\/p>\n","protected":false},"author":175,"featured_media":46754,"comment_status":"open","ping_status":"open","sticky":false,"template":"","format":"standard","meta":{"om_disable_all_campaigns":false,"_monsterinsights_skip_tracking":false,"_monsterinsights_sitenote_active":false,"_monsterinsights_sitenote_note":"","_monsterinsights_sitenote_category":0,"_uf_show_specific_survey":0,"_uf_disable_surveys":false,"footnotes":""},"categories":[17,14,46],"tags":[170,904],"class_list":["post-46726","post","type-post","status-publish","format-standard","has-post-thumbnail","hentry","category-betis","category-girona","category-laliga-ea-sports","tag-girona","tag-real-betis"],"aioseo_notices":[],"_links":{"self":[{"href":"https:\/\/agentelibredigital.com\/index.php\/wp-json\/wp\/v2\/posts\/46726","targetHints":{"allow":["GET"]}}],"collection":[{"href":"https:\/\/agentelibredigital.com\/index.php\/wp-json\/wp\/v2\/posts"}],"about":[{"href":"https:\/\/agentelibredigital.com\/index.php\/wp-json\/wp\/v2\/types\/post"}],"author":[{"embeddable":true,"href":"https:\/\/agentelibredigital.com\/index.php\/wp-json\/wp\/v2\/users\/175"}],"replies":[{"embeddable":true,"href":"https:\/\/agentelibredigital.com\/index.php\/wp-json\/wp\/v2\/comments?post=46726"}],"version-history":[{"count":5,"href":"https:\/\/agentelibredigital.com\/index.php\/wp-json\/wp\/v2\/posts\/46726\/revisions"}],"predecessor-version":[{"id":46774,"href":"https:\/\/agentelibredigital.com\/index.php\/wp-json\/wp\/v2\/posts\/46726\/revisions\/46774"}],"wp:featuredmedia":[{"embeddable":true,"href":"https:\/\/agentelibredigital.com\/index.php\/wp-json\/wp\/v2\/media\/46754"}],"wp:attachment":[{"href":"https:\/\/agentelibredigital.com\/index.php\/wp-json\/wp\/v2\/media?parent=46726"}],"wp:term":[{"taxonomy":"category","embeddable":true,"href":"https:\/\/agentelibredigital.com\/index.php\/wp-json\/wp\/v2\/categories?post=46726"},{"taxonomy":"post_tag","embeddable":true,"href":"https:\/\/agentelibredigital.com\/index.php\/wp-json\/wp\/v2\/tags?post=46726"}],"curies":[{"name":"wp","href":"https:\/\/api.w.org\/{rel}","templated":true}]}}