{"id":4640,"date":"2023-12-08T23:47:01","date_gmt":"2023-12-08T22:47:01","guid":{"rendered":"https:\/\/agentelibredigital.com\/?p=4640"},"modified":"2023-12-08T23:47:01","modified_gmt":"2023-12-08T22:47:01","slug":"giorgi-mamardashvili-sabemos-que-este-campo-es-muy-complicado-y-que-bordalas-es-un-entrenador-muy-fuerte","status":"publish","type":"post","link":"https:\/\/agentelibredigital.com\/index.php\/2023\/12\/08\/giorgi-mamardashvili-sabemos-que-este-campo-es-muy-complicado-y-que-bordalas-es-un-entrenador-muy-fuerte\/","title":{"rendered":"Giorgi Mamardashvili: \u00abSabemos que este campo es muy complicado y que Bordal\u00e1s es un entrenador muy fuerte\u00bb"},"content":{"rendered":"<h4>Mamardashvili reaparece ante los medios tras la derrota ante el Getafe en el Coliseum<\/h4>\n<p>Tras finalizar el encuentro, apareci\u00f3 ante los medios el guardameta valenciansita, afirm\u00f3: \u00abEra un partido dif\u00edcil y complicado donde hemos recibido dos rojas incre\u00edbles\u00bb. Las decisiones arbitrales que llevaron a las expulsiones de Paulista, el capit\u00e1n del equipo, y Javi Guerra, fueron objeto de su an\u00e1lisis detenido tanto para los aficionados como para los jugadores, aseguraba el cancerbero: \u00abPaulista fue a hablar con el \u00e1rbitro pero ni siquiera han llegado a hablar, ha sacado directamente la segunda amarilla y creo que en el caso de Javi Guerra ha sido igual\u00bb.<\/p>\n<p>El portero insist\u00eda en la preocupaci\u00f3n de la pr\u00f3xima semana ante el Barcelona F.C.: \u00abTenemos en la pr\u00f3xima semana un partido muy importante, tenemos que recuperarnos lo m\u00e1s pronto posible\u00bb, subray\u00f3. Haciendo alusi\u00f3n a la necesidad de obtener tres puntos para subir en la clasificaci\u00f3n de La Liga. Con determinaci\u00f3n, el guardameta hizo hincapi\u00e9 en la importancia de trabajar arduamente durante la semana para abordar las \u00e1reas de mejora y presentar un rendimiento s\u00f3lido frente a uno de los gigantes del f\u00fatbol espa\u00f1ol.<\/p>\n","protected":false},"excerpt":{"rendered":"<p>Mamardashvili reaparece ante los medios tras la derrota ante el Getafe en el Coliseum Tras finalizar el encuentro, apareci\u00f3 ante los medios el guardameta valenciansita, afirm\u00f3: \u00abEra un partido dif\u00edcil&hellip; <\/p>\n","protected":false},"author":106,"featured_media":4652,"comment_status":"open","ping_status":"open","sticky":false,"template":"","format":"standard","meta":{"om_disable_all_campaigns":false,"_monsterinsights_skip_tracking":false,"_monsterinsights_sitenote_active":false,"_monsterinsights_sitenote_note":"","_monsterinsights_sitenote_category":0,"_uf_show_specific_survey":0,"_uf_disable_surveys":false,"footnotes":""},"categories":[7,46,19],"tags":[939,623,272,679,126],"class_list":["post-4640","post","type-post","status-publish","format-standard","has-post-thumbnail","hentry","category-1a-rfef","category-laliga-ea-sports","category-valencia-cf","tag-declaraciones","tag-la-liga","tag-la-liga-ea-sports","tag-mamardashvili","tag-valencia-cf"],"aioseo_notices":[],"_links":{"self":[{"href":"https:\/\/agentelibredigital.com\/index.php\/wp-json\/wp\/v2\/posts\/4640","targetHints":{"allow":["GET"]}}],"collection":[{"href":"https:\/\/agentelibredigital.com\/index.php\/wp-json\/wp\/v2\/posts"}],"about":[{"href":"https:\/\/agentelibredigital.com\/index.php\/wp-json\/wp\/v2\/types\/post"}],"author":[{"embeddable":true,"href":"https:\/\/agentelibredigital.com\/index.php\/wp-json\/wp\/v2\/users\/106"}],"replies":[{"embeddable":true,"href":"https:\/\/agentelibredigital.com\/index.php\/wp-json\/wp\/v2\/comments?post=4640"}],"version-history":[{"count":1,"href":"https:\/\/agentelibredigital.com\/index.php\/wp-json\/wp\/v2\/posts\/4640\/revisions"}],"predecessor-version":[{"id":4653,"href":"https:\/\/agentelibredigital.com\/index.php\/wp-json\/wp\/v2\/posts\/4640\/revisions\/4653"}],"wp:featuredmedia":[{"embeddable":true,"href":"https:\/\/agentelibredigital.com\/index.php\/wp-json\/wp\/v2\/media\/4652"}],"wp:attachment":[{"href":"https:\/\/agentelibredigital.com\/index.php\/wp-json\/wp\/v2\/media?parent=4640"}],"wp:term":[{"taxonomy":"category","embeddable":true,"href":"https:\/\/agentelibredigital.com\/index.php\/wp-json\/wp\/v2\/categories?post=4640"},{"taxonomy":"post_tag","embeddable":true,"href":"https:\/\/agentelibredigital.com\/index.php\/wp-json\/wp\/v2\/tags?post=4640"}],"curies":[{"name":"wp","href":"https:\/\/api.w.org\/{rel}","templated":true}]}}