{"id":45253,"date":"2025-03-29T14:10:45","date_gmt":"2025-03-29T13:10:45","guid":{"rendered":"https:\/\/agentelibredigital.com\/?p=45253"},"modified":"2025-03-29T14:13:35","modified_gmt":"2025-03-29T13:13:35","slug":"valverde-queremos-dar-un-paso-importante-en-la-pelea-que-tenemos","status":"publish","type":"post","link":"https:\/\/agentelibredigital.com\/index.php\/2025\/03\/29\/valverde-queremos-dar-un-paso-importante-en-la-pelea-que-tenemos\/","title":{"rendered":"Valverde: \u00abQueremos dar un paso importante en la pelea que tenemos\u00bb"},"content":{"rendered":"<p><a href=\"https:\/\/agentelibredigital.com\/?s=Ernesto+Valverde\">Ernesto Valverde<\/a> ha comparecido ante los medios de comunicaci\u00f3n con<strong> las vistas puestas en el partido de ma\u00f1ana<\/strong> domingo frente al Osasuna. El Athletic vuelve a jugar despu\u00e9s del \u00faltimo par\u00f3n de selecciones y afronta el \u00faltimo tramo de la temporada con ilusi\u00f3n y hambre. El t\u00e9cnico del Athletic ha destacado<strong> el temas de los horarios de los partidos<\/strong>, el estado de forma del Osasuna y algunas cuestiones m\u00e1s como la baja de Galarreta y la posible vuelta de Ohian Sancet.<\/p>\n<h2>La baja de I\u00f1igo Ruiz de Galarreta<\/h2>\n<p>La primera pregunta iba dirigida hacia el estado de forma del pivote de los leones, ya que el Athletic ayer viernes sacaba un comunicado declarando que hab\u00eda sufrido otra lesi\u00f3n. Valverde calmaba a los aficionados: \u00abLo de I\u00f1igo <strong>no es muy grave<\/strong>, es una sobrecarga, est\u00e1 trastocado un poco. Esperamos <strong>recuperarlo pronto<\/strong>\u00ab.<\/p>\n<p>Por otra parte, relacionada con esta primera pregunta, se dejaba en el aire si podr\u00eda volver para el partido de Europa League, incluso si podr\u00eda volver Vivian, Valverde dec\u00eda esto: \u00abQueda el partido de Villarreal, la semana es larga, vamos a ver <strong>si recuperamos jugadores<\/strong>. No s\u00e9 como pueden ir evolucionando pero tenemos buenas perspectivas\u00bb.<\/p>\n<h2>La posible vuelta de Paredes y Ohian<\/h2>\n<p>El tema de las bajas e incorporaciones era de las cuestiones m\u00e1s claves en el inicio de esta rueda de prensa, se comentaba la vuelta a la convocatoria de Aitor y Ohian, dos jugadores que est\u00e1n en la recta final de sus procesos de recuperaci\u00f3n.<\/p>\n<p>Valverde no quer\u00eda asegurar nada y dijo esto: \u00abVamos a ver el entrenamiento de hoy, Paredes va bien, aunque <strong>Ohian va con un poco m\u00e1s de cuidado,<\/strong> pero vamos a ver como termina el entrenamiento\u00bb.<\/p>\n<h2>La carga de minutos de los jugadores del Athletic en este par\u00f3n<\/h2>\n<p>La rueda de prensa segu\u00eda su curso y esta vez se tocaba el tema del par\u00f3n de selecciones. Muchos jugadores del primer equipo fueron con sus respectivos pa\u00edses y jugaron una gran cantidad de minutos, Ernesto se mojaba sobre este tema y dec\u00eda lo siguiente: \u00abLo que quieres siempre es que <strong>no ocurra nada con tus jugadores<\/strong>, que vuelvan sanos siempre y sin ninguna lesi\u00f3n. Evidentemente es un prestigio para nosotros y los jugadores que<strong> ellos jueguen, que sean titulares<\/strong>\u00ab.<\/p>\n<h2>El planteamiento ante Osasuna<\/h2>\n<p>La primera pregunta sobre el partido iba a llegar y Ernesto explicaba como ve a su rival y de qu\u00e9 manera iba a afrontar el partido:\u00bbQuedan 10 jornadas en las que nos jugamos todo, los partidos<strong> empiezan a ser decisivos<\/strong>. El Osasuna es un equipo que aqu\u00ed en<a href=\"https:\/\/agentelibredigital.com\/?s=San+Mam%C3%A9s\"> San Mam\u00e9s<\/a> suele afrontar bien los partidos y suele crearnos problemas. <strong>No nos resulta f\u00e1cil jugar contra ellos<\/strong>. Intentaremos ganar\u00bb.<\/p>\n<p>Otra cuesti\u00f3n relacionada con esta pregunta iba sobre si este partido era una buena oportunidad para conseguir la revancha por la derrota dolorosa en Copa del Rey, Valverde contestaba as\u00ed: \u00abSi tenemos ganar de ganar a Osasuna, porque al final por una cosa o por otra los partidos que hemos jugado contra ellos, han sido partidos donde<strong> hemos podido dominar y ganar<\/strong>. Lo que pasa es que ellos son un equipo que nos tiene tomada la medida, pero veremos si podemos cambiar eso que nos est\u00e1 faltando. Nuestra intenci\u00f3n es hacer un buen partido\u00bb.<\/p>\n<h2>\u00bfCondiciona la acumulaci\u00f3n de amarillas en el planteamiento?<\/h2>\n<p>Llegaba el ecuador de la rueda de prensa y ahora se quiso hacer hincapi\u00e9 en aquellos jugadores que podr\u00edan perderse el siguiente partido de Liga por acumulaci\u00f3n de tarjetas. Valverde fue tajante y respondi\u00f3 as\u00ed: \u00abNo estoy pensando en ello, ya que a\u00fan no pienso en el siguiente partido contra el Villarreal. Es un rival al que tenemos cerca, pero ma\u00f1ana <strong>los 3 puntos son muy importantes,<\/strong> el Villarreal ya vendr\u00e1\u00bb.<\/p>\n<h2>El tema de los horarios<\/h2>\n<p>El tema m\u00e1s comentado en esta rueda de prensa llegaba y Ernesto Valverde dej\u00f3 claro\u00a0 por qu\u00e9 y de qu\u00e9 se quejan los entrenadores de primera divisi\u00f3n:\u00bb\u00bfQu\u00e9 te puedo decir?, los jugadores y entrenadores no nos quejamos la mayor\u00eda de veces por <strong>una cuesti\u00f3n deportiva<\/strong>. Sin embargo hay veces que podemos jugar teniendo m\u00e1s descanso, y esto es algo que<strong> deber\u00eda mirar la Liga de f\u00fatbol profesional<\/strong>.\u00a0 Hay ligas que tienen m\u00e1s prestigio y juegan a la misma hora, aqu\u00ed no. Yo creo de lo que trata esto es de <strong>prestigiar tu competici\u00f3n<\/strong>\u00ab.<\/p>\n<p>Por otro lado, se planteaba a Ernesto sobre si habr\u00eda alguna soluci\u00f3n a este problema que genera tanta controversia en la Liga espa\u00f1ola, Valverde volv\u00eda a ser tajante: \u00abEs dif\u00edcil, por equipos que juegan en Europa, este a\u00f1o han habido m\u00e1s partidos en Europa, luego llega la Copa, s\u00e9 que es complicado. Pero bueno, hay momentos en los que se ve claro que hay equipos que no juegan en una semana, y el partido <strong>puede o ir un d\u00eda antes o ir un d\u00eda m\u00e1s tarde,<\/strong> es que se ve. Nos quejamos por eso, entendemos que la situaci\u00f3n complicada, pero <strong>hay situaciones obvias<\/strong>\u00ab.<\/p>\n<h2>La mala racha de Osasuna<\/h2>\n<p>Las preguntas sobre el rival iban a volver y esta vez se hablaba del baj\u00f3n que ha pegado el equipo rojillo en este \u00faltimo mes. Ernesto Valverde lo ve\u00eda de la siguiente manera: \u00abLas estad\u00edsticas se ven desde el prisma que uno quiere ver, es verdad que lleva tiempo sin ganar, pero en ese tiempo <strong>nos gan\u00f3 aqu\u00ed en Copa<\/strong>. Ma\u00f1ana es otro partido, otra situaci\u00f3n y otra posibilidad de cambiar las estad\u00edsticas. Nosotros ahora mismo queremos dar un paso importante en la pelea que tenemos\u00bb.<\/p>\n<h2>El estado de forma de Nico Williams<\/h2>\n<p>La rueda de prensa terminaba con una \u00faltima pregunta dirigida hacia Nico Williams. El t\u00e9cnico del Athletic analizaba as\u00ed su estado de forma:\u00bbEst\u00e1 en un buen momento de forma, ya lo ha demostrado en este par\u00f3n. <strong>Ha tenido tiempo para descansar y recuperarse<\/strong>. Le vemos muy bien, estamos todos dispuestos a afrontar este \u00faltimo tramo de la temporada\u00bb.<\/p>\n<figure style=\"width: 3441px\" class=\"wp-caption alignnone\"><a class=\"https:\/\/x.com\/AthleticClub\/status\/1905944325956968941\/photo\/3\" href=\"https:\/\/pbs.twimg.com\/media\/GnNGP1tW8AArJDW?format=jpg&amp;name=4096x4096\" rel=\"https:\/\/x.com\/AthleticClub\/status\/1905944325956968941\/photo\/3\"><img loading=\"lazy\" decoding=\"async\" src=\"https:\/\/pbs.twimg.com\/media\/GnNGP1tW8AArJDW?format=jpg&amp;name=4096x4096\" alt=\"Image\" width=\"3441\" height=\"1936\" \/><\/a><figcaption class=\"wp-caption-text\">Nico y Unai en el entrenamiento previo al partido frente a Osasuna. Fuente: X oficial Athletic Club<\/figcaption><\/figure>\n<p>&nbsp;<\/p>\n<h2><\/h2>\n","protected":false},"excerpt":{"rendered":"<p>Ernesto Valverde ha comparecido ante los medios de comunicaci\u00f3n con las vistas puestas en el partido de ma\u00f1ana domingo frente al Osasuna. El Athletic vuelve a jugar despu\u00e9s del \u00faltimo&hellip; <\/p>\n","protected":false},"author":215,"featured_media":45258,"comment_status":"open","ping_status":"open","sticky":false,"template":"","format":"standard","meta":{"om_disable_all_campaigns":false,"_monsterinsights_skip_tracking":false,"_monsterinsights_sitenote_active":false,"_monsterinsights_sitenote_note":"","_monsterinsights_sitenote_category":0,"_uf_show_specific_survey":0,"_uf_disable_surveys":false,"footnotes":""},"categories":[15,46],"tags":[433,701,273,211,763],"class_list":["post-45253","post","type-post","status-publish","format-standard","has-post-thumbnail","hentry","category-athletic","category-laliga-ea-sports","tag-athletic-club","tag-ernesto-valverde","tag-nico-williams","tag-osasuna","tag-san-mames"],"aioseo_notices":[],"_links":{"self":[{"href":"https:\/\/agentelibredigital.com\/index.php\/wp-json\/wp\/v2\/posts\/45253","targetHints":{"allow":["GET"]}}],"collection":[{"href":"https:\/\/agentelibredigital.com\/index.php\/wp-json\/wp\/v2\/posts"}],"about":[{"href":"https:\/\/agentelibredigital.com\/index.php\/wp-json\/wp\/v2\/types\/post"}],"author":[{"embeddable":true,"href":"https:\/\/agentelibredigital.com\/index.php\/wp-json\/wp\/v2\/users\/215"}],"replies":[{"embeddable":true,"href":"https:\/\/agentelibredigital.com\/index.php\/wp-json\/wp\/v2\/comments?post=45253"}],"version-history":[{"count":3,"href":"https:\/\/agentelibredigital.com\/index.php\/wp-json\/wp\/v2\/posts\/45253\/revisions"}],"predecessor-version":[{"id":45261,"href":"https:\/\/agentelibredigital.com\/index.php\/wp-json\/wp\/v2\/posts\/45253\/revisions\/45261"}],"wp:featuredmedia":[{"embeddable":true,"href":"https:\/\/agentelibredigital.com\/index.php\/wp-json\/wp\/v2\/media\/45258"}],"wp:attachment":[{"href":"https:\/\/agentelibredigital.com\/index.php\/wp-json\/wp\/v2\/media?parent=45253"}],"wp:term":[{"taxonomy":"category","embeddable":true,"href":"https:\/\/agentelibredigital.com\/index.php\/wp-json\/wp\/v2\/categories?post=45253"},{"taxonomy":"post_tag","embeddable":true,"href":"https:\/\/agentelibredigital.com\/index.php\/wp-json\/wp\/v2\/tags?post=45253"}],"curies":[{"name":"wp","href":"https:\/\/api.w.org\/{rel}","templated":true}]}}