{"id":44655,"date":"2025-03-16T20:30:28","date_gmt":"2025-03-16T19:30:28","guid":{"rendered":"https:\/\/agentelibredigital.com\/?p=44655"},"modified":"2025-03-16T20:30:28","modified_gmt":"2025-03-16T19:30:28","slug":"ca-osasuna-1-2-getafe-cf-un-gran-terrats-lidera-la-remontada-en-el-sadar","status":"publish","type":"post","link":"https:\/\/agentelibredigital.com\/index.php\/2025\/03\/16\/ca-osasuna-1-2-getafe-cf-un-gran-terrats-lidera-la-remontada-en-el-sadar\/","title":{"rendered":"CA OSASUNA 1 &#8211; 2 GETAFE CF: Un gran Terrats lidera la remontada en El Sadar"},"content":{"rendered":"<h2>El Getafe consigue otra gran remontada despu\u00e9s de empezar perdiendo al borde del descanso, pero un gran Ram\u00f3n Terrats culmino otra gran remontada para los azulones, el sue\u00f1o de Europa es posible.<\/h2>\n<p>Era el turno del <strong>conjunto de Jos\u00e9 Bordal\u00e1s<\/strong> en esta jornada 28 que se med\u00eda esta vez a<strong> CA Osasuna<\/strong>, un rival en la misma situaci\u00f3n que el conjunto azul\u00f3n, ten\u00edan la oportunidad de seguir creyendo en Europa o ver m\u00e1s de cerca los puestos de descenso.<\/p>\n<p>Los de Jos\u00e9 Bordal\u00e1s llegaban al encuentro despu\u00e9s de hacer una <strong>haza\u00f1a en el Coliseum<\/strong>, tras remontar al Atl\u00e9tico con un doblete de <strong>Arambarri<\/strong>, se encuentran 13\u00ba con 33 puntos en una posici\u00f3n que puede ser para bien o para mal, ya que una derrota los pod\u00eda acercar al descenso, pero una victoria los pod\u00eda situar cerca de Europa, en esa misma situaci\u00f3n llegaban los rojillos, en la posici\u00f3n 14\u00ba con los mismos puntos que los de Jos\u00e9 Bordal\u00e1s, sin duda alguna ser\u00e1 un partido vibrante y con intensidad entre ambos conjuntos.<\/p>\n<figure style=\"width: 544px\" class=\"wp-caption aligncenter\"><img loading=\"lazy\" decoding=\"async\" src=\"https:\/\/pbs.twimg.com\/media\/GmLddO0WcAATFJN?format=jpg&amp;name=small\" alt=\"Image\" width=\"544\" height=\"680\" \/><figcaption class=\"wp-caption-text\">Inicio de partido en El Sadar. Fuente: X GETAFE CF<\/figcaption><\/figure>\n<h4>Primera Parte<\/h4>\n<p>Antes de dar comienzo el partido, recib\u00eda el <strong>trofeo Budimir como m\u00e1ximo goleador de Osasuna<\/strong>, rodaba el bal\u00f3n en El Sadar con posesi\u00f3n para el Getafe, jugando con un bal\u00f3n en largo y tenia el conjunto azul\u00f3n la primera ocasi\u00f3n sin mucho peligro, un <a href=\"https:\/\/agentelibredigital.com\/?s=Getafe\">Getafe<\/a> que intentaba llevar en este inicio de partido el control de bal\u00f3n y sobre todo tener el partido controlado. Lo intentaba <a href=\"https:\/\/agentelibredigital.com\/?s=Osasuna\">Osasuna<\/a> con varios intentos pero sin ning\u00fan peligro para la porter\u00eda de David Soria, en el 15\u00b4 llegaba la primera amonestaci\u00f3n del partido para Areso. Minuto 19 Bryan Zaragoza lo intentaba con un chut que no llegaba a tener mucho peligro, lleg\u00e1bamos al 26\u00b4de partido sin ocasiones claras de ninguno de los dos equipos, adem\u00e1s, tanto los rojillos como los azulones empezaron a meter un poco de intensidad al encuentro con varias faltas. En el 28\u00b4Djen\u00e9 ve\u00eda la primera tarjeta para el conjunto azul\u00f3n, tras una falta sobre Bryan Zaragoza, amarilla en el 33\u00b4para Torr\u00f3 tras un empuj\u00f3n sobre Terrats, una jugada que molesto al Getafe y sus jugadores se lo recriminaron a los rojillos.<\/p>\n<p>Lleg\u00e1bamos al 39\u00b4con una<strong> gran jugada del Getafe<\/strong>, un centro con el exterior de Uche y Juanmi casi sin querer, <strong>casi marca el primer tanto<\/strong> de la tarde en El Sadar, pero una gran intervenci\u00f3n de Sergio Herrera enviaba el bal\u00f3n a c\u00f3rner. <strong>Conced\u00eda penalti<\/strong> en el 42\u00b4Hern\u00e1ndez Hern\u00e1ndez para Osasuna, despu\u00e9s de un agarr\u00f3n de Domingos Duarte a Budimir que se quedaba solo para empujarla, el 22 del Getafe recib\u00eda la amarilla, lanzaba el penalti <a href=\"https:\/\/agentelibredigital.com\/?s=Budimir\">Budimir<\/a> y consegu\u00eda enga\u00f1ar a David Soria y poner el 1-0 en el marcador.<\/p>\n<p><strong>Conclu\u00eda la primera parte<\/strong> en El Sadar, con un partido sin mucho juego ni ocasiones, pero un penalti cometido por Domingos Duarte casi llegando al descanso, se pon\u00eda por delante Osasuna en el marcador.<\/p>\n<figure style=\"width: 544px\" class=\"wp-caption aligncenter\"><img loading=\"lazy\" decoding=\"async\" src=\"https:\/\/pbs.twimg.com\/media\/GmLpEchWQAAefn1?format=jpg&amp;name=small\" alt=\"Image\" width=\"544\" height=\"680\" \/><figcaption class=\"wp-caption-text\">Descanso del partido. Fuente: X GETAFE CF<\/figcaption><\/figure>\n<h4>Segunda Parte<\/h4>\n<p>Rodaba el bal\u00f3n en Pamplona, con la <strong>posesi\u00f3n para los rojillos<\/strong>, con un juego de ambos muy parecido al de la primera parte, en el 48\u00b4una gran jugada en el \u00e1rea de Terrats y un chut que toca Sergio Herrera, sac\u00f3 Boyomo en la l\u00ednea el bal\u00f3n, <strong>casi llegaba el empate<\/strong> para los azulones. Marcaba en el 54\u00b4 <strong>Terrats el gol del empate<\/strong>, abr\u00eda Uche para Borja Mayoral que tocaba de tac\u00f3n para <a href=\"https:\/\/agentelibredigital.com\/?s=Terrats\">Terrats<\/a> que con un gran toque y potente lanzamiento bien ajustado, marcaba gol para el Getafe. Llegaba el 62\u00b4de partido y nos encontr\u00e1bamos un partido muy ajustado despu\u00e9s del empate del Getafe y un partido de ida y vuelta entre ambos equipos, en el 63\u00b4un gran chut de Bryan pon\u00eda en serios apuros la porter\u00eda de Soria, pero paraba con una gran intervenci\u00f3n. Llegaba en el 71\u00b4<strong>la remontada del conjunto azul\u00f3n<\/strong>, tras una gran contra en la que recib\u00eda el bal\u00f3n Terrats, que abr\u00eda para Uche y el nigeriano se la devolv\u00eda para que Terrats marcara con un poco de ayuda de la zaga rojilla. En el 76\u00b4ve\u00eda la cartulina amarilla Uche por simular una ca\u00edda, un minuto despu\u00e9s en el 77\u00b4por un codazo sobre Torr\u00f3, le mostraban la segunda amarilla y por tanto <strong>era expulsado Uche<\/strong>, se quedaba con 10 el conjunto dirigido por Jos\u00e9 Bordal\u00e1s.<\/p>\n<p>En el 85\u00b4otra <strong>grand\u00edsima intervenci\u00f3n de David Soria<\/strong>, tras un gran giro en el \u00e1rea de Aimar Oroz y un gran chut, pero en la siguiente la jugada otra gran ocasi\u00f3n de Budimir que tuvo el empate en sus botas, envi\u00f3 el bal\u00f3n por encima del larguero. Buscaba con insistencia Osasuna el empate pero el Getafe segu\u00eda solido en defensa.<\/p>\n<p><strong>Concluy\u00f3 el partido en El Sadar<\/strong> con un partido intenso, donde los dos equipos nos ofrecieron un gran encuentro y donde el conjunto de Jos\u00e9 Bordal\u00e1s sali\u00f3 victorioso, con una nueva remontada.<\/p>\n<figure style=\"width: 544px\" class=\"wp-caption aligncenter\"><img loading=\"lazy\" decoding=\"async\" src=\"https:\/\/pbs.twimg.com\/media\/GmL4Z8QW8AAHoFA?format=jpg&amp;name=small\" alt=\"Image\" width=\"544\" height=\"680\" \/><figcaption class=\"wp-caption-text\">Final del encuentro entre Osasuna y Getafe. Fuente: X GETAFE CF<\/figcaption><\/figure>\n<p>&nbsp;<\/p>\n<h4>Ficha T\u00e9cnica<\/h4>\n<p>Alineaciones<\/p>\n<p>CA Osasuna: Sergio Herrera (P), Areso, Catena, Boyomo, Juan Cruz, Moncayola, Torr\u00f3, Ib\u00e1\u00f1ez, Rub\u00e9n Garc\u00eda, Bryan Zaragoza, Budimir, Bretones (61\u00b4), Aimar Oroz (61\u00b4), Ra\u00fal Garc\u00eda (73\u00b4), Arnaiz (80\u00b4)<\/p>\n<p>Getafe CF: David Soria (P), Djen\u00e9, Domingos Duarte, Alderete, Diego Rico, Terrats, Milla, Arambarri, Coba, Uche, Juanmi, Juan Iglesias (45\u00b4), Borja Mayoral (45\u00b4), Berrocal (84\u00b4), Juan Bernat (84\u00b4), Nyom (88\u00b4)<\/p>\n<p>Entrenadores<\/p>\n<p>CA Osasuna: Vicente Moreno<\/p>\n<p>Getafe CF: Jos\u00e9 Bordal\u00e1s<\/p>\n<p>Para dirigir este encuentro fue designado Hern\u00e1ndez Hern\u00e1ndez con la ayuda en la sala VAR de Hern\u00e1ndez Maeso.<\/p>\n<p>Horario: 18:30<\/p>\n<p>Estadio: Estadio El Sadar.<\/p>\n<p>&nbsp;<\/p>\n","protected":false},"excerpt":{"rendered":"<p>El Getafe consigue otra gran remontada despu\u00e9s de empezar perdiendo al borde del descanso, pero un gran Ram\u00f3n Terrats culmino otra gran remontada para los azulones, el sue\u00f1o de Europa&hellip; <\/p>\n","protected":false},"author":230,"featured_media":44667,"comment_status":"open","ping_status":"open","sticky":false,"template":"","format":"standard","meta":{"om_disable_all_campaigns":false,"_monsterinsights_skip_tracking":false,"_monsterinsights_sitenote_active":false,"_monsterinsights_sitenote_note":"","_monsterinsights_sitenote_category":0,"_uf_show_specific_survey":0,"_uf_disable_surveys":false,"footnotes":""},"categories":[21,46,22],"tags":[2910,187,272],"class_list":["post-44655","post","type-post","status-publish","format-standard","has-post-thumbnail","hentry","category-getafe","category-laliga-ea-sports","category-osasuna","tag-ca-osasuna","tag-getafe-cf","tag-la-liga-ea-sports"],"aioseo_notices":[],"_links":{"self":[{"href":"https:\/\/agentelibredigital.com\/index.php\/wp-json\/wp\/v2\/posts\/44655","targetHints":{"allow":["GET"]}}],"collection":[{"href":"https:\/\/agentelibredigital.com\/index.php\/wp-json\/wp\/v2\/posts"}],"about":[{"href":"https:\/\/agentelibredigital.com\/index.php\/wp-json\/wp\/v2\/types\/post"}],"author":[{"embeddable":true,"href":"https:\/\/agentelibredigital.com\/index.php\/wp-json\/wp\/v2\/users\/230"}],"replies":[{"embeddable":true,"href":"https:\/\/agentelibredigital.com\/index.php\/wp-json\/wp\/v2\/comments?post=44655"}],"version-history":[{"count":2,"href":"https:\/\/agentelibredigital.com\/index.php\/wp-json\/wp\/v2\/posts\/44655\/revisions"}],"predecessor-version":[{"id":44679,"href":"https:\/\/agentelibredigital.com\/index.php\/wp-json\/wp\/v2\/posts\/44655\/revisions\/44679"}],"wp:featuredmedia":[{"embeddable":true,"href":"https:\/\/agentelibredigital.com\/index.php\/wp-json\/wp\/v2\/media\/44667"}],"wp:attachment":[{"href":"https:\/\/agentelibredigital.com\/index.php\/wp-json\/wp\/v2\/media?parent=44655"}],"wp:term":[{"taxonomy":"category","embeddable":true,"href":"https:\/\/agentelibredigital.com\/index.php\/wp-json\/wp\/v2\/categories?post=44655"},{"taxonomy":"post_tag","embeddable":true,"href":"https:\/\/agentelibredigital.com\/index.php\/wp-json\/wp\/v2\/tags?post=44655"}],"curies":[{"name":"wp","href":"https:\/\/api.w.org\/{rel}","templated":true}]}}