{"id":43675,"date":"2025-03-03T22:34:43","date_gmt":"2025-03-03T21:34:43","guid":{"rendered":"https:\/\/agentelibredigital.com\/?p=43675"},"modified":"2025-03-03T22:34:43","modified_gmt":"2025-03-03T21:34:43","slug":"el-futuro-de-reijnders-seguira-en-san-siro","status":"publish","type":"post","link":"https:\/\/agentelibredigital.com\/index.php\/2025\/03\/03\/el-futuro-de-reijnders-seguira-en-san-siro\/","title":{"rendered":"El futuro de Reijnders seguir\u00e1 en San Siro"},"content":{"rendered":"<h4>La entidad <em>rossoneri<\/em> ya lo ha anunciado en redes sociales como <a href=\"https:\/\/x.com\/acmilan\/status\/1896625758921240794?ref_src=twsrc%5Etfw\">X<\/a> la continuidad del mediocampista neerland\u00e9s hasta 2030.<\/h4>\n<p>Entre el oscuro panorama deportivo que viven los lombardos actualmente, se han encontrado con un oasis en forma de renovaci\u00f3n. Una de las estrellas del equipo como es <strong>el neerland\u00e9s Tijjani Reijnders ha renovado con el <a href=\"https:\/\/agentelibredigital.com\/?s=Milan\">Milan<\/a> hasta el 30 de junio de 2030<\/strong>. Gracias a este movimiento,<strong> el club milan\u00e9s se asegura tener en sus filas a un jugador que est\u00e1 cuajando un gran temporada<\/strong> siendo una de sus estrellas adem\u00e1s de llamar la atenci\u00f3n de los grandes clubes de Europa como el <a href=\"https:\/\/agentelibredigital.com\/?s=Barcelona\">Barcelona<\/a>.<\/p>\n<figure id=\"attachment_43677\" aria-describedby=\"caption-attachment-43677\" style=\"width: 2560px\" class=\"wp-caption aligncenter\"><img loading=\"lazy\" decoding=\"async\" class=\"size-full wp-image-43677\" src=\"https:\/\/agentelibredigital.com\/wp-content\/uploads\/2025\/03\/ac-milan-v-fc-internazionale-serie-a-scaled.jpg\" alt=\"\" width=\"2560\" height=\"1702\" srcset=\"https:\/\/agentelibredigital.com\/wp-content\/uploads\/2025\/03\/ac-milan-v-fc-internazionale-serie-a-scaled.jpg 2560w, https:\/\/agentelibredigital.com\/wp-content\/uploads\/2025\/03\/ac-milan-v-fc-internazionale-serie-a-300x199.jpg 300w, https:\/\/agentelibredigital.com\/wp-content\/uploads\/2025\/03\/ac-milan-v-fc-internazionale-serie-a-1024x681.jpg 1024w, https:\/\/agentelibredigital.com\/wp-content\/uploads\/2025\/03\/ac-milan-v-fc-internazionale-serie-a-768x510.jpg 768w, https:\/\/agentelibredigital.com\/wp-content\/uploads\/2025\/03\/ac-milan-v-fc-internazionale-serie-a-1536x1021.jpg 1536w, https:\/\/agentelibredigital.com\/wp-content\/uploads\/2025\/03\/ac-milan-v-fc-internazionale-serie-a-2048x1361.jpg 2048w\" sizes=\"auto, (max-width: 2560px) 100vw, 2560px\" \/><figcaption id=\"caption-attachment-43677\" class=\"wp-caption-text\">Tijjani Reijnders celebra con sus compa\u00f1eros un gol en un partido. Fuente: Marco Luzzani\/Getty Images.<\/figcaption><\/figure>\n<p>Pese a ser una gris campa\u00f1a en lo colectivo, <strong>la temporada de Tijjani Reijnders est\u00e1 siendo una de las pocas alegr\u00edas para los <em>tifosi<\/em> de San Siro<\/strong>. Actualmente <strong>Reijnders ha logrado en 40 partidos un total de 12 goles y 3 asistencias<\/strong>, contribuyendo a que el <strong>Milan<\/strong> todav\u00eda pelee por acceder a Europa. Con el rendimiento mostrado hasta ahora, el jugador h<strong>a sido fundamental en los esquemas t\u00e1cticos de<\/strong> los entrenadores lusos como son <strong>Paulo Fonseca y S\u00e9rgio Concei\u00e7ao<\/strong>.<\/p>\n<p><strong>Tijjani Reijnders es un jugador que destaca por su visi\u00f3n de juego, precisi\u00f3n y recuperaci\u00f3n del bal\u00f3n<\/strong>. Estas habilidades y su talento han conseguido hacer las delicias en la <a href=\"https:\/\/agentelibredigital.com\/?s=Serie+A\">Serie A<\/a> con un hist\u00f3rico como es el <strong>Milan<\/strong>. <strong>Sus actuaciones han despertado la atenci\u00f3n de los grandes en Europa<\/strong> como es el caso de <strong>Barcelona<\/strong> que, a pesar del inter\u00e9s mostrado por el club espa\u00f1ol, el jugador decidi\u00f3 continuar en Italia. Muchos saben que <strong>tener un jugador del calibre del neerland\u00e9s en su equipo puede potenciar el mediocentro a niveles importantes<\/strong>. Nadie duda de que <strong>Tijjani Reijnders<\/strong> es un caramelo que muchos desean tener en su equipo.<\/p>\n<h4>Autor del art\u00edculo: <a href=\"https:\/\/x.com\/Markinhooos11?t=tOUwfF6z4ZnlF87HDIsDVg&amp;s=08\">Marcos Iglesias Rodr\u00edguez<\/a>.<\/h4>\n","protected":false},"excerpt":{"rendered":"<p>La entidad rossoneri ya lo ha anunciado en redes sociales como X la continuidad del mediocampista neerland\u00e9s hasta 2030. Entre el oscuro panorama deportivo que viven los lombardos actualmente, se&hellip; <\/p>\n","protected":false},"author":179,"featured_media":43676,"comment_status":"open","ping_status":"open","sticky":false,"template":"","format":"standard","meta":{"om_disable_all_campaigns":false,"_monsterinsights_skip_tracking":false,"_monsterinsights_sitenote_active":false,"_monsterinsights_sitenote_note":"","_monsterinsights_sitenote_category":0,"_uf_show_specific_survey":0,"_uf_disable_surveys":false,"footnotes":""},"categories":[48,33],"tags":[907,94],"class_list":["post-43675","post","type-post","status-publish","format-standard","has-post-thumbnail","hentry","category-futbol-internacional","category-serie-a","tag-ac-milan","tag-serie-a"],"aioseo_notices":[],"_links":{"self":[{"href":"https:\/\/agentelibredigital.com\/index.php\/wp-json\/wp\/v2\/posts\/43675","targetHints":{"allow":["GET"]}}],"collection":[{"href":"https:\/\/agentelibredigital.com\/index.php\/wp-json\/wp\/v2\/posts"}],"about":[{"href":"https:\/\/agentelibredigital.com\/index.php\/wp-json\/wp\/v2\/types\/post"}],"author":[{"embeddable":true,"href":"https:\/\/agentelibredigital.com\/index.php\/wp-json\/wp\/v2\/users\/179"}],"replies":[{"embeddable":true,"href":"https:\/\/agentelibredigital.com\/index.php\/wp-json\/wp\/v2\/comments?post=43675"}],"version-history":[{"count":3,"href":"https:\/\/agentelibredigital.com\/index.php\/wp-json\/wp\/v2\/posts\/43675\/revisions"}],"predecessor-version":[{"id":43680,"href":"https:\/\/agentelibredigital.com\/index.php\/wp-json\/wp\/v2\/posts\/43675\/revisions\/43680"}],"wp:featuredmedia":[{"embeddable":true,"href":"https:\/\/agentelibredigital.com\/index.php\/wp-json\/wp\/v2\/media\/43676"}],"wp:attachment":[{"href":"https:\/\/agentelibredigital.com\/index.php\/wp-json\/wp\/v2\/media?parent=43675"}],"wp:term":[{"taxonomy":"category","embeddable":true,"href":"https:\/\/agentelibredigital.com\/index.php\/wp-json\/wp\/v2\/categories?post=43675"},{"taxonomy":"post_tag","embeddable":true,"href":"https:\/\/agentelibredigital.com\/index.php\/wp-json\/wp\/v2\/tags?post=43675"}],"curies":[{"name":"wp","href":"https:\/\/api.w.org\/{rel}","templated":true}]}}