{"id":43669,"date":"2025-03-04T08:00:18","date_gmt":"2025-03-04T07:00:18","guid":{"rendered":"https:\/\/agentelibredigital.com\/?p=43669"},"modified":"2025-03-04T00:24:22","modified_gmt":"2025-03-03T23:24:22","slug":"previa-real-madrid-atletico-de-madrid-primer-asalto-en-el-bernabeu","status":"publish","type":"post","link":"https:\/\/agentelibredigital.com\/index.php\/2025\/03\/04\/previa-real-madrid-atletico-de-madrid-primer-asalto-en-el-bernabeu\/","title":{"rendered":"Previa Real Madrid &#8211; Atl\u00e9tico de Madrid: Primer asalto en el Bernab\u00e9u"},"content":{"rendered":"<p>Volvemos a tener un derbi en <strong>champions<\/strong> y esta vez en los octavos de final. La ida se jugar\u00e1 en el<strong> Santiago Bernab\u00e9u<\/strong> el martes 4 de marzo a las 21:00 horas mientras que la vuelta se disputar\u00e1 en el estadio del <a href=\"https:\/\/www.atleticodemadrid.com\/\"><strong>Atl\u00e9tico de Madrid<\/strong><\/a>, en el <strong>Metropolitano<\/strong> el mi\u00e9rcoles 12 de marzo a la misma hora que en la ida. El partido se podr\u00e1 ver por los canales de liga de campeones de Movistar.<\/p>\n<p>El colegiado que se encargar\u00e1 de dirigir el partido ser\u00e1 el franc\u00e9s <strong>Cl\u00e8ment Turpin.<\/strong><\/p>\n<p>El sorteo ha sido caprichoso y nos ha regalado una preciosa eliminatoria entre dos clubes que tienen una rivalidad muy dura.<\/p>\n<figure style=\"width: 1376px\" class=\"wp-caption alignnone\"><img loading=\"lazy\" decoding=\"async\" src=\"https:\/\/www.barcelo.com\/guia-turismo\/wp-content\/uploads\/2019\/03\/santiago-bernabeu-1.jpg\" alt=\"Estadio Santiago Bernab\u00e9u, el prestigioso coliseo blanco\" width=\"1376\" height=\"600\" \/><figcaption class=\"wp-caption-text\">Estadio Santiago Bernab\u00e9u, campo del Real Madrid donde se va a disputar la ida. Fuente: Barcelo.com<\/figcaption><\/figure>\n<h2>Estados de forma<\/h2>\n<p><strong><a href=\"https:\/\/agentelibredigital.com\/?s=Real+Madrid\">Real Madrid:<\/a>\u00a0<\/strong>El conjunto blanco se ha mostrado bastante irregular en los \u00faltimos partidos que ha jugado donde s\u00f3lo ha logrado una victoria en sus \u00faltimos 5 partidos de liga, esa victoria fue contra el <strong>Girona<\/strong>. Si vamos un partido m\u00e1s atr\u00e1s tambi\u00e9n ganaron al <strong>Manchester City<\/strong> en la vuelta de los <strong>playoffs de la champions.<\/strong><\/p>\n<p>El conjunto de<strong> Carlo Ancelotti<\/strong> ha perdido contra el <strong>Espanyol y Real Betis<\/strong> y ha empatado contra <strong>Osasuna<\/strong> y <strong>Atl\u00e9tico de Madrid.<\/strong> El \u00faltimo partido que perdieron fue contra el <strong>Betis<\/strong> el pasado s\u00e1bado donde el equipo se desconect\u00f3 por completo en la segundo parte y acabaron perdiendo el partido por 2-1.<\/p>\n<p>No es la mejor din\u00e1mica en la que puede llegar el <strong>Madrid<\/strong> tras caer al tercer puesto de la clasificaci\u00f3n pero esto es la <strong>champions<\/strong> y puede pasar de todo.<\/p>\n<p><strong>Atl\u00e9tico de Madrid:\u00a0<\/strong>Los pupilos del <strong>Cholo<\/strong> vienen de cosechar 3 victorias ante <strong>Valencia, Athletic y Mallorca<\/strong> en liga y de empatar contra el <strong>Madrid y Celta de Vigo<\/strong>. Para este partido puede llegar en mejor forma el conjunto colchonero por sus \u00faltimos resultados como por ejemplo la gran remontada que hicieron en la ida de Copa ante el <strong>Bar\u00e7a en Montjuic<\/strong>.<\/p>\n<p>Desde luego que vienen muy entonados y sobre todo<strong> Juli\u00e1n \u00c1lvarez<\/strong> que ya sabe lo que es marcarle un gol al <strong>Madrid tanto con el City<\/strong> y como en el Atl\u00e9tico. Ser\u00e1 la principal arma del conjunto colchonero para esta eliminatoria.<\/p>\n<h2>Historial<\/h2>\n<p>Estos dos equipos nos han dejado un historial corto pero muy intenso. La primera vez que se vieron las caras fue en la <strong>final de la champions<\/strong> de 2014 en Lisboa. Todos recordamos la final tan \u00e9pica que nos regalaron los dos equipos donde<strong> Sergio Ramos<\/strong> forzaba la pr\u00f3rroga en ese m\u00edtico minuto 93 que recordar\u00e1n siempre los madridistas con mucho cari\u00f1o. Esa final la gan\u00f3 el Madrid 4-1 y pudieron levantar esa ansiada <strong>d\u00e9cima Copa de Europa.<\/strong><\/p>\n<figure style=\"width: 1350px\" class=\"wp-caption alignnone\"><img loading=\"lazy\" decoding=\"async\" src=\"https:\/\/cloudfront-eu-central-1.images.arcpublishing.com\/diarioas\/HN6ZKQIAT5J2VCJNJPKBUAIQMI.jpg\" alt=\"Cinco a\u00f1os del cabezazo de Sergio Ramos en Lisboa - AS.com\" width=\"1350\" height=\"1007\" \/><figcaption class=\"wp-caption-text\">Gol de Ramos en el minuto 93 para empatar la final. Fuente: Diario AS.<\/figcaption><\/figure>\n<p>Al a\u00f1o siguiente se volvieron a enfrentar pero en este caso en <strong>cuartos de final.<\/strong> La ida se jug\u00f3 en el Vicente Calder\u00f3n, antiguo estadio del Atl\u00e9tico donde el partido qued\u00f3 0-0 y todo se decidi\u00f3 en la vuelta, en el Santiago Bernab\u00e9u con un gol casi en la bocina de <strong>Chicharito<\/strong> que le dio el pase a semifinales al <strong>Madrid.<\/strong><\/p>\n<figure style=\"width: 1472px\" class=\"wp-caption alignnone\"><img loading=\"lazy\" decoding=\"async\" src=\"https:\/\/img.asmedia.epimg.net\/resizer\/v2\/4QDUCCCUGRC3PH3NECJJP5TMN4.jpg?auth=da3012755b0037bceb2b9c857aa08f954507a72d56247e74eefa276527790ef8&amp;width=1472&amp;height=1104&amp;focal=595%2C88\" alt=\"Real Madrid vs Atl\u00e9tico de Madrid: El d\u00eda que el 'Chicharito' elimin\u00f3 al  Atleti de Champions - AS M\u00e9xico\" width=\"1472\" height=\"1104\" \/><figcaption class=\"wp-caption-text\">Gol de Chicharito en los \u00faltimos minutos de la eliminatoria. Fuente: AS M\u00e9xico.<\/figcaption><\/figure>\n<p>En 2016 se volvieron a medir en una nueva final de<strong> champions en Mil\u00e1n.<\/strong> La final se la volvi\u00f3 a llevar el <strong>Madrid<\/strong> en la tanda de penaltis con un gol de Cristiano en el penalti decisivo. El partido qued\u00f3 1-1 con goles de <strong>Ramos y de Carrasco.<\/strong> El Madrid levant\u00f3 su u<strong>nd\u00e9cima champions<\/strong> y el <strong>Atl\u00e9tico<\/strong> una vez m\u00e1s se fue con las manos vac\u00edas tras luchar hasta el final.<\/p>\n<p>El \u00faltimo enfrentamiento fue en 2017, en semifinales. La ida se jug\u00f3 en el feudo madridista donde quedaron 3-0 a favor del <strong>Madrid<\/strong> con un <strong>hat-trick de Cristiano Ronaldo.<\/strong> El partido de vuelta lo gan\u00f3 el Atl\u00e9tico de Madrid 2-1 pero no fue suficiente para pasar a la final.<\/p>\n<figure style=\"width: 1024px\" class=\"wp-caption alignnone\"><img loading=\"lazy\" decoding=\"async\" src=\"https:\/\/img.vavel.com\/c1200_675_cristiano-ronaldo-1588435209900.jpg\" alt=\"Tres a\u00f1os del &quot;hat-trick&quot; de Cristiano al Atl\u00e9tico de Madrid - VAVEL Espa\u00f1a\" width=\"1024\" height=\"675\" \/><figcaption class=\"wp-caption-text\">Cristiano tras haber marcado un Hat-trick al Atl\u00e9tico en la ida de semis de champions en 2017. Fuente: VAVEL.com<\/figcaption><\/figure>\n<h2>Declaraciones<\/h2>\n<p>Declaraciones de ambos t\u00e9cnicos:<\/p>\n<p>Real Madrid:<\/p>\n<blockquote>\n<ul>\n<li><strong>Ancelotti<\/strong> (sobre Valverde): <em>\u00abHoy va a entrenar con el equipo y despu\u00e9s del entrenamiento tomaremos la decisi\u00f3n de si puede jugar o no\u00bb.<\/em><\/li>\n<li><strong>Ancelotti<\/strong> (sobre qui\u00e9n jugara de lateral derecho): <em>\u00abDe lateral derecho pondr\u00e9 a Lucas\u00bb.<\/em><\/li>\n<\/ul>\n<figure style=\"width: 1920px\" class=\"wp-caption alignnone\"><img loading=\"lazy\" decoding=\"async\" src=\"https:\/\/publish-p47754-e237306.adobeaemcloud.com\/adobe\/dynamicmedia\/deliver\/dm-aid--50552d73-a919-4291-82a2-25decd8c6e3d\/_330840370840.app.webp?preferwebp=true\" alt=\"Ancelotti y Nacho comparecer\u00e1n en rueda de prensa despu\u00e9s del  entrenamiento| Real Madrid C.F.\" width=\"1920\" height=\"1080\" \/><figcaption class=\"wp-caption-text\">Ancelotti compareciendo ante los medios. Fuente: Real Madrid.<\/figcaption><\/figure><\/blockquote>\n<p>Atl\u00e9tico de Madrid:<\/p>\n<blockquote>\n<ul>\n<li><strong>Simeone<\/strong> (sobre la eliminatoria): <em>\u00abUn partido de este calibre est\u00e1 lleno de detalles, las eliminatorias ya las conocemos tanto el Madrid como nosotros y s\u00ed, los detalles son definitorios\u00bb.<\/em><\/li>\n<li><strong>Simeone<\/strong> (sobre Juli\u00e1n \u00c1lvarez): <em>\u00bb No se sabe, es muy joven, tiene margen de mejora y ojal\u00e1 nosotros podamos ayudarlo a seguir creciendo\u00bb.<\/em><\/li>\n<\/ul>\n<\/blockquote>\n<h2>Principales armas<\/h2>\n<p>En el Real Madrid hay que destacar a<strong> Kylian Mbapp\u00e9<\/strong> que tras sus \u00faltimas actuaciones parece que ha vuelto ese jugador del que todo el mundo se enamor\u00f3 en su etapa en el <strong>PSG.<\/strong> No hay que olvidar que es el m\u00e1ximo goleador del equipo y que su \u00faltimo partido en champions fue un espect\u00e1culo metiendo un hat-trick al <strong>Manchester City.<\/strong> Tampoco hay que olvidarse de <strong>Vin\u00edcius Jr<\/strong> que aunque le est\u00e9 costando m\u00e1s marcar no deja de ser uno de los jugadores m\u00e1s peligrosos del Madrid junto a <strong>Kylian.<\/strong><\/p>\n<figure style=\"width: 2808px\" class=\"wp-caption alignnone\"><img loading=\"lazy\" decoding=\"async\" src=\"https:\/\/e00-xlk-ue-marca.uecdn.es\/uploads\/2025\/01\/19\/678d519729592.jpeg\" alt=\"Mbapp\u00e9 enfila la 'M-40' | Marca\" width=\"2808\" height=\"1872\" \/><figcaption class=\"wp-caption-text\">Mbapp\u00e9 celebrando un gol. Fuente: Marca.com<\/figcaption><\/figure>\n<p>El <strong>Atl\u00e9tico<\/strong> por su parte cuentan con el gran momento por el que est\u00e1 pasando <strong>Juli\u00e1n \u00c1lvarez<\/strong> tras sus grandes actuaciones tanto en la ida de Copa contra el <strong>Bar\u00e7a<\/strong> como en los \u00faltimos partidos de champions donde remont\u00f3 un partido al <strong>Leverkusen<\/strong> con dos acciones de aut\u00e9ntico genio.<\/p>\n<p>El conjunto colchonero tambi\u00e9n cuenta con <strong>Griezmann<\/strong> que aunque no est\u00e9 sonando tanto en los medios ni en la afici\u00f3n, es un jugador que tiene mucho talento y que aunque no est\u00e9 en su mejor momento siempre es un peligro para cualquier equipo.<\/p>\n<figure style=\"width: 1980px\" class=\"wp-caption alignnone\"><img loading=\"lazy\" decoding=\"async\" src=\"https:\/\/e00-xlk-ue-marca.uecdn.es\/uploads\/2025\/02\/27\/67c0dc8aace15.jpeg\" alt=\"Juli\u00e1n Alvarez: &quot;Cuando no juego la final de la Champions pienso en el  cambio...&quot; | Marca\" width=\"1980\" height=\"1320\" \/><figcaption class=\"wp-caption-text\">Juli\u00e1n \u00c1lvarez celebrando un gol contra el Bar\u00e7a. Fuente: Marca.com<\/figcaption><\/figure>\n<h2>\u00c1rbitro<\/h2>\n<p><strong>Cl\u00e9ment Turpin<\/strong> ser\u00e1 el encargado de dirigir este derbi de ida de octavos.<\/p>\n<p><strong>Al Real Madrid<\/strong> le ha arbitrado un total de<strong> 8 partidos con 7 victorias y un empate.<\/strong> Es el \u00e1rbitro con el que m\u00e1s veces ha ganado el Madrid en champions. El \u00faltimo partido que arbitr\u00f3 al <strong>Madrid<\/strong> fue contra el <strong>City<\/strong> en el <strong>Etihad.<\/strong><\/p>\n<p><strong>Al Atl\u00e9tico de Madrid<\/strong> le ha dirigido un total de<strong> 6 partidos con 2 victorias, 3 empates y una derrota.<\/strong> Cuatro de esos fueron en champions, en fase de grupos y los otros e<strong>n Europa League.<\/strong><\/p>\n<figure style=\"width: 1920px\" class=\"wp-caption alignnone\"><img loading=\"lazy\" decoding=\"async\" src=\"https:\/\/publish-p47754-e237306.adobeaemcloud.com\/adobe\/dynamicmedia\/deliver\/dm-aid--26ce8196-07c4-480d-8e81-91dce0327bcd\/_330841898682.app.webp?preferwebp=true\" alt=\"Cl\u00e9ment Turpin arbitrar\u00e1 el Real Madrid-Atl\u00e9tico\" width=\"1920\" height=\"1080\" \/><figcaption class=\"wp-caption-text\">Turpin, \u00e1rbitro del encuentro. Fuente: Real Madrid.com<\/figcaption><\/figure>\n<h2>Posibles alineaciones<\/h2>\n<p><strong>Real Madrid:<\/strong> Courtois, Lucas V\u00e1zquez, Asencio, R\u00fcdiger, Mendy, Tchouam\u00e9ni, Valverde, Modri\u00e7, Rodrygo, Vini Jr y Mbapp\u00e9.<\/p>\n<p><strong>Atl\u00e9tico de Madrid:<\/strong> Oblak, Llorente, Le Normand, Lenglet, Javi Gal\u00e1n, De Paul, Barrios, Giuliano, Gallagher, Juli\u00e1n \u00c1lvarez y Griezmann.<\/p>\n<h2>Alegato final<\/h2>\n<p>\u00bfQui\u00e9n se llevar\u00e1 esta eliminatoria? \u00bfBuscar\u00e1 el Madrid eliminar de nuevo al Atl\u00e9tico o por el contrario el Atl\u00e9tico conseguir\u00e1 romper su maldici\u00f3n y lograr\u00e1 por primera vez batir al Madrid en champions?<\/p>\n<p>&nbsp;<\/p>\n<p>&nbsp;<\/p>\n<blockquote><p>&nbsp;<\/p><\/blockquote>\n<p>&nbsp;<\/p>\n","protected":false},"excerpt":{"rendered":"<p>Volvemos a tener un derbi en champions y esta vez en los octavos de final. La ida se jugar\u00e1 en el Santiago Bernab\u00e9u el martes 4 de marzo a las&hellip; <\/p>\n","protected":false},"author":232,"featured_media":43685,"comment_status":"open","ping_status":"open","sticky":false,"template":"","format":"standard","meta":{"om_disable_all_campaigns":false,"_monsterinsights_skip_tracking":false,"_monsterinsights_sitenote_active":false,"_monsterinsights_sitenote_note":"","_monsterinsights_sitenote_category":0,"_uf_show_specific_survey":0,"_uf_disable_surveys":false,"footnotes":""},"categories":[13,6,36],"tags":[59,1064,664,1481,56],"class_list":["post-43669","post","type-post","status-publish","format-standard","has-post-thumbnail","hentry","category-atletico-de-madrid","category-real-madrid","category-uefa-champions-league","tag-ancelotti","tag-cholo-simeone","tag-julian-alvarez","tag-kylian-mbappe","tag-real-madrid"],"aioseo_notices":[],"_links":{"self":[{"href":"https:\/\/agentelibredigital.com\/index.php\/wp-json\/wp\/v2\/posts\/43669","targetHints":{"allow":["GET"]}}],"collection":[{"href":"https:\/\/agentelibredigital.com\/index.php\/wp-json\/wp\/v2\/posts"}],"about":[{"href":"https:\/\/agentelibredigital.com\/index.php\/wp-json\/wp\/v2\/types\/post"}],"author":[{"embeddable":true,"href":"https:\/\/agentelibredigital.com\/index.php\/wp-json\/wp\/v2\/users\/232"}],"replies":[{"embeddable":true,"href":"https:\/\/agentelibredigital.com\/index.php\/wp-json\/wp\/v2\/comments?post=43669"}],"version-history":[{"count":1,"href":"https:\/\/agentelibredigital.com\/index.php\/wp-json\/wp\/v2\/posts\/43669\/revisions"}],"predecessor-version":[{"id":43686,"href":"https:\/\/agentelibredigital.com\/index.php\/wp-json\/wp\/v2\/posts\/43669\/revisions\/43686"}],"wp:featuredmedia":[{"embeddable":true,"href":"https:\/\/agentelibredigital.com\/index.php\/wp-json\/wp\/v2\/media\/43685"}],"wp:attachment":[{"href":"https:\/\/agentelibredigital.com\/index.php\/wp-json\/wp\/v2\/media?parent=43669"}],"wp:term":[{"taxonomy":"category","embeddable":true,"href":"https:\/\/agentelibredigital.com\/index.php\/wp-json\/wp\/v2\/categories?post=43669"},{"taxonomy":"post_tag","embeddable":true,"href":"https:\/\/agentelibredigital.com\/index.php\/wp-json\/wp\/v2\/tags?post=43669"}],"curies":[{"name":"wp","href":"https:\/\/api.w.org\/{rel}","templated":true}]}}