{"id":42885,"date":"2025-02-22T17:10:17","date_gmt":"2025-02-22T16:10:17","guid":{"rendered":"https:\/\/agentelibredigital.com\/?p=42885"},"modified":"2025-02-22T17:10:17","modified_gmt":"2025-02-22T16:10:17","slug":"analisis-del-rival-del-real-madrid-la-lucha-por-la-cima-continua","status":"publish","type":"post","link":"https:\/\/agentelibredigital.com\/index.php\/2025\/02\/22\/analisis-del-rival-del-real-madrid-la-lucha-por-la-cima-continua\/","title":{"rendered":"An\u00e1lisis del rival del Real Madrid: La lucha por la cima contin\u00faa"},"content":{"rendered":"<p><span style=\"font-weight: 400\">El domingo 23 de febrero a las 16:15 tendr\u00e1 lugar el enfrentamiento entre el <a href=\"https:\/\/agentelibredigital.com\/index.php\/category\/real-madrid\/\">Real Madrid<\/a> y el <a href=\"https:\/\/agentelibredigital.com\/index.php\/category\/girona\/\">Girona<\/a>. Dos equipos con objetivos distintos, pero que necesitan como el oro los tres puntos para seguirlos de cerca. El<strong> Real Madrid<\/strong> est\u00e1 segundo en la clasificaci\u00f3n liguera, empatado a puntos con el primero, el <strong>FC Barcelona<\/strong>. Por esta igualdad de puntos es por lo que es clave para el Madrid seguir sumando victorias en esta <strong>guerra a tres<\/strong> que est\u00e1 habiendo por hacerse con el t\u00edtulo de liga, donde tambi\u00e9n est\u00e1 sumado el <strong>Atl\u00e9tico de Madrid.<\/strong><\/span><\/p>\n<p><span style=\"font-weight: 400\">Su rival, el <strong>Girona<\/strong>, est\u00e1 inmerso en la <strong>pelea por Europa<\/strong>. Estando a tres puntos del s\u00e9ptimo clasificado, el <strong>RCD Mallorca<\/strong>, y a cuatro del sexto, el <strong>Rayo Vallecano<\/strong>. Aunque el comienzo del a\u00f1o para los de M\u00edchel no ha sido para nada positivo y de ah\u00ed la <strong>necesidad de puntuar ya<\/strong>. Desde el inicio del 2025 el Girona ha jugado ocho partidos entre todas las competiciones, ganando en tan solo dos de ellos. Con victorias ante rivales inferiores como el Alav\u00e9s y Las Palmas. El resto de los partidos se han traducido en <strong>derrotas<\/strong> para los de M\u00edchel. Siendo un <strong>equipo totalmente de extremos<\/strong>. Apenas han empatado partidos durante la temporada.<\/span><\/p>\n<h2>Planteamiento t\u00e1ctico<\/h2>\n<p><span style=\"font-weight: 400\">Esa irregularidad de resultados se ha reflejado tambi\u00e9n en el juego, que no est\u00e1 terminando de ser parecido al de la temporada pasada. La idea y estilo se han mantenido debido a que en los banquillos sigue estando el incre\u00edble, <strong>M\u00edchel<\/strong>. Pero <strong>la marcha de varios de sus jugadores clave<\/strong> que llevaron al equipo a cuotas alt\u00edsimas ha hecho mucho da\u00f1o.\u00a0<\/span><\/p>\n<figure style=\"width: 1200px\" class=\"wp-caption alignnone\"><img loading=\"lazy\" decoding=\"async\" class=\"sFlh5c FyHeAf iPVvYb\" src=\"https:\/\/media.zenfs.com\/en\/esteemed_kompany_articles_332\/d034965233e80bff8051b37eb71f2d2d\" alt=\"Despite only playing a half against Chelsea Savinho showed he belongs at  Manchester City - Yahoo Sports\" width=\"1200\" height=\"800\" aria-hidden=\"false\" \/><figcaption class=\"wp-caption-text\">Savinho, ex-jugador del Girona, jugando con su actual equipo, el Manchester City. Fuente: Yahoo Sports<\/figcaption><\/figure>\n<p><span style=\"font-weight: 400\">Durante esta temporada el <strong>Girona<\/strong> se ha movido principalmente entre <strong>dos variantes t\u00e1cticas<\/strong>. La formaci\u00f3n 4-2-3-1 y la 5-2-2-1, con varios conceptos interesantes. Cuando el equipo catal\u00e1n ha jugado con l\u00ednea de cuatro defensas, lo ha hecho principalmente para jugar con dos laterales ofensivos, el enganche, donde ha estado jugando bien <strong>Van de Beek<\/strong>, y dos extremos abiertos con peligro por bandas. Un <strong>esquema m\u00e1s est\u00e1tico<\/strong>.<\/span><\/p>\n<p><span style=\"font-weight: 400\">Mientras que la 5-2-2-1 permite al equipo Giron\u00ed ir <strong>variando de formaci\u00f3n y de posiciones<\/strong> en funci\u00f3n del contexto de partido. Metiendo los laterales por dentro, por ejemplo, y formando una 3-4-3 o poner tan solo a uno de ellos por dentro, mover a un central al lateral y jugar una 4-3-3. El equipo de <strong>M\u00edchel<\/strong> va variando gracias a la polivalencia que tiene algunos de sus jugadores como <strong>Arnau, Blind o Miguel Guti\u00e9rrez<\/strong>, de los que hablaremos a continuaci\u00f3n.<\/span><\/p>\n<h2>Porter\u00eda<\/h2>\n<p><span style=\"font-weight: 400\">El due\u00f1o de la porter\u00eda en el <strong>Girona<\/strong> es <strong>Paulo Gazzaniga<\/strong>. Portero con un <strong>buen juego de pies<\/strong> y que ha tenido actuaciones her\u00f3icas este a\u00f1o para salvar a su equipo como en el partido ante el Athletic Club en <strong>Montilivi<\/strong>. Es el <strong>d\u00e9cimo portero que m\u00e1s paradas hace de La Liga<\/strong>, aunque la estad\u00edstica avanzada le deja en evidencia debido a que seg\u00fan datos de FBref ha encajado 5 goles m\u00e1s de los que deber\u00eda en funci\u00f3n de la calidad de las ocasiones que ha recibido. El <strong>cuarto peor portero de La Liga en esta estad\u00edstica.<\/strong>\u00a0<\/span><\/p>\n<figure style=\"width: 1200px\" class=\"wp-caption alignnone\"><img loading=\"lazy\" decoding=\"async\" class=\"sFlh5c FyHeAf iPVvYb\" src=\"https:\/\/www.comuniate.com\/intranet\/noticias\/fotos\/53391.jpg\" alt=\"Preocupaci\u00f3n en el Girona por la lesi\u00f3n de Gazzaniga\" width=\"1200\" height=\"680\" aria-hidden=\"false\" \/><figcaption class=\"wp-caption-text\">Gazzaniga, portero del Girona, en un partido de pretemporada. Fuente: Comuniate<\/figcaption><\/figure>\n<h2>Defensa<\/h2>\n<p><span style=\"font-weight: 400\">Considerando que el <strong>Girona<\/strong> juegue con l\u00ednea de cinco defensas atr\u00e1s esta ser\u00eda la ideal, de derecha a izquierda: <strong>Arnau, David L\u00f3pez, Krejc\u00ed, Blind y Miguel Guti\u00e9rrez.<\/strong>\u00a0<\/span><\/p>\n<p><span style=\"font-weight: 400\">Como he dicho antes, <strong>Miguel y Arnau<\/strong> en fase ofensiva se meter\u00edan por dentro para ayudar al equipo en salida de bal\u00f3n y acumular jugadores por carriles centrales, debido a que tienen <strong>el pie y la calidad<\/strong> para cumplir a la perfecci\u00f3n este rol. Aunque tambi\u00e9n podemos ver \u00fanicamente a <strong>Miguel<\/strong> por dentro, formando una l\u00ednea de 4 en fase ofensiva, con <strong>Arnau<\/strong> como lateral profundo y <strong>Blind<\/strong> como lateral izquierdo, donde ha jugado muchos partidos durante su extensa carrera en Europa. El <strong>Girona<\/strong> atr\u00e1s tiene jugadores muy polivalentes. Aunque el m\u00e1s destacado es sin duda <strong>Miguel, <\/strong><a href=\"https:\/\/agentelibredigital.com\/index.php\/category\/1a-rfef\/\">canterano del Real Madrid<\/a> y con un nivel excelso. <strong>El mejor del equipo esta temporada<\/strong>.\u00a0<\/span><\/p>\n<p><span style=\"font-weight: 400\">En general, el<strong> Girona<\/strong> es un equipo formado por una defensa con buena salida de bal\u00f3n, pero que est\u00e1 sufriendo bastante atr\u00e1s por ese componente ofensivo que tienen. <strong>Han encajado 35 goles en 24 partidos<\/strong>. Es el gran debe a mejorar por parte del equipo de <strong>M\u00edchel<\/strong>.<\/span><\/p>\n<figure style=\"width: 1500px\" class=\"wp-caption alignnone\"><img loading=\"lazy\" decoding=\"async\" class=\"sFlh5c FyHeAf iPVvYb\" src=\"https:\/\/statsbomb.com\/wp-content\/uploads\/2023\/11\/lateral_interior_miguel_gutierrez_girona_2023.jpg\" alt=\"Miguel Guti\u00e9rrez, lateral interior | Decodificando La Liga\" width=\"1500\" height=\"1000\" aria-hidden=\"false\" \/><figcaption class=\"wp-caption-text\">El lateral izquierdo del Girona, Miguel Guti\u00e9rrez. Fuente: StatsBomb<\/figcaption><\/figure>\n<h2>Centro del campo<\/h2>\n<p><span style=\"font-weight: 400\">Siguiendo con la formaci\u00f3n 5-2-2-1, el centro del campo estar\u00e1 formado por un <strong>doble pivote Arthur\/Romeu e Iv\u00e1n Mart\u00edn.<\/strong> Todo condicionado por la roja que vi\u00f3<strong> Yangel Herrera<\/strong> y que no le va a permitir estar en el partido de este fin de semana frente al <strong>Real Madrid<\/strong>. <strong>Baja muy sensible<\/strong> para los albirrojos, ya que est\u00e1 siendo el centrocampista m\u00e1s en forma de esta temporada.<\/span><\/p>\n<p><span style=\"font-weight: 400\">A\u00fan as\u00ed, el <strong>Girona<\/strong> cuenta con opciones interesantes para cubrir esta importante baja. Tanto <strong>Romeu o Arthur<\/strong>, deber\u00edan ser claves para sostener el centro del campo y permitir una salida de bal\u00f3n saneada. <strong>Iv\u00e1n Mart\u00edn<\/strong>, como acompa\u00f1ante,\u00a0 es el que pone algo diferente a esta l\u00ednea. Jugador con una calidad brutal y una <strong>llegada ofensiva desde segunda l\u00ednea a tener en cuenta.<\/strong><\/span><\/p>\n<figure style=\"width: 1200px\" class=\"wp-caption alignnone\"><img loading=\"lazy\" decoding=\"async\" class=\"sFlh5c FyHeAf iPVvYb\" src=\"https:\/\/s2.sportstatics.com\/relevo\/www\/multimedia\/202410\/25\/media\/cortadas\/ivan-martin-RSWZ4iS9X7Vw8AGwa9qjgxK-1200x648@Relevo.jpg\" alt=\"El Girona ata la renovaci\u00f3n de Iv\u00e1n Mart\u00edn hasta 2028... con un asterisco  en manos del Villarreal | Relevo\" width=\"1200\" height=\"648\" aria-hidden=\"false\" \/><figcaption class=\"wp-caption-text\">Ivan Mart\u00edn, centrocampista del Girona, jugando un partido de Champions. Fuente: Relevo<\/figcaption><\/figure>\n<h2>Delanteros<\/h2>\n<p><span style=\"font-weight: 400\">Arriba, para el ataque, el <strong>Girona<\/strong> contar\u00e1 con dos extremos y un delantero centro. <strong>Bryan Gil, Tsygankov y Abel Ruiz.\u00a0<\/strong><\/span><\/p>\n<p><span style=\"font-weight: 400\">Los dos bandas tienen caracter\u00edsticas muy marcadas y de gran utilidad para este <strong>Girona de M\u00edchel<\/strong>. <strong>Bryan Gil<\/strong> es un perfil <strong>mucho m\u00e1s ca\u00f3tico<\/strong>. Velocidad, desborde, regate, explosividad pura. Un jugador intenso, con un buen manejo de ambas piernas y que est\u00e1 siendo de lo mejor del <strong>Girona<\/strong> en cuanto a los nuevos fichajes de esta temporada. <\/span><\/p>\n<p><span style=\"font-weight: 400\">En cambio, <strong>Tsygankov<\/strong> brilla m\u00e1s en otras facetas. El ucraniano es un peligro partiendo desde banda derecha por su habilidad en el regate y perfil hacia su pierna izquierda donde <strong>tiene un guante<\/strong> que puede utilizar para poner centros muy peligrosos o tirar a puerta con una intenci\u00f3n endiablada. Un jugador menos r\u00e1pido y \u00e1gil, pero m\u00e1s t\u00e9cnico. <strong>Siendo clave en el lanzamiento del bal\u00f3n parado.<\/strong><\/span><\/p>\n<p><span style=\"font-weight: 400\">En punta, <strong>Abel Ruiz<\/strong>. El delantero espa\u00f1ol no ha tenido unos primeros meses f\u00e1ciles en <strong>Montilivi<\/strong>. <strong>Tan solo 4 goles en toda la temporada<\/strong>. Le est\u00e1 faltando garra en los \u00faltimos metros para convertir m\u00e1s ocasiones, pero en lo que m\u00e1s destaca es en la asociaci\u00f3n con sus compa\u00f1eros. A\u00fan as\u00ed, est\u00e1 siendo de los fichajes m\u00e1s discutidos.<\/span><\/p>\n<figure style=\"width: 880px\" class=\"wp-caption alignnone\"><img loading=\"lazy\" decoding=\"async\" class=\"sFlh5c FyHeAf iPVvYb\" src=\"https:\/\/www.jornadaperfecta.com\/blog\/wp-content\/uploads\/2024\/07\/Bryan-Gil-Girona-fantasy.webp\" alt=\"Bryan Gil se queda fuera de la selecci\u00f3n a \u00faltima hora - Biwenger y Comunio\" width=\"880\" height=\"495\" aria-hidden=\"false\" \/><figcaption class=\"wp-caption-text\">Bryan Gil en su presentaci\u00f3n como futbolista del Girona. Fuente: Jornada Perfecta<\/figcaption><\/figure>\n<h2>Opciones de banquillo<\/h2>\n<p><span style=\"font-weight: 400\">Para la segunda parte hay varios jugadores que son grandes opciones y que pueden cambiar el encuentro totalmente.\u00a0<\/span><\/p>\n<p><span style=\"font-weight: 400\">Seg\u00fan el contexto, en defensa, M\u00edchel cuenta con <strong>Juanpe<\/strong>. Jugador menos destacado en el trato del bal\u00f3n, pero que tiene muchos tiros pegados en la \u00e9lite y aporta una <strong>experiencia, y liderazgo<\/strong>, claves.<\/span><\/p>\n<p><span style=\"font-weight: 400\">Desde el centro del campo la opci\u00f3n de banquillo m\u00e1s interesante es <strong>Van de Beek<\/strong>. Un jugador menos participativo, pero que en tres cuartos de campo es muy peligroso. Tiene una <strong>llegada en segunda l\u00ednea tremenda<\/strong>.<\/span><\/p>\n<p><span style=\"font-weight: 400\">Arriba es donde <strong>M\u00edchel<\/strong> tiene m\u00e1s opciones para cambiar el partido. Cuenta con un jugador experimentado en su \u00faltima etapa como futbolista y<strong> leyenda del equipo<\/strong>, como es <strong>Stuani<\/strong>. Con un olfato de \u00e1rea que nadie tiene en la plantilla. En banda el joven <strong>Asprilla<\/strong> puede aportar descaro y calidad. Adem\u00e1s, <strong>Miovski<\/strong> tambi\u00e9n surge como otra opci\u00f3n interesante en punta.<\/span><\/p>\n<figure style=\"width: 1002px\" class=\"wp-caption alignnone\"><img loading=\"lazy\" decoding=\"async\" class=\"sFlh5c FyHeAf iPVvYb\" src=\"https:\/\/tmssl.akamaized.net\/\/images\/foto\/galerie\/cristhian-stuani-girona-fc-2024-2025-1726735925-148499.jpg\" alt=\"Stuani, entre jugadores m\u00e1s veteranos en debutar en la Champions League |  Transfermarkt\" width=\"1002\" height=\"560\" aria-hidden=\"false\" \/><figcaption class=\"wp-caption-text\">Cristhian Stuani jugando como capit\u00e1n del Girona esta temporada. Fuente: Transfermarkt<\/figcaption><\/figure>\n<p><br style=\"font-weight: 400\" \/><br style=\"font-weight: 400\" \/><\/p>\n<p><br style=\"font-weight: 400\" \/><br style=\"font-weight: 400\" \/><\/p>\n","protected":false},"excerpt":{"rendered":"<p>El domingo 23 de febrero a las 16:15 tendr\u00e1 lugar el enfrentamiento entre el Real Madrid y el Girona. Dos equipos con objetivos distintos, pero que necesitan como el oro&hellip; <\/p>\n","protected":false},"author":253,"featured_media":42892,"comment_status":"open","ping_status":"open","sticky":false,"template":"","format":"standard","meta":{"om_disable_all_campaigns":false,"_monsterinsights_skip_tracking":false,"_monsterinsights_sitenote_active":false,"_monsterinsights_sitenote_note":"","_monsterinsights_sitenote_category":0,"_uf_show_specific_survey":0,"_uf_disable_surveys":false,"footnotes":""},"categories":[14,46,6],"tags":[170,3128,623,171,1600,56,770,2505],"class_list":["post-42885","post","type-post","status-publish","format-standard","has-post-thumbnail","hentry","category-girona","category-laliga-ea-sports","category-real-madrid","tag-girona","tag-ivan-martin","tag-la-liga","tag-michel","tag-miguel-gutierrez","tag-real-madrid","tag-stuani","tag-tsygankov"],"aioseo_notices":[],"_links":{"self":[{"href":"https:\/\/agentelibredigital.com\/index.php\/wp-json\/wp\/v2\/posts\/42885","targetHints":{"allow":["GET"]}}],"collection":[{"href":"https:\/\/agentelibredigital.com\/index.php\/wp-json\/wp\/v2\/posts"}],"about":[{"href":"https:\/\/agentelibredigital.com\/index.php\/wp-json\/wp\/v2\/types\/post"}],"author":[{"embeddable":true,"href":"https:\/\/agentelibredigital.com\/index.php\/wp-json\/wp\/v2\/users\/253"}],"replies":[{"embeddable":true,"href":"https:\/\/agentelibredigital.com\/index.php\/wp-json\/wp\/v2\/comments?post=42885"}],"version-history":[{"count":1,"href":"https:\/\/agentelibredigital.com\/index.php\/wp-json\/wp\/v2\/posts\/42885\/revisions"}],"predecessor-version":[{"id":42893,"href":"https:\/\/agentelibredigital.com\/index.php\/wp-json\/wp\/v2\/posts\/42885\/revisions\/42893"}],"wp:featuredmedia":[{"embeddable":true,"href":"https:\/\/agentelibredigital.com\/index.php\/wp-json\/wp\/v2\/media\/42892"}],"wp:attachment":[{"href":"https:\/\/agentelibredigital.com\/index.php\/wp-json\/wp\/v2\/media?parent=42885"}],"wp:term":[{"taxonomy":"category","embeddable":true,"href":"https:\/\/agentelibredigital.com\/index.php\/wp-json\/wp\/v2\/categories?post=42885"},{"taxonomy":"post_tag","embeddable":true,"href":"https:\/\/agentelibredigital.com\/index.php\/wp-json\/wp\/v2\/tags?post=42885"}],"curies":[{"name":"wp","href":"https:\/\/api.w.org\/{rel}","templated":true}]}}