{"id":41309,"date":"2025-01-01T18:54:47","date_gmt":"2025-01-01T17:54:47","guid":{"rendered":"https:\/\/agentelibredigital.com\/?p=41309"},"modified":"2025-02-01T19:53:21","modified_gmt":"2025-02-01T18:53:21","slug":"diego-cocca-el-equipo-en-lo-mental-esta-muy-tocado","status":"publish","type":"post","link":"https:\/\/agentelibredigital.com\/index.php\/2025\/01\/01\/diego-cocca-el-equipo-en-lo-mental-esta-muy-tocado\/","title":{"rendered":"Diego Cocca: \u00abEl equipo en lo mental est\u00e1 muy tocado\u00bb"},"content":{"rendered":"<p><em><strong>El entrenador argentino del Real Valladolid compareci\u00f3 en rueda de prensa despu\u00e9s de la goleada recibida en Villareal. El equipo vallisoletano fue arrollado con un contundente 5 a 1 en el estadio de La Cer\u00e1mica, donde fueron inferiores en todos los \u00e1mbitos del juego.<\/strong><\/em><\/p>\n<p>Para comenzar con la rueda de prensa, <a href=\"https:\/\/agentelibredigital.com\/?s=Diego+Cocca\"><strong>Cocca<\/strong> <\/a>fue preguntado por la <strong>visi\u00f3n<\/strong> que ten\u00eda del equipo en estos momentos. <strong>\u00abEl equipo por momentos compite, pero son momentos. Sab\u00edamos que estos dos \u00faltimos partidos iba a ser dif\u00edcil sumar\u00bb.\u00a0<\/strong>Fue duro y realista, sin embargo, tambi\u00e9n aport\u00f3 algo de positivismo a sus declaraciones. <strong>\u00abContra el <a href=\"https:\/\/agentelibredigital.com\/?s=Real+Madrid\">Real Madrid<\/a> mejoramos la imagen 30 minutos, hoy 40&#8243;<\/strong> , alegando que poco a poco el equipo va dando una mejor versi\u00f3n. Quiz\u00e1 cuando esta sea vista por los aficionados, ser\u00e1 demasiado tarde para el conjunto pucelano. Para finalizar sobre lo dicho anteriormente, Cocca mencion\u00f3 el da\u00f1o anteriormente hecho al equipo: <strong>\u00abEl equipo en lo mental est\u00e1 muy tocado, le meten un gol y aparecen los fantasmas\u00bb.<\/strong><\/p>\n<p>Continuando con la rueda de prensa, Cocca fue preguntado sobre su continuidad, y si sobre estar\u00e1 en el banquillo en el encuentro ente el Rayo Vallecano de la <strong>pr\u00f3xima jornada<\/strong>. A lo que el argentino respondi\u00f3: <strong>\u00abSab\u00eda la situaci\u00f3n, el contexto y d\u00f3nde ven\u00eda. Este equipo est\u00e1 mejorando, como puede, pero est\u00e1 mejorando\u00bb.\u00a0<\/strong>Al principio parec\u00eda que no responder\u00eda a la pregunta sin embargo concluy\u00f3 con; <strong>\u00bb Soy entrenador, no puedo garantizar nada de nada, vivo el d\u00eda a d\u00eda. La realidad est\u00e1 en el campo\u00bb.<\/strong> No cerr\u00f3 la puerta a una posible salida, lo que ser\u00eda un claro exponente de la situaci\u00f3n que se esta viviendo en la directiva del club, con la que la afici\u00f3n ya ha mostrado su m\u00e1s que notable <strong>descontento<\/strong>.<\/p>\n<p>El <a href=\"https:\/\/agentelibredigital.com\/?s=Real+Valladolid\">Real Valladolid<\/a> acudir\u00e1 a la capital espa\u00f1ola para enfrentarse al\u00a0<a href=\"https:\/\/agentelibredigital.com\/?s=rayo+vallecano\"> Rayo Vallecano<\/a> <strong>a domicilio<\/strong>. equipo con muy buena <strong>din\u00e1mica<\/strong> y en ascenso.<\/p>\n<figure id=\"attachment_41310\" aria-describedby=\"caption-attachment-41310\" style=\"width: 2560px\" class=\"wp-caption alignnone\"><img loading=\"lazy\" decoding=\"async\" class=\"size-full wp-image-41310\" src=\"https:\/\/agentelibredigital.com\/wp-content\/uploads\/2025\/02\/villarreal-cf-v-real-valladolid-cf-la-liga-ea-sports-1-scaled.jpg\" alt=\"\" width=\"2560\" height=\"1781\" srcset=\"https:\/\/agentelibredigital.com\/wp-content\/uploads\/2025\/02\/villarreal-cf-v-real-valladolid-cf-la-liga-ea-sports-1-scaled.jpg 2560w, https:\/\/agentelibredigital.com\/wp-content\/uploads\/2025\/02\/villarreal-cf-v-real-valladolid-cf-la-liga-ea-sports-1-300x209.jpg 300w, https:\/\/agentelibredigital.com\/wp-content\/uploads\/2025\/02\/villarreal-cf-v-real-valladolid-cf-la-liga-ea-sports-1-1024x712.jpg 1024w, https:\/\/agentelibredigital.com\/wp-content\/uploads\/2025\/02\/villarreal-cf-v-real-valladolid-cf-la-liga-ea-sports-1-768x534.jpg 768w, https:\/\/agentelibredigital.com\/wp-content\/uploads\/2025\/02\/villarreal-cf-v-real-valladolid-cf-la-liga-ea-sports-1-1536x1069.jpg 1536w, https:\/\/agentelibredigital.com\/wp-content\/uploads\/2025\/02\/villarreal-cf-v-real-valladolid-cf-la-liga-ea-sports-1-2048x1425.jpg 2048w\" sizes=\"auto, (max-width: 2560px) 100vw, 2560px\" \/><figcaption id=\"caption-attachment-41310\" class=\"wp-caption-text\">Juric conduciendo la pelota, mientras Gerard Moreno le presiona. Foto hecha por: Aitor Alcalde\/Getty Images<\/figcaption><\/figure>\n","protected":false},"excerpt":{"rendered":"<p>El entrenador argentino del Real Valladolid compareci\u00f3 en rueda de prensa despu\u00e9s de la goleada recibida en Villareal. El equipo vallisoletano fue arrollado con un contundente 5 a 1 en&hellip; <\/p>\n","protected":false},"author":211,"featured_media":41311,"comment_status":"open","ping_status":"open","sticky":false,"template":"","format":"standard","meta":{"om_disable_all_campaigns":false,"_monsterinsights_skip_tracking":false,"_monsterinsights_sitenote_active":false,"_monsterinsights_sitenote_note":"","_monsterinsights_sitenote_category":0,"_uf_show_specific_survey":0,"_uf_disable_surveys":false,"footnotes":""},"categories":[46,2850,26],"tags":[1480,3485,1970,169,123,73],"class_list":["post-41309","post","type-post","status-publish","format-standard","has-post-thumbnail","hentry","category-laliga-ea-sports","category-real-valladolid","category-villarreal","tag-anuar","tag-diego-cocca","tag-marcos-andre","tag-rayo-vallecano","tag-real-valladolid","tag-villareal"],"aioseo_notices":[],"_links":{"self":[{"href":"https:\/\/agentelibredigital.com\/index.php\/wp-json\/wp\/v2\/posts\/41309","targetHints":{"allow":["GET"]}}],"collection":[{"href":"https:\/\/agentelibredigital.com\/index.php\/wp-json\/wp\/v2\/posts"}],"about":[{"href":"https:\/\/agentelibredigital.com\/index.php\/wp-json\/wp\/v2\/types\/post"}],"author":[{"embeddable":true,"href":"https:\/\/agentelibredigital.com\/index.php\/wp-json\/wp\/v2\/users\/211"}],"replies":[{"embeddable":true,"href":"https:\/\/agentelibredigital.com\/index.php\/wp-json\/wp\/v2\/comments?post=41309"}],"version-history":[{"count":1,"href":"https:\/\/agentelibredigital.com\/index.php\/wp-json\/wp\/v2\/posts\/41309\/revisions"}],"predecessor-version":[{"id":41312,"href":"https:\/\/agentelibredigital.com\/index.php\/wp-json\/wp\/v2\/posts\/41309\/revisions\/41312"}],"wp:featuredmedia":[{"embeddable":true,"href":"https:\/\/agentelibredigital.com\/index.php\/wp-json\/wp\/v2\/media\/41311"}],"wp:attachment":[{"href":"https:\/\/agentelibredigital.com\/index.php\/wp-json\/wp\/v2\/media?parent=41309"}],"wp:term":[{"taxonomy":"category","embeddable":true,"href":"https:\/\/agentelibredigital.com\/index.php\/wp-json\/wp\/v2\/categories?post=41309"},{"taxonomy":"post_tag","embeddable":true,"href":"https:\/\/agentelibredigital.com\/index.php\/wp-json\/wp\/v2\/tags?post=41309"}],"curies":[{"name":"wp","href":"https:\/\/api.w.org\/{rel}","templated":true}]}}