{"id":40680,"date":"2025-01-25T19:27:50","date_gmt":"2025-01-25T18:27:50","guid":{"rendered":"https:\/\/agentelibredigital.com\/?p=40680"},"modified":"2025-01-25T19:27:50","modified_gmt":"2025-01-25T18:27:50","slug":"previa-rayo-vallecano-girona-en-busca-de-posiciones-europeas","status":"publish","type":"post","link":"https:\/\/agentelibredigital.com\/index.php\/2025\/01\/25\/previa-rayo-vallecano-girona-en-busca-de-posiciones-europeas\/","title":{"rendered":"Previa Rayo Vallecano &#8211; Girona: en busca de posiciones europeas"},"content":{"rendered":"<h4>El Girona visitar\u00e1 Vallecas para enfrentarse al Rayo Vallecano en un igualado duelo en busca de los puestos europeos<\/h4>\n<p>Rayo Vallecano y Girona se ver\u00e1n las caras ma\u00f1ana domingo 26 de enero a las 14:00 en Vallecas que da lugar la jornada 21 de LaLiga EA Sports. El arbitro del encuentro es Isidro Diaz de Mera y en la sala VAR estar\u00e1 Figueroa V\u00e1zquez, se podr\u00e1 ver el partido a trav\u00e9s de DAZN y Movistar LaLiga.<\/p>\n<h2>Rayo Vallecano<\/h2>\n<p>El <a href=\"https:\/\/agentelibredigital.com\/?s=Rayo+Vallecano\">Rayo Vallecano<\/a> recibe al equipo catal\u00e1n en una situaci\u00f3n de temporada bastante c\u00f3moda, viene en una buena dinamica que le permite estar alejado de los puestos de descenso.<\/p>\n<p>Actualmente, se encuentran en la posicion 11 de la <a href=\"https:\/\/www.laliga.com\/laliga-easports\/clasificacion\">clasificacion de LaLiga EA Sports<\/a> con 26 puntos, est\u00e1 a 4 puntos de los puestos europeos a falta de jugar este partido, por lo que se puede acercar aun m\u00e1s.<\/p>\n<p>Al principio de temporada, su objetivo era tal vez era una <strong>permanencia sin sufrir mucho<\/strong>, a mediados de competici\u00f3n podemos confirmar que el equipo esta<strong> sacando resultados de sobra para cumplir este objetivo provisional<\/strong> y quien sabe si superar todas las expectativas y luchar por algo m\u00e1s.<\/p>\n<figure style=\"width: 498px\" class=\"wp-caption aligncenter\"><img loading=\"lazy\" decoding=\"async\" src=\"https:\/\/img.asmedia.epimg.net\/resizer\/v2\/5F2ZW4KXJMITM3DHPPGNDPRGTE.JPG?auth=5941e9ec5b6f7cf2dc9f56521c508865c277465dec248e3cfcd756db5fca6ee4&amp;width=360&amp;height=203&amp;focal=2289%2C776\" alt=\"Rayo 2 - 1 Celta: resumen, resultado y goles - AS.com\" width=\"498\" height=\"281\" \/><figcaption class=\"wp-caption-text\">Celebraci\u00f3n Rayo Vallecano. Fuente: Diario As.<\/figcaption><\/figure>\n<p>Llevan sin perder <strong>6 partidos<\/strong> (2 victorias y 4 empates), lo m\u00e1s importante de esto es que han conseguido puntuar contra equipos de la zona alta de la clasificaci\u00f3n.<\/p>\n<p>Su \u00faltimo partido fue contra el <a href=\"https:\/\/agentelibredigital.com\/?s=Osasuna\">Osasuna<\/a> en El Sadar, el resultado fue <strong>1-1 en un partido bastante igualado<\/strong> donde se adelant\u00f3 el conjunto vallecano pero en la segunda mitad pondr\u00eda las tablas en el marcador en equipo local.<\/p>\n<h2>Girona FC<\/h2>\n<p>Su temporada no es como se esperaba, ya que las expectativas de este equipo eran altas. Recordemos que el a\u00f1o pasado consiguieron una <strong>hist\u00f3rica clasificaci\u00f3n a Champions League<\/strong> marcando una campa\u00f1a extraordinario superando en muchos tramos de la temporada a Real Madrid y Barcelona.<\/p>\n<p>Actualmente,<strong> est\u00e1n octavos en LaLiga<\/strong> con<strong> 28 puntos<\/strong> a 2 del Mallorca que es qui\u00e9n marca esas posiciones europeas.<\/p>\n<figure style=\"width: 1920px\" class=\"wp-caption alignnone\"><img loading=\"lazy\" decoding=\"async\" src=\"https:\/\/www.elnacional.cat\/uploads\/s1\/49\/16\/85\/96\/yangel-herrera-alejandro-frances-ivan-martin-celebracion-gol-girona.jpeg\" alt=\"Girona - Feyenoord: horario y d\u00f3nde ver el estreno de la Champions League  en Montilivi\" width=\"1920\" height=\"1280\" \/><figcaption class=\"wp-caption-text\">Girona. Fuente: El Nacional.cat.<\/figcaption><\/figure>\n<p>Se sab\u00eda que iba a ser una<strong> temporada dura<\/strong> en Montilivi ya que tras la exitosa pasada temporada, muchos <strong>jugadores clave salieron del club<\/strong> y los que vinieron en sustituci\u00f3n de estos<strong> todav\u00eda no se han acabado de adaptar la mayor\u00eda.<\/strong><\/p>\n<p>Sus \u00faltimos 5 encuentros muestran un balance negativo con <strong>2 victorias y 3 derrotas<\/strong>, su \u00faltimo partido en Liga fue frente al<a href=\"https:\/\/agentelibredigital.com\/?s=Sevilla\"> Sevilla<\/a> en Montilivi, el resultado fue de 1-2 a favor de los sevillanos.<\/p>\n<p>En su debut de Champions el equipo <strong>ha ca\u00eddo eliminado autom\u00e1ticamente<\/strong> a falta de una jornada de la fase de liga. El pasado mi\u00e9rcoles jugaron en San Siro contra el Mil\u00e1n en un partido que los locales se impusieron por 1-0 gracias a un golazo de <a href=\"https:\/\/www.transfermarkt.es\/rafael-leao\/profil\/spieler\/357164\">Rafael Leao<\/a>.<\/p>\n<h2>Cara a cara<\/h2>\n<p>En los \u00faltimos a\u00f1os han estado bastante <strong>equilibrados <\/strong>los partidos entre Rayo Vallecano y <a href=\"https:\/\/agentelibredigital.com\/?s=Girona\">Girona<\/a>.<\/p>\n<p>En sus \u00faltimos 17 enfrentamientos, el Rayo Vallecano ha ganado en un total de<strong> 6 ocasiones<\/strong> mientras que el conjunto catal\u00e1n en <strong>7 ocasiones (4 empates).<\/strong><\/p>\n<p>Esta misma temporada, en la ida que dio lugar en la jornada 7 el resultado fue de <strong>0-0 en Montilivi.<\/strong><\/p>\n<p>La temporada pasada se vieron 3 veces las caras, dos en liga y uno en los octavos de Copa del Rey. Todos estos partidos los gan\u00f3 el Girona mostrando una clara superioridad, como ven\u00eda siendo normal en toda la temporada del equipo de Michel.<\/p>\n<p>Lleva sin perder el Girona frente al Rayo <strong>7 partidos consecutivos (4 victorias y 3 empates).<\/strong><\/p>\n<p>En Vallecas hace que no le gana el Rayo Vallecano al Girona 3 partidos, por todo ello quieren cortar esta mala racha.<\/p>\n","protected":false},"excerpt":{"rendered":"<p>El Girona visitar\u00e1 Vallecas para enfrentarse al Rayo Vallecano en un igualado duelo en busca de los puestos europeos Rayo Vallecano y Girona se ver\u00e1n las caras ma\u00f1ana domingo 26&hellip; <\/p>\n","protected":false},"author":33,"featured_media":40720,"comment_status":"open","ping_status":"open","sticky":false,"template":"","format":"standard","meta":{"om_disable_all_campaigns":false,"_monsterinsights_skip_tracking":false,"_monsterinsights_sitenote_active":false,"_monsterinsights_sitenote_note":"","_monsterinsights_sitenote_category":0,"_uf_show_specific_survey":0,"_uf_disable_surveys":false,"footnotes":""},"categories":[14,46,18],"tags":[2164,605,1972,2077,1725,2966,3159,2348,211,3071,169,1118,2767],"class_list":["post-40680","post","type-post","status-publish","format-standard","has-post-thumbnail","hentry","category-girona","category-laliga-ea-sports","category-rayo-vallecano","tag-batalla","tag-budimir","tag-camello","tag-enzo-boyomo","tag-inigo-perez","tag-isi","tag-lejeune","tag-moncayola","tag-osasuna","tag-ratiu","tag-rayo-vallecano","tag-vallecas","tag-vicente-moreno"],"aioseo_notices":[],"_links":{"self":[{"href":"https:\/\/agentelibredigital.com\/index.php\/wp-json\/wp\/v2\/posts\/40680","targetHints":{"allow":["GET"]}}],"collection":[{"href":"https:\/\/agentelibredigital.com\/index.php\/wp-json\/wp\/v2\/posts"}],"about":[{"href":"https:\/\/agentelibredigital.com\/index.php\/wp-json\/wp\/v2\/types\/post"}],"author":[{"embeddable":true,"href":"https:\/\/agentelibredigital.com\/index.php\/wp-json\/wp\/v2\/users\/33"}],"replies":[{"embeddable":true,"href":"https:\/\/agentelibredigital.com\/index.php\/wp-json\/wp\/v2\/comments?post=40680"}],"version-history":[{"count":1,"href":"https:\/\/agentelibredigital.com\/index.php\/wp-json\/wp\/v2\/posts\/40680\/revisions"}],"predecessor-version":[{"id":40721,"href":"https:\/\/agentelibredigital.com\/index.php\/wp-json\/wp\/v2\/posts\/40680\/revisions\/40721"}],"wp:featuredmedia":[{"embeddable":true,"href":"https:\/\/agentelibredigital.com\/index.php\/wp-json\/wp\/v2\/media\/40720"}],"wp:attachment":[{"href":"https:\/\/agentelibredigital.com\/index.php\/wp-json\/wp\/v2\/media?parent=40680"}],"wp:term":[{"taxonomy":"category","embeddable":true,"href":"https:\/\/agentelibredigital.com\/index.php\/wp-json\/wp\/v2\/categories?post=40680"},{"taxonomy":"post_tag","embeddable":true,"href":"https:\/\/agentelibredigital.com\/index.php\/wp-json\/wp\/v2\/tags?post=40680"}],"curies":[{"name":"wp","href":"https:\/\/api.w.org\/{rel}","templated":true}]}}