{"id":38811,"date":"2024-12-24T08:30:09","date_gmt":"2024-12-24T07:30:09","guid":{"rendered":"https:\/\/agentelibredigital.com\/?p=38811"},"modified":"2024-12-24T03:43:05","modified_gmt":"2024-12-24T02:43:05","slug":"analisis-post-cd-leganes-2-5-villarreal-cf-la-desesperacion-arbitral-mata-a-los-pepineros","status":"publish","type":"post","link":"https:\/\/agentelibredigital.com\/index.php\/2024\/12\/24\/analisis-post-cd-leganes-2-5-villarreal-cf-la-desesperacion-arbitral-mata-a-los-pepineros\/","title":{"rendered":"An\u00e1lisis post CD Legan\u00e9s 2-5 Villarreal CF: la desesperaci\u00f3n arbitral mata a los pepineros"},"content":{"rendered":"<h4>Analizamos las claves de la abultada y pol\u00e9mica derrota del <a href=\"https:\/\/agentelibredigital.com\/index.php\/category\/leganes\/\">CD Legan\u00e9s<\/a> por 2 goles a 5 ante el <a href=\"https:\/\/agentelibredigital.com\/index.php\/category\/villarreal\/\">Villarreal CF<\/a> en Butarque<\/h4>\n<p data-pm-slice=\"1 1 []\"><span style=\"font-size: 16px;\">El regreso de <strong>Diego Conde<\/strong> a <strong>Butarque<\/strong> estuvo marcado por un momento emotivo. El guardameta, ahora en el <strong>Villarreal<\/strong>, fue ovacionado por su antiguo club (el <strong>Legan\u00e9s<\/strong>) y por la afici\u00f3n pepinera al recibir el<strong> Trofeo Zamora de<\/strong><\/span><strong>\u00a0<a href=\"https:\/\/agentelibredigital.com\/index.php\/category\/laliga-hypermotion\/\">LaLiga Hypermotion 2023\/24<\/a><\/strong>. Este homenaje, marc\u00f3 el pr\u00f3logo de un encuentro que, lejos de ser recordado por el gesto de admiraci\u00f3n, quedar\u00e1 en la memoria por la pol\u00e9mica arbitral y el desenlace. Un reconocimiento merecido que enmarc\u00f3 el inicio de un duelo cargado de emociones y pol\u00e9mica, del que haremos un an\u00e1lisis profundo.<\/p>\n<figure id=\"attachment_38819\" aria-describedby=\"caption-attachment-38819\" style=\"width: 550px\" class=\"wp-caption alignnone\"><img loading=\"lazy\" decoding=\"async\" class=\" wp-image-38819\" src=\"https:\/\/agentelibredigital.com\/wp-content\/uploads\/2024\/12\/cd-leganes-v-villarreal-cf-la-liga-ea-sports-1-300x191.jpg\" alt=\"Legan\u00e9s\" width=\"550\" height=\"350\" srcset=\"https:\/\/agentelibredigital.com\/wp-content\/uploads\/2024\/12\/cd-leganes-v-villarreal-cf-la-liga-ea-sports-1-300x191.jpg 300w, https:\/\/agentelibredigital.com\/wp-content\/uploads\/2024\/12\/cd-leganes-v-villarreal-cf-la-liga-ea-sports-1-1024x653.jpg 1024w, https:\/\/agentelibredigital.com\/wp-content\/uploads\/2024\/12\/cd-leganes-v-villarreal-cf-la-liga-ea-sports-1-768x490.jpg 768w, https:\/\/agentelibredigital.com\/wp-content\/uploads\/2024\/12\/cd-leganes-v-villarreal-cf-la-liga-ea-sports-1-1536x980.jpg 1536w, https:\/\/agentelibredigital.com\/wp-content\/uploads\/2024\/12\/cd-leganes-v-villarreal-cf-la-liga-ea-sports-1-2048x1307.jpg 2048w\" sizes=\"auto, (max-width: 550px) 100vw, 550px\" \/><figcaption id=\"caption-attachment-38819\" class=\"wp-caption-text\">LEGANES, ESPA\u00d1A &#8211; 22 DE DICIEMBRE: CD Leganes muestra su apoyo antes del duelo de LaLiga entre CD Leganes y Villarreal CF en el Estadio Municipal de Butarque el 22 de diciembre de 2024 en Leganes, Espa\u00f1a. (Foto de Denis Doyle\/Getty Images)<\/figcaption><\/figure>\n<h2>Inicio atronador, pero alegr\u00eda pasajera<\/h2>\n<p>El<strong> &#8216;Lega&#8217;<\/strong>\u00a0sali\u00f3 como un torbellino en una g\u00e9lida tarde de domingo. Con apenas ocho minutos transcurridos, el canterano <strong>Seydouba Ciss\u00e9<\/strong> cumpli\u00f3 su partido 101 con la el\u00e1stica blanquiazul, y para colmo, inaugur\u00f3 su cuenta goleadora en Primera tras un env\u00edo impecable de <strong>Miguel de la Fuente<\/strong>. La grada de <strong>Butarque<\/strong> se encend\u00eda de ilusi\u00f3n, pero esa llama pronto se apag\u00f3. Los &#8216;groguets&#8217; igualaron el marcador aprovechando una jugada de estrategia en una la mala colocaci\u00f3n defensiva de los pepineros. El <strong>1-1<\/strong> enfri\u00f3 los \u00e1nimos locales y abri\u00f3 el camino a un duelo cargado de tensiones y decisiones controvertidas.<\/p>\n<h2>Penaltis que cambian el rumbo del encuentro<\/h2>\n<p>El encuentro vivi\u00f3 un primer giro de guion cuando <strong>Dani Raba<\/strong> provoc\u00f3 un penalti de manual ante <strong>Logan Costa<\/strong> en un jugad\u00f3n con <strong>Miguel<\/strong>. El propio c\u00e1ntabro lo transform\u00f3 con solvencia, devolviendo la ventaja a los de <strong>Borja Jim\u00e9nez<\/strong>. Cuando parec\u00eda que el marcador se ir\u00eda al descanso con ese 2-1 para los pepineros, <strong>Matija Nastasi\u010d<\/strong>\u00a0cometi\u00f3 un error infantil, derribando a <strong>Yeremy Pino<\/strong> en el \u00e1rea. Asimismo, en dicha incursi\u00f3n al \u00e1rea, <strong>Javi Hern\u00e1dez<\/strong> estuvo muy pasivo. Sin embargo, algunos apuntan que <strong>Santi Comesa\u00f1a<\/strong> intervino en la trayectoria del pase previo a la acci\u00f3n del penalti. De ser as\u00ed, el canario estar\u00eda estado en posici\u00f3n antirreglamentaria, invalidando la jugada. Pese a las protestas locales, <strong>Thierno Barry<\/strong>, convirti\u00f3 la pena m\u00e1xima justo antes del descanso para igualar nuevamente el marcador.<\/p>\n<p>El partido no solo se jugaba en el c\u00e9sped, sino tambi\u00e9n en la sala del <strong>VAR<\/strong>. El uso de la tecnolog\u00eda fue determinante, no solo en los penaltis, sino tambi\u00e9n en las decisiones disciplinarias que marcar\u00edan la segunda mitad. Las decisiones arbitrales no solo sembraron el caos dentro del campo, sino que tambi\u00e9n dividieron a la afici\u00f3n&#8230;<\/p>\n<figure id=\"attachment_38822\" aria-describedby=\"caption-attachment-38822\" style=\"width: 531px\" class=\"wp-caption alignnone\"><img loading=\"lazy\" decoding=\"async\" class=\" wp-image-38822\" src=\"https:\/\/agentelibredigital.com\/wp-content\/uploads\/2024\/12\/cd-leganes-v-villarreal-cf-la-liga-ea-sports-3-300x200.jpg\" alt=\"Legan\u00e9s\" width=\"531\" height=\"354\" srcset=\"https:\/\/agentelibredigital.com\/wp-content\/uploads\/2024\/12\/cd-leganes-v-villarreal-cf-la-liga-ea-sports-3-300x200.jpg 300w, https:\/\/agentelibredigital.com\/wp-content\/uploads\/2024\/12\/cd-leganes-v-villarreal-cf-la-liga-ea-sports-3-1024x683.jpg 1024w, https:\/\/agentelibredigital.com\/wp-content\/uploads\/2024\/12\/cd-leganes-v-villarreal-cf-la-liga-ea-sports-3-768x512.jpg 768w, https:\/\/agentelibredigital.com\/wp-content\/uploads\/2024\/12\/cd-leganes-v-villarreal-cf-la-liga-ea-sports-3-1536x1024.jpg 1536w, https:\/\/agentelibredigital.com\/wp-content\/uploads\/2024\/12\/cd-leganes-v-villarreal-cf-la-liga-ea-sports-3-2048x1365.jpg 2048w\" sizes=\"auto, (max-width: 531px) 100vw, 531px\" \/><figcaption id=\"caption-attachment-38822\" class=\"wp-caption-text\">LEGANES, ESPA\u00d1A &#8211; 22 DE DICIEMBRE: Daniel Raba del CD Leganes anota su segundo gol de equipo de penalti durante la pelea de LaLiga entre el CD Leganes y Villarreal CF en el Estadio Municipal de Butarque el 22 de diciembre de 2024 en Leganes, Espa\u00f1a. (Foto de Denis Doyle\/Getty Images)<\/figcaption><\/figure>\n<h2>Descontrol, expulsiones y m\u00e1s pol\u00e9micas<\/h2>\n<p>El duelo se volvi\u00f3 bronco tras la reanudaci\u00f3n. <strong>\u00d3scar Rodr\u00edguez<\/strong>, envuelto en una tangana con <strong>Yeremy Pino<\/strong>, vio la roja directa. La decisi\u00f3n del \u00e1rbitro, <strong>Alejandro Mu\u00f1iz Ruiz<\/strong>, fue acertada seg\u00fan el reglamento, pero dej\u00f3 dudas por la permisividad previa con otros roces. Minutos despu\u00e9s, el ariete franc\u00e9s complet\u00f3 su hat-trick transformando en el <strong>2-3<\/strong> otra falla de la zaga del <strong>Legan\u00e9s<\/strong>. El delantero, que posiblemente ya deber\u00eda haber visto la roja tras su enfrentamiento con <strong>Jorge S\u00e1enz<\/strong>, sigui\u00f3 siendo el protagonista de un partido que pend\u00eda de un hilo.<\/p>\n<figure id=\"attachment_38820\" aria-describedby=\"caption-attachment-38820\" style=\"width: 542px\" class=\"wp-caption alignnone\"><img loading=\"lazy\" decoding=\"async\" class=\" wp-image-38820\" src=\"https:\/\/agentelibredigital.com\/wp-content\/uploads\/2024\/12\/cd-leganes-v-villarreal-cf-la-liga-ea-sports-5-300x200.jpg\" alt=\"Legan\u00e9s\" width=\"542\" height=\"361\" srcset=\"https:\/\/agentelibredigital.com\/wp-content\/uploads\/2024\/12\/cd-leganes-v-villarreal-cf-la-liga-ea-sports-5-300x200.jpg 300w, https:\/\/agentelibredigital.com\/wp-content\/uploads\/2024\/12\/cd-leganes-v-villarreal-cf-la-liga-ea-sports-5-1024x683.jpg 1024w, https:\/\/agentelibredigital.com\/wp-content\/uploads\/2024\/12\/cd-leganes-v-villarreal-cf-la-liga-ea-sports-5-768x512.jpg 768w, https:\/\/agentelibredigital.com\/wp-content\/uploads\/2024\/12\/cd-leganes-v-villarreal-cf-la-liga-ea-sports-5-1536x1024.jpg 1536w, https:\/\/agentelibredigital.com\/wp-content\/uploads\/2024\/12\/cd-leganes-v-villarreal-cf-la-liga-ea-sports-5-2048x1366.jpg 2048w\" sizes=\"auto, (max-width: 542px) 100vw, 542px\" \/><figcaption id=\"caption-attachment-38820\" class=\"wp-caption-text\">LEGANES, ESPA\u00d1A &#8211; 22 DE DICIEMBRE: Oscar del CD Leganes recibe una tarjeta roja tras este choque con Yeremy Pino del Villarreal CF durante el partido de LaLiga entre el CD Leganes y el Villarreal CF en el Estadio Municipal de Butarque el 22 de diciembre de 2024 en Leganes, Espa\u00f1a. (Foto de Denis Doyle\/Getty Images)<\/figcaption><\/figure>\n<p>La acci\u00f3n de <strong>Jorge S\u00e1enz<\/strong> y <strong>Thierno<\/strong> fue especialmente pol\u00e9mica. Tras una fort\u00edsima entrada del central canario, <strong>Barry<\/strong> se encar\u00f3 haciendo un amago de cabezazo. Inicialmente, el colegiado mostr\u00f3 la roja a ambos, pero el <strong>VAR<\/strong> corrigi\u00f3 la decisi\u00f3n, dejando al de <strong>Lyon<\/strong> con una amarilla. Este episodio record\u00f3 la expulsi\u00f3n del talaverano <strong>\u00d3scar<\/strong> y la pol\u00e9mica que dej\u00f3 la no expulsi\u00f3n de <strong>Yeremy Pino<\/strong> en situaciones similares. Adem\u00e1s, los piscinazos constantes de <strong>Baena<\/strong>, <strong>Yeremy<\/strong> y <strong>Thierno<\/strong> durante el final de la primera mitad y el inicio de la segunda tambi\u00e9n crearon malestar en la hinchada local.<\/p>\n<figure id=\"attachment_38823\" aria-describedby=\"caption-attachment-38823\" style=\"width: 540px\" class=\"wp-caption alignnone\"><img loading=\"lazy\" decoding=\"async\" class=\" wp-image-38823\" src=\"https:\/\/agentelibredigital.com\/wp-content\/uploads\/2024\/12\/cd-leganes-v-villarreal-cf-la-liga-ea-sports-6-300x200.jpg\" alt=\"Legan\u00e9s\" width=\"540\" height=\"360\" srcset=\"https:\/\/agentelibredigital.com\/wp-content\/uploads\/2024\/12\/cd-leganes-v-villarreal-cf-la-liga-ea-sports-6-300x200.jpg 300w, https:\/\/agentelibredigital.com\/wp-content\/uploads\/2024\/12\/cd-leganes-v-villarreal-cf-la-liga-ea-sports-6-1024x683.jpg 1024w, https:\/\/agentelibredigital.com\/wp-content\/uploads\/2024\/12\/cd-leganes-v-villarreal-cf-la-liga-ea-sports-6-768x512.jpg 768w, https:\/\/agentelibredigital.com\/wp-content\/uploads\/2024\/12\/cd-leganes-v-villarreal-cf-la-liga-ea-sports-6-1536x1024.jpg 1536w, https:\/\/agentelibredigital.com\/wp-content\/uploads\/2024\/12\/cd-leganes-v-villarreal-cf-la-liga-ea-sports-6-2048x1365.jpg 2048w\" sizes=\"auto, (max-width: 540px) 100vw, 540px\" \/><figcaption id=\"caption-attachment-38823\" class=\"wp-caption-text\">LEGANES, ESPA\u00d1A &#8211; 22 DE DICIEMBRE: Jorge Saenz del CD Leganes (en el suelo) es expulsado tras recibir una tarjeta roja mientras su compa\u00f1ero Sergio Gonz\u00e1lez protesta ante el \u00e1rbitro durante el partido de LaLiga entre el CD Leganes y el Villarreal CF en el Estadio Municipal de Butarque el 22 de diciembre de 2024 en Leganes, Espa\u00f1a. (Foto de Denis Doyle\/Getty Images)<\/figcaption><\/figure>\n<h2>El Villarreal sentencia en el a\u00f1adido<\/h2>\n<p>Con nueve hombres sobre el campo, el t\u00e9cnico abulense y los suyos, trataron de remar a contracorriente, pero el <strong>Villarreal<\/strong> aprovech\u00f3 su superioridad num\u00e9rica. Otra jugada controvertida acontecer\u00eda en el 90&#8242;, cuando <strong>Altimira<\/strong>, cedido por el submarino amarillo al sur madrile\u00f1o, cometi\u00f3 un penalti se\u00f1alado tras revisi\u00f3n del <strong>VAR<\/strong> por un manotazo a <strong>Pau Cabanes<\/strong> de espaldas para ganarle la posici\u00f3n. Entre frustraci\u00f3n e histeria, <strong>Borja Jim\u00e9nez<\/strong> pidi\u00f3 al equipo que evacuara el verde, y <strong>Txema Indias<\/strong>, director deportivo del club, baj\u00f3 al c\u00e9sped indignado e insistiendo a los jugadores que no hicieran m\u00e1s faltas sabiendo el rival directo al que se enfrentar\u00e1n pr\u00f3ximamente (<strong>Espanyol<\/strong>, 11 de enero).<\/p>\n<p><strong>Gerard Moreno<\/strong>, luego de charlar alejado de la pol\u00e9mica con <strong>Dmitrovic<\/strong>, transform\u00f3 frente al meta serbio el <strong>2-4<\/strong> desde los once metros. Ya en el tiempo a\u00f1adido, el propio <strong>Cabanes<\/strong> cerr\u00f3 la goleada con el quinto gol, poniendo el <strong>2-5<\/strong> definitivo.<\/p>\n<figure id=\"attachment_38825\" aria-describedby=\"caption-attachment-38825\" style=\"width: 548px\" class=\"wp-caption alignnone\"><img loading=\"lazy\" decoding=\"async\" class=\" wp-image-38825\" src=\"https:\/\/agentelibredigital.com\/wp-content\/uploads\/2024\/12\/cd-leganes-v-villarreal-cf-la-liga-ea-sports-7-300x207.jpg\" alt=\"Legan\u00e9s\" width=\"548\" height=\"378\" srcset=\"https:\/\/agentelibredigital.com\/wp-content\/uploads\/2024\/12\/cd-leganes-v-villarreal-cf-la-liga-ea-sports-7-300x207.jpg 300w, https:\/\/agentelibredigital.com\/wp-content\/uploads\/2024\/12\/cd-leganes-v-villarreal-cf-la-liga-ea-sports-7-1024x708.jpg 1024w, https:\/\/agentelibredigital.com\/wp-content\/uploads\/2024\/12\/cd-leganes-v-villarreal-cf-la-liga-ea-sports-7-768x531.jpg 768w, https:\/\/agentelibredigital.com\/wp-content\/uploads\/2024\/12\/cd-leganes-v-villarreal-cf-la-liga-ea-sports-7-1536x1062.jpg 1536w, https:\/\/agentelibredigital.com\/wp-content\/uploads\/2024\/12\/cd-leganes-v-villarreal-cf-la-liga-ea-sports-7-2048x1416.jpg 2048w\" sizes=\"auto, (max-width: 548px) 100vw, 548px\" \/><figcaption id=\"caption-attachment-38825\" class=\"wp-caption-text\">LEGANES, ESPA\u00d1A &#8211; 22 DE DICIEMBRE: Gerard Moreno del Villarreal CF marca el cuarto gol de su equipo de penalti durante el partido de LaLiga entre el CD Legan\u00e9s y el Villarreal CF en el Estadio Municipal de Butarque el 22 de diciembre de 2024 en Legan\u00e9s, Espa\u00f1a. (Foto de Denis Doyle\/Getty Images)<\/figcaption><\/figure>\n<h2>La mordida de lengua tras la tormenta<\/h2>\n<p>En la rueda de prensa post-partido, <strong>Borja Jim\u00e9nez <\/strong>prefiri\u00f3 no entrar en detalles por miedo a las repercusiones, y a <strong>Sergio Gonz\u00e1lez<\/strong>, se le vi\u00f3 en <strong>DAZN<\/strong> visiblemente molesto. Ambos, coincidieron en cuanto al juego se refiere en la falta de consistencia en las decisiones clave<\/p>\n<p><strong>Borja<\/strong> coment\u00f3 tras el partido: \u201cEntras en ese estado de no entender lo que est\u00e1 pasando dentro del campo. No es una excusa ni much\u00edsimo menos. Es algo que tenemos que mejorar, pero hoy era complicado. No nos lo han puesto nada f\u00e1cil. Cualquier cosa que digamos nos puede salir cara\u201d. Adem\u00e1s, en la rueda de prensa destac\u00f3: \u201cNo voy a poner nota porque si no nos podemos agarrar al n\u00famero que le d\u00e9. Pero creo que el equipo ha sido competitivo el 95% de los partidos. Ha demostrado car\u00e1cter, que sabe lo que quiere\u2026 Son argumentos suficientes para no haber pasado ninguna jornada en descenso. En esta l\u00ednea, podemos seguir sumando puntos, seguir haciendo la cosa mejor de los que est\u00e1n detr\u00e1s nuestro para conseguir la salvaci\u00f3n\u201d.<\/p>\n<p>\u00abNosotros tenemos que manejar much\u00edsimo mejor el tema emocional. Ah\u00ed es d\u00f3nde est\u00e1 nuestra autocr\u00edtica. Independientemente de lo que decida el juez, no podemos entrar en ese estado de nerviosismo y que cada acci\u00f3n nuestra, pudiera dejarnos con alg\u00fan jugador menos. Sobre todo por el carril que estaba tomando el partido. Nosotros tenemos parte de culpa, s\u00ed, claro\u00bb.<\/p>\n<p>Por su parte, <strong>Sergio Gonz\u00e1lez<\/strong>, capit\u00e1n pepinero, <a href=\"https:\/\/x.com\/DAZN_ES\/status\/1870927290982400221\">fue contundente en zona mixta y ante <strong>DAZN<\/strong><\/a>: \u00abDir\u00eda con respeto lo que pienso, pero me sancionar\u00edan. Ha habido cosas que hemos hecho muy bien y otras que no, tanto a nivel de juego como fuera. Tenemos que ver qu\u00e9 comportamientos tener\u00bb.<\/p>\n<figure id=\"attachment_38826\" aria-describedby=\"caption-attachment-38826\" style=\"width: 522px\" class=\"wp-caption alignnone\"><img loading=\"lazy\" decoding=\"async\" class=\" wp-image-38826\" src=\"https:\/\/agentelibredigital.com\/wp-content\/uploads\/2024\/12\/Borja-Jimenez-300x169.avif\" alt=\"Borja Jim\u00e9nez\" width=\"522\" height=\"294\" srcset=\"https:\/\/agentelibredigital.com\/wp-content\/uploads\/2024\/12\/Borja-Jimenez-300x169.avif 300w, https:\/\/agentelibredigital.com\/wp-content\/uploads\/2024\/12\/Borja-Jimenez.avif 736w\" sizes=\"auto, (max-width: 522px) 100vw, 522px\" \/><figcaption id=\"caption-attachment-38826\" class=\"wp-caption-text\">Borja Jim\u00e9nez dando indicaciones en Butarque con uno de los pol\u00e9micos protagonistas del CD Legan\u00e9s 2-5 Villarreal CF: Yeremy Pino. (Foto: AS\/Dani S\u00e1nchez)<\/figcaption><\/figure>\n<h2>An\u00e1lisis t\u00e1ctico: un partido condicionado<\/h2>\n<p>El <strong>CD Legan\u00e9s<\/strong> intent\u00f3 seguir la hoja de ruta que le dio la primera victoria como visitante de la temporada en Montju\u00efc:<strong> presi\u00f3n alta, intensidad en los duelos y transitar velozmente.<\/strong> Durante los primeros 60 minutos, el equipo mantuvo un buen ritmo y mostr\u00f3 atrevimiento en la construcci\u00f3n del juego, aunque la falta de contundencia defensiva en el primer gol rival evidenci\u00f3 algunos desajustes. <strong>Borja Jim\u00e9nez<\/strong> se\u00f1al\u00f3 que su equipo \u201cperdi\u00f3 la cabeza en momentos clave\u201d, pero tambi\u00e9n destac\u00f3 la entrega de sus jugadores: \u201cHicimos muy buen partido once contra once. Es el \u00fanico an\u00e1lisis que puedo hacer sobre el juego, lo que quer\u00edamos proponer y lo que estaba ocurriendo. A partir ya, poco que comentar\u201d.<\/p>\n<p>Por otro lado, los desplazados, pacientes y esperando el momento adecuado, explotaron los errores pepineros con eficiencia, dejando claro que, a veces, menos es m\u00e1s. Esto se pudo ver en la falta de contundencia en el primer gol de los del asturiano <strong>Marcelino<\/strong>, empezaron a pesar y evidenciar las vulnerabilidades del equipo. <strong>Barry<\/strong> fue clave, no solo por sus goles, sino tambi\u00e9n por su capacidad para generar problemas constantes a la zaga pepinera.<\/p>\n<figure id=\"attachment_38821\" aria-describedby=\"caption-attachment-38821\" style=\"width: 540px\" class=\"wp-caption alignnone\"><img loading=\"lazy\" decoding=\"async\" class=\" wp-image-38821\" src=\"https:\/\/agentelibredigital.com\/wp-content\/uploads\/2024\/12\/cd-leganes-v-villarreal-cf-la-liga-ea-sports-4-300x200.jpg\" alt=\"Legan\u00e9s\" width=\"540\" height=\"360\" srcset=\"https:\/\/agentelibredigital.com\/wp-content\/uploads\/2024\/12\/cd-leganes-v-villarreal-cf-la-liga-ea-sports-4-300x200.jpg 300w, https:\/\/agentelibredigital.com\/wp-content\/uploads\/2024\/12\/cd-leganes-v-villarreal-cf-la-liga-ea-sports-4-1024x683.jpg 1024w, https:\/\/agentelibredigital.com\/wp-content\/uploads\/2024\/12\/cd-leganes-v-villarreal-cf-la-liga-ea-sports-4-768x512.jpg 768w, https:\/\/agentelibredigital.com\/wp-content\/uploads\/2024\/12\/cd-leganes-v-villarreal-cf-la-liga-ea-sports-4-1536x1024.jpg 1536w, https:\/\/agentelibredigital.com\/wp-content\/uploads\/2024\/12\/cd-leganes-v-villarreal-cf-la-liga-ea-sports-4-2048x1365.jpg 2048w\" sizes=\"auto, (max-width: 540px) 100vw, 540px\" \/><figcaption id=\"caption-attachment-38821\" class=\"wp-caption-text\">LEGANES, ESPA\u00d1A &#8211; 22 DE DICIEMBRE: Thierno Barry del Villarreal CF marca el segundo gol de su equipo de penalti durante el partido de LaLiga entre el CD Legan\u00e9s y el Villarreal CF en el Estadio Municipal de Butarque el 22 de diciembre de 2024 en Legan\u00e9s, Espa\u00f1a. (Foto de Denis Doyle\/Getty Images)<\/figcaption><\/figure>\n<h2>Un a\u00f1o id\u00edlico que no debe empa\u00f1arse<\/h2>\n<p>El 2024 ser\u00e1 recordado como un a\u00f1o hist\u00f3rico para el <strong>CD Legan\u00e9s<\/strong>. Lo fue antes del duelo contra los de <strong>Marcelino Garc\u00eda Toral<\/strong> y lo seguir\u00e1 siendo pese a este tropiezo. Como bien expres\u00f3 <strong>Borja Jim\u00e9nez<\/strong> en la rueda de prensa previa al encuentro: \u201cEs el mejor a\u00f1o de nuestra historia\u201d. Ascender, ser campeones de Segunda, competir en Primera, no haber pasado ninguna jornada en descenso\u2026 En lo profesional, ha sido el mejor a\u00f1o de la historia del club.<\/p>\n<p>Este partido, aunque frustrante, no debe nublar la visi\u00f3n de un a\u00f1o lleno de \u00e9xitos y momentos inolvidables. Tras una victoria \u00e9pica en <strong>Montjuic<\/strong> contra el <strong>FC Barcelona<\/strong>, el equipo merece disfrutar de las fiestas navide\u00f1as junto a sus seres queridos.<\/p>\n<h2>Conclusi\u00f3n: m\u00e1s dudas que certezas en Legan\u00e9s<\/h2>\n<p>El <a href=\"https:\/\/agentelibredigital.com\/?s=Legan%C3%A9s\"><strong>CD Legan\u00e9s<\/strong><\/a> cierra el a\u00f1o con una derrota que deja un sabor agridulce. La afici\u00f3n reconoce el esfuerzo, pero la sensaci\u00f3n de desamparo por las decisiones arbitrales empa\u00f1a una tarde que pudo ser hist\u00f3rica. Por su parte, los &#8216;groguets&#8217; recuperan sensaciones y se asoma a los puestos de <a href=\"https:\/\/agentelibredigital.com\/index.php\/category\/uefa-champions-league\/\"><strong>Champions League<\/strong><\/a>, aunque su actuaci\u00f3n tambi\u00e9n deja preguntas, especialmente en el \u00e1mbito disciplinario.<\/p>\n<p>A pesar de la amarga derrota, este tropiezo no deber\u00eda restar m\u00e9rito a una temporada que, hasta ahora, ha sido hist\u00f3rica para el <strong>Legan\u00e9s<\/strong>. Con la confianza renovada en su proyecto y el car\u00e1cter demostrado, el equipo sigue firme en su objetivo de salvar la categor\u00eda y mirar hacia el futuro con esperanza<\/p>\n<p>La \u00faltima palabra, como siempre, la tendr\u00e1 el c\u00e9sped, y antes de ayer&#8230; el <strong>VAR<\/strong>.<\/p>\n<figure id=\"attachment_38824\" aria-describedby=\"caption-attachment-38824\" style=\"width: 551px\" class=\"wp-caption alignnone\"><img loading=\"lazy\" decoding=\"async\" class=\" wp-image-38824\" src=\"https:\/\/agentelibredigital.com\/wp-content\/uploads\/2024\/12\/fc-barcelona-v-cd-leganes-la-liga-ea-sports-15-300x200.jpg\" alt=\"Legan\u00e9s\" width=\"551\" height=\"367\" srcset=\"https:\/\/agentelibredigital.com\/wp-content\/uploads\/2024\/12\/fc-barcelona-v-cd-leganes-la-liga-ea-sports-15-300x200.jpg 300w, https:\/\/agentelibredigital.com\/wp-content\/uploads\/2024\/12\/fc-barcelona-v-cd-leganes-la-liga-ea-sports-15-1024x683.jpg 1024w, https:\/\/agentelibredigital.com\/wp-content\/uploads\/2024\/12\/fc-barcelona-v-cd-leganes-la-liga-ea-sports-15-768x512.jpg 768w, https:\/\/agentelibredigital.com\/wp-content\/uploads\/2024\/12\/fc-barcelona-v-cd-leganes-la-liga-ea-sports-15-1536x1024.jpg 1536w, https:\/\/agentelibredigital.com\/wp-content\/uploads\/2024\/12\/fc-barcelona-v-cd-leganes-la-liga-ea-sports-15-2048x1366.jpg 2048w\" sizes=\"auto, (max-width: 551px) 100vw, 551px\" \/><figcaption id=\"caption-attachment-38824\" class=\"wp-caption-text\">BARCELONA, ESPA\u00d1A &#8211; 15 DE DICIEMBRE: Los jugadores del CD Legan\u00e9s celebran tras la victoria del equipo en el partido de LaLiga entre el FC Barcelona y el CD Legan\u00e9s en el Estadi Olimpic Lluis Companys el 15 de diciembre de 2024 en Barcelona, \u200b\u200bEspa\u00f1a. (Foto de Alex Caparros\/Getty Images)<\/figcaption><\/figure>\n<p><strong>An\u00e1lisis post-partido<\/strong>\u00a0redactado por\u00a0<em><strong><a href=\"https:\/\/agentelibredigital.com\/index.php\/author\/mario-garcia\/\">Mario Garc\u00eda Lorente<\/a><\/strong><\/em>.<\/p>\n","protected":false},"excerpt":{"rendered":"<p>Analizamos las claves de la abultada y pol\u00e9mica derrota del CD Legan\u00e9s por 2 goles a 5 ante el Villarreal CF en Butarque El regreso de Diego Conde a Butarque&hellip; <\/p>\n","protected":false},"author":201,"featured_media":38818,"comment_status":"open","ping_status":"open","sticky":false,"template":"","format":"standard","meta":{"om_disable_all_campaigns":false,"_monsterinsights_skip_tracking":false,"_monsterinsights_sitenote_active":false,"_monsterinsights_sitenote_note":"","_monsterinsights_sitenote_category":0,"_uf_show_specific_survey":0,"_uf_disable_surveys":false,"footnotes":""},"categories":[46,2911,26],"tags":[3543,111,1066,2440,1553,502,3242,1552,2917,3542,3544,778,3497,3175,1547,3205],"class_list":["post-38811","post","type-post","status-publish","format-standard","has-post-thumbnail","hentry","category-laliga-ea-sports","category-leganes","category-villarreal","tag-alejandro-muniz-ruiz","tag-arbitraje","tag-baena","tag-borja-jimenez","tag-butarque","tag-cd-leganes","tag-dani-raba","tag-diego-conde","tag-jorge-saenz","tag-logan-costa","tag-marcelino-garcia-toral","tag-miguel-de-la-fuente","tag-seydouba-cisse","tag-thierno-barry","tag-villarreal-cf","tag-yeremy-pino"],"aioseo_notices":[],"_links":{"self":[{"href":"https:\/\/agentelibredigital.com\/index.php\/wp-json\/wp\/v2\/posts\/38811","targetHints":{"allow":["GET"]}}],"collection":[{"href":"https:\/\/agentelibredigital.com\/index.php\/wp-json\/wp\/v2\/posts"}],"about":[{"href":"https:\/\/agentelibredigital.com\/index.php\/wp-json\/wp\/v2\/types\/post"}],"author":[{"embeddable":true,"href":"https:\/\/agentelibredigital.com\/index.php\/wp-json\/wp\/v2\/users\/201"}],"replies":[{"embeddable":true,"href":"https:\/\/agentelibredigital.com\/index.php\/wp-json\/wp\/v2\/comments?post=38811"}],"version-history":[{"count":6,"href":"https:\/\/agentelibredigital.com\/index.php\/wp-json\/wp\/v2\/posts\/38811\/revisions"}],"predecessor-version":[{"id":38830,"href":"https:\/\/agentelibredigital.com\/index.php\/wp-json\/wp\/v2\/posts\/38811\/revisions\/38830"}],"wp:featuredmedia":[{"embeddable":true,"href":"https:\/\/agentelibredigital.com\/index.php\/wp-json\/wp\/v2\/media\/38818"}],"wp:attachment":[{"href":"https:\/\/agentelibredigital.com\/index.php\/wp-json\/wp\/v2\/media?parent=38811"}],"wp:term":[{"taxonomy":"category","embeddable":true,"href":"https:\/\/agentelibredigital.com\/index.php\/wp-json\/wp\/v2\/categories?post=38811"},{"taxonomy":"post_tag","embeddable":true,"href":"https:\/\/agentelibredigital.com\/index.php\/wp-json\/wp\/v2\/tags?post=38811"}],"curies":[{"name":"wp","href":"https:\/\/api.w.org\/{rel}","templated":true}]}}