{"id":38277,"date":"2024-12-16T19:28:44","date_gmt":"2024-12-16T18:28:44","guid":{"rendered":"https:\/\/agentelibredigital.com\/?p=38277"},"modified":"2024-12-16T19:29:25","modified_gmt":"2024-12-16T18:29:25","slug":"paolo-maldini-ausente-en-la-fiesta-del-milan-pero-apoyado-por-la-plantilla","status":"publish","type":"post","link":"https:\/\/agentelibredigital.com\/index.php\/2024\/12\/16\/paolo-maldini-ausente-en-la-fiesta-del-milan-pero-apoyado-por-la-plantilla\/","title":{"rendered":"Paolo Maldini, ausente en la fiesta del Milan, pero apoyado por la plantilla"},"content":{"rendered":"<h4>Paolo Maldini ha publicado un\u00a0<em>post<\/em> en Instagram para celebrar el 125 aniversario del <a href=\"https:\/\/agentelibredigital.com\/index.php\/tag\/milan\/\">Milan<\/a>. Diversos jugadores\u00a0<em>rossoneri<\/em> han reaccionado a la publicaci\u00f3n del exdirectivo.<\/h4>\n<p>El <strong>Milan<\/strong> ha celebrado de una forma bastante amarga su <strong>125 cumplea\u00f1os<\/strong>. La presencia de numerosas leyendas en San Siro a prop\u00f3sito del <a href=\"https:\/\/onefootball.com\/es\/partido\/2521685\">partido contra el Genoa<\/a> no bast\u00f3 para que el equipo de Fonseca pasase del cero a cero, dejando pobres sensaciones. Entre esas leyendas, sin embargo, <strong>no estuvo Paolo Maldini<\/strong>. El exdefensa, que fue despedido por la actual directiva hace a\u00f1o y medio, declin\u00f3 la invitaci\u00f3n del club.<\/p>\n<p>Pese a ello, Maldini no ha perdido la ocasi\u00f3n para celebrar la efem\u00e9ride a su manera. El excapit\u00e1n del Milan <a href=\"https:\/\/www.instagram.com\/p\/DDndUn-N0te\/?igsh=MWxhMDF3NGJkZDh5\">ha publicado en Instagram<\/a> un montaje en el que <strong>aparecen los tres representantes de la familia Maldini<\/strong> en la historia del club: Cesare, Paolo y Daniel. El\u00a0<em>post<\/em> no solo ha recabado el apoyo de m\u00faltiples aficionados milanistas, descontentos con la actual forma del equipo, sino tambi\u00e9n los comentarios de varios <strong>jugadores de la actual plantilla<\/strong>.<\/p>\n<figure id=\"attachment_38279\" aria-describedby=\"caption-attachment-38279\" style=\"width: 2560px\" class=\"wp-caption aligncenter\"><img loading=\"lazy\" decoding=\"async\" class=\"size-full wp-image-38279\" src=\"https:\/\/agentelibredigital.com\/wp-content\/uploads\/2024\/12\/ac-milan-v-liverpool-fc-uefa-champions-league-2024-25-league-phase-md1-scaled.jpg\" alt=\"paolo maldini theo hernandez milan serie a\" width=\"2560\" height=\"1570\" srcset=\"https:\/\/agentelibredigital.com\/wp-content\/uploads\/2024\/12\/ac-milan-v-liverpool-fc-uefa-champions-league-2024-25-league-phase-md1-scaled.jpg 2560w, https:\/\/agentelibredigital.com\/wp-content\/uploads\/2024\/12\/ac-milan-v-liverpool-fc-uefa-champions-league-2024-25-league-phase-md1-300x184.jpg 300w, https:\/\/agentelibredigital.com\/wp-content\/uploads\/2024\/12\/ac-milan-v-liverpool-fc-uefa-champions-league-2024-25-league-phase-md1-1024x628.jpg 1024w, https:\/\/agentelibredigital.com\/wp-content\/uploads\/2024\/12\/ac-milan-v-liverpool-fc-uefa-champions-league-2024-25-league-phase-md1-768x471.jpg 768w, https:\/\/agentelibredigital.com\/wp-content\/uploads\/2024\/12\/ac-milan-v-liverpool-fc-uefa-champions-league-2024-25-league-phase-md1-1536x942.jpg 1536w, https:\/\/agentelibredigital.com\/wp-content\/uploads\/2024\/12\/ac-milan-v-liverpool-fc-uefa-champions-league-2024-25-league-phase-md1-2048x1256.jpg 2048w\" sizes=\"auto, (max-width: 2560px) 100vw, 2560px\" \/><figcaption id=\"caption-attachment-38279\" class=\"wp-caption-text\">Theo Hern\u00e1ndez negoci\u00f3 personalmente con Maldini su llegada al Milan en 2019. Fuente: Marco Luzzani\/Getty Images<\/figcaption><\/figure>\n<p>Es el caso de <strong>Theo Hern\u00e1ndez, Mike Maignan, Davide Calabria y Rafael Leao<\/strong>. Han comentado la publicaci\u00f3n, adem\u00e1s, exjugadores durante la \u00e9poca de <a href=\"https:\/\/www.transfermarkt.co\/paolo-maldini\/profil\/trainer\/40508\/plus\/1\">Maldini<\/a> como dirigente <em>rossonero<\/em>, como <strong>Yacine Adli o Sandro Tonali<\/strong>. Tambi\u00e9n lo ha hecho <strong>Ignazio Abate<\/strong>, que ces\u00f3 como entrenador del Milan Primavera el pasado verano. A pesar de su gran trabajo con el equipo juvenil, el club, por iniciativa de Zlatan Ibrahimovic, eligi\u00f3 a Bonera para dirigir al Milan Futuro, dando pie al fichaje de Abate por la Ternana.<\/p>\n<p>Con el ambiente enrarecido que campa en el Milan, las <strong>redes sociales<\/strong> se han convertido en una plataforma trascendental para entender qu\u00e9 se mueve dentro del club. Otro ejemplo tuvo lugar la semana pasada, cuando <strong>Fonseca se\u00f1al\u00f3 a Calabria y Theo<\/strong> por su actitud inadecuada. Justo el d\u00eda despu\u00e9s, Maignan aprovech\u00f3 para publicar en Instagram mensajes de <strong>apoyo a ambos futbolistas<\/strong>, a pesar de las cr\u00edticas del t\u00e9cnico.<\/p>\n","protected":false},"excerpt":{"rendered":"<p>Paolo Maldini ha publicado un\u00a0post en Instagram para celebrar el 125 aniversario del Milan. Diversos jugadores\u00a0rossoneri han reaccionado a la publicaci\u00f3n del exdirectivo. El Milan ha celebrado de una forma&hellip; <\/p>\n","protected":false},"author":68,"featured_media":38278,"comment_status":"open","ping_status":"open","sticky":false,"template":"","format":"standard","meta":{"om_disable_all_campaigns":false,"_monsterinsights_skip_tracking":false,"_monsterinsights_sitenote_active":false,"_monsterinsights_sitenote_note":"","_monsterinsights_sitenote_category":0,"_uf_show_specific_survey":0,"_uf_disable_surveys":false,"footnotes":""},"categories":[48,33],"tags":[71,82,94],"class_list":["post-38277","post","type-post","status-publish","format-standard","has-post-thumbnail","hentry","category-futbol-internacional","category-serie-a","tag-futbol-internacional","tag-milan","tag-serie-a"],"aioseo_notices":[],"_links":{"self":[{"href":"https:\/\/agentelibredigital.com\/index.php\/wp-json\/wp\/v2\/posts\/38277","targetHints":{"allow":["GET"]}}],"collection":[{"href":"https:\/\/agentelibredigital.com\/index.php\/wp-json\/wp\/v2\/posts"}],"about":[{"href":"https:\/\/agentelibredigital.com\/index.php\/wp-json\/wp\/v2\/types\/post"}],"author":[{"embeddable":true,"href":"https:\/\/agentelibredigital.com\/index.php\/wp-json\/wp\/v2\/users\/68"}],"replies":[{"embeddable":true,"href":"https:\/\/agentelibredigital.com\/index.php\/wp-json\/wp\/v2\/comments?post=38277"}],"version-history":[{"count":1,"href":"https:\/\/agentelibredigital.com\/index.php\/wp-json\/wp\/v2\/posts\/38277\/revisions"}],"predecessor-version":[{"id":38280,"href":"https:\/\/agentelibredigital.com\/index.php\/wp-json\/wp\/v2\/posts\/38277\/revisions\/38280"}],"wp:featuredmedia":[{"embeddable":true,"href":"https:\/\/agentelibredigital.com\/index.php\/wp-json\/wp\/v2\/media\/38278"}],"wp:attachment":[{"href":"https:\/\/agentelibredigital.com\/index.php\/wp-json\/wp\/v2\/media?parent=38277"}],"wp:term":[{"taxonomy":"category","embeddable":true,"href":"https:\/\/agentelibredigital.com\/index.php\/wp-json\/wp\/v2\/categories?post=38277"},{"taxonomy":"post_tag","embeddable":true,"href":"https:\/\/agentelibredigital.com\/index.php\/wp-json\/wp\/v2\/tags?post=38277"}],"curies":[{"name":"wp","href":"https:\/\/api.w.org\/{rel}","templated":true}]}}