{"id":37705,"date":"2024-12-09T18:51:41","date_gmt":"2024-12-09T17:51:41","guid":{"rendered":"https:\/\/agentelibredigital.com\/?p=37705"},"modified":"2024-12-09T20:16:52","modified_gmt":"2024-12-09T19:16:52","slug":"ancelotti-es-un-partido-muy-exigente","status":"publish","type":"post","link":"https:\/\/agentelibredigital.com\/index.php\/2024\/12\/09\/ancelotti-es-un-partido-muy-exigente\/","title":{"rendered":"Ancelotti: \u00abEs un partido muy importante, pero son solo tres puntos\u00bb"},"content":{"rendered":"<h4>El t\u00e9cnico del Real Madrid ha comparecido en rueda de prensa antes del partido frente al Atalanta<\/h4>\n<p><strong>Carlo Ancelotti<\/strong>\u00a0ha atendido a los medios de comunicaci\u00f3n en la previa del partido de la<strong> jornada 6 de la<a href=\"https:\/\/agentelibredigital.com\/index.php\/category\/uefa-champions-league\/\"> UEFA Champions League<\/a><\/strong>. El\u00a0<a href=\"https:\/\/agentelibredigital.com\/index.php\/category\/real-madrid\/\"><strong>Real Madrid<\/strong><\/a> se enfrenta ma\u00f1ana al <strong><a href=\"https:\/\/agentelibredigital.com\/?s=Atalanta\">Atalanta<\/a><\/strong> y el t\u00e9cnico italiano ha analizado la actualidad y la situaci\u00f3n de su equipo de cara al choque de ma\u00f1ana en<strong> B\u00e9rgamo<\/strong>. El partido se podr\u00e1 seguir en directo a las\u00a0<strong>21:00h\u00a0<\/strong>de este\u00a0<strong>martes 10 de diciembre<\/strong>\u00a0a trav\u00e9s de\u00a0<strong>Movistar Liga de Campeones<\/strong>.<\/p>\n<p>\u00ab<strong>Es un partido muy exigente<\/strong>. El Atalanta lo est\u00e1 haciendo <strong>muy bien<\/strong>. Ha mejorado con respecto a la\u00a0<b>Supercopa de Europa<\/b>. <strong>Tiene buena din\u00e1mica, entusiasmo y ha ganado muchos partidos<\/strong>. Debemos aprovechar los tres partidos que quedan para clasificarnos\u00bb, se\u00f1alaba Ancelotti.<\/p>\n<figure style=\"width: 1280px\" class=\"wp-caption aligncenter\"><img loading=\"lazy\" decoding=\"async\" src=\"https:\/\/www.elpais.com.co\/resizer\/v2\/ZANO3QDKDJDBXIVRV4TM2UKL4I.jpg?auth=758e51ccb1ae5d5b411a23ebd5f5c2b634aecc4162a33d300ead6ac810d01429&amp;smart=true&amp;quality=75&amp;width=1280&amp;height=720\" alt=\"Carlo Ancelotti \" width=\"1280\" height=\"720\" \/><figcaption class=\"wp-caption-text\">Carlo Ancelotti en rueda de prensa. Fuente: El Pa\u00eds<\/figcaption><\/figure>\n<h2>Vin\u00edcius<\/h2>\n<p>\u00ab<strong>Est\u00e1 bien<\/strong>. El entrenamiento va a ser importante para \u00e9l para <strong>encontrar sensaciones<\/strong>. Habr\u00e1 que evaluar como est\u00e1 de cara al partido. Igual que <strong>Rodrygo<\/strong>. <strong>Bellingham est\u00e1 bien<\/strong>. <strong>Vin\u00edcius y Rodrygo son las \u00fanicas dudas<\/strong>. Tras el entrenamiento, decidiremos\u00bb.<\/p>\n<h2>Minutos de Valverde<\/h2>\n<p>\u00abPuedes pensar en rotar jugadores cuando tienes una plantilla al completo. <strong>Pero teniendo tantas lesiones es complicado rotar<\/strong>. Muchos jugadores van a tener m\u00e1s minutos de lo normal. <strong>Valverde es un caso especial<\/strong>. Ha jugado como <strong>lateral<\/strong>, <strong>pivote<\/strong>,\u00a0<strong>interior <\/strong>y\u00a0<strong>extremo<\/strong>&#8230; Con Valverde de extremo hemos ganado <strong>dos\u00a0<b>Champions<\/b><\/strong>.<strong> Es un jugador fundamental<\/strong>\u00bb.<\/p>\n<h2>Bellingham<\/h2>\n<p>\u00ab<strong>Ha cambiado la din\u00e1mica del equipo<\/strong>. Estamos jugando mejor delante, con m\u00e1s movilidad. <strong>Ha vuelto a marcar y eso es importante<\/strong>, pero no ha cambiado su actitud en el campo. <b>Bellingham aporta mucho <\/b><strong>en el aspecto ofensivo y defensivo<\/strong>\u00bb.<\/p>\n<figure style=\"width: 1706px\" class=\"wp-caption aligncenter\"><img loading=\"lazy\" decoding=\"async\" src=\"https:\/\/s1.elespanol.com\/2024\/08\/25\/actualidad\/880922097_248685922_1706x960.jpg\" alt=\"Ancelotti\" width=\"1706\" height=\"960\" \/><figcaption class=\"wp-caption-text\">Fede Valverde le dedica un gol a Ancelotti. Fuente: El Espa\u00f1ol<\/figcaption><\/figure>\n<h2>Sensaciones<\/h2>\n<p>\u00abMa\u00f1ana nos jugamos 3 puntos que son muy necesarios para clasificarnos.\u00a0<strong>Pero no son m\u00e1s de 3 puntos, son solo 3 puntos<\/strong>. <strong>Ser\u00e1 dif\u00edcil meternos entre los ocho primeros<\/strong>. Siempre es especial volver a Italia porque me siento italiano al cien por cien\u00bb.<\/p>\n<p>\u00ab<strong>Conf\u00edo en mi equipo y en mis jugadores<\/strong>. <strong>Las cosas han ido mejorando y seguir\u00e1n mejorando<\/strong>. Tenemos el objetivo de acabar el 2024 de la mejor manera. <strong>El de ma\u00f1ana ser\u00e1 el partido m\u00e1s complicado del \u00faltimo ciclo de este a\u00f1o<\/strong>\u00bb.<\/p>\n<figure style=\"width: 1280px\" class=\"wp-caption aligncenter\"><img loading=\"lazy\" decoding=\"async\" src=\"https:\/\/publish-p47754-e237306.adobeaemcloud.com\/adobe\/dynamicmedia\/deliver\/dm-aid--267a2fd1-e71a-457b-a188-5e533e48377d\/ND_CHAMPIONS_LIVERPOOL_RM_ANCELOTTI_01_AV19806.app.webp?preferwebp=true\" alt=\"Ancelotti\" width=\"1280\" height=\"720\" \/><figcaption class=\"wp-caption-text\">Ancelotti dando indicaciones. Fuente: Real Madrid<\/figcaption><\/figure>\n<h2>Endrick y Arda G\u00fcler<\/h2>\n<p>\u00ab<strong>Endrick se queda aqu\u00ed, como G\u00fcler<\/strong>. No s\u00e9 si tendr\u00e1n m\u00e1s minutos, puede ser que lo necesiten. <strong>No tengo prejuicios con nadie e intento meter al mejor equipo independientemente de su edad<\/strong>. A veces pienso que con Endrick o con G\u00fcler el equipo es mejor, pero a veces pienso que no\u00bb.<\/p>\n<p>\u00ab<strong>Hay que ser paciente con los j\u00f3venes<\/strong>.<strong> Aportan entusiasmo, pero tienen que aprender muchas cosas que vendr\u00e1n con el tiempo<\/strong>. Han jugado jugadores en mi carrera con <strong>17 o 18 a\u00f1os<\/strong> y los he metido porque sab\u00eda que con ellos iba a ganar partidos\u00bb, sentenciaba Ancelotti.<\/p>\n<h2>Gasperini<\/h2>\n<p>\u00ab<strong>Tenemos una buena amistad<\/strong>. Somos buenos amigos. Cuando yo estuve en la Juventus, \u00e9l estaba en la cantera. Est\u00e1 haciendo un gran trabajo en este club, que cambia de jugadores todos los a\u00f1os. <strong>Siempre adapta el equipo a las necesidades de los jugadores que tiene. Est\u00e1 haciendo un trabajo espectacular<\/strong>\u00bb.<\/p>\n<p>\u00ab<strong>El entrenador aguanta si el club aguanta<\/strong> (risas). Es as\u00ed de sencillo. <strong>Es muy importante para el \u00e9xito la relaci\u00f3n entre el entrenador y el club<\/strong>. La base y la confianza lo es todo. Estoy convencido cien por cien porque los entrenadores que han estado aqu\u00ed ten\u00edan confianza con el club\u00bb.<\/p>\n<figure style=\"width: 1200px\" class=\"wp-caption aligncenter\"><img loading=\"lazy\" decoding=\"async\" src=\"https:\/\/e00-xlk-ue-marca.uecdn.es\/files\/article_main_microformat_4_3\/uploads\/2024\/09\/06\/17233116649423.jpeg\" alt=\"Ancelotti\" width=\"1200\" height=\"900\" \/><figcaption class=\"wp-caption-text\">Ancelotti y Gasperini, durante un enfrentamiento en Italia. Fuente: Marca<\/figcaption><\/figure>\n<h2>Entrevista de Mbapp\u00e9<\/h2>\n<p>\u00abEsta noche podr\u00eda ser la primera sin hablar de Mbapp\u00e9 y has llegado t\u00fa (risas, se\u00f1alando al periodista).<strong> Los \u00faltimos dos partidos lo ha hecho bien. Empieza a tener una buena din\u00e1mica. Su partido ser\u00e1 importante para nosotros<\/strong>\u00bb.<\/p>\n<p>&nbsp;<\/p>\n<p><em><strong>Autor del art\u00edculo<\/strong>: <a href=\"https:\/\/x.com\/maarcosmoraless\">Marcos Morales<\/a><\/em><\/p>\n","protected":false},"excerpt":{"rendered":"<p>El t\u00e9cnico del Real Madrid ha comparecido en rueda de prensa antes del partido frente al Atalanta Carlo Ancelotti\u00a0ha atendido a los medios de comunicaci\u00f3n en la previa del partido&hellip; <\/p>\n","protected":false},"author":10,"featured_media":37730,"comment_status":"open","ping_status":"open","sticky":false,"template":"","format":"standard","meta":{"om_disable_all_campaigns":false,"_monsterinsights_skip_tracking":false,"_monsterinsights_sitenote_active":false,"_monsterinsights_sitenote_note":"","_monsterinsights_sitenote_category":0,"_uf_show_specific_survey":0,"_uf_disable_surveys":false,"footnotes":""},"categories":[6,36],"tags":[59,1628,56,80],"class_list":["post-37705","post","type-post","status-publish","format-standard","has-post-thumbnail","hentry","category-real-madrid","category-uefa-champions-league","tag-ancelotti","tag-atalanta","tag-real-madrid","tag-uefa-champions-league"],"aioseo_notices":[],"_links":{"self":[{"href":"https:\/\/agentelibredigital.com\/index.php\/wp-json\/wp\/v2\/posts\/37705","targetHints":{"allow":["GET"]}}],"collection":[{"href":"https:\/\/agentelibredigital.com\/index.php\/wp-json\/wp\/v2\/posts"}],"about":[{"href":"https:\/\/agentelibredigital.com\/index.php\/wp-json\/wp\/v2\/types\/post"}],"author":[{"embeddable":true,"href":"https:\/\/agentelibredigital.com\/index.php\/wp-json\/wp\/v2\/users\/10"}],"replies":[{"embeddable":true,"href":"https:\/\/agentelibredigital.com\/index.php\/wp-json\/wp\/v2\/comments?post=37705"}],"version-history":[{"count":12,"href":"https:\/\/agentelibredigital.com\/index.php\/wp-json\/wp\/v2\/posts\/37705\/revisions"}],"predecessor-version":[{"id":37736,"href":"https:\/\/agentelibredigital.com\/index.php\/wp-json\/wp\/v2\/posts\/37705\/revisions\/37736"}],"wp:featuredmedia":[{"embeddable":true,"href":"https:\/\/agentelibredigital.com\/index.php\/wp-json\/wp\/v2\/media\/37730"}],"wp:attachment":[{"href":"https:\/\/agentelibredigital.com\/index.php\/wp-json\/wp\/v2\/media?parent=37705"}],"wp:term":[{"taxonomy":"category","embeddable":true,"href":"https:\/\/agentelibredigital.com\/index.php\/wp-json\/wp\/v2\/categories?post=37705"},{"taxonomy":"post_tag","embeddable":true,"href":"https:\/\/agentelibredigital.com\/index.php\/wp-json\/wp\/v2\/tags?post=37705"}],"curies":[{"name":"wp","href":"https:\/\/api.w.org\/{rel}","templated":true}]}}