{"id":37220,"date":"2024-12-05T22:55:27","date_gmt":"2024-12-05T21:55:27","guid":{"rendered":"https:\/\/agentelibredigital.com\/?p=37220"},"modified":"2024-12-07T20:14:03","modified_gmt":"2024-12-07T19:14:03","slug":"cheddira-busca-olvidar-la-copa-para-centrarse-en-laliga","status":"publish","type":"post","link":"https:\/\/agentelibredigital.com\/index.php\/2024\/12\/05\/cheddira-busca-olvidar-la-copa-para-centrarse-en-laliga\/","title":{"rendered":"Cheddira quiere \u00abolvidar la Copa\u00bb para centrarse en LaLiga"},"content":{"rendered":"<h4>El delantero perico ya palpita lo que ser\u00e1 el choque clave del lunes pr\u00f3ximo frente al Getafe luego de lo que fue la dura y vergonzosa derrota frente al Barbastro<\/h4>\n<p><a href=\"https:\/\/agentelibredigital.com\/index.php\/2024\/12\/03\/el-barbastro-dio-la-sorpresa-y-elimino-al-espanyol-de-la-copa-del-rey\/\">El <strong>Espanyol<\/strong> viene de sufrir un duro golpe el pasado martes al quedar eliminado de la <strong>Copa del Rey<\/strong> a manos de la <strong>Uni\u00f3n Deportiva Barbastro<\/strong>.<\/a> Sin embargo, lejos de tener tiempo para lamentarse la derrota, ya est\u00e1 enfocado en lo que ser\u00e1 el duelo del pr\u00f3ximo lunes desde las 21 ante el <strong>Getafe<\/strong>, un rival directo en la dura pelea por no descender. En este contexto, hoy habl\u00f3 <strong>Walid Cheddira<\/strong>, quien palpit\u00f3 lo que va a ser la visita al <strong>Estadio Coliseum<\/strong>.<\/p>\n<p><em><strong>\u00abTenemos que olvidar la Copa y pensar en el partido del lunes por LaLiga, que es ahora lo m\u00e1s importante para nosotros\u00bb<\/strong><\/em>, se\u00f1al\u00f3 el atacante marroqu\u00ed que viene de marcar su primer gol con la camiseta blanquiazul el pasado s\u00e1bado. En la misma sinton\u00eda, en di\u00e1logo con <em>Espanyol Media<\/em>, el futbolista cuyo pase pertenece al N\u00e1poles afirm\u00f3 que la plantilla se encuentra <strong><em>\u00abconcentrada para el partido.<\/em> <em>Trabajamos para eso, cada d\u00eda en el entreno queremos hacer el m\u00e1ximo para ganar los partidos y contra el Getafe tenemos que hacer como ante el Celta\u00bb<\/em><\/strong>.<\/p>\n<figure style=\"width: 477px\" class=\"wp-caption alignnone\"><img loading=\"lazy\" decoding=\"async\" src=\"https:\/\/imagenes.diariodenavarra.es\/files\/image_477_265\/uploads\/2024\/11\/30\/674b88d7eb4d4.jpeg\" alt=\"El Espanyol revive gracias al Celta\" width=\"477\" height=\"265\" \/><figcaption class=\"wp-caption-text\">El Espanyol celebrando un gol ante el Celta. Fuente: Diario de Navarra<\/figcaption><\/figure>\n<p>Antes de finalizar, <strong>Cheddira<\/strong> advirti\u00f3 que el choque se jugar\u00e1 como una final: <em><strong>\u00abComo todos los partidos ser\u00e1 dif\u00edcil, pero tenemos que hacer el m\u00e1ximo esfuerzo para hacer un gol m\u00e1s que el adversario para ganar o hacer puntos. Hemos de tener cabeza y luchar todos los partidos\u00bb<\/strong><\/em>. Y concluy\u00f3: <em><strong>\u00abHemos de estar tranquilos y jugar nuestro partido, mirar qu\u00e9 hacer mejor que el adversario para ganar\u00bb<\/strong><\/em>.<\/p>\n<h2>La probable alineaci\u00f3n del Espanyol para visitar el Getafe<\/h2>\n<p>Si bien para el partido de <strong>Copa del Rey Manolo Gonz\u00e1lez<\/strong> decidi\u00f3 hacer varias rotaciones, la idea es no hacer demasiadas con respecto al once que venci\u00f3 3-1 al <strong>Celta<\/strong> en Cornell\u00e1. Por este motivo, los Pericos formar\u00edan con: Joan <strong>Garc\u00eda<\/strong>; Omar <strong>El Hilali<\/strong>, Sergi <strong>G\u00f3mez<\/strong>, Leandro <strong>Cabrera<\/strong>, Brian <strong>Oliv\u00e1n<\/strong>; \u00c1lvaro <strong>Tejero<\/strong>, Pol <strong>Lozano<\/strong>, Alex <strong>Kr\u00e1l<\/strong>, Jofre <strong>Carreras<\/strong>; Irvin <strong>Cardona<\/strong> y <strong>Javi Puado<\/strong>.<\/p>\n","protected":false},"excerpt":{"rendered":"<p>El delantero perico ya palpita lo que ser\u00e1 el choque clave del lunes pr\u00f3ximo frente al Getafe luego de lo que fue la dura y vergonzosa derrota frente al Barbastro&hellip; <\/p>\n","protected":false},"author":229,"featured_media":37225,"comment_status":"open","ping_status":"open","sticky":false,"template":"","format":"standard","meta":{"om_disable_all_campaigns":false,"_monsterinsights_skip_tracking":false,"_monsterinsights_sitenote_active":false,"_monsterinsights_sitenote_note":"","_monsterinsights_sitenote_category":0,"_uf_show_specific_survey":0,"_uf_disable_surveys":false,"footnotes":""},"categories":[2856,2912,47,46],"tags":[876,205,187,219,106,1952,866,3461],"class_list":["post-37220","post","type-post","status-publish","format-standard","has-post-thumbnail","hentry","category-espanyol","category-espanyol-de-barcelona","category-futbol-espanol","category-laliga-ea-sports","tag-espanyol","tag-getafe","tag-getafe-cf","tag-laliga","tag-laliga-ea-sports","tag-manolo-gonzalez","tag-rcd-espanyol","tag-walid-cheddira"],"aioseo_notices":[],"_links":{"self":[{"href":"https:\/\/agentelibredigital.com\/index.php\/wp-json\/wp\/v2\/posts\/37220","targetHints":{"allow":["GET"]}}],"collection":[{"href":"https:\/\/agentelibredigital.com\/index.php\/wp-json\/wp\/v2\/posts"}],"about":[{"href":"https:\/\/agentelibredigital.com\/index.php\/wp-json\/wp\/v2\/types\/post"}],"author":[{"embeddable":true,"href":"https:\/\/agentelibredigital.com\/index.php\/wp-json\/wp\/v2\/users\/229"}],"replies":[{"embeddable":true,"href":"https:\/\/agentelibredigital.com\/index.php\/wp-json\/wp\/v2\/comments?post=37220"}],"version-history":[{"count":3,"href":"https:\/\/agentelibredigital.com\/index.php\/wp-json\/wp\/v2\/posts\/37220\/revisions"}],"predecessor-version":[{"id":37491,"href":"https:\/\/agentelibredigital.com\/index.php\/wp-json\/wp\/v2\/posts\/37220\/revisions\/37491"}],"wp:featuredmedia":[{"embeddable":true,"href":"https:\/\/agentelibredigital.com\/index.php\/wp-json\/wp\/v2\/media\/37225"}],"wp:attachment":[{"href":"https:\/\/agentelibredigital.com\/index.php\/wp-json\/wp\/v2\/media?parent=37220"}],"wp:term":[{"taxonomy":"category","embeddable":true,"href":"https:\/\/agentelibredigital.com\/index.php\/wp-json\/wp\/v2\/categories?post=37220"},{"taxonomy":"post_tag","embeddable":true,"href":"https:\/\/agentelibredigital.com\/index.php\/wp-json\/wp\/v2\/tags?post=37220"}],"curies":[{"name":"wp","href":"https:\/\/api.w.org\/{rel}","templated":true}]}}