{"id":36979,"date":"2024-12-03T23:47:27","date_gmt":"2024-12-03T22:47:27","guid":{"rendered":"https:\/\/agentelibredigital.com\/?p=36979"},"modified":"2024-12-04T01:48:16","modified_gmt":"2024-12-04T00:48:16","slug":"ancelotti-nadie-piensa-que-en-diciembre-se-gana-algo","status":"publish","type":"post","link":"https:\/\/agentelibredigital.com\/index.php\/2024\/12\/03\/ancelotti-nadie-piensa-que-en-diciembre-se-gana-algo\/","title":{"rendered":"Ancelotti: \u00abNadie piensa que en diciembre se gana algo\u00bb"},"content":{"rendered":"<h4>El t\u00e9cnico del Real Madrid ha comparecido en rueda de prensa antes del partido frente al Athletic Club<\/h4>\n<p><strong>Carlo Ancelotti<\/strong>\u00a0ha atendido a los medios de comunicaci\u00f3n en la previa del partido de la<strong> jornada 19 de <a href=\"https:\/\/agentelibredigital.com\/?s=LaLiga+EA+Sports\">LaLiga EA Sports<\/a><\/strong>. El\u00a0<a href=\"https:\/\/agentelibredigital.com\/index.php\/category\/real-madrid\/\"><strong>Real Madrid<\/strong><\/a> se enfrenta ma\u00f1ana al <a href=\"https:\/\/agentelibredigital.com\/index.php\/category\/athletic\/\"><strong>Athletic Club<\/strong><\/a>\u00a0y el t\u00e9cnico italiano ha analizado la actualidad y la situaci\u00f3n de su equipo de cara al choque de ma\u00f1ana en<strong>\u00a0San Mam\u00e9s<\/strong>. El partido se podr\u00e1 seguir en directo a las\u00a0<strong>21:00h\u00a0<\/strong>de este\u00a0<strong>mi\u00e9rcoles 4 de diciembre<\/strong> a trav\u00e9s de\u00a0<strong>DAZN<\/strong>.<\/p>\n<p>\u201c<strong>Ser\u00e1 un partido exigente y complicado<\/strong>, como siempre. Habr\u00e1 un <strong>gran ambiente<\/strong> y tendremos un <strong>buen rival<\/strong>. Estamos en un buen momento y <strong>sacaremos lo mejor de nosotros en Bilbao<\/strong>. El objetivo es <strong>ganar el partido<\/strong> y para eso hay que sacar la <strong>mejor versi\u00f3n<\/strong>. El <a href=\"https:\/\/www.athletic-club.eus\/\">Athletic Club<\/a> es un equipo intenso, con calidades individuales y lo est\u00e1 haciendo muy bien. <strong>Es de lo mejor de Espa\u00f1a<\/strong>\u201d.<\/p>\n<p>\u201c<strong>Estoy muy bien<\/strong>, sobre todo cuando el equipo <strong>juega bien<\/strong> y aporta a pesar de las dificultades. Estamos peleando. <strong>Nadie piensa que en diciembre se gana algo<\/strong>, pero tienes que estar en la pelea y estamos ah\u00ed pese a las dificultades. Cuando vuelvan\u00a0<b>Vini Jr.<\/b>,\u00a0<b>Camavinga<\/b>\u00a0y\u00a0<b>Alaba\u00a0<\/b>pelearemos a\u00fan m\u00e1s\u201d, explicaba Ancelotti.<\/p>\n<figure style=\"width: 5000px\" class=\"wp-caption aligncenter\"><img loading=\"lazy\" decoding=\"async\" src=\"https:\/\/img.asmedia.epimg.net\/resizer\/v2\/S2UP7QIKFFFBFNKWQ2CRGU5QTI.jpg?auth=87f6f4a3b2a551e89c00a29e0c262ee6e2a5f818c98b23231a63a893f9222cfb\" alt=\"Ancelotti \" width=\"5000\" height=\"2812\" \/><figcaption class=\"wp-caption-text\">Ancelotti en la rueda de prensa previa al Athletic Club &#8211; Real Madrid. Fuente: Diario AS<\/figcaption><\/figure>\n<h2>\u00bfQui\u00e9n lanzar\u00eda un penalti en San Mam\u00e9s?<\/h2>\n<p>\u201cMa\u00f1ana lo analizar\u00e1n\u00a0<b>Bellingham<\/b>\u00a0y\u00a0<b>Mbapp\u00e9\u00a0<\/b>y elegir\u00e1n el que est\u00e9 en mejores condiciones de tirarlo. <strong>No es un tema de debate<\/strong>. El penalti del Getafe se puede analizar de dos formas. Alguien lo ve como un acto de inseguridad y <strong>nosotros lo vemos como un acto de responsabilidad y altruismo<\/strong>. Son dos cosas importantes para nosotros\u201d.<\/p>\n<p>\u201cEl <strong>altruismo<\/strong> de un gran jugador como <b>Mbapp\u00e9\u00a0<\/b>es un acto que valoramos much\u00edsimo porque significa que <strong>se pone al servicio del equipo<\/strong> el que puede ser el talento m\u00e1s grande que hay en el f\u00fatbol. <strong>Para m\u00ed no es una falta de valent\u00eda sino un acto importante para los compa\u00f1eros<\/strong>. Todos en el club lo valoramos como un acto de altruismo.<strong> Eso significa que est\u00e1 en el camino correcto<\/strong>. <strong>Lo valoro much\u00edsimo<\/strong>\u201d.<\/p>\n<h2>Tchouam\u00e9ni<\/h2>\n<p>\u201cEst\u00e1 muy bien. <strong>Ha entrenado bien y recuperado bien<\/strong>. Veremos ma\u00f1ana d\u00f3nde lo pongo. Tenemos que pensar que poco a poco est\u00e1n volviendo los jugadores y nada m\u00e1s. Ha mostrado utilidad a nivel defensivo tanto como central como pivote defensivo. <strong>Es muy importante para nosotros<\/strong>. Nos da altura a bal\u00f3n parado porque perdimos altura faltando \u00e9l,\u00a0<b>Milit\u00e3o<\/b>\u00a0y\u00a0<b>Camavinga\u00bb<\/b>.<\/p>\n<figure style=\"width: 400px\" class=\"wp-caption aligncenter\"><img loading=\"lazy\" decoding=\"async\" src=\"https:\/\/piks.eldesmarque.com\/thumbs\/400\/bin\/2024\/12\/02\/tchouameni_entrenamientojpg.jpg\" alt=\"Ancelotti\" width=\"400\" height=\"298\" \/><figcaption class=\"wp-caption-text\">Tchouam\u00e9ni en el entrenamiento de esta ma\u00f1ana. Fuente: ElDesmarque<\/figcaption><\/figure>\n<h2>La labor del extremo derecho<\/h2>\n<p>\u201cTiene m\u00e1s obligaciones defensivas que el extremo izquierdo. Por eso no siempre juega un extremo, a veces ponemos un medio o un interior.\u00a0<b>Brahim\u00a0<\/b>y\u00a0<b>Bellingham<\/b>\u00a0tienen esas caracter\u00edsticas. Tenemos que adaptar las caracter\u00edsticas al sistema que tenemos en el campo\u201d.<\/p>\n<h2>Ceballos<\/h2>\n<p>\u201cLo ha hecho como\u00a0<b>Asencio<\/b>. Entr\u00f3 en el campo y mostr\u00f3 su calidad con buena actitud. <strong>Es un jugador distinto a otros medios<\/strong>. Es menos de energ\u00eda, pero m\u00e1s de control de bal\u00f3n. Tiene mucha personalidad y no le preocupa tener el bal\u00f3n.<strong> Aporta m\u00e1s calidad al juego<\/strong>\u201d.<\/p>\n<figure style=\"width: 1047px\" class=\"wp-caption aligncenter\"><img loading=\"lazy\" decoding=\"async\" src=\"https:\/\/madridistareal.com\/wp-content\/uploads\/2024\/12\/ceballos-real-madrid-getafe.png\" alt=\"Ancelotti\" width=\"1047\" height=\"710\" \/><figcaption class=\"wp-caption-text\">Ceballos le esconde el bal\u00f3n a Luis Milla. Fuente: madridistaReal<\/figcaption><\/figure>\n<h2>Asencio<\/h2>\n<p><b><\/b>\u201c<strong>Ha demostrado ser un central de confianza<\/strong>. No le falta el conocimiento de la posici\u00f3n. <strong>Est\u00e1 muy bien colocado, seguro y motivado<\/strong>. Ha demostrado mucho en estos cuatro partidos y si un d\u00eda pienso en dejarlo en el banquillo tengo que pensarlo bien\u201d.<\/p>\n<p>\u201c<strong>Me ha sorprendido su madurez y su tranquilidad a la hora de manejar las situaciones del juego<\/strong>. Est\u00e1 muy seguro y nunca le ves preocupado. <strong>La prueba de fuego ya la ha superado y se le puede considerar jugador de esta plantilla con todo el m\u00e9rito porque lo merece<\/strong>\u201d.<\/p>\n<figure style=\"width: 1980px\" class=\"wp-caption aligncenter\"><img loading=\"lazy\" decoding=\"async\" src=\"https:\/\/e00-marca.uecdn.es\/assets\/multimedia\/imagenes\/2023\/12\/19\/17029942969696.jpg\" alt=\"Ancelotti\" width=\"1980\" height=\"1320\" \/><figcaption class=\"wp-caption-text\">Los jugadores del Madrid en el entrenamiento de esta ma\u00f1ana. Fuente: Marca<\/figcaption><\/figure>\n<h2><b>Bellingham<\/b><\/h2>\n<p><b><\/b>\u201cLa mejor din\u00e1mica del equipo le ha permitido <strong>volver a marcar goles<\/strong>, sobre todo. <strong>Siempre ha hecho buenos partidos, pero ahora est\u00e1 m\u00e1s asentado arriba<\/strong>. Tenemos m\u00e1s acierto en la posesi\u00f3n, m\u00e1s claridad y la mejor\u00eda individual de\u00a0<b>Mbapp\u00e9\u00a0<\/b>nos ha permitido abrir espacios y \u00e9l se ha aprovechado de ello. <strong>Excepto un par de partidos, su posici\u00f3n siempre ha sido la del a\u00f1o pasado<\/strong>\u201d.<\/p>\n<h2>La competencia entre Fran Garc\u00eda y Mendy<\/h2>\n<p>\u201c<strong>Son decisiones t\u00e9cnicas<\/strong>. Tengo toda la confianza del mundo en un jugador que nos ha permitido ganar <strong>dos<\/strong>\u00a0<b>Champions<\/b>.\u00a0<b>Fran<\/b>\u00a0est\u00e1 acertado en defensa y aporta a nivel ofensivo. <strong>Ha aprovechado la oportunidad que le he dado<\/strong>\u201d.<\/p>\n<figure style=\"width: 1920px\" class=\"wp-caption aligncenter\"><img loading=\"lazy\" decoding=\"async\" src=\"https:\/\/publish-p47754-e237306.adobeaemcloud.com\/content\/dam\/portals\/realmadrid-com\/es-es\/news\/generic\/2024\/09\/21\/(fut)-rm-espanyol-j6-liga\/fotos\/ND-LIGA-J06-RM-ESPANYOL-FRAN-GARCIA_AV15747.jpg\" alt=\"Ancelotti\" width=\"1920\" height=\"1080\" \/><figcaption class=\"wp-caption-text\">Fran Garc\u00eda en el Real Madrid 4-1 Espanyol. Fuente: Real Madrid<\/figcaption><\/figure>\n<h2>La final de la Libertadores<\/h2>\n<p>\u201cVi el partido. <strong>Hubo un ambiente fant\u00e1stico y un primer minuto de partido incre\u00edble, con esa patada<\/strong>. La actitud y el compromiso de <strong>Botafogo<\/strong> fue extraordinario y <strong>estoy muy feliz por Allan<\/strong> (jugador al que entren\u00f3 en el N\u00e1poles) y por Botafogo, un <strong>hist\u00f3rico del f\u00fatbol brasile\u00f1o<\/strong> que ha ganado por primera vez la <strong>Libertadores<\/strong>. <strong>Si pasan estaremos encantados de jugar contra ellos en la\u00a0<\/strong><b>Intercontinental<\/b>. Hicieron un esfuerzo extraordinario y les damos la enhorabuena\u201d.<\/p>\n","protected":false},"excerpt":{"rendered":"<p>El t\u00e9cnico del Real Madrid ha comparecido en rueda de prensa antes del partido frente al Athletic Club Carlo Ancelotti\u00a0ha atendido a los medios de comunicaci\u00f3n en la previa del&hellip; <\/p>\n","protected":false},"author":10,"featured_media":36984,"comment_status":"open","ping_status":"open","sticky":false,"template":"","format":"standard","meta":{"om_disable_all_campaigns":false,"_monsterinsights_skip_tracking":false,"_monsterinsights_sitenote_active":false,"_monsterinsights_sitenote_note":"","_monsterinsights_sitenote_category":0,"_uf_show_specific_survey":0,"_uf_disable_surveys":false,"footnotes":""},"categories":[15,46,6],"tags":[59,433,106,56],"class_list":["post-36979","post","type-post","status-publish","format-standard","has-post-thumbnail","hentry","category-athletic","category-laliga-ea-sports","category-real-madrid","tag-ancelotti","tag-athletic-club","tag-laliga-ea-sports","tag-real-madrid"],"aioseo_notices":[],"_links":{"self":[{"href":"https:\/\/agentelibredigital.com\/index.php\/wp-json\/wp\/v2\/posts\/36979","targetHints":{"allow":["GET"]}}],"collection":[{"href":"https:\/\/agentelibredigital.com\/index.php\/wp-json\/wp\/v2\/posts"}],"about":[{"href":"https:\/\/agentelibredigital.com\/index.php\/wp-json\/wp\/v2\/types\/post"}],"author":[{"embeddable":true,"href":"https:\/\/agentelibredigital.com\/index.php\/wp-json\/wp\/v2\/users\/10"}],"replies":[{"embeddable":true,"href":"https:\/\/agentelibredigital.com\/index.php\/wp-json\/wp\/v2\/comments?post=36979"}],"version-history":[{"count":7,"href":"https:\/\/agentelibredigital.com\/index.php\/wp-json\/wp\/v2\/posts\/36979\/revisions"}],"predecessor-version":[{"id":37037,"href":"https:\/\/agentelibredigital.com\/index.php\/wp-json\/wp\/v2\/posts\/36979\/revisions\/37037"}],"wp:featuredmedia":[{"embeddable":true,"href":"https:\/\/agentelibredigital.com\/index.php\/wp-json\/wp\/v2\/media\/36984"}],"wp:attachment":[{"href":"https:\/\/agentelibredigital.com\/index.php\/wp-json\/wp\/v2\/media?parent=36979"}],"wp:term":[{"taxonomy":"category","embeddable":true,"href":"https:\/\/agentelibredigital.com\/index.php\/wp-json\/wp\/v2\/categories?post=36979"},{"taxonomy":"post_tag","embeddable":true,"href":"https:\/\/agentelibredigital.com\/index.php\/wp-json\/wp\/v2\/tags?post=36979"}],"curies":[{"name":"wp","href":"https:\/\/api.w.org\/{rel}","templated":true}]}}