{"id":36970,"date":"2024-12-03T23:06:59","date_gmt":"2024-12-03T22:06:59","guid":{"rendered":"https:\/\/agentelibredigital.com\/?p=36970"},"modified":"2024-12-03T23:10:53","modified_gmt":"2024-12-03T22:10:53","slug":"salamanca-cf-uds-rc-celta-puntuaciones-del-celta","status":"publish","type":"post","link":"https:\/\/agentelibredigital.com\/index.php\/2024\/12\/03\/salamanca-cf-uds-rc-celta-puntuaciones-del-celta\/","title":{"rendered":"Salamanca CF UDS &#8211; RC Celta: Puntuaciones del Celta"},"content":{"rendered":"<h4>El equipo de Gir\u00e1ldez avanza en la Copa del Rey goleando 7-0 un Salamanca que nada pudo hacer. A\u00fan con rotaciones el Celta consigui\u00f3 golear y dejando buenas sensaciones con jugadores que piden paso en el primer equipo<\/h4>\n<p>En la segunda ronda de la Copa del Rey los gallegos visitaron el Estadio Helm\u00e1ntico donde<strong> vapulearon al Salamanca de 2\u00aa RFEF.<\/strong> Un gran rendimiento colectivo y <strong>muchos brillos individuales<\/strong> fueron el motivo por el que los locales no pudieron evitar el marcador abultado. <strong>Swedberg, Sotelo, Dur\u00e1n, Allende, Dom\u00ednguez y L\u00f3pez por partida doble<\/strong> fueron los goleadores de la noche.<strong> El conjunto ol\u00edvico restaur\u00f3 su confianza que se vio herida por la ultima derrota<\/strong> en la <a href=\"https:\/\/agentelibredigital.com\/?s=La+Liga+EA+SPORTS\">Liga EA SPORTS<\/a> y pudieron demostrar la diferencia de jerarqu\u00eda.<\/p>\n<figure style=\"width: 1080px\" class=\"wp-caption alignnone\"><img loading=\"lazy\" decoding=\"async\" src=\"https:\/\/pbs.twimg.com\/media\/Gd5-dcsXMAAkCfv?format=jpg&amp;name=large\" alt=\"Imagen\" width=\"1080\" height=\"1350\" \/><figcaption class=\"wp-caption-text\">Carlos abrazando a Fer L\u00f3pez que fue un gran revulsivo. Fuente: RC Celta<\/figcaption><\/figure>\n<h2>Previa<\/h2>\n<p>El <a href=\"https:\/\/agentelibredigital.com\/?s=RC+Celta\">RC Celta de Vigo<\/a> llegaba con<strong> tres partidos sin conocer la victoria<\/strong>; dos empates, contra el<a href=\"https:\/\/agentelibredigital.com\/?s=Real+Betis\"> Betis<\/a> y el<a href=\"https:\/\/agentelibredigital.com\/?s=FC+Barcelona\"> FC Barcelona<\/a>; y una derrota contra un <a href=\"https:\/\/agentelibredigital.com\/?s=Espanyol\">Espanyol<\/a> que parec\u00eda m\u00e1s accesible que los dos rivales anteriores, sin embargo,<strong> fue contra los pericos donde peor se vieron en el campo.<\/strong><\/p>\n<p>Por su parte el <strong>Salamanca curiosamente ven\u00eda de enfrentar a dos equipos gallegos al hilo<\/strong> en <a href=\"https:\/\/agentelibredigital.com\/?s=2%C2%AA+RFEF\">2\u00aa RFEF<\/a>. Fue derrota contra el Pontevedra y empate con el Compostela. A pesar de estos resultados se mantiene en zona de <em>playoff<\/em> de ascenso.<\/p>\n<p>Para el Celta <strong>era importante usar la Copa para volver a la victoria<\/strong> y afrontar el fin de a\u00f1o con la motivaci\u00f3n de haber trascendido. Por su parte, el Salamanca ten\u00eda el bonito reto de enfrentar a un equipo que milita en primera divisi\u00f3n,<strong> un compromiso dif\u00edcil pero ilusionante.<\/strong><\/p>\n<blockquote class=\"twitter-tweet\">\n<p dir=\"ltr\" lang=\"es\">\ud835\udc77\ud835\udc90\ud835\udc8d\ud835\udc90 \ud835\udc79\ud835\udc86\ud835\udc82\ud835\udc8d \ud835\udc6a\ud835\udc8d\ud835\udc96\ud835\udc83 \ud835\udc6a\ud835\udc86\ud835\udc8d\ud835\udc95\ud835\udc82&#8230; \ud835\udc99\ud835\udc90\ud835\udc88\ud835\udc82\ud835\udc93\ud835\udc82\u0301\ud835\udc8f&#8230; \ud83e\ude75<a href=\"https:\/\/twitter.com\/hashtag\/UDSCelta?src=hash&amp;ref_src=twsrc%5Etfw\">#UDSCelta<\/a> \u22c4 <a href=\"https:\/\/twitter.com\/hashtag\/CopaDelRey?src=hash&amp;ref_src=twsrc%5Etfw\">#CopaDelRey<\/a> <a href=\"https:\/\/t.co\/cwh52qOw5h\">pic.twitter.com\/cwh52qOw5h<\/a><\/p>\n<p>\u2014 RC Celta (@RCCelta) <a href=\"https:\/\/twitter.com\/RCCelta\/status\/1864021786553385384?ref_src=twsrc%5Etfw\">December 3, 2024<\/a><\/p><\/blockquote>\n<p><script async src=\"https:\/\/platform.twitter.com\/widgets.js\" charset=\"utf-8\"><\/script><\/p>\n<h2>Puntuaciones<\/h2>\n<p><strong>CRITERIO: M\u00ednimo 0 y m\u00e1ximo 10. 0:Nefasto, 1-2 P\u00e9simo, 3-4 Mal, 5-6 Decente, 7-8 Bien, 9-10 Excelente, (N\/C: No califica)<\/strong><\/p>\n<h2>XI INCIAL<\/h2>\n<p><strong>Ivan Villar (4):<\/strong> <strong>Inseguro en el arco,<\/strong> se le vio dudoso y no transmiti\u00f3 confianza. A\u00fan as\u00ed mantuvo el arco en cero.<\/p>\n<p><strong>Javi Rodr\u00edguez (7): El mejor de la defensa junto a Ristic.<\/strong> Acostumbrado a jugar de stopper en la l\u00ednea de 3; <strong>hoy cumpli\u00f3 defensivamente en l\u00ednea de 4<\/strong>, en ataque casi no se vio. Fue sustituido al descanso<\/p>\n<p><strong>Joseph Aidoo (4):<\/strong> <strong>Falto de confianza<\/strong> y sin rodaje <strong>se vio expuesto<\/strong> ante la exigencia de la competencia. Sali\u00f3 al 70&#8242;<\/p>\n<p><strong>Carlos Dom\u00ednguez (5): <\/strong>Err\u00e1tico con el bal\u00f3n en los pies y al espacio. A pesar de el gol, no dej\u00f3 buenas sensaciones y <strong>justifica porqu\u00e9 no est\u00e1 viendo minutos.<\/strong><\/p>\n<p><strong>Mihailo Ristic (9):<\/strong> Aporta proyecci\u00f3n al ataque, confianza, pisa \u00e1rea rival, defiende y adem\u00e1s asiste.<strong> Muy buen partido<\/strong> que puede que lo impulse a la titularidad.<\/p>\n<p><strong>Fran Beltran (7):\u00a0Ejerci\u00f3 de capit\u00e1n en el campo<\/strong> ante la ausencia de Aspas, puso el orden en el medio del campo y hizo buena dupla con Sotelo.<\/p>\n<p><strong>Hugo Sotelo (9):<\/strong> Hugo es un <em>p<\/em><em>laymaker<\/em>, <strong>juega y hace jugar.<\/strong> Mostr\u00f3 personalidad con el gol pic\u00e1ndola en el penal. <strong>De lo mejor del equipo<\/strong>. Sali\u00f3 al 62&#8242;.<\/p>\n<p><strong>Franco Cervi (7): Asiste a Pablo Dur\u00e1n en su gol<\/strong>. Se le vio insistente por la derecha y consigui\u00f3 irse de su marcador en varias ocasiones.<strong> Buen partido para lo que se le acostumbra a ver.<\/strong><\/p>\n<p><strong>Alfon Gonz\u00e1lez (9):<\/strong> Le falt\u00f3 el gol, en lo dem\u00e1s<strong> influy\u00f3 mucho en el ataque del Celta<\/strong> y dio dos asistencias. <strong>Incisivo al ataque<\/strong> aunque le falt\u00f3 definir. A \u00e9l le cometen el penal y se mostr\u00f3 inquieto por entrar en la din\u00e1mica del equipo.<\/p>\n<p><strong>Williot Sweedberg (8)<\/strong>: Marc\u00f3 el primer gol al 4&#8242;, se le vi\u00f3 intenso e incluso un poco calent\u00f3n por lo que recibi\u00f3 la amarilla. Sali\u00f3 al descanso,<strong> buen primer tiempo en l\u00edneas generales.<\/strong><\/p>\n<p><strong>Pablo Duran (9)<\/strong>: Particip\u00f3 en el primer gol y en la jugada del penal. Pudo marcar su gol y <strong>dej\u00f3 una muy buena imagen<\/strong>, gran jugador. Sali\u00f3 al 62&#8242;<\/p>\n<h2>Sustituciones<\/h2>\n<p><strong>Tadeo Allende (7): <\/strong>Ingres\u00f3 al descanso y marc\u00f3 gol al 64&#8242;, el segundo tanto para \u00e9l en esta competici\u00f3n. <strong>Demostr\u00f3 ganas y compromiso.<\/strong><\/p>\n<p><strong>Sergio Carreira (6): <\/strong>Ingres\u00f3 al descanso. M\u00e1s ofensivo que Javi Rodr\u00edguez pero tambi\u00e9n menos defensivo. <strong>Decente rendimiento cuando tuvo que actuar.<\/strong><\/p>\n<p><strong>Fer L\u00f3pez (10): Un distinto,<\/strong> <strong>derrocha talento y personalidad<\/strong>. Inici\u00f3 la jugada del cuarto gol y tras intentarlo de tiro libre o regateando desde fuera del \u00e1rea, consigui\u00f3 el gol con un pase a la red desde la l\u00ednea del \u00e1rea grande. En el ocaso del partido marc\u00f3 el segundo tras una gran jugada de Alfon. <strong>Est\u00e1 para el primer equipo.<\/strong><\/p>\n<p><strong>Luca de la Torre (5): <\/strong>Ingres\u00f3 al 61&#8242;, sin embargo <strong>no tuvo mayor trascendencia en el juego del equipo.<\/strong><\/p>\n<p><strong>Yoel Lago (5): <\/strong>Ingres\u00f3 al 70&#8242; y <strong>fue poco exigido por el rival<\/strong>, el partido ya estaba acabado cuando salt\u00f3 al campo.<\/p>\n<p><strong>DT\u00a0 Claudio Gir\u00e1ldez (10): Acertado con el 11,<\/strong> mezclando un par de titulares con jugadores que necesitaban sumar minutos y ver sensaciones. <strong>Cambios coherentes<\/strong> y dando oportunidad a jugadores que necesitaba ver.<\/p>\n<blockquote class=\"twitter-tweet\" data-media-max-width=\"560\">\n<p dir=\"ltr\" lang=\"pt\">O primeiro gol co primeiro equipo non se esquece xamais!<\/p>\n<p>\ud83c\udfa5 <a href=\"https:\/\/twitter.com\/rfef?ref_src=twsrc%5Etfw\">@rfef<\/a> <a href=\"https:\/\/t.co\/7KBSsKXvqz\">pic.twitter.com\/7KBSsKXvqz<\/a><\/p>\n<p>\u2014 RC Celta (@RCCelta) <a href=\"https:\/\/twitter.com\/RCCelta\/status\/1864064331639599220?ref_src=twsrc%5Etfw\">December 3, 2024<\/a><\/p><\/blockquote>\n<p><script async src=\"https:\/\/platform.twitter.com\/widgets.js\" charset=\"utf-8\"><\/script><\/p>\n<p>&nbsp;<\/p>\n","protected":false},"excerpt":{"rendered":"<p>El equipo de Gir\u00e1ldez avanza en la Copa del Rey goleando 7-0 un Salamanca que nada pudo hacer. A\u00fan con rotaciones el Celta consigui\u00f3 golear y dejando buenas sensaciones con&hellip; <\/p>\n","protected":false},"author":129,"featured_media":37010,"comment_status":"open","ping_status":"open","sticky":false,"template":"","format":"standard","meta":{"om_disable_all_campaigns":false,"_monsterinsights_skip_tracking":false,"_monsterinsights_sitenote_active":false,"_monsterinsights_sitenote_note":"","_monsterinsights_sitenote_category":0,"_uf_show_specific_survey":0,"_uf_disable_surveys":false,"footnotes":""},"categories":[28,9],"tags":[],"class_list":["post-36970","post","type-post","status-publish","format-standard","has-post-thumbnail","hentry","category-celta-de-vigo","category-copa-del-rey"],"aioseo_notices":[],"_links":{"self":[{"href":"https:\/\/agentelibredigital.com\/index.php\/wp-json\/wp\/v2\/posts\/36970","targetHints":{"allow":["GET"]}}],"collection":[{"href":"https:\/\/agentelibredigital.com\/index.php\/wp-json\/wp\/v2\/posts"}],"about":[{"href":"https:\/\/agentelibredigital.com\/index.php\/wp-json\/wp\/v2\/types\/post"}],"author":[{"embeddable":true,"href":"https:\/\/agentelibredigital.com\/index.php\/wp-json\/wp\/v2\/users\/129"}],"replies":[{"embeddable":true,"href":"https:\/\/agentelibredigital.com\/index.php\/wp-json\/wp\/v2\/comments?post=36970"}],"version-history":[{"count":5,"href":"https:\/\/agentelibredigital.com\/index.php\/wp-json\/wp\/v2\/posts\/36970\/revisions"}],"predecessor-version":[{"id":37031,"href":"https:\/\/agentelibredigital.com\/index.php\/wp-json\/wp\/v2\/posts\/36970\/revisions\/37031"}],"wp:featuredmedia":[{"embeddable":true,"href":"https:\/\/agentelibredigital.com\/index.php\/wp-json\/wp\/v2\/media\/37010"}],"wp:attachment":[{"href":"https:\/\/agentelibredigital.com\/index.php\/wp-json\/wp\/v2\/media?parent=36970"}],"wp:term":[{"taxonomy":"category","embeddable":true,"href":"https:\/\/agentelibredigital.com\/index.php\/wp-json\/wp\/v2\/categories?post=36970"},{"taxonomy":"post_tag","embeddable":true,"href":"https:\/\/agentelibredigital.com\/index.php\/wp-json\/wp\/v2\/tags?post=36970"}],"curies":[{"name":"wp","href":"https:\/\/api.w.org\/{rel}","templated":true}]}}