{"id":36866,"date":"2024-12-01T21:54:24","date_gmt":"2024-12-01T20:54:24","guid":{"rendered":"https:\/\/agentelibredigital.com\/?p=36866"},"modified":"2024-12-01T21:54:24","modified_gmt":"2024-12-01T20:54:24","slug":"rudiger-asencio-esta-haciendo-un-trabajo-fantastico","status":"publish","type":"post","link":"https:\/\/agentelibredigital.com\/index.php\/2024\/12\/01\/rudiger-asencio-esta-haciendo-un-trabajo-fantastico\/","title":{"rendered":"R\u00fcdiger: \u00abAsencio est\u00e1 haciendo un trabajo fant\u00e1stico\u00bb"},"content":{"rendered":"<h4>El central alem\u00e1n atendi\u00f3 a RealMadrid TV tras la victoria del Real Madrid ante el Getafe<\/h4>\n<p><b>Antonio R\u00fcdiger<\/b>, igual que<strong> <a href=\"https:\/\/agentelibredigital.com\/index.php\/2024\/12\/01\/ceballos-el-equipo-fue-muy-solidario-y-compacto\/\">Dani Ceballos<\/a><\/strong>, es uno de los futbolistas que atendi\u00f3 a la prensa tras finalizar el<strong> <a href=\"https:\/\/agentelibredigital.com\/index.php\/category\/real-madrid\/\">Real Madrid<\/a> 2-0 <a href=\"https:\/\/agentelibredigital.com\/index.php\/category\/getafe\/\">Getafe<\/a><\/strong>. El central alem\u00e1n atendi\u00f3 a <strong>RealMadrid TV<\/strong> y analiz\u00f3 la victoria de su equipo ante el<strong> conjunto azul\u00f3n<\/strong>. \u00abTenemos que estar contentos con los tres puntos. <strong>Nos quedamos con la sensaci\u00f3n de que pudimos marcar m\u00e1s goles<\/strong>, pero estuvimos muy bien desde el principio y nos quedamos con los tres puntos\u00bb.<\/p>\n<p>\u00abEn la <b>Liga\u00a0<\/b>las cosas van bien desde la \u00faltima derrota, pero <strong>no podemos distraernos porque esto es lo que exige el<\/strong>\u00a0<a href=\"https:\/\/www.realmadrid.com\/es-ES\"><b>Real Madrid<\/b><\/a>. Debemos seguir y hacerlo mejor en la\u00a0<b>Champions<\/b>\u00bb.<\/p>\n<figure style=\"width: 1200px\" class=\"wp-caption aligncenter\"><img loading=\"lazy\" decoding=\"async\" src=\"https:\/\/estaticos-cdn.prensaiberica.es\/clip\/3ca678e1-e539-4fa3-9d13-092a063f1870_alta-libre-aspect-ratio_default_0.jpg\" alt=\"R\u00fcdiger\" width=\"1200\" height=\"675\" \/><figcaption class=\"wp-caption-text\">R\u00fcdiger celebrando el gol de Bellingham. Fuente: SPORT<\/figcaption><\/figure>\n<h2>Mejor\u00eda defensiva<\/h2>\n<p>\u00ab<strong>La defensa empieza arriba y hemos mejorado ah\u00ed<\/strong>. La l\u00ednea defensiva tiene mucha comunicaci\u00f3n y eso es muy importante. Quiero felicitar a <b>Ra\u00fal Asencio<\/b> porque est\u00e1 <strong>haciendo un trabajo fant\u00e1stico<\/strong>\u00bb.<\/p>\n<h2>Su lucha con Nyom<\/h2>\n<p>\u00abS\u00f3lo intento hacer mi trabajo, que es ayudar en defensa y en ataque. <strong>El penalti ha sido claro<\/strong>\u00bb.<\/p>\n<h2>Los siguientes tres partidos fuera de casa<\/h2>\n<p>\u00abSon tres partidos dif\u00edciles pero importantes. Cada partido que queda lo va a ser y <strong>hay que estar centrados para hacerlo bien<\/strong>\u00bb.<\/p>\n","protected":false},"excerpt":{"rendered":"<p>El central alem\u00e1n atendi\u00f3 a RealMadrid TV tras la victoria del Real Madrid ante el Getafe Antonio R\u00fcdiger, igual que Dani Ceballos, es uno de los futbolistas que atendi\u00f3 a&hellip; <\/p>\n","protected":false},"author":10,"featured_media":36867,"comment_status":"open","ping_status":"open","sticky":false,"template":"","format":"standard","meta":{"om_disable_all_campaigns":false,"_monsterinsights_skip_tracking":false,"_monsterinsights_sitenote_active":false,"_monsterinsights_sitenote_note":"","_monsterinsights_sitenote_category":0,"_uf_show_specific_survey":0,"_uf_disable_surveys":false,"footnotes":""},"categories":[21,46,6],"tags":[205,106,56,2102],"class_list":["post-36866","post","type-post","status-publish","format-standard","has-post-thumbnail","hentry","category-getafe","category-laliga-ea-sports","category-real-madrid","tag-getafe","tag-laliga-ea-sports","tag-real-madrid","tag-rudiger"],"aioseo_notices":[],"_links":{"self":[{"href":"https:\/\/agentelibredigital.com\/index.php\/wp-json\/wp\/v2\/posts\/36866","targetHints":{"allow":["GET"]}}],"collection":[{"href":"https:\/\/agentelibredigital.com\/index.php\/wp-json\/wp\/v2\/posts"}],"about":[{"href":"https:\/\/agentelibredigital.com\/index.php\/wp-json\/wp\/v2\/types\/post"}],"author":[{"embeddable":true,"href":"https:\/\/agentelibredigital.com\/index.php\/wp-json\/wp\/v2\/users\/10"}],"replies":[{"embeddable":true,"href":"https:\/\/agentelibredigital.com\/index.php\/wp-json\/wp\/v2\/comments?post=36866"}],"version-history":[{"count":1,"href":"https:\/\/agentelibredigital.com\/index.php\/wp-json\/wp\/v2\/posts\/36866\/revisions"}],"predecessor-version":[{"id":36868,"href":"https:\/\/agentelibredigital.com\/index.php\/wp-json\/wp\/v2\/posts\/36866\/revisions\/36868"}],"wp:featuredmedia":[{"embeddable":true,"href":"https:\/\/agentelibredigital.com\/index.php\/wp-json\/wp\/v2\/media\/36867"}],"wp:attachment":[{"href":"https:\/\/agentelibredigital.com\/index.php\/wp-json\/wp\/v2\/media?parent=36866"}],"wp:term":[{"taxonomy":"category","embeddable":true,"href":"https:\/\/agentelibredigital.com\/index.php\/wp-json\/wp\/v2\/categories?post=36866"},{"taxonomy":"post_tag","embeddable":true,"href":"https:\/\/agentelibredigital.com\/index.php\/wp-json\/wp\/v2\/tags?post=36866"}],"curies":[{"name":"wp","href":"https:\/\/api.w.org\/{rel}","templated":true}]}}