{"id":33280,"date":"2024-10-10T11:59:22","date_gmt":"2024-10-10T09:59:22","guid":{"rendered":"https:\/\/agentelibredigital.com\/?p=33280"},"modified":"2024-10-10T11:59:22","modified_gmt":"2024-10-10T09:59:22","slug":"ancelotti-sigue-sin-dar-con-la-tecla","status":"publish","type":"post","link":"https:\/\/agentelibredigital.com\/index.php\/2024\/10\/10\/ancelotti-sigue-sin-dar-con-la-tecla\/","title":{"rendered":"Ancelotti sigue sin dar con la tecla"},"content":{"rendered":"<h4><strong>Los resultados y el estilo de juego del conjunto blanco generan dudas hasta el momento en el entorno del Real Madrid<\/strong><\/h4>\n<p>El <strong>Real Madrid<\/strong> est\u00e1 irreconocible. Ni la llegada de <strong>Kylian Mbapp\u00e9<\/strong> a la casa blanca ha resuelto uno de los problemas que tiene el club ahora mismo, la falta de idea en el juego. Despu\u00e9s del anuncio de la retirada de <strong>Toni Kroos<\/strong>, tanto el t\u00e9cnico italiano como el club ten\u00edan un problema que resolver de cara a esta nueva temporada. Los planteamientos de <strong>Carlo Ancelotti<\/strong> est\u00e1n dando de que hablar en este nuevo <strong>Real Madrid<\/strong> que no tiene ninguna similitud con el equipo que consigui\u00f3 el doblete de <strong>Liga y Champions<\/strong> la pasada campa\u00f1a. Tampoco suma la plaga de lesiones que est\u00e1 sufriendo la plantilla, siendo el capit\u00e1n, <strong>Dani Carvajal<\/strong>, la \u00faltima baja del once titular en el encuentro frente al <strong>Villareal<\/strong>.<\/p>\n<h3><strong>Un juego \u00e1spero<\/strong><\/h3>\n<p>Nada queda de ese Real Madrid vertical que deslumbr\u00f3 en Europa de la mano de Ancelotti. El equipo imbatible del a\u00f1o pasado est\u00e1 a a\u00f1os luz del actual. Aunque el conjunto blanco no ha sufrido ninguna derrota en el campeonato liguero, si que ha dejado puntos en el camino que lo alejan del <strong>FC Barcelona<\/strong> en la clasificaci\u00f3n por el liderato. El equipo de <strong>Ancelotti<\/strong> gana pero no convence con un juego sin ideas, desorganizado y con falta de punter\u00eda en la zona ofensiva.<\/p>\n<p>Mientras que la derrota en el segundo partido de la liguilla de la nueva <strong>Champions League<\/strong> fue la gota que colm\u00f3 el vaso. Un partido para el olvido en la visita a casa del <strong>Lille\u00a0<\/strong>en el que los franceses se alzaron con una victoria por la m\u00ednima en una acci\u00f3n de penalti por una mano clara de <strong>Camavinga<\/strong> dentro del \u00e1rea. Tras dos partidos consecutivos sin conocer la victoria, la irregularidad del conjunto blanco se presenci\u00f3 el s\u00e1bado en el encuentro frente al <strong>Villareal<\/strong>. Los blancos se impusieron por 2-0 ante el submarino amarillo pero con poco que ofrecer a pesar de su victoria. Tan s\u00f3lo un remate a puerta en toda la segunda parte que llegar\u00eda con el gol de <strong>Vinicius<\/strong>, que refleja el rendimiento de la plantilla.<\/p>\n<figure style=\"width: 1900px\" class=\"wp-caption aligncenter\"><img loading=\"lazy\" decoding=\"async\" src=\"https:\/\/fotografias.larazon.es\/clipping\/cmsimages02\/2024\/10\/05\/3A96224B-C7FA-4700-BC91-3EA127A970D5\/real-madrid-villarreal-laliga-sports_98.jpg?crop=4574,2573,x0,y240&amp;width=1900&amp;height=1069&amp;optimize=low&amp;format=webply\" alt=\"Real Madrid - Villarreal: resultado, resumen y goles\" width=\"1900\" height=\"1069\" \/><figcaption class=\"wp-caption-text\">Vinicius conduciendo el bal\u00f3n en el partido ante el Villareal. Fuente: La Raz\u00f3n<\/figcaption><\/figure>\n<h3><strong>Rotaciones limitadas\u00a0<\/strong><\/h3>\n<p><strong>Ancelotti<\/strong> hace muy poco uso de los jugadores suplentes que podr\u00edan realizar su funci\u00f3n de revulsivo o le garantiza escasos minutos. El t\u00e9cnico italiano tiene su preferencia del once titular y en ocasiones ignora las opciones como el caso de <strong>Endrick o Arda G\u00fcler<\/strong>. En el caso del joven brasile\u00f1o, ha disputado un total de <strong>107 minutos en los 12 partidos<\/strong> disputados hasta la fecha.<\/p>\n<p>A pesar de anotar su primer gol con la camiseta blanca en el segundo partido de <strong>Liga<\/strong>, el t\u00e9cnico italiano no le recompens\u00f3 con ninguna oportunidad llegando a disputar <strong>6 minutos en los tres partidos posteriores<\/strong>. Del mismo modo que meti\u00f3 un gol en su estreno de <strong>Champions League<\/strong> ante el<strong> VFB Sttutgart<\/strong> con la camiseta blanca sin apenas disfrutar de oportunidades, en este caso con <strong>10 minutos<\/strong> sobre el terreno de juego. Mientras que el turco ha disputado 291 minutos pero sin apenas reconocimiento ni participaci\u00f3n por parte de Ancelotti.<\/p>\n<figure style=\"width: 1920px\" class=\"wp-caption aligncenter\"><img loading=\"lazy\" decoding=\"async\" src=\"https:\/\/publish-p47754-e237306.adobeaemcloud.com\/content\/dam\/portals\/realmadrid-com\/es-es\/news\/generic\/2024\/09\/17\/(fut)-rm-stuttgart-j1-champions\/fotos\/ND-CHAMPIONS-J01-RM-STUTTGART-ALEGRIA-ENDRICK_MJ11551.JPG\" alt=\"Endrick, el goleador madridista m\u00e1s joven en la historia de la Copa de  Europa\" width=\"1920\" height=\"1080\" \/><figcaption class=\"wp-caption-text\"><strong>Endrick celebrando su gol en Champions League. Fuente: Real Madrid<\/strong><\/figcaption><\/figure>\n<p>No obstante, cabe recordar que <strong>Arda G\u00fcler<\/strong> fue una de las grandes revelaciones de la pasada Eurocopa y en este nuevo Real Madrid juega escasos minutos hasta la fecha. El t\u00e9cnico italiano alinea a <strong>Luka Modric<\/strong>, que disfruta de su \u00faltima temporada en el conjunto blanco, en lugar de la joven promesa turca en el mediocampo para ofrecer diversidad y veteran\u00eda en el juego disputando 562 minutos hasta el momento.<\/p>\n<h3><strong>Problemas en defensa<\/strong><\/h3>\n<p>La reciente lesi\u00f3n de <a href=\"https:\/\/agentelibredigital.com\/index.php\/2024\/10\/06\/el-madrid-renueva-a-carvajal\/\"><strong>Dani Carvajal<\/strong><\/a> que sufre una\u00a0<b>rotura del ligamento cruzado anterior, rotura del ligamento colateral externo y rotura del tend\u00f3n popl\u00edteo en la pierna derecha, <\/b>apartar\u00e1 al espa\u00f1ol<b> unos 8 o 10 meses de los terrenos de juego.<\/b> Otro rompecabezas para el sistema de <strong>Ancelotti<\/strong> ya que <strong>Alaba<\/strong>, otra pieza fundamental, tambi\u00e9n sigue en proceso de recuperaci\u00f3n de la lesi\u00f3n de rodilla que sufri\u00f3 la temporada pasada.<\/p>\n<p>Con \u00fanicamente <strong>Lucas V\u00e1zquez<\/strong> disponible en la banda derecha, el t\u00e9cnico italiano deber\u00e1 recomponer la defensa retrasando como una de las opciones a <strong>Tchouam\u00e9ni<\/strong> a la posici\u00f3n de central derecho. O tambi\u00e9n optar por incorporar a <strong>Militao<\/strong> para suplir a <strong>Carvajal<\/strong> en el lateral derecho, ya que el brasile\u00f1o conoce esa posici\u00f3n de su etapa en el <strong>Oporto<\/strong>.<\/p>\n<h3><strong>Levantar la situaci\u00f3n<\/strong><\/h3>\n<p>La tarea de <strong>Ancelotti<\/strong> no es nada f\u00e1cil. El nuevo sistema para dar entrada a <strong>Kylian Mbapp\u00e9<\/strong> y el relevo generacional de <strong>Toni Kroos<\/strong> en la plantilla tendr\u00e1 mucho trabajo por delante. Un equipo de ensue\u00f1o y con la presencia del futuro bal\u00f3n de oro como es <strong>Vinicius<\/strong> tendr\u00e1 que dar con la tecla para garantizar un buen juego, productivo y con la artiller\u00eda cargada de cara a lo que se viene esta temporada. Las bases y las ideas est\u00e1n tardando en llegar pero sin duda volver\u00e1n a deslumbrar para ofrecer una campa\u00f1a de buen f\u00fatbol en la casa blanca.<\/p>\n<p><strong>Autor: <a href=\"https:\/\/x.com\/ferrandez_\">David Ferr\u00e1ndez\u00a0<\/a><\/strong><\/p>\n","protected":false},"excerpt":{"rendered":"<p>Los resultados y el estilo de juego del conjunto blanco generan dudas hasta el momento en el entorno del Real Madrid El Real Madrid est\u00e1 irreconocible. Ni la llegada de&hellip; <\/p>\n","protected":false},"author":8,"featured_media":33281,"comment_status":"open","ping_status":"open","sticky":false,"template":"","format":"standard","meta":{"om_disable_all_campaigns":false,"_monsterinsights_skip_tracking":false,"_monsterinsights_sitenote_active":false,"_monsterinsights_sitenote_note":"","_monsterinsights_sitenote_category":0,"_uf_show_specific_survey":0,"_uf_disable_surveys":false,"footnotes":""},"categories":[6],"tags":[59,85,54],"class_list":["post-33280","post","type-post","status-publish","format-standard","has-post-thumbnail","hentry","category-real-madrid","tag-ancelotti","tag-mbappe","tag-vinicius"],"aioseo_notices":[],"_links":{"self":[{"href":"https:\/\/agentelibredigital.com\/index.php\/wp-json\/wp\/v2\/posts\/33280","targetHints":{"allow":["GET"]}}],"collection":[{"href":"https:\/\/agentelibredigital.com\/index.php\/wp-json\/wp\/v2\/posts"}],"about":[{"href":"https:\/\/agentelibredigital.com\/index.php\/wp-json\/wp\/v2\/types\/post"}],"author":[{"embeddable":true,"href":"https:\/\/agentelibredigital.com\/index.php\/wp-json\/wp\/v2\/users\/8"}],"replies":[{"embeddable":true,"href":"https:\/\/agentelibredigital.com\/index.php\/wp-json\/wp\/v2\/comments?post=33280"}],"version-history":[{"count":1,"href":"https:\/\/agentelibredigital.com\/index.php\/wp-json\/wp\/v2\/posts\/33280\/revisions"}],"predecessor-version":[{"id":33282,"href":"https:\/\/agentelibredigital.com\/index.php\/wp-json\/wp\/v2\/posts\/33280\/revisions\/33282"}],"wp:featuredmedia":[{"embeddable":true,"href":"https:\/\/agentelibredigital.com\/index.php\/wp-json\/wp\/v2\/media\/33281"}],"wp:attachment":[{"href":"https:\/\/agentelibredigital.com\/index.php\/wp-json\/wp\/v2\/media?parent=33280"}],"wp:term":[{"taxonomy":"category","embeddable":true,"href":"https:\/\/agentelibredigital.com\/index.php\/wp-json\/wp\/v2\/categories?post=33280"},{"taxonomy":"post_tag","embeddable":true,"href":"https:\/\/agentelibredigital.com\/index.php\/wp-json\/wp\/v2\/tags?post=33280"}],"curies":[{"name":"wp","href":"https:\/\/api.w.org\/{rel}","templated":true}]}}