{"id":31920,"date":"2024-09-25T19:17:57","date_gmt":"2024-09-25T17:17:57","guid":{"rendered":"https:\/\/agentelibredigital.com\/?p=31920"},"modified":"2024-09-25T19:17:57","modified_gmt":"2024-09-25T17:17:57","slug":"analisis-del-rival-del-atleti-un-celta-optimista","status":"publish","type":"post","link":"https:\/\/agentelibredigital.com\/index.php\/2024\/09\/25\/analisis-del-rival-del-atleti-un-celta-optimista\/","title":{"rendered":"An\u00e1lisis del rival del Atleti: un Celta optimista"},"content":{"rendered":"<h2><span style=\"font-weight: 400\">El pr\u00f3ximo jueves a las 21:00 horas, el <a href=\"https:\/\/agentelibredigital.com\/?s=atletico+de+madrid\">Atl\u00e9tico de Madrid<\/a> visitar\u00e1 Bala\u00eddos para enfrentarse al <a href=\"https:\/\/agentelibredigital.com\/?s=celta+de+vigo\">Celta de Vigo<\/a>\u00a0en la jornada 7 de la <a href=\"https:\/\/agentelibredigital.com\/?s=liga+ea+sports\">Liga EA Sports<\/a>.<\/span><\/h2>\n<p>&nbsp;<\/p>\n<h2><b>Planteamiento t\u00e1ctico<\/b><\/h2>\n<p><span style=\"font-weight: 400\">El conjunto vigu\u00e9s<strong> ha renovado su estilo desde la llegada de <a href=\"https:\/\/agentelibredigital.com\/?s=liga+ea+sports\">Claudio Gir\u00e1ldez<\/a> al banquillo<\/strong>. Se plantan con un 3-4-3 con muchos matices. Los te\u00f3ricos extremos de la l\u00ednea ofensiva act\u00faan m\u00e1s como volantes ofensivos movi\u00e9ndose e intentando entrar por los huecos que se generan entre central y lateral.\u00a0<\/span><\/p>\n<p><span style=\"font-weight: 400\">En los carriles, uno suele ser m\u00e1s ofensivo que el contrario y son los encargados de abrir el terreno de juego. Destaca la figura del lesionado <a href=\"https:\/\/agentelibredigital.com\/?s=mingueza\">Mingueza<\/a>, que <strong>sol\u00eda jugar como hombre libre, movi\u00e9ndose tanto por dentro como por fuera<\/strong>.<\/span><\/p>\n<h2><b>Porter\u00eda<\/b><\/h2>\n<p><span style=\"font-weight: 400\">El arco gallego est\u00e1 defendido por <a href=\"https:\/\/agentelibredigital.com\/?s=villar\">Iv\u00e1n Villar<\/a> o <a href=\"https:\/\/agentelibredigital.com\/?s=guaita\">Vicente Guaita<\/a>. Las primeras cuatro jornadas las jug\u00f3 Iv\u00e1n Villar. Esto es, en parte, porque <strong>Guaita sufri\u00f3 una sobrecarga que no le permiti\u00f3 jugar la primera jornada<\/strong>. El resto de jornadas, por precauci\u00f3n o por decisi\u00f3n del propio Gir\u00e1ldez, tambi\u00e9n fue suplente. Volvi\u00f3 al once en la jornada cinco frente al Valladolid, y lo hizo tambi\u00e9n ante el Athletic.\u00a0<\/span><\/p>\n<p><span style=\"font-weight: 400\">No es la posici\u00f3n m\u00e1s fuerte del Celta. <strong>Es el equipo que m\u00e1s goles ha encajado de toda la competici\u00f3n<\/strong> empatado con Villarreal y Valladolid, con trece goles en contra.<\/span><\/p>\n<h2><b>Defensa<\/b><\/h2>\n<p><span style=\"font-weight: 400\">En esta l\u00ednea est\u00e1n implementados los tres centrales. Los m\u00e1s comunes en la alineaci\u00f3n son Javi Rodr\u00edguez acompa\u00f1ado de <a href=\"https:\/\/agentelibredigital.com\/?s=jailson\">Jailson<\/a> y <a href=\"https:\/\/agentelibredigital.com\/?s=starfelt\">Starfelt<\/a>. A\u00fan as\u00ed est\u00e1 la posibilidad de que entren nombres como el de <a href=\"https:\/\/agentelibredigital.com\/?s=carlos+dominguez\">Carlos Dom\u00ednguez<\/a> -que es m\u00e1s com\u00fan en otros onces- o<a href=\"https:\/\/agentelibredigital.com\/?s=aidoo\"> Aidoo<\/a>. Este \u00faltimo viene de proclamarse <strong>jugador nacido en \u00c1frica con m\u00e1s apariciones con el conjunto gallego con 136 partidos<\/strong>, adelantando a Pione Sisto.<\/span><\/p>\n<figure id=\"attachment_31960\" aria-describedby=\"caption-attachment-31960\" style=\"width: 765px\" class=\"wp-caption alignnone\"><img loading=\"lazy\" decoding=\"async\" class=\" wp-image-31960\" src=\"https:\/\/agentelibredigital.com\/wp-content\/uploads\/2024\/09\/athletic-club-v-rc-celta-de-vigo-la-liga-ea-sports-300x200.jpg\" alt=\"\" width=\"765\" height=\"510\" srcset=\"https:\/\/agentelibredigital.com\/wp-content\/uploads\/2024\/09\/athletic-club-v-rc-celta-de-vigo-la-liga-ea-sports-300x200.jpg 300w, https:\/\/agentelibredigital.com\/wp-content\/uploads\/2024\/09\/athletic-club-v-rc-celta-de-vigo-la-liga-ea-sports-1024x683.jpg 1024w, https:\/\/agentelibredigital.com\/wp-content\/uploads\/2024\/09\/athletic-club-v-rc-celta-de-vigo-la-liga-ea-sports-768x512.jpg 768w, https:\/\/agentelibredigital.com\/wp-content\/uploads\/2024\/09\/athletic-club-v-rc-celta-de-vigo-la-liga-ea-sports-1536x1024.jpg 1536w, https:\/\/agentelibredigital.com\/wp-content\/uploads\/2024\/09\/athletic-club-v-rc-celta-de-vigo-la-liga-ea-sports-2048x1366.jpg 2048w\" sizes=\"auto, (max-width: 765px) 100vw, 765px\" \/><figcaption id=\"caption-attachment-31960\" class=\"wp-caption-text\">Plantilla del Celta de Vigo. Fuente: Juan Manuel Serrano Arce\/Getty Images.<\/figcaption><\/figure>\n<h2><b>Centro del campo<\/b><\/h2>\n<p><span style=\"font-weight: 400\">Aqu\u00ed se encuentran tanto los mediocentros, como los te\u00f3ricos carrileros. Es precisamente en el carril donde el Celta ha sufrido su baja m\u00e1s sensible, esa es la de \u00d3scar Mingueza. Sus actuaciones le dieron el privilegio de ir convocado con la Selecci\u00f3n Espa\u00f1ola. <strong>Su sustituto en el once parece que puede ser <a href=\"https:\/\/agentelibredigital.com\/?s=marcos+alonso\">Marcos Alonso<\/a><\/strong>, aunque tambi\u00e9n est\u00e1 la posibilidad de que entre <a href=\"https:\/\/agentelibredigital.com\/?s=swedberg\">Swedberg<\/a>, que complet\u00f3 un gran arranque de temporada. Por el carril derecho, se coloca otra perla m\u00e1s de la cantera celeste, <a href=\"https:\/\/agentelibredigital.com\/?s=hugo+alvarez\">Hugo \u00c1lvarez<\/a>.\u00a0<\/span><\/p>\n<p><span style=\"font-weight: 400\">En la zona central del campo, est\u00e1n<a href=\"https:\/\/agentelibredigital.com\/?s=damian\"> Dami\u00e1n Rodr\u00edguez<\/a>, <a href=\"https:\/\/agentelibredigital.com\/?s=fran+beltran\">Fran Beltr\u00e1n<\/a>,<a href=\"https:\/\/agentelibredigital.com\/?s=moriba\"> Ilaix Moriba<\/a> y <a href=\"https:\/\/agentelibredigital.com\/?s=sotelo\">Hugo Sotelo<\/a>. Los m\u00e1s habituales en grandes escenarios son los dos primeros, pero <strong>no es sorprendente que se rote por ser jornada intersemanal<\/strong>.<\/span><\/p>\n<h2><b>Delantera<\/b><\/h2>\n<p><span style=\"font-weight: 400\">Los tres componentes de esta l\u00ednea deben poder ocupar cualquiera de las posiciones de ataque. Sobre todo para los te\u00f3ricos extremos, que <strong>deben saber poder estar pegados al extremo o actuar como jugadores entre l\u00edneas<\/strong> para llevar el bal\u00f3n a zonas atacantes. Los m\u00e1s habituales son el capit\u00e1n <a href=\"https:\/\/agentelibredigital.com\/?s=aspas\">Iago Aspas<\/a> y el marfile\u00f1o <a href=\"https:\/\/agentelibredigital.com\/?s=bamba\">Jonathan Bamba<\/a>. No est\u00e1 del todo claro que vayan a jugar ambos. Cabe la posibilidad de que entre Pablo Dur\u00e1n al once para hacer la rotaci\u00f3n.<\/span><\/p>\n<p><span style=\"font-weight: 400\">El punta puede ser m\u00e1s independiente, as\u00ed lo son las opciones de delantero puro que tiene el Celta como son <a href=\"https:\/\/agentelibredigital.com\/?s=borja+iglesias\">Borja Iglesias<\/a> y <a href=\"https:\/\/agentelibredigital.com\/?s=douvikas\">Anastasios Douvikas<\/a>.\u00a0<\/span><\/p>\n<p><span style=\"font-weight: 400\">En cuanto a goles marcados, el conjunto gallego s\u00ed que puede presumir. Son 14 los goles marcados esta campa\u00f1a, situ\u00e1ndose como los <strong>terceros con m\u00e1s cifras en esta estad\u00edstica<\/strong>, solo por detr\u00e1s de Barcelona(22) y Real Madrid(16).<\/span><\/p>\n<figure id=\"attachment_31961\" aria-describedby=\"caption-attachment-31961\" style=\"width: 743px\" class=\"wp-caption alignnone\"><img loading=\"lazy\" decoding=\"async\" class=\" wp-image-31961\" src=\"https:\/\/agentelibredigital.com\/wp-content\/uploads\/2024\/09\/athletic-club-v-rc-celta-de-vigo-la-liga-ea-sports-1-300x206.jpg\" alt=\"\" width=\"743\" height=\"510\" srcset=\"https:\/\/agentelibredigital.com\/wp-content\/uploads\/2024\/09\/athletic-club-v-rc-celta-de-vigo-la-liga-ea-sports-1-300x206.jpg 300w, https:\/\/agentelibredigital.com\/wp-content\/uploads\/2024\/09\/athletic-club-v-rc-celta-de-vigo-la-liga-ea-sports-1-1024x704.jpg 1024w, https:\/\/agentelibredigital.com\/wp-content\/uploads\/2024\/09\/athletic-club-v-rc-celta-de-vigo-la-liga-ea-sports-1-768x528.jpg 768w, https:\/\/agentelibredigital.com\/wp-content\/uploads\/2024\/09\/athletic-club-v-rc-celta-de-vigo-la-liga-ea-sports-1-1536x1056.jpg 1536w, https:\/\/agentelibredigital.com\/wp-content\/uploads\/2024\/09\/athletic-club-v-rc-celta-de-vigo-la-liga-ea-sports-1-2048x1408.jpg 2048w\" sizes=\"auto, (max-width: 743px) 100vw, 743px\" \/><figcaption id=\"caption-attachment-31961\" class=\"wp-caption-text\">Iago Aspas controlando el bal\u00f3n. Fuente: Juan Manuel Serrano Arce\/Getty Images.<\/figcaption><\/figure>\n<h2><b>Entrenador<\/b><\/h2>\n<p><span style=\"font-weight: 400\">El art\u00edfice del gran inicio de temporada para el Celta es, en gran parte, Claudio Gir\u00e1ldez. Subi\u00f3 de entrenar a las inferiores del conjunto vigu\u00e9s despu\u00e9s de la salida de Rafa Ben\u00edtez y, c<strong>on los mismos jugadores y tirando de cantera, consigui\u00f3 salvar al equipo de un descenso<\/strong> que ya asustaba al aficionado celeste.<\/span><\/p>\n<p>El t\u00e9cnico gallego destaca por no ser muy predecible em la adivinaci\u00f3n de sus onces. Tanto as\u00ed, que el propio Javi Rodr\u00edguez destac\u00f3 en una entrevista en <a href=\"https:\/\/www.eldesmarque.com\/futbol\/celta-de-vigo\/20240925\/javi-rodriguez-y-como-giraldez-tiene-a-todo-el-celta-en-vilo-no-sabemos-el-once-hasta-la-charla-del-hotel_300454047.html\"><em>ElDesmarque<\/em><\/a>:<strong> &lt;&lt;No sabemos el once hasta la charla del hotel&gt;&gt;<\/strong>. Por lo que lo escrito aqu\u00ed puede que Gir\u00e1ldez lo haga un sinsentido.<\/p>\n<p>Escrito por <a href=\"https:\/\/linktr.ee\/Julio_vosm\">Julio Vos Mac\u00edas<\/a>.<\/p>\n","protected":false},"excerpt":{"rendered":"<p>El pr\u00f3ximo jueves a las 21:00 horas, el Atl\u00e9tico de Madrid visitar\u00e1 Bala\u00eddos para enfrentarse al Celta de Vigo\u00a0en la jornada 7 de la Liga EA Sports. &nbsp; Planteamiento t\u00e1ctico&hellip; <\/p>\n","protected":false},"author":182,"featured_media":31962,"comment_status":"open","ping_status":"open","sticky":false,"template":"","format":"standard","meta":{"om_disable_all_campaigns":false,"_monsterinsights_skip_tracking":false,"_monsterinsights_sitenote_active":false,"_monsterinsights_sitenote_note":"","_monsterinsights_sitenote_category":0,"_uf_show_specific_survey":0,"_uf_disable_surveys":false,"footnotes":""},"categories":[13,28,46],"tags":[62,1405,109,2044,274],"class_list":["post-31920","post","type-post","status-publish","format-standard","has-post-thumbnail","hentry","category-atletico-de-madrid","category-celta-de-vigo","category-laliga-ea-sports","tag-atletico-de-madrid","tag-borja-iglesias","tag-celta-de-vigo","tag-claudio-giraldez","tag-iago-aspas"],"aioseo_notices":[],"_links":{"self":[{"href":"https:\/\/agentelibredigital.com\/index.php\/wp-json\/wp\/v2\/posts\/31920","targetHints":{"allow":["GET"]}}],"collection":[{"href":"https:\/\/agentelibredigital.com\/index.php\/wp-json\/wp\/v2\/posts"}],"about":[{"href":"https:\/\/agentelibredigital.com\/index.php\/wp-json\/wp\/v2\/types\/post"}],"author":[{"embeddable":true,"href":"https:\/\/agentelibredigital.com\/index.php\/wp-json\/wp\/v2\/users\/182"}],"replies":[{"embeddable":true,"href":"https:\/\/agentelibredigital.com\/index.php\/wp-json\/wp\/v2\/comments?post=31920"}],"version-history":[{"count":2,"href":"https:\/\/agentelibredigital.com\/index.php\/wp-json\/wp\/v2\/posts\/31920\/revisions"}],"predecessor-version":[{"id":31963,"href":"https:\/\/agentelibredigital.com\/index.php\/wp-json\/wp\/v2\/posts\/31920\/revisions\/31963"}],"wp:featuredmedia":[{"embeddable":true,"href":"https:\/\/agentelibredigital.com\/index.php\/wp-json\/wp\/v2\/media\/31962"}],"wp:attachment":[{"href":"https:\/\/agentelibredigital.com\/index.php\/wp-json\/wp\/v2\/media?parent=31920"}],"wp:term":[{"taxonomy":"category","embeddable":true,"href":"https:\/\/agentelibredigital.com\/index.php\/wp-json\/wp\/v2\/categories?post=31920"},{"taxonomy":"post_tag","embeddable":true,"href":"https:\/\/agentelibredigital.com\/index.php\/wp-json\/wp\/v2\/tags?post=31920"}],"curies":[{"name":"wp","href":"https:\/\/api.w.org\/{rel}","templated":true}]}}