{"id":31345,"date":"2024-09-21T16:16:22","date_gmt":"2024-09-21T14:16:22","guid":{"rendered":"https:\/\/agentelibredigital.com\/?p=31345"},"modified":"2024-09-21T16:16:22","modified_gmt":"2024-09-21T14:16:22","slug":"empate-a-cero-en-el-jose-zorrilla","status":"publish","type":"post","link":"https:\/\/agentelibredigital.com\/index.php\/2024\/09\/21\/empate-a-cero-en-el-jose-zorrilla\/","title":{"rendered":"Empate a cero en el Jos\u00e9 Zorrilla"},"content":{"rendered":"<h4>Un 0-0 que se mantiene en la zona del descenso<\/h4>\n<p>La Real Sociedad llegaba el estadio Jos\u00e9 Zorrilla con necesidad de obtener los tres puntos ante el Real Valladolid. Los blanquivioletas tambi\u00e9n buscaban los tres puntos en casa con el objetivo de <strong>alejarse de la zona del descenso<\/strong> y de la Real Sociedad que ambos se encontraban empatados a puntos en <strong>la la Liga EA Sports<\/strong><\/p>\n<figure style=\"width: 4096px\" class=\"wp-caption alignnone\"><img loading=\"lazy\" decoding=\"async\" src=\"https:\/\/pbs.twimg.com\/media\/GX_78H5XcAEJ_WQ?format=jpg&amp;name=4096x4096\" alt=\"Image\" width=\"4096\" height=\"2304\" \/><figcaption class=\"wp-caption-text\">Disputa por el bal\u00f3n. Fuente:\u00bbX\u00bb<\/figcaption><\/figure>\n<h4>Primera parte<\/h4>\n<p>El f\u00fatbol volvi\u00f3 al <strong>estadio Jos\u00e9 Zorrilla<\/strong> y eso los blanquivioletas se lo hicieron notar al conjunto txuri-undin a trav\u00e9s de los c\u00e1nticos de la afici\u00f3n. Respecto al juego, la <a href=\"https:\/\/agentelibredigital.com\/?s=real+sociedad\">Real Sociedad<\/a> comenz\u00f3 dando el <strong>primer golpe en el minuto 1&#8242; tras la amarilla a Aguerd<\/strong>,\u00a0 avisando a los de <a href=\"https:\/\/agentelibredigital.com\/?s=pezzolano\">Pezzolano<\/a> que el partido no iba a ser f\u00e1cil.\u00a0 Los de Imanol continuaban con su fuerte presi\u00f3n en el campo pucelano llegando su gran ocasi\u00f3n en <strong>el minuto 9<\/strong>&#8216;, tras el remate <strong>al segundo palo de \u00d3skarsson que bloque\u00f3 Cenk para evitar el 0 a 1,<\/strong> minutos despu\u00e9s Cenk pidi\u00f3 el cambio tras su intervenci\u00f3n por lesi\u00f3n.<\/p>\n<p>El <a href=\"https:\/\/agentelibredigital.com\/?s=real+valladolid\">Real Valladolid<\/a> aguantaba la presi\u00f3n de la<a href=\"https:\/\/www.bing.com\/search?q=la+real+sociedad&amp;qs=n&amp;form=QBRE&amp;sp=-1&amp;ghc=1&amp;lq=0&amp;pq=la+real+sociedad&amp;sc=11-16&amp;sk=&amp;cvid=F30369635CD549FAAAA70CD01578956F&amp;ghsh=0&amp;ghacc=0&amp;ghpl=\"> Real Sociedad<\/a> con varias contras, una de ellas lleg\u00f3 en el minuto 20&#8242; tras un tiro fuera del \u00e1rea de <strong>Moro que se march\u00f3 por encima del larguero.<\/strong> Los de Pezzolano continuaron con las ocasiones en porter\u00eda rival, sin ver el gol por las intervenciones de Remiro. No obstante, el conjunto txuri-undin tuvo la segunda ocasi\u00f3n clara tras una contra solo de Becker por la banda, que finalmente<strong> Amallah con ayuda de Hein taparon el disparo del ariete.<\/strong><\/p>\n<p>El encuentro se fue desarrollando <strong>con varias ocasiones de gol por ambas partes<\/strong>, destacando la gran intervenci\u00f3n de <strong>los guardametas Remiro y Hein.<\/strong> La \u00faltima ocasi\u00f3n antes del descanso vino por parte de la Real Sociedad tras un centro desde la banda de Aramburu que finaliz\u00f3 con un gran remate de Becker, sin encontrar porter\u00eda por la gran intervenci\u00f3n de Hein evitando que la Real Sociedad se marchase con ventaja al descanso.<\/p>\n<figure style=\"width: 4096px\" class=\"wp-caption alignnone\"><img loading=\"lazy\" decoding=\"async\" src=\"https:\/\/pbs.twimg.com\/media\/GYACt_-W4AAYRsl?format=jpg&amp;name=4096x4096\" alt=\"Image\" width=\"4096\" height=\"2304\" \/><figcaption class=\"wp-caption-text\">Jugador de la Real Sociedad. Fuente: \u00abX\u00bb<\/figcaption><\/figure>\n<h4>Segunda parte<\/h4>\n<p>El encuentro se reanud\u00f3 con el mismo juego antes del descanso, destacando<strong> varias ocasiones del Real Valladolid<\/strong> sin encontrar porter\u00eda rival. No obstante, los de Imanol no dejaba de insistir en la b\u00fasqueda del gol a pesar de las numerosas llegadas de los blanquivioletas, la<strong> gran oportunidad para los txuri-undin<\/strong> vino en el <strong>minuto 68&#8242;<\/strong> tras el remate <strong>de Zubimendi<\/strong> que el colegiado <strong>anul\u00f3 por fuera de juego.<\/strong><\/p>\n<p>Los minutos restantes el Real Valladolid continuaban con sus ocasiones claras de gol con el objetivo de mantener los tres puntos en casa, Latasa tuvo la mayor oportunidad al final del partido tras un remate que se fue por encima del larguero terminando el partido <strong>con un 0-0, dejando ambos equipos en las puertas del descenso con cinco puntos.<\/strong><\/p>\n<p><img decoding=\"async\" src=\"https:\/\/pbs.twimg.com\/media\/GYAOJ_8WMAAym7g?format=jpg&amp;name=4096x4096\" alt=\"Imagen\" \/><\/p>\n<h4>Ficha t\u00e9cnica<\/h4>\n<p><strong>Real Valladolid:\u00a0<\/strong>Hein; Lucas Rosa; Cenk(13&#8242; Torres); Juma Bah(77&#8242; C\u00d6mert); Luis P\u00e9rez; V\u00edctor Meseguer; Juric; Ra\u00fal Moro(77&#8242; Mamadou); Amallah; Mach\u00eds(60&#8242; Iv\u00e1n S\u00e1nchez); Juan Latasa<\/p>\n<p><strong>Real Sociedad:<\/strong> Remiro; Sergio G\u00f3mez; Aguerd(80&#8217;Pacheco); Zubeldia; Jon Aramburu; Be\u00f1at Turrientes; Mart\u00edn Zubimendi; Luka Sucic(60&#8242; Jon Ander) ; \u00d3skarsson(60&#8242; Oyarzabal); Becker; Take Kubo(80&#8242; Sadiq)<\/p>\n<p><strong>Tarjetas amarillas: Real Valladolid;\u00a0<\/strong>Juric, Latasa, Luis P\u00e9rez, Lucas Rosa<\/p>\n<p><strong>Real Sociedad:<\/strong> Zubimendi, Zubeldia, Jon Aramburu, Aguerd<\/p>\n<p>Colegiado del partido <strong>Cuadra Fern\u00e1ndez<\/strong><\/p>\n<p>Art\u00edculo realizado por Luc\u00eda Arroyo Torinos<\/p>\n","protected":false},"excerpt":{"rendered":"<p>Un 0-0 que se mantiene en la zona del descenso La Real Sociedad llegaba el estadio Jos\u00e9 Zorrilla con necesidad de obtener los tres puntos ante el Real Valladolid. Los&hellip; <\/p>\n","protected":false},"author":4,"featured_media":31361,"comment_status":"open","ping_status":"open","sticky":false,"template":"","format":"standard","meta":{"om_disable_all_campaigns":false,"_monsterinsights_skip_tracking":false,"_monsterinsights_sitenote_active":false,"_monsterinsights_sitenote_note":"","_monsterinsights_sitenote_category":0,"_uf_show_specific_survey":0,"_uf_disable_surveys":false,"footnotes":""},"categories":[47,46,2850],"tags":[503,2353,115,123],"class_list":["post-31345","post","type-post","status-publish","format-standard","has-post-thumbnail","hentry","category-futbol-espanol","category-laliga-ea-sports","category-real-valladolid","tag-estadio-jose-zorrilla","tag-la-liga-ea-sport","tag-real-sociedad","tag-real-valladolid"],"aioseo_notices":[],"_links":{"self":[{"href":"https:\/\/agentelibredigital.com\/index.php\/wp-json\/wp\/v2\/posts\/31345","targetHints":{"allow":["GET"]}}],"collection":[{"href":"https:\/\/agentelibredigital.com\/index.php\/wp-json\/wp\/v2\/posts"}],"about":[{"href":"https:\/\/agentelibredigital.com\/index.php\/wp-json\/wp\/v2\/types\/post"}],"author":[{"embeddable":true,"href":"https:\/\/agentelibredigital.com\/index.php\/wp-json\/wp\/v2\/users\/4"}],"replies":[{"embeddable":true,"href":"https:\/\/agentelibredigital.com\/index.php\/wp-json\/wp\/v2\/comments?post=31345"}],"version-history":[{"count":1,"href":"https:\/\/agentelibredigital.com\/index.php\/wp-json\/wp\/v2\/posts\/31345\/revisions"}],"predecessor-version":[{"id":31362,"href":"https:\/\/agentelibredigital.com\/index.php\/wp-json\/wp\/v2\/posts\/31345\/revisions\/31362"}],"wp:featuredmedia":[{"embeddable":true,"href":"https:\/\/agentelibredigital.com\/index.php\/wp-json\/wp\/v2\/media\/31361"}],"wp:attachment":[{"href":"https:\/\/agentelibredigital.com\/index.php\/wp-json\/wp\/v2\/media?parent=31345"}],"wp:term":[{"taxonomy":"category","embeddable":true,"href":"https:\/\/agentelibredigital.com\/index.php\/wp-json\/wp\/v2\/categories?post=31345"},{"taxonomy":"post_tag","embeddable":true,"href":"https:\/\/agentelibredigital.com\/index.php\/wp-json\/wp\/v2\/tags?post=31345"}],"curies":[{"name":"wp","href":"https:\/\/api.w.org\/{rel}","templated":true}]}}