{"id":2804,"date":"2023-11-24T01:20:28","date_gmt":"2023-11-24T00:20:28","guid":{"rendered":"https:\/\/agentelibredigital.com\/?p=2804"},"modified":"2023-11-24T01:20:28","modified_gmt":"2023-11-24T00:20:28","slug":"previa-deportivo-alaves-granada-cf-una-victoria-esencial-para-la-salvacion","status":"publish","type":"post","link":"https:\/\/agentelibredigital.com\/index.php\/2023\/11\/24\/previa-deportivo-alaves-granada-cf-una-victoria-esencial-para-la-salvacion\/","title":{"rendered":"Previa Deportivo Alav\u00e9s &#8211; Granada CF: una victoria esencial para la salvaci\u00f3n"},"content":{"rendered":"<p>El pr\u00f3ximo <strong>viernes 23 de noviembre a las 21:00<\/strong> se disputar\u00e1 el <strong>primer partido de la jornada 14 de la <a href=\"https:\/\/agentelibredigital.com\/index.php\/category\/laliga-ea-sports\/\">Liga EA Sports<\/a><\/strong>. El encuentro enfrentar\u00e1 al <strong><a href=\"https:\/\/agentelibredigital.com\/index.php\/category\/alaves\/\">Deportivo Alav\u00e9s\u00a0<\/a> y al <a href=\"https:\/\/agentelibredigital.com\/index.php\/category\/granada\/\">Granada CF<\/a><\/strong>, donde el equipo nazar\u00ed viajar\u00e1 hasta Vitoria, al <strong>Estadio de Mendizorroza<\/strong>. El choque se podr\u00e1 ver en <strong>Movistar +<\/strong>\u00a0 y estar\u00e1 dirigido por el colegiado del Comit\u00e9 de \u00c1rbitros de Castilla la Mancha, <strong>Javier Alberola Rojas<\/strong>. Ambos conjuntos se sit\u00faan en la <strong>parte inferior de la tabla<\/strong> y necesitan esos tres puntos para seguir en el camino de la salvaci\u00f3n.<\/p>\n<p>El encuentro ser\u00e1 muy interesante por lo importante que fue este duelo en la temporada pasada. Los dos equipos se jugaban el ascenso directo que finalmente conseguir\u00edan los de Paco L\u00f3pez.<\/p>\n<h2>\u00bfC\u00f3mo llegan los equipos?<\/h2>\n<p>El Alav\u00e9s llega a este partido <strong>tras haberse enfrentado antes del par\u00f3n de selecciones al <a href=\"https:\/\/agentelibredigital.com\/index.php\/category\/fc-barcelona\/\">FC Barcelona<\/a><\/strong>. El encuentro comenz\u00f3 muy bien para los de Garc\u00eda Plaza, antes del primer minuto, <strong>Samu Omorodion firmaba el primero del partido<\/strong> y el segundo gol m\u00e1s r\u00e1pido de la temporada , con la coincidencia de que el primero fuese el de Bryan Zaragoza tambi\u00e9n al equipo catal\u00e1n. Aun as\u00ed los vascos no supieron aguantar el resultado y el <strong>FC Barcelona acab\u00f3 metiendo dos goles y por tanto ganando<\/strong>.<\/p>\n<blockquote class=\"twitter-tweet\" data-width=\"550\" data-dnt=\"true\">\n<p lang=\"es\" dir=\"ltr\">\ud83d\uddd2\ufe0f \ud835\udc02\ud835\udc28\ud835\udc27\ud835\udc2f\ud835\udc28\ud835\udc1c\ud835\udc1a\ud835\udc2d\ud835\udc28\ud835\udc2b\ud835\udc22\ud835\udc1a<\/p>\n<p>La lista de <a href=\"https:\/\/twitter.com\/LuisGarciaPlaza?ref_src=twsrc%5Etfw\">@LuisGarciaPlaza<\/a> para el <a href=\"https:\/\/twitter.com\/hashtag\/Alav%C3%A9sGranada?src=hash&amp;ref_src=twsrc%5Etfw\">#Alav\u00e9sGranada<\/a> \u2694\ufe0f<a href=\"https:\/\/twitter.com\/hashtag\/LALIGAEASPORTS?src=hash&amp;ref_src=twsrc%5Etfw\">#LALIGAEASPORTS<\/a> | <a href=\"https:\/\/twitter.com\/hashtag\/GoazenGlorioso?src=hash&amp;ref_src=twsrc%5Etfw\">#GoazenGlorioso<\/a> \u26aa\ufe0f\ud83d\udd35 <a href=\"https:\/\/t.co\/iTQTZXfhca\">pic.twitter.com\/iTQTZXfhca<\/a><\/p>\n<p>&mdash; Deportivo Alav\u00e9s (@Alaves) <a href=\"https:\/\/twitter.com\/Alaves\/status\/1727681152763199875?ref_src=twsrc%5Etfw\">November 23, 2023<\/a><\/p><\/blockquote>\n<p><script async src=\"https:\/\/platform.twitter.com\/widgets.js\" charset=\"utf-8\"><\/script><\/p>\n<p>Con esa derrota, el <strong>Alav\u00e9s suma siete y tan solo 12 puntos<\/strong>, por lo que ganar estos tres es una prioridad. A pesar de ello, se posiciona en el<strong> puesto 15 de la tabla y le separan 5 puntos del descenso<\/strong>. Al contrario que el Granada que s\u00ed que est\u00e1 en puestos de descenso tan solo superando a la UD Almer\u00eda que lidera la tabla por la cola.<\/p>\n<p>En el \u00faltimo encuentro de los de Paco L\u00f3pez, los <strong>goles tambi\u00e9n llegaron muy pronto<\/strong>, pero esta vez por parte del equipo rival, por parte del Getafe. Aunque s\u00ed que pudieron<strong> rascar un punto con un gol en el descuento de la primera mitad de Gonzalo Villar.<\/strong> Un partido que empez\u00f3 con protesta por parte de la afici\u00f3n sacando tarjeta roja a la mala actuaci\u00f3n arbitral que llevan acarreando durante las anteriores jornadas. Por eso el Granada, que lo est\u00e1 intentando y tiene muchas oportunidades, <strong>necesita m\u00e1s que nunca conseguir una victoria<\/strong>.<\/p>\n<h2>Historial entre ambos equipos<\/h2>\n<p>Ambos conjuntos se conocen bien ya que el a\u00f1o pasado fueron <strong>rivales directos en la Segunda Divisi\u00f3n Espa\u00f1ola<\/strong>, adem\u00e1s son dos equipos con un nivel econ\u00f3mico muy parecido lo que hace que est\u00e9n en una lucha constante. El balance de victorias en los 20 encuentros que han disputado es positivo para<strong> el Granada CF sumando 10 victorias, 5 derrotas y 5 empates<\/strong>.<\/p>\n<p>El <strong>\u00faltimo partido<\/strong> fue en esa pelea por el ascenso a la Liga EA Sports, el 5 de mayo de 2023. Un encuentro que <strong>qued\u00f3 en tablas con un gol de cada equipo<\/strong>. Fue en la etapa final de la temporada lo que conllevo mucha emoci\u00f3n y mucha implicaci\u00f3n tanto de la afici\u00f3n del Alav\u00e9s que fue a ver a su equipo a su estadio como de los granadinos que se desplazaron a Vitoria que fueron m\u00e1s de 400.<\/p>\n<h2>Declaraciones de Luis Garc\u00eda Plaza y Paco L\u00f3pez<\/h2>\n<p>El <strong>entrenador del Deportivo Alav\u00e9s, Luis Garc\u00eda Plaza<\/strong> ha comparecido en rueda de prensa donde ha hablado del Granada: \u00abDespu\u00e9s de los seis primeros, es el equipo m\u00e1s goleador. Van a venir con todo, <strong>es muy partido muy exigente<\/strong>\u00ab. Tambi\u00e9n ha querido destacar la importancia de ganar estos tres puntos porque le recortar\u00edan ocho al equipo nazar\u00ed. \u00abNos da algo diferente a los otros delanteros, va a ser un gran jugador pero tiene que ir creciendo poco a poco\u00bb, comenta sobre Samu Omorodion, jugador que a principio de temporada formaba parte del club rojiblanco y ahora del Alav\u00e9s.<\/p>\n<p>Por su parte <strong>Paco L\u00f3pez<\/strong> tambi\u00e9n ha elogiado al Alav\u00e9s: \u00abTiene una banda derecha nueva respecto al a\u00f1o pasado y de un gran rendimiento, un alt\u00edsimo nivel de medio centros y arriba est\u00e1n Kike y a un jugador que era nuestro y ahora es de ellos\u00bb. Con respecto a sus jugadores ha declarado lo que repite en cada partido: \u00ab<strong> Cada vez estamos m\u00e1s cerca de ganar, y tiene que llegar, el vestuario lo merece<\/strong>\u00ab.<\/p>\n<blockquote class=\"twitter-tweet\" data-width=\"550\" data-dnt=\"true\">\n<p lang=\"es\" dir=\"ltr\">\ud83d\udd34 \ud83c\udd53\ud83c\udd58\ud83c\udd61\ud83c\udd54\ud83c\udd52\ud83c\udd63\ud83c\udd5e || Rueda de prensa de Paco L\u00f3pez previa al <a href=\"https:\/\/twitter.com\/hashtag\/Alav%C3%A9sGranada?src=hash&amp;ref_src=twsrc%5Etfw\">#Alav\u00e9sGranada<\/a>.<a href=\"https:\/\/twitter.com\/hashtag\/%F0%9D%99%80%F0%9D%99%A9%F0%9D%99%9A%F0%9D%99%A7%F0%9D%99%A3%F0%9D%99%96%F0%9D%99%87%F0%9D%99%AA%F0%9D%99%98%F0%9D%99%9D%F0%9D%99%96?src=hash&amp;ref_src=twsrc%5Etfw\">#\ud835\ude40\ud835\ude69\ud835\ude5a\ud835\ude67\ud835\ude63\ud835\ude56\ud835\ude47\ud835\ude6a\ud835\ude58\ud835\ude5d\ud835\ude56<\/a> \ud83c\udde6\ud83c\uddf9<\/p>\n<p>&mdash; Granada CF \u2764\ufe0f\u26aa\ufe0f (@GranadaCF) <a href=\"https:\/\/twitter.com\/GranadaCF\/status\/1727724046555427046?ref_src=twsrc%5Etfw\">November 23, 2023<\/a><\/p><\/blockquote>\n<p><script async src=\"https:\/\/platform.twitter.com\/widgets.js\" charset=\"utf-8\"><\/script><\/p>\n<h2>\u00c1rbitro<\/h2>\n<p>El encargado de dirigir el encuentro ser\u00e1 el colegiado del Comit\u00e9 de \u00c1rbitros de Castilla La Mancha, <strong>Javier Alberola Rojas<\/strong>. Con \u00e9l a los mandos <strong>los rojiblancos han ganado m\u00e1s partidos de los que han perdido o empatado<\/strong>. La \u00faltima victoria la consiguieron en la temporada 2021\/2022 precisamente ante el Alav\u00e9s en &#8216;Los C\u00e1rmenes&#8217; con dos goles a uno. En la sala VAR para ayudar al primer \u00e1rbitro estar\u00e1 <strong>Santiago Jaime Latre<\/strong>.<\/p>\n<h2>Posibles alineaciones<\/h2>\n<p><strong>Deportivo Alav\u00e9s:<\/strong> Sivera, Gorosabel, Abqar, Rafa Mar\u00edn, Rub\u00e9n Duarte Javi L\u00f3pez, Guevara, Antonio Blanco Guridi, Luis Rioja y Samu Omorodion.<\/p>\n<p><strong>Granada CF<\/strong>: Andr\u00e9 Ferreira, Ricard S\u00e1nchez, Torrente, Ignasi Miquel, Carlos Neva, Gonzalo Villar, Melendo, Callej\u00f3n, Uzuni y Lucas Boy\u00e9.<\/p>\n","protected":false},"excerpt":{"rendered":"<p>El pr\u00f3ximo viernes 23 de noviembre a las 21:00 se disputar\u00e1 el primer partido de la jornada 14 de la Liga EA Sports. El encuentro enfrentar\u00e1 al Deportivo Alav\u00e9s\u00a0 y&hellip; <\/p>\n","protected":false},"author":89,"featured_media":2843,"comment_status":"open","ping_status":"open","sticky":false,"template":"","format":"standard","meta":{"om_disable_all_campaigns":false,"_monsterinsights_skip_tracking":false,"_monsterinsights_sitenote_active":false,"_monsterinsights_sitenote_note":"","_monsterinsights_sitenote_category":0,"_uf_show_specific_survey":0,"_uf_disable_surveys":false,"footnotes":""},"categories":[27,1,29,46],"tags":[631,420,603,632,207,268],"class_list":["post-2804","post","type-post","status-publish","format-standard","has-post-thumbnail","hentry","category-alaves","category-blog","category-granada","category-laliga-ea-sports","tag-alaves","tag-granada-cf","tag-liga-ea-sports","tag-luis-garcia-plaza","tag-paco-lopez","tag-previa"],"aioseo_notices":[],"_links":{"self":[{"href":"https:\/\/agentelibredigital.com\/index.php\/wp-json\/wp\/v2\/posts\/2804","targetHints":{"allow":["GET"]}}],"collection":[{"href":"https:\/\/agentelibredigital.com\/index.php\/wp-json\/wp\/v2\/posts"}],"about":[{"href":"https:\/\/agentelibredigital.com\/index.php\/wp-json\/wp\/v2\/types\/post"}],"author":[{"embeddable":true,"href":"https:\/\/agentelibredigital.com\/index.php\/wp-json\/wp\/v2\/users\/89"}],"replies":[{"embeddable":true,"href":"https:\/\/agentelibredigital.com\/index.php\/wp-json\/wp\/v2\/comments?post=2804"}],"version-history":[{"count":1,"href":"https:\/\/agentelibredigital.com\/index.php\/wp-json\/wp\/v2\/posts\/2804\/revisions"}],"predecessor-version":[{"id":2844,"href":"https:\/\/agentelibredigital.com\/index.php\/wp-json\/wp\/v2\/posts\/2804\/revisions\/2844"}],"wp:featuredmedia":[{"embeddable":true,"href":"https:\/\/agentelibredigital.com\/index.php\/wp-json\/wp\/v2\/media\/2843"}],"wp:attachment":[{"href":"https:\/\/agentelibredigital.com\/index.php\/wp-json\/wp\/v2\/media?parent=2804"}],"wp:term":[{"taxonomy":"category","embeddable":true,"href":"https:\/\/agentelibredigital.com\/index.php\/wp-json\/wp\/v2\/categories?post=2804"},{"taxonomy":"post_tag","embeddable":true,"href":"https:\/\/agentelibredigital.com\/index.php\/wp-json\/wp\/v2\/tags?post=2804"}],"curies":[{"name":"wp","href":"https:\/\/api.w.org\/{rel}","templated":true}]}}