{"id":26175,"date":"2024-07-09T17:46:00","date_gmt":"2024-07-09T15:46:00","guid":{"rendered":"https:\/\/agentelibredigital.com\/?p=26175"},"modified":"2024-07-09T17:46:00","modified_gmt":"2024-07-09T15:46:00","slug":"osasuna-promesas-ficha-a-arroyo","status":"publish","type":"post","link":"https:\/\/agentelibredigital.com\/index.php\/2024\/07\/09\/osasuna-promesas-ficha-a-arroyo\/","title":{"rendered":"Osasuna Promesas ficha a Arroyo"},"content":{"rendered":"<h4>El futbolista vallisoletano llega a Osasuna para reforzar el ataque del filial rojillo y seguir creciendo. El polivalente atacante buscar\u00e1 seguir creciendo en Pamplona y poder hacerse un hueco en los planes del primer equipo<\/h4>\n<p><strong>Roberto Arroyo llega al Osasuna Promesas para reforzar su ataque.<\/strong> El jugador vallisoletano abandona el club de su ciudad, en el que no pudo triunfar, para intentar seguir creciendo en tierras Navarras. Arroyo <strong>llega a la entidad rojilla tras un a\u00f1o cedido en el Ibiza<\/strong>, donde no ha tenido el protagonismo esperado. El joven jugador ha firmado un <strong>contrato por 2 temporadas con el <a href=\"https:\/\/agentelibredigital.com\/?s=Osasuna\">Osasuna<\/a><\/strong>, con <strong>opci\u00f3n a ser ampliado otras 2 campa\u00f1as<\/strong> m\u00e1s de forma unilateral.<\/p>\n<h2>Arroyo un extremo con mucho gol<\/h2>\n<figure id=\"attachment_26182\" aria-describedby=\"caption-attachment-26182\" style=\"width: 900px\" class=\"wp-caption aligncenter\"><img loading=\"lazy\" decoding=\"async\" class=\"wp-image-26182 size-full\" src=\"https:\/\/agentelibredigital.com\/wp-content\/uploads\/2024\/07\/GRJpKZqXkAAmb-Q.jpeg\" alt=\"Arroyo\" width=\"900\" height=\"600\" srcset=\"https:\/\/agentelibredigital.com\/wp-content\/uploads\/2024\/07\/GRJpKZqXkAAmb-Q.jpeg 900w, https:\/\/agentelibredigital.com\/wp-content\/uploads\/2024\/07\/GRJpKZqXkAAmb-Q-300x200.jpeg 300w, https:\/\/agentelibredigital.com\/wp-content\/uploads\/2024\/07\/GRJpKZqXkAAmb-Q-768x512.jpeg 768w\" sizes=\"auto, (max-width: 900px) 100vw, 900px\" \/><figcaption id=\"caption-attachment-26182\" class=\"wp-caption-text\">Arroyo agradece el apoyo de la afici\u00f3n ibicenca. Fuente @ibizaud<\/figcaption><\/figure>\n<p>El joven vallisoletano es un <strong>jugador habilidoso y con mucho olfato de cara a puerta.<\/strong> La posici\u00f3n de <a href=\"https:\/\/agentelibredigital.com\/?s=Roberto+Arroyo\">Roberto Arroyo<\/a> es <strong>partiendo desde la banda derecha<\/strong>, aunque tambi\u00e9n puede jugar por la izquierda y en punta. Sus inicios en el f\u00fatbol semiprofesional se dieron en la temporada 21\/22, siendo una <strong>pieza importante del filial blanquivioleta.<\/strong> En esa temporada disput\u00f3 <strong>1922 minutos, repartidos en 33 partidos.<\/strong> En esos encuentros vio 8 amarillas, reparti\u00f3<strong> 5 asistencias y anot\u00f3 4 goles.<\/strong> La segunda temporada en el filial fue mejor y tuvo un papel importante para guiar a su club rumbo a los play-offs de ascenso a <a href=\"https:\/\/agentelibredigital.com\/?s=Primera+Rfef\">Primera RFEF<\/a>. En los <strong>27 encuentros<\/strong> que disput\u00f3,<strong> acumul\u00f3 2205 minutos y dej\u00f3 un total de 7 goles y 4 asistencias.<\/strong> Sus buenos n\u00fameros hicieron que <strong>debutase en Copa y en Liga<\/strong> disputando 2 partidos con el primer equipo, y un total de 17 minutos. Su buen rendimiento y el fallido intento de ascenso del club a Primera Rfef hicieron que el club le buscase una salida a una categor\u00eda superior. <strong>Arroyo recalaba cedido en el <a href=\"https:\/\/agentelibredigital.com\/?s=Ibiza\">Ibiza<\/a>,<\/strong> donde no tuvo demasiado protagonismo y era un suplente. Pese a ello <strong>jug\u00f3 algo m\u00e1s de mil minutos y logr\u00f3 anotar 3 goles.<\/strong><\/p>\n<p>Ahora al jugador vallisoletano le toca ponerse las pilas en lo deportivo y dejar los l\u00edos extradeportivos para poder intentar triunfar en Pamplona.<\/p>\n<p>Noticia redactada por <a href=\"https:\/\/x.com\/Mario_casant\">Mario Casado<\/a><\/p>\n","protected":false},"excerpt":{"rendered":"<p>El futbolista vallisoletano llega a Osasuna para reforzar el ataque del filial rojillo y seguir creciendo. El polivalente atacante buscar\u00e1 seguir creciendo en Pamplona y poder hacerse un hueco en&hellip; <\/p>\n","protected":false},"author":58,"featured_media":26181,"comment_status":"open","ping_status":"open","sticky":false,"template":"","format":"standard","meta":{"om_disable_all_campaigns":false,"_monsterinsights_skip_tracking":false,"_monsterinsights_sitenote_active":false,"_monsterinsights_sitenote_note":"","_monsterinsights_sitenote_category":0,"_uf_show_specific_survey":0,"_uf_disable_surveys":false,"footnotes":""},"categories":[7,47,46,22],"tags":[334,211,123,2787],"class_list":["post-26175","post","type-post","status-publish","format-standard","has-post-thumbnail","hentry","category-1a-rfef","category-futbol-espanol","category-laliga-ea-sports","category-osasuna","tag-ibiza","tag-osasuna","tag-real-valladolid","tag-roberto-arroyo"],"aioseo_notices":[],"_links":{"self":[{"href":"https:\/\/agentelibredigital.com\/index.php\/wp-json\/wp\/v2\/posts\/26175","targetHints":{"allow":["GET"]}}],"collection":[{"href":"https:\/\/agentelibredigital.com\/index.php\/wp-json\/wp\/v2\/posts"}],"about":[{"href":"https:\/\/agentelibredigital.com\/index.php\/wp-json\/wp\/v2\/types\/post"}],"author":[{"embeddable":true,"href":"https:\/\/agentelibredigital.com\/index.php\/wp-json\/wp\/v2\/users\/58"}],"replies":[{"embeddable":true,"href":"https:\/\/agentelibredigital.com\/index.php\/wp-json\/wp\/v2\/comments?post=26175"}],"version-history":[{"count":1,"href":"https:\/\/agentelibredigital.com\/index.php\/wp-json\/wp\/v2\/posts\/26175\/revisions"}],"predecessor-version":[{"id":26183,"href":"https:\/\/agentelibredigital.com\/index.php\/wp-json\/wp\/v2\/posts\/26175\/revisions\/26183"}],"wp:featuredmedia":[{"embeddable":true,"href":"https:\/\/agentelibredigital.com\/index.php\/wp-json\/wp\/v2\/media\/26181"}],"wp:attachment":[{"href":"https:\/\/agentelibredigital.com\/index.php\/wp-json\/wp\/v2\/media?parent=26175"}],"wp:term":[{"taxonomy":"category","embeddable":true,"href":"https:\/\/agentelibredigital.com\/index.php\/wp-json\/wp\/v2\/categories?post=26175"},{"taxonomy":"post_tag","embeddable":true,"href":"https:\/\/agentelibredigital.com\/index.php\/wp-json\/wp\/v2\/tags?post=26175"}],"curies":[{"name":"wp","href":"https:\/\/api.w.org\/{rel}","templated":true}]}}