{"id":25789,"date":"2024-07-05T14:00:13","date_gmt":"2024-07-05T12:00:13","guid":{"rendered":"https:\/\/agentelibredigital.com\/?p=25789"},"modified":"2024-07-05T14:02:44","modified_gmt":"2024-07-05T12:02:44","slug":"cristian-rivero-completa-la-porteria-del-albacete-balompie","status":"publish","type":"post","link":"https:\/\/agentelibredigital.com\/index.php\/2024\/07\/05\/cristian-rivero-completa-la-porteria-del-albacete-balompie\/","title":{"rendered":"Cristian Rivero completa la porter\u00eda del Albacete Balompi\u00e9"},"content":{"rendered":"<h4>El guardameta llega al Carlos Belmonte en busca de minutos en el f\u00fatbol profesional<\/h4>\n<p>Hace una semana, el <a href=\"https:\/\/agentelibredigital.com\/?s=albacete\"><strong>Albacete<\/strong><\/a> no ten\u00eda ning\u00fan portero en n\u00f3mina. Desde hace un instante, tiene dos. Tras la contrataci\u00f3n anunciada hace unos d\u00edas de <strong>Ra\u00fal Lizoain<\/strong>, el cuadro manchego acaba de hacer oficial la llegada en forma de cesi\u00f3n &#8211;<strong>con opci\u00f3n de compr<\/strong>a- de <strong>Cristian Rivero<\/strong>. El de Gand\u00eda, a sus 26 a\u00f1os, <strong>ha renovado dos a\u00f1os m\u00e1s con el Valencia CF<\/strong>. El primero de ellos lo pasar\u00e1 en Albacete para tratar de contar en <a href=\"https:\/\/www.laliga.com\/laliga-hypermotion\"><strong>Segunda Divisi\u00f3n<\/strong><\/a> con la continuidad de partidos que no ha tenido en ning\u00fan momento de su carrera profesional.<\/p>\n<p>A pesar de llevar varias temporadas en din\u00e1mica de primer equipo, Rivero no consigui\u00f3 debutar con el club che hasta la temporada pasada. Con Mamardashvili sancionado, Jaume fue titular ante el Alav\u00e9s pero se lesion\u00f3, por lo que el nuevo portero albacetista goz\u00f3 sus primeros minutos en el f\u00fatbol profesional.<\/p>\n<figure style=\"width: 1920px\" class=\"wp-caption aligncenter\"><img loading=\"lazy\" decoding=\"async\" src=\"https:\/\/www.valenciacf.com\/public\/Image\/2024\/5\/20240505megarivero001_Apaisada.jpg\" alt=\"\" width=\"1920\" height=\"1080\" \/><figcaption class=\"wp-caption-text\">Cristian Rivero en su debut en LALIGA EA Sports. Fuente: Valencia CF.<\/figcaption><\/figure>\n<p>Su contrat\u00f3 finaliz\u00f3 el 30 de junio y, mientras que desde la directiva se dudaba acerca de su continuidad, <strong>Rub\u00e9n Baraja<\/strong> lo tuvo claro y apost\u00f3 por \u00e9l. El t\u00e9cnico ha visto con buenos ojos una cesi\u00f3n esta temporada para regresar a Mestalla la temporada que viene y pelear por la porter\u00eda valencianista.<\/p>\n<h2>Duro contrincante en la porter\u00eda del Alba<\/h2>\n<p>Cristian Rivero no llega al Albacete Balompi\u00e9 con el puesto de guardameta titular asegurado. <strong>Su competencia ser\u00e1 Ra\u00fal Lizoain<\/strong>, que parece partir con ventaja debido a su experiencia. El portero canario lleva a sus espaldas 14 temporadas y m\u00e1s de 200 partidos en el f\u00fatbol profesional tanto en Primera como en Segunda Divisi\u00f3n. La temporada pasada lleg\u00f3 al FC Cartagena en enero y fue clave para conseguir la salvaci\u00f3n del Efes\u00e9. Claramente, tiene m\u00e1s experiencia que Rivero. Sin embargo, <strong>Alberto Gonz\u00e1lez tendr\u00e1 la \u00faltima palabra<\/strong> para decidir qui\u00e9n es el nuevo encargado principal de echar el cerrojo a la porter\u00eda del Albacete.<\/p>\n","protected":false},"excerpt":{"rendered":"<p>El guardameta llega al Carlos Belmonte en busca de minutos en el f\u00fatbol profesional Hace una semana, el Albacete no ten\u00eda ning\u00fan portero en n\u00f3mina. Desde hace un instante, tiene&hellip; <\/p>\n","protected":false},"author":132,"featured_media":25798,"comment_status":"open","ping_status":"open","sticky":false,"template":"","format":"standard","meta":{"om_disable_all_campaigns":false,"_monsterinsights_skip_tracking":false,"_monsterinsights_sitenote_active":false,"_monsterinsights_sitenote_note":"","_monsterinsights_sitenote_category":0,"_uf_show_specific_survey":0,"_uf_disable_surveys":false,"footnotes":""},"categories":[47,46,8,19],"tags":[571,106,101,126],"class_list":["post-25789","post","type-post","status-publish","format-standard","has-post-thumbnail","hentry","category-futbol-espanol","category-laliga-ea-sports","category-laliga-hypermotion","category-valencia-cf","tag-albacete","tag-laliga-ea-sports","tag-laliga-hypermotion","tag-valencia-cf"],"aioseo_notices":[],"_links":{"self":[{"href":"https:\/\/agentelibredigital.com\/index.php\/wp-json\/wp\/v2\/posts\/25789","targetHints":{"allow":["GET"]}}],"collection":[{"href":"https:\/\/agentelibredigital.com\/index.php\/wp-json\/wp\/v2\/posts"}],"about":[{"href":"https:\/\/agentelibredigital.com\/index.php\/wp-json\/wp\/v2\/types\/post"}],"author":[{"embeddable":true,"href":"https:\/\/agentelibredigital.com\/index.php\/wp-json\/wp\/v2\/users\/132"}],"replies":[{"embeddable":true,"href":"https:\/\/agentelibredigital.com\/index.php\/wp-json\/wp\/v2\/comments?post=25789"}],"version-history":[{"count":3,"href":"https:\/\/agentelibredigital.com\/index.php\/wp-json\/wp\/v2\/posts\/25789\/revisions"}],"predecessor-version":[{"id":25801,"href":"https:\/\/agentelibredigital.com\/index.php\/wp-json\/wp\/v2\/posts\/25789\/revisions\/25801"}],"wp:featuredmedia":[{"embeddable":true,"href":"https:\/\/agentelibredigital.com\/index.php\/wp-json\/wp\/v2\/media\/25798"}],"wp:attachment":[{"href":"https:\/\/agentelibredigital.com\/index.php\/wp-json\/wp\/v2\/media?parent=25789"}],"wp:term":[{"taxonomy":"category","embeddable":true,"href":"https:\/\/agentelibredigital.com\/index.php\/wp-json\/wp\/v2\/categories?post=25789"},{"taxonomy":"post_tag","embeddable":true,"href":"https:\/\/agentelibredigital.com\/index.php\/wp-json\/wp\/v2\/tags?post=25789"}],"curies":[{"name":"wp","href":"https:\/\/api.w.org\/{rel}","templated":true}]}}