{"id":24336,"date":"2024-06-19T21:08:11","date_gmt":"2024-06-19T19:08:11","guid":{"rendered":"https:\/\/agentelibredigital.com\/?p=24336"},"modified":"2024-06-19T21:08:11","modified_gmt":"2024-06-19T19:08:11","slug":"luis-de-la-fuente-espana-e-italia-son-selecciones-hechas-para-competir","status":"publish","type":"post","link":"https:\/\/agentelibredigital.com\/index.php\/2024\/06\/19\/luis-de-la-fuente-espana-e-italia-son-selecciones-hechas-para-competir\/","title":{"rendered":"Luis de la Fuente: \u201cEspa\u00f1a e Italia son selecciones hechas para competir\u201d"},"content":{"rendered":"<h4>El seleccionador espa\u00f1ol, Luis de la Fuente, ha comparecido esta tarde ante los medios en la previa al partido frente a Italia que se disputar\u00e1 este jueves 20 de junio a las 21:00 horas en el estadio Arena Aufschalke. \u201cLa roja\u201d se juega el liderato del Grupo B frente a los de Spalletti para evitar a los \u201ccocos\u201d del resto de grupos de la Eurocopa<\/h4>\n<p>Luis de la Fuente comenz\u00f3 mostrando su aprobaci\u00f3n a todos los jugadores que participaron en el partido frente a <a href=\"https:\/\/agentelibredigital.com\/?s=Croacia\">Croacia<\/a>:<em> \u201c<strong>estoy muy contento con el rendimiento de los jugadores que participaron el otro d\u00eda<\/strong> y estoy tambi\u00e9n muy contento con el entrenamiento de los jugadores que no han participado pero pueden hacerlo en cualquier momento\u201d<\/em>.<\/p>\n<p>Adem\u00e1s, tambi\u00e9n ha destacado que \u201cla roja\u201d lo \u00fanico que piensa es en ganar, sin tener en cuenta factores externos:<em> \u201cpienso en el partido a partido, no sabemos si habr\u00e1 m\u00e1s partidos despu\u00e9s por eso <strong>salimos a ganar siempre y no nos vale un empate<\/strong>\u201d.<\/em> Por otro lado, tambi\u00e9n quiso ensalzar a su rival: <strong><em>\u201c<a href=\"https:\/\/agentelibredigital.com\/?s=Italia\">Italia<\/a> es un equipo en formaci\u00f3n, como nosotros, con gente joven. Me gusta mucho lo competitivos que son\u201d.<\/em><\/strong><\/p>\n<figure id=\"attachment_24339\" aria-describedby=\"caption-attachment-24339\" style=\"width: 2560px\" class=\"wp-caption alignnone\"><img loading=\"lazy\" decoding=\"async\" class=\"wp-image-24339 size-full\" src=\"https:\/\/agentelibredigital.com\/wp-content\/uploads\/2024\/06\/italy-v-spain-uefa-euro-2020-semi-final-2-scaled.jpeg\" alt=\"Luis de la Fuente\" width=\"2560\" height=\"1697\" srcset=\"https:\/\/agentelibredigital.com\/wp-content\/uploads\/2024\/06\/italy-v-spain-uefa-euro-2020-semi-final-2-scaled.jpeg 2560w, https:\/\/agentelibredigital.com\/wp-content\/uploads\/2024\/06\/italy-v-spain-uefa-euro-2020-semi-final-2-300x199.jpeg 300w, https:\/\/agentelibredigital.com\/wp-content\/uploads\/2024\/06\/italy-v-spain-uefa-euro-2020-semi-final-2-1024x679.jpeg 1024w, https:\/\/agentelibredigital.com\/wp-content\/uploads\/2024\/06\/italy-v-spain-uefa-euro-2020-semi-final-2-768x509.jpeg 768w, https:\/\/agentelibredigital.com\/wp-content\/uploads\/2024\/06\/italy-v-spain-uefa-euro-2020-semi-final-2-1536x1018.jpeg 1536w, https:\/\/agentelibredigital.com\/wp-content\/uploads\/2024\/06\/italy-v-spain-uefa-euro-2020-semi-final-2-2048x1357.jpeg 2048w\" sizes=\"auto, (max-width: 2560px) 100vw, 2560px\" \/><figcaption id=\"caption-attachment-24339\" class=\"wp-caption-text\">Semifinal Italia &#8211; Espa\u00f1a en la Eurocopa 2020. Fuente: Frank Augstein &#8211; Pool\/Getty Images<\/figcaption><\/figure>\n<p><strong>Luis de la Fuente explic\u00f3 el cambio que ha vivido la selecci\u00f3n espa\u00f1ola en su sistema de juego en los \u00faltimos a\u00f1os<\/strong>: <em>\u201cnosotros intentamos ser superiores a los rivales interpretando cada situaci\u00f3n de juego y creo que tenemos jugadores para poder jugar de diferente manera, esta es nuestra esencia\u201d. <\/em>Luis de la Fuente tambi\u00e9n habl\u00f3 de las sensaciones despu\u00e9s de su debut ante Croacia:<em> \u201c<strong>la sensaci\u00f3n que yo tuve fue muy buena<\/strong> pero lo m\u00e1s importante es que nos exig\u00eda seguir jugando y mejorando porque la competici\u00f3n y cada partido nos va a exigir jugar mejor\u201d.<\/em><\/p>\n<figure id=\"attachment_24340\" aria-describedby=\"caption-attachment-24340\" style=\"width: 2560px\" class=\"wp-caption alignnone\"><img loading=\"lazy\" decoding=\"async\" class=\"wp-image-24340 size-full\" src=\"https:\/\/agentelibredigital.com\/wp-content\/uploads\/2024\/06\/IMG_2432-1-scaled.jpeg\" alt=\"Luis de la Fuente\" width=\"2560\" height=\"1706\" srcset=\"https:\/\/agentelibredigital.com\/wp-content\/uploads\/2024\/06\/IMG_2432-1-scaled.jpeg 2560w, https:\/\/agentelibredigital.com\/wp-content\/uploads\/2024\/06\/IMG_2432-1-300x200.jpeg 300w, https:\/\/agentelibredigital.com\/wp-content\/uploads\/2024\/06\/IMG_2432-1-1024x683.jpeg 1024w, https:\/\/agentelibredigital.com\/wp-content\/uploads\/2024\/06\/IMG_2432-1-768x512.jpeg 768w, https:\/\/agentelibredigital.com\/wp-content\/uploads\/2024\/06\/IMG_2432-1-1536x1024.jpeg 1536w, https:\/\/agentelibredigital.com\/wp-content\/uploads\/2024\/06\/IMG_2432-1-2048x1365.jpeg 2048w\" sizes=\"auto, (max-width: 2560px) 100vw, 2560px\" \/><figcaption id=\"caption-attachment-24340\" class=\"wp-caption-text\">Celebraci\u00f3n gol de Carvajal frente a Croacia. Fuente: Julian Finney\/Getty Images<\/figcaption><\/figure>\n<p><a href=\"https:\/\/agentelibredigital.com\/?s=Luis+de+la+Fuente\">Luis de la Fuente<\/a> quiso tocar un tema que esta en auge en este momento, el valorar a la selecci\u00f3n espa\u00f1ola a d\u00eda de hoy: <em><strong>\u201creivindico dar valor a nuestros jugadores<\/strong>, por ejemplo Fabi\u00e1n es una estrella top mundial. De todas maneras <strong>es algo que siempre nos pasa a los espa\u00f1oles que siempre vemos mejor lo de fuera<\/strong>\u201d.<\/em><\/p>\n<p>Luis de la Fuente tambi\u00e9n fue preguntado por la rivalidad hist\u00f3rica que tiene con Italia: <em>\u201c<strong>es un cl\u00e1sico de todo tipo de competici\u00f3n y creo que es un partido que podr\u00eda ser una final<\/strong>. Son selecciones con grandes jugadores que parecen que est\u00e1n creadas para competir a este nivel\u201d. <\/em>De esta manera se puso fin a la rueda de prensa previa a un partido decisivo para la selecci\u00f3n espa\u00f1ola de cara a sus posibilidades de llegar lejos en esta <a href=\"https:\/\/agentelibredigital.com\/?s=Eurocopa\">Eurocopa<\/a>.<\/p>\n<p>&nbsp;<\/p>\n<p><a href=\"https:\/\/x.com\/paulabermu_\">Paula Berm\u00fadez<\/a><\/p>\n","protected":false},"excerpt":{"rendered":"<p>El seleccionador espa\u00f1ol, Luis de la Fuente, ha comparecido esta tarde ante los medios en la previa al partido frente a Italia que se disputar\u00e1 este jueves 20 de junio&hellip; <\/p>\n","protected":false},"author":161,"featured_media":24342,"comment_status":"open","ping_status":"open","sticky":false,"template":"","format":"standard","meta":{"om_disable_all_campaigns":false,"_monsterinsights_skip_tracking":false,"_monsterinsights_sitenote_active":false,"_monsterinsights_sitenote_note":"","_monsterinsights_sitenote_category":0,"_uf_show_specific_survey":0,"_uf_disable_surveys":false,"footnotes":""},"categories":[2382,47,11],"tags":[489,2488,218,269,337],"class_list":["post-24336","post","type-post","status-publish","format-standard","has-post-thumbnail","hentry","category-eurocopa-2024","category-futbol-espanol","category-la-roja","tag-espana","tag-eurocopa-2024","tag-futbol-espanol","tag-italia","tag-luis-de-la-fuente"],"aioseo_notices":[],"_links":{"self":[{"href":"https:\/\/agentelibredigital.com\/index.php\/wp-json\/wp\/v2\/posts\/24336","targetHints":{"allow":["GET"]}}],"collection":[{"href":"https:\/\/agentelibredigital.com\/index.php\/wp-json\/wp\/v2\/posts"}],"about":[{"href":"https:\/\/agentelibredigital.com\/index.php\/wp-json\/wp\/v2\/types\/post"}],"author":[{"embeddable":true,"href":"https:\/\/agentelibredigital.com\/index.php\/wp-json\/wp\/v2\/users\/161"}],"replies":[{"embeddable":true,"href":"https:\/\/agentelibredigital.com\/index.php\/wp-json\/wp\/v2\/comments?post=24336"}],"version-history":[{"count":1,"href":"https:\/\/agentelibredigital.com\/index.php\/wp-json\/wp\/v2\/posts\/24336\/revisions"}],"predecessor-version":[{"id":24343,"href":"https:\/\/agentelibredigital.com\/index.php\/wp-json\/wp\/v2\/posts\/24336\/revisions\/24343"}],"wp:featuredmedia":[{"embeddable":true,"href":"https:\/\/agentelibredigital.com\/index.php\/wp-json\/wp\/v2\/media\/24342"}],"wp:attachment":[{"href":"https:\/\/agentelibredigital.com\/index.php\/wp-json\/wp\/v2\/media?parent=24336"}],"wp:term":[{"taxonomy":"category","embeddable":true,"href":"https:\/\/agentelibredigital.com\/index.php\/wp-json\/wp\/v2\/categories?post=24336"},{"taxonomy":"post_tag","embeddable":true,"href":"https:\/\/agentelibredigital.com\/index.php\/wp-json\/wp\/v2\/tags?post=24336"}],"curies":[{"name":"wp","href":"https:\/\/api.w.org\/{rel}","templated":true}]}}