{"id":23541,"date":"2024-06-11T20:52:26","date_gmt":"2024-06-11T18:52:26","guid":{"rendered":"https:\/\/agentelibredigital.com\/?p=23541"},"modified":"2024-06-13T12:37:37","modified_gmt":"2024-06-13T10:37:37","slug":"brazhko-la-perla-de-ucrania","status":"publish","type":"post","link":"https:\/\/agentelibredigital.com\/index.php\/2024\/06\/11\/brazhko-la-perla-de-ucrania\/","title":{"rendered":"Brazhko, la perla de Ucrania"},"content":{"rendered":"<h4>El centrocampista ucraniano de 22 a\u00f1os se perfila como una de las futuras estrellas de la selecci\u00f3n de Ucrania que buscar\u00e1 el \u00e9xito<\/h4>\n<h2>Perfil de jugador<\/h2>\n<p>Volod\u00edmir <strong>Brazkho<\/strong> es sin duda una de las principales figuras de la escuadra del seleccionador <strong>Rebrov<\/strong>. Con tan solo 22 a\u00f1os, el centrocampista de <strong>1.84<\/strong> de altura irrumpe con fuerza tras realizar muy buenas <strong>aportaciones<\/strong> en las categor\u00edas inferiores como en la sub 18 o en la sub 21. M\u00e1s c\u00f3modo posicionado como <strong>pivote<\/strong>, cuenta con cualidades muy <strong>interesantes<\/strong> en el pase corto pero sobre todo, en <strong>desplazamientos<\/strong> en largo.<\/p>\n<p>En faceta <strong>ofensiva<\/strong>, en la selecci\u00f3n de <a href=\"https:\/\/uaf.ua\/\">Ucrania<\/a> y en una estructura habitual de 4-3-3, es frecuente ver a este jugador llevando el peso de los desplazamiento en largo <strong>buscando<\/strong> la espalda a la defensa rival. Por otro lado, es <strong>habitual<\/strong> verlo incrustado entre los <strong>centrales<\/strong> con intenci\u00f3n de jugar desde atr\u00e1s e ir progresando hasta campo <strong>contrario<\/strong>.<\/p>\n<figure style=\"width: 1620px\" class=\"wp-caption alignnone\"><img loading=\"lazy\" decoding=\"async\" src=\"https:\/\/pbs.twimg.com\/media\/F_eoPHlXEAA2bbt?format=jpg&amp;name=large\" alt=\"Image\" width=\"1620\" height=\"1080\" \/><figcaption class=\"wp-caption-text\">Brazhko celebrando un gol con la sub 21 de Ucrania. Fuente: <a href=\"https:\/\/uaf.ua\/\">Federaci\u00f3n Ucraniana de F\u00fatbol<\/a><\/figcaption><\/figure>\n<p>En cuanto a las caracter\u00edsticas <strong>defensivas<\/strong>, cuenta con una gran capacidad de <strong>posicionamiento<\/strong> defensiva y poder\u00edo de duelos <strong>a\u00e9reos<\/strong> fruto del 1.84 metros que <strong>abarca<\/strong>. Previsiblemente formar\u00e1 de inicio junto a <strong>Zinchenko<\/strong> y <a href=\"https:\/\/agentelibredigital.com\/index.php\/2024\/05\/31\/georgiy-sudakov-ante-una-oportunidad-de-oro-en-la-euro-2024\/\">Sudakov<\/a> formando una tripleta en el <strong>medio<\/strong> del campo muy <strong>interesante<\/strong> y sin duda, de mucho futuro.<\/p>\n<p>Brazhko es sin duda el relevo generacional del experimentado <strong>Stepanenko<\/strong>. Con 34 a\u00f1os, vivir\u00e1 su \u00faltima <a href=\"https:\/\/agentelibredigital.com\/index.php\/category\/eurocopa-2024\/\">Eurocopa<\/a> el jugador del <strong>Shakhtar<\/strong>.\u00a0Por ello, la figura de Brazkho se presume como el jugador <strong>referencia<\/strong> en los pr\u00f3ximos a\u00f1os como referencia <strong>ucraniana<\/strong>.<\/p>\n<h2>Trayectoria de clubes<\/h2>\n<p>Criado <strong>futbol\u00edsticamente<\/strong> en las filas de un grande de la liga ucraniana como lo es el <strong>D\u00ednamo<\/strong> de Kiev, Brazhko comenz\u00f3 a despuntar en la secci\u00f3n sub 19 del club de la <strong>capital<\/strong>. Tras llamar a las puertas del primer <strong>equipo<\/strong> en la temporada 21\/22, varios clubes de la 1\u00ba divisi\u00f3n <strong>ucraniana<\/strong> solicitaron el pr\u00e9stamo de la <strong>perla<\/strong> ucraniana.<\/p>\n<p>Fue finalmente el <strong>Zorya<\/strong>, uno de los equipos de mitad alta de tabla de la <strong>liga<\/strong>, qui\u00e9n se llev\u00f3 para la <strong>temporada<\/strong> 22\/23 a Brazhko para sus filas. Tras completar una temporada <strong>magn\u00edfica<\/strong>, el cuadro del Zorya consigui\u00f3 alcanzar una meritoria <strong>3\u00ba posici\u00f3n<\/strong> tras la estela del <strong>Dnipro<\/strong> y del gigante <strong>Shakhtar<\/strong>.<\/p>\n<p>Brazhko se convirti\u00f3 en pieza muy importante en los <strong>esquemas<\/strong> del entrenador Van Leeuwen. Con unos n\u00fameros espectaculares de 29 <strong>partidos<\/strong> jugados, 7 <strong>goles<\/strong> y 1 <strong>asistencia<\/strong>, la primera temporada de Brazhko llamaba la atenci\u00f3n el f\u00fatbol <strong>ucraniano<\/strong>.<\/p>\n<figure style=\"width: 2048px\" class=\"wp-caption alignnone\"><img loading=\"lazy\" decoding=\"async\" src=\"https:\/\/pbs.twimg.com\/media\/GKAqovbWQAADTtv?format=jpg&amp;name=large\" alt=\"Image\" width=\"2048\" height=\"1366\" \/><figcaption class=\"wp-caption-text\">Brazhko con su club en Ucrania. Fuente: <a href=\"https:\/\/fcdynamo.com\/\">Dynamo Kyiv<\/a><\/figcaption><\/figure>\n<p>Tras regresar de su <strong>cesi\u00f3n<\/strong>, el D\u00ednamo de Kiev contaba en su primera temporada con el <strong>centrocampista<\/strong> para esta temporada 23\/24. Tras finalizar en 2\u00ba <strong>posici\u00f3n<\/strong> y con una gran actuaci\u00f3n a nivel personal con 30 <strong>partidos<\/strong> disputados, 6 goles y 3 asistencias, Brazhko a mejorado sus <strong>n\u00fameros<\/strong> en su segunda temporada a nivel <strong>profesional<\/strong>.<\/p>\n<p>Esta trayectoria le ha servido para <strong>recibir<\/strong> la llamada del seleccionador como uno de los <strong>fijos<\/strong> dentro de la lista fija para disputar la <a href=\"https:\/\/es.uefa.com\/euro2024\/\">Eurocopa<\/a> 2024 en Alemania. Por tanto, el pivote se encuentra ante su gran oportunidad de demostrar al f\u00fatbol europeo de una de las perlas m\u00e1s interesantes en su posici\u00f3n. Con contrato hasta junio de 2028, el jugador del D\u00ednamo de Kiev cuenta con rumores de clubs de la <strong>Premier<\/strong> League para hacerse con sus servicios y un gran torneo podr\u00eda <strong>revalorizar<\/strong> al mediocentro.<\/p>\n","protected":false},"excerpt":{"rendered":"<p>El centrocampista ucraniano de 22 a\u00f1os se perfila como una de las futuras estrellas de la selecci\u00f3n de Ucrania que buscar\u00e1 el \u00e9xito Perfil de jugador Volod\u00edmir Brazkho es sin&hellip; <\/p>\n","protected":false},"author":52,"featured_media":23559,"comment_status":"open","ping_status":"open","sticky":false,"template":"","format":"standard","meta":{"om_disable_all_campaigns":false,"_monsterinsights_skip_tracking":false,"_monsterinsights_sitenote_active":false,"_monsterinsights_sitenote_note":"","_monsterinsights_sitenote_category":0,"_uf_show_specific_survey":0,"_uf_disable_surveys":false,"footnotes":""},"categories":[2382,48],"tags":[2587,2488,2483,2247],"class_list":["post-23541","post","type-post","status-publish","format-standard","has-post-thumbnail","hentry","category-eurocopa-2024","category-futbol-internacional","tag-brazhko","tag-eurocopa-2024","tag-grupo-e","tag-ucrania"],"aioseo_notices":[],"_links":{"self":[{"href":"https:\/\/agentelibredigital.com\/index.php\/wp-json\/wp\/v2\/posts\/23541","targetHints":{"allow":["GET"]}}],"collection":[{"href":"https:\/\/agentelibredigital.com\/index.php\/wp-json\/wp\/v2\/posts"}],"about":[{"href":"https:\/\/agentelibredigital.com\/index.php\/wp-json\/wp\/v2\/types\/post"}],"author":[{"embeddable":true,"href":"https:\/\/agentelibredigital.com\/index.php\/wp-json\/wp\/v2\/users\/52"}],"replies":[{"embeddable":true,"href":"https:\/\/agentelibredigital.com\/index.php\/wp-json\/wp\/v2\/comments?post=23541"}],"version-history":[{"count":6,"href":"https:\/\/agentelibredigital.com\/index.php\/wp-json\/wp\/v2\/posts\/23541\/revisions"}],"predecessor-version":[{"id":23765,"href":"https:\/\/agentelibredigital.com\/index.php\/wp-json\/wp\/v2\/posts\/23541\/revisions\/23765"}],"wp:featuredmedia":[{"embeddable":true,"href":"https:\/\/agentelibredigital.com\/index.php\/wp-json\/wp\/v2\/media\/23559"}],"wp:attachment":[{"href":"https:\/\/agentelibredigital.com\/index.php\/wp-json\/wp\/v2\/media?parent=23541"}],"wp:term":[{"taxonomy":"category","embeddable":true,"href":"https:\/\/agentelibredigital.com\/index.php\/wp-json\/wp\/v2\/categories?post=23541"},{"taxonomy":"post_tag","embeddable":true,"href":"https:\/\/agentelibredigital.com\/index.php\/wp-json\/wp\/v2\/tags?post=23541"}],"curies":[{"name":"wp","href":"https:\/\/api.w.org\/{rel}","templated":true}]}}