{"id":22712,"date":"2024-06-01T12:43:58","date_gmt":"2024-06-01T10:43:58","guid":{"rendered":"https:\/\/agentelibredigital.com\/?p=22712"},"modified":"2024-06-01T12:43:58","modified_gmt":"2024-06-01T10:43:58","slug":"puzle-en-la-defensa-valencianista","status":"publish","type":"post","link":"https:\/\/agentelibredigital.com\/index.php\/2024\/06\/01\/puzle-en-la-defensa-valencianista\/","title":{"rendered":"Puzle en la defensa valencianista"},"content":{"rendered":"<h4>El conjunto che, que va siempre falto de efectivos en todas las posiciones tiene una sobre poblaci\u00f3n en la zona defensiva, donde aparte de los habidos vuelven los cedidos Comert y T\u00e1rrega.<\/h4>\n<p>El defensa suizo <strong>fue cedido al <a href=\"https:\/\/agentelibredigital.com\/index.php\/category\/ligue-1\/\">Nantes<\/a> la temporada pasada por el Valencia<\/strong> con una opci\u00f3n de compra de dos millones y medio de euros (2,5 M \u20ac) la cual no ha sido ejecutada por el club franc\u00e9s, que se mantiene en la Ligue 1 aunque en la cuera del descenso estuvo hasta el final de temporada.<\/p>\n<h4><strong>Comert y Tarrega vuelven<\/strong><\/h4>\n<p>Ahora, con la vuelta de Eray Comert, y sin que este vaya a acudir a la Eurocopa con su pa\u00eds se plantea la duda de lo que va a hacer Baraja con la parcela defensiva; pues tambi\u00e9n <strong>vuelve de cesi\u00f3n Cesar T\u00e1rrega con un gran cartel<\/strong> en la media temporada que ha estado en Pucela.<\/p>\n<p>Antes de continuar, C\u00e9sar T\u00e1rrega, se march\u00f3 en invierno dejando dudas a los <a href=\"https:\/\/agentelibredigital.com\/index.php\/category\/laliga-hypermotion\/\">pucelanos<\/a>; pero no ha podido salirles mejor el rendimiento del joven central valenciano, que <strong>cerr\u00f3 una defensa dubitativa y consigui\u00f3 el ascenso directo a una jornada del final de liga<\/strong>.<\/p>\n<p>As\u00ed llegamos a hoy, donde, como hemos comentado, <strong>Eray Comert se ha quedado sin <a href=\"https:\/\/agentelibredigital.com\/index.php\/category\/eurocopa-2024\/\">Eurocopa<\/a>, C\u00e9sar T\u00e1rrega volver\u00e1 a Valencia<\/strong>, y se suman a Mosquera, Cenk, Yarek y Rub\u00e9n Iranzo que sin ficha de primer equipo es uno de los asiduos en convocatorias y entrenamientos con el primer equipo.<\/p>\n<h4><strong>Ofrecimiento publico de Paulista<\/strong><\/h4>\n<p>Se podr\u00eda entender que es una defensa muy joven, pero no lo ser\u00eda tanto si sum\u00e1ramos la edad de un viejo conocido, y reciente ofrecido, como Gabriel Paulista, que, a las c\u00e1maras de <em>Radio Marca<\/em>, <strong>dijo que le \u201cencantar\u00eda\u201d volver al Valencia<\/strong>.<\/p>\n<h4><strong>Futuro de decisiones<\/strong><\/h4>\n<p>Ahora, \u00bfQu\u00e9 puede pasar? Es incierto pero se comienza a hablar de que <strong>Baraja no quiere a Comert<\/strong>, pero este tras su despedida del Nantes, ha aparecido en una storie de Instagram entrenando con una camiseta de entrenamiento del Valencia. Adem\u00e1s que seg\u00fan han informado medios locales <strong>no saldr\u00e1 hasta que no quede clara la situaci\u00f3n de Mosquera en la defensa<\/strong>.<\/p>\n<p>Muchas dudas y pocas certezas, para un Rub\u00e9n Baraja, que por lo visto, <strong>ha pedido un central de experiencia para su l\u00ednea defensiva. <\/strong>Adem\u00e1s de\u00a0que cuando vuelva de vacaciones tendr\u00e1 pocos efectivos para comenzar la pretemporada por las competiciones internacionales veraniegas.<\/p>\n","protected":false},"excerpt":{"rendered":"<p>El conjunto che, que va siempre falto de efectivos en todas las posiciones tiene una sobre poblaci\u00f3n en la zona defensiva, donde aparte de los habidos vuelven los cedidos Comert&hellip; <\/p>\n","protected":false},"author":117,"featured_media":22716,"comment_status":"open","ping_status":"open","sticky":false,"template":"","format":"standard","meta":{"om_disable_all_campaigns":false,"_monsterinsights_skip_tracking":false,"_monsterinsights_sitenote_active":false,"_monsterinsights_sitenote_note":"","_monsterinsights_sitenote_category":0,"_uf_show_specific_survey":0,"_uf_disable_surveys":false,"footnotes":""},"categories":[19],"tags":[],"class_list":["post-22712","post","type-post","status-publish","format-standard","has-post-thumbnail","hentry","category-valencia-cf"],"aioseo_notices":[],"_links":{"self":[{"href":"https:\/\/agentelibredigital.com\/index.php\/wp-json\/wp\/v2\/posts\/22712","targetHints":{"allow":["GET"]}}],"collection":[{"href":"https:\/\/agentelibredigital.com\/index.php\/wp-json\/wp\/v2\/posts"}],"about":[{"href":"https:\/\/agentelibredigital.com\/index.php\/wp-json\/wp\/v2\/types\/post"}],"author":[{"embeddable":true,"href":"https:\/\/agentelibredigital.com\/index.php\/wp-json\/wp\/v2\/users\/117"}],"replies":[{"embeddable":true,"href":"https:\/\/agentelibredigital.com\/index.php\/wp-json\/wp\/v2\/comments?post=22712"}],"version-history":[{"count":3,"href":"https:\/\/agentelibredigital.com\/index.php\/wp-json\/wp\/v2\/posts\/22712\/revisions"}],"predecessor-version":[{"id":22718,"href":"https:\/\/agentelibredigital.com\/index.php\/wp-json\/wp\/v2\/posts\/22712\/revisions\/22718"}],"wp:featuredmedia":[{"embeddable":true,"href":"https:\/\/agentelibredigital.com\/index.php\/wp-json\/wp\/v2\/media\/22716"}],"wp:attachment":[{"href":"https:\/\/agentelibredigital.com\/index.php\/wp-json\/wp\/v2\/media?parent=22712"}],"wp:term":[{"taxonomy":"category","embeddable":true,"href":"https:\/\/agentelibredigital.com\/index.php\/wp-json\/wp\/v2\/categories?post=22712"},{"taxonomy":"post_tag","embeddable":true,"href":"https:\/\/agentelibredigital.com\/index.php\/wp-json\/wp\/v2\/tags?post=22712"}],"curies":[{"name":"wp","href":"https:\/\/api.w.org\/{rel}","templated":true}]}}