{"id":21973,"date":"2024-05-24T22:22:11","date_gmt":"2024-05-24T20:22:11","guid":{"rendered":"https:\/\/agentelibredigital.com\/?p=21973"},"modified":"2024-05-24T22:22:11","modified_gmt":"2024-05-24T20:22:11","slug":"sainz-he-sufrido-con-la-consistencia-y-el-setup","status":"publish","type":"post","link":"https:\/\/agentelibredigital.com\/index.php\/2024\/05\/24\/sainz-he-sufrido-con-la-consistencia-y-el-setup\/","title":{"rendered":"Sainz: \u00abHe sufrido con la consistencia y el setup\u00bb"},"content":{"rendered":"<h4>Carlos Sainz ha enfrentado un viernes complicado en el GP de M\u00f3naco F1 2024, posiblemente el m\u00e1s dif\u00edcil en el Principado de toda su carrera<\/h4>\n<p>Su rendimiento en las tandas largas de los <a href=\"https:\/\/agentelibredigital.com\/index.php\/2024\/05\/24\/charles-leclerc-es-el-mas-rapido-de-los-fp2-en-su-casa\/\">Libres 2<\/a> fue positivo, lo que deja margen para encontrar soluciones de cara a la clasificaci\u00f3n de ma\u00f1ana.<\/p>\n<blockquote class=\"twitter-tweet\">\n<p dir=\"ltr\" lang=\"es\">\ud83c\uddf2\ud83c\udde8Viernes complicado para m\u00ed. He sufrido para tener consistencia y he jugado bastante con el setup. M\u00e1s contento con el \u00faltimo stint del d\u00eda, la tanda larga ha sido positiva. Nos centraremos en llevar esas sensaciones a ma\u00f1ana y preparar la Quali.<\/p>\n<p>\ud83d\udc49<a href=\"https:\/\/t.co\/rfqHrFaN1f\">https:\/\/t.co\/rfqHrFaN1f<\/a> <a href=\"https:\/\/t.co\/y3y8Ntpxb6\">pic.twitter.com\/y3y8Ntpxb6<\/a><\/p>\n<p>\u2014 Carlos Sainz (@Carlossainz55) <a href=\"https:\/\/twitter.com\/Carlossainz55\/status\/1794067838577099219?ref_src=twsrc%5Etfw\">May 24, 2024<\/a><\/p><\/blockquote>\n<p><script async src=\"https:\/\/platform.twitter.com\/widgets.js\" charset=\"utf-8\"><\/script><\/p>\n<h2>Mala elecci\u00f3n de setup<\/h2>\n<p><a href=\"https:\/\/agentelibredigital.com\/?s=Sainz\">Sainz<\/a> solo logr\u00f3 el d\u00e9cimo puesto en los Libres 1 y el sexto en los Libres 2. Mientras <a href=\"https:\/\/agentelibredigital.com\/?s=Charles+Leclerc\">Charles Leclerc<\/a> se luc\u00eda en su \u00abcasa\u00bb, Carlos ten\u00eda dificultades para encontrar el l\u00edmite de su<a href=\"https:\/\/agentelibredigital.com\/?s=SF-24\"> SF-24<\/a>. El piloto espa\u00f1ol explic\u00f3 posteriormente que no acert\u00f3 con la configuraci\u00f3n, lo que afect\u00f3 su rendimiento.<\/p>\n<blockquote><p><strong>\u00abHa sido un d\u00eda complicado, quiz\u00e1s el viernes m\u00e1s complicado en M\u00f3naco en mis diez a\u00f1os de carrera. He tenido muchos problemas, tanto de configuraci\u00f3n como de sensaciones con el coche, para sacar el m\u00e1ximo rendimiento de los neum\u00e1ticos blandos y medios a una vuelta\u00bb.<\/strong><\/p>\n<p><strong>\u00abNos hemos perdido un poco con los cambios en la configuraci\u00f3n para los Libres 2, lo que me ha dejado un paso atr\u00e1s durante toda la sesi\u00f3n. No ha sido el inicio ideal para el fin de semana, pero espero que podamos encontrar algunas respuestas para ma\u00f1ana\u00bb.<\/strong><\/p><\/blockquote>\n<h2>Un ritmo esperanzador<\/h2>\n<p>La noticia positiva para Carlos es que su ritmo en las tandas largas de los Libres 2 fue prometedor. Todav\u00eda hay tiempo para analizar los datos y una tercera sesi\u00f3n de libres que ser\u00e1 crucial para encontrar la configuraci\u00f3n \u00f3ptima para la clasificaci\u00f3n.<\/p>\n<blockquote><p><strong>\u00abLuego, de repente, en la tanda larga empec\u00e9 a ir muy r\u00e1pido. De hecho, ten\u00eda muy buen ritmo de carrera, lo que me hace pensar que hay respuestas que necesitamos entender y que el ritmo est\u00e1 ah\u00ed. Hay que encontrar el porqu\u00e9\u00bb.<\/strong><\/p>\n<p><strong>\u00abM\u00f3naco es uno de mis mejores circuitos, y por eso es extra\u00f1o lo que ha pasado hoy. Pero en la \u00faltima tanda estaba m\u00e1s contento, as\u00ed que nos centraremos en llevar esas sensaciones a los entrenamientos de ma\u00f1ana y prepararnos para la clasificaci\u00f3n\u00bb.<\/strong><\/p><\/blockquote>\n<figure style=\"width: 2867px\" class=\"wp-caption aligncenter\"><img loading=\"lazy\" decoding=\"async\" src=\"https:\/\/pbs.twimg.com\/media\/GOWi_UxW4AEvmP4?format=jpg&amp;name=4096x4096\" alt=\"\" width=\"2867\" height=\"1826\" \/><figcaption class=\"wp-caption-text\">Carlos en el garaje. Fuente: Andrea Diodiato<\/figcaption><\/figure>\n","protected":false},"excerpt":{"rendered":"<p>Carlos Sainz ha enfrentado un viernes complicado en el GP de M\u00f3naco F1 2024, posiblemente el m\u00e1s dif\u00edcil en el Principado de toda su carrera Su rendimiento en las tandas&hellip; <\/p>\n","protected":false},"author":77,"featured_media":21975,"comment_status":"open","ping_status":"open","sticky":false,"template":"","format":"standard","meta":{"om_disable_all_campaigns":false,"_monsterinsights_skip_tracking":false,"_monsterinsights_sitenote_active":false,"_monsterinsights_sitenote_note":"","_monsterinsights_sitenote_category":0,"_uf_show_specific_survey":0,"_uf_disable_surveys":false,"footnotes":""},"categories":[42,50],"tags":[121,2421,473,2397,2085],"class_list":["post-21973","post","type-post","status-publish","format-standard","has-post-thumbnail","hentry","category-formula-1","category-motor","tag-carlos-sainz","tag-gran-premio-de-monaco","tag-scuderia-ferrari","tag-scuderia-ferrari-hp","tag-sf-24"],"aioseo_notices":[],"_links":{"self":[{"href":"https:\/\/agentelibredigital.com\/index.php\/wp-json\/wp\/v2\/posts\/21973","targetHints":{"allow":["GET"]}}],"collection":[{"href":"https:\/\/agentelibredigital.com\/index.php\/wp-json\/wp\/v2\/posts"}],"about":[{"href":"https:\/\/agentelibredigital.com\/index.php\/wp-json\/wp\/v2\/types\/post"}],"author":[{"embeddable":true,"href":"https:\/\/agentelibredigital.com\/index.php\/wp-json\/wp\/v2\/users\/77"}],"replies":[{"embeddable":true,"href":"https:\/\/agentelibredigital.com\/index.php\/wp-json\/wp\/v2\/comments?post=21973"}],"version-history":[{"count":1,"href":"https:\/\/agentelibredigital.com\/index.php\/wp-json\/wp\/v2\/posts\/21973\/revisions"}],"predecessor-version":[{"id":21977,"href":"https:\/\/agentelibredigital.com\/index.php\/wp-json\/wp\/v2\/posts\/21973\/revisions\/21977"}],"wp:featuredmedia":[{"embeddable":true,"href":"https:\/\/agentelibredigital.com\/index.php\/wp-json\/wp\/v2\/media\/21975"}],"wp:attachment":[{"href":"https:\/\/agentelibredigital.com\/index.php\/wp-json\/wp\/v2\/media?parent=21973"}],"wp:term":[{"taxonomy":"category","embeddable":true,"href":"https:\/\/agentelibredigital.com\/index.php\/wp-json\/wp\/v2\/categories?post=21973"},{"taxonomy":"post_tag","embeddable":true,"href":"https:\/\/agentelibredigital.com\/index.php\/wp-json\/wp\/v2\/tags?post=21973"}],"curies":[{"name":"wp","href":"https:\/\/api.w.org\/{rel}","templated":true}]}}