{"id":19696,"date":"2024-05-05T21:01:22","date_gmt":"2024-05-05T19:01:22","guid":{"rendered":"https:\/\/agentelibredigital.com\/?p=19696"},"modified":"2025-09-09T16:47:13","modified_gmt":"2025-09-09T14:47:13","slug":"martin-mantovani-estoy-seguro-de-que-volvere-a-butarque-algun-dia-ojala-sea-como-entrenador","status":"publish","type":"post","link":"https:\/\/agentelibredigital.com\/index.php\/2024\/05\/05\/martin-mantovani-estoy-seguro-de-que-volvere-a-butarque-algun-dia-ojala-sea-como-entrenador\/","title":{"rendered":"Mart\u00edn Mantovani: \u201dEstoy seguro de que volver\u00e9 a Butarque alg\u00fan d\u00eda. Ojal\u00e1 sea como entrenador\u00bb"},"content":{"rendered":"<h4><span style=\"font-size: 16px;\">\u00abCon 22 a\u00f1os casi dejo el <a href=\"https:\/\/agentelibredigital.com\/?s=futbol\">f\u00fatbol<\/a>, pero me decid\u00ed por coger el \u00faltimo bus rumbo al aeropuerto. El resto es historia\u00bb.<\/span><\/h4>\n<p>Mart\u00edn Maximiliano <a href=\"https:\/\/agentelibredigital.com\/?s=Mantovani\">Mantovani<\/a> (San Miguel, <a href=\"https:\/\/agentelibredigital.com\/?s=Argentina\">Argentina<\/a>, 1984) es una leyenda del <a href=\"https:\/\/agentelibredigital.com\/?s=CD+Legan%C3%A9s\">CD Legan\u00e9s<\/a>. Es considerado como <strong>uno de los pioneros de un ascenso a Segunda Divisi\u00f3n Espa\u00f1ola y otro m\u00edtico en el a\u00f1o 2016 en el Estadio Municipal de Anduva a Primera Divisi\u00f3n<\/strong>. Vivi\u00f3 la oportunidad con el equipo blanquiazul de <strong>vencer al <a href=\"https:\/\/agentelibredigital.com\/?s=real+madrid\">Real Madrid<\/a> en unos Cuartos de Final de <a href=\"https:\/\/agentelibredigital.com\/?s=copa+del+rey\">Copa del Rey<\/a> en 2018, y jugar unas <a href=\"https:\/\/agentelibredigital.com\/?s=semifinales\">semifinales<\/a><\/strong>. Es tambi\u00e9n el segundo jugador con m\u00e1s partidos en el conjunto pepinero y el extranjero con m\u00e1s partidos.<\/p>\n<p>Adem\u00e1s, actualmente con 39 a\u00f1os, <strong>retransmite los <a href=\"https:\/\/agentelibredigital.com\/?s=partidos\">partidos<\/a> del CD Legan\u00e9s en Onda Madrid y juega en la Kings League<\/strong> en Saiyans (el equipo presidido por \u00abThe Grefg\u00bb) dando un rendimiento espectacular y ganando este pasado s\u00e1bado 20 de abril su segundo split (el primero lo gan\u00f3 con El Barrio).<\/p>\n<p>En esta entrevista repasamos <strong>su vida actual en la competici\u00f3n de <\/strong><a href=\"https:\/\/agentelibredigital.com\/?s=gerard+pique\">Gerard Piqu\u00e9<\/a><strong>, en la radio y su trayectoria previa a su llegada al Legan\u00e9s junto a sus 5 a\u00f1os como pepinero<\/strong>. Por \u00faltimo, y no menos importante, es una grand\u00edsima persona fuera de lo futbol\u00edstico aparte de ser y haber sido una figura hist\u00f3rica.<\/p>\n<p><strong>Lo primero de todo, \u00bfc\u00f3mo te encuentras en lo personal tras dejar el f\u00fatbol hace casi 2 a\u00f1os y actualmente comentar los partidos del CD Legan\u00e9s en Onda Madrid y jugar en la Kings League con Saiyans siendo una de las estrellas del equipo?<\/strong><\/p>\n<p>Ahora mismo me siento muy bien. Como vos dec\u00eds, dej\u00e9 el f\u00fatbol hace ya 2 a\u00f1os en <a href=\"https:\/\/agentelibredigital.com\/?s=M\u00f3stoles\">M\u00f3stoles<\/a> y ahora estoy viviendo como una \u00absegunda juventud\u00bb en el mundo de la Kings League. Estoy muy contento de jugar en esta competici\u00f3n tan loca y divertida en la que sobre todo <strong>hay gente incre\u00edble y un gran ambiente detr\u00e1s de c\u00e1maras.<\/strong> En la radio disfruto mucho analizando todos los findes los partidos del club de mi vida y paso tambi\u00e9n muy buenos ratos aunque a veces sufriendo de m\u00e1s en los partidos (risas).<\/p>\n<p><strong>Comentando en la primera pregunta tu vida actual y la radio, \u00bfc\u00f3mo llegaste a Onda Madrid? \u00bfRealmente te apasiona estar ah\u00ed todos los fin de semanas comentando los partidos del Lega?<\/strong><\/p>\n<p>Llegu\u00e9 por que anteriormente conced\u00ed una entrevista, y como ya me conoc\u00edan de antes, me llamaron en febrero de 2022 y acept\u00e9 la oferta. Al principio <strong>me lo tomaba como un hobby<\/strong> sin m\u00e1s, pero al cabo de unas semanas ya si que <strong>lo empec\u00e9 a ver de otra manera; mas como un trabajo formal y donde tambi\u00e9n puedes aprender mucho sobre el <a href=\"https:\/\/agentelibredigital.com\/?s=periodismo\">periodismo<\/a> y tener un peque\u00f1o reconocimiento en \u00e9l<\/strong>. Como te dije antes claro que me gusta comentar en la radio los partidos de mi equipo, es todo un placer aunque a veces se sufra.<\/p>\n<figure style=\"width: 720px\" class=\"wp-caption alignnone\"><img loading=\"lazy\" decoding=\"async\" src=\"https:\/\/www.telemadrid.es\/2018\/07\/16\/imagenes-de-archivo\/Mantovani-futuro-voy-quedar-Espana_2031107315_9454023_720x405.jpg\" alt=\"\" width=\"720\" height=\"405\" \/><figcaption class=\"wp-caption-text\">Mart\u00edn Mantovani charlando en una entrevista en Onda Madrid retransmitida en 2018 tras salir del CD Legan\u00e9s. Fuente: Telemadrid.<\/figcaption><\/figure>\n<p><strong>Sobre la Kings League, \u00bfc\u00f3mo te contactaron y si sab\u00edas antes de que iba este \u201cmundillo\u201d?<\/strong><\/p>\n<p>Me contact\u00f3 Joan (segundo entrenador de \u00abEl Barrio\u00bb), que le llevaban las cosas <strong>Adri Contreras<\/strong> (presidente de \u00abEl Barrio\u00bb) junto a <strong>Juan Arroita<\/strong> (entrenador de \u00abEl Barrio\u00bb). Joan me coment\u00f3 que me quer\u00edan en su equipo como jugador ya que Adri sab\u00eda quien era por el <a href=\"https:\/\/agentelibredigital.com\/?s=Legan%C3%A9s\">Legan\u00e9s<\/a>, y pues yo le dije que no sab\u00eda nada de nada de esto porque aparte en ese momento era una novedad. Rechac\u00e9 la primera vez, me llamaron una segunda, tambi\u00e9n le volv\u00ed a decir que no y <strong>a la tercera por culpa del hijo de un amigo m\u00edo que me convenci\u00f3 de la locura que era esto, acept\u00e9 la propuesta.<\/strong><\/p>\n<p>Como <strong>Juan Arroita<\/strong> (entrenador de dicho club) estaba en <a href=\"https:\/\/agentelibredigital.com\/?s=Madrid\">Madrid<\/a> como yo, nos fuimos los dos juntos en AVE a <a href=\"https:\/\/agentelibredigital.com\/?s=Barcelona\">Barcelona<\/a> y de camino nos conocimos y me estuvo contando como funcionaba todo. Para m\u00ed en ese momento era un l\u00edo total porque yo era nuevo en esto, hab\u00eda muchas reglas y como no me enter\u00e9 muy bien de lo que me explic\u00f3 Juan, yo l<strong>e dije antes de empezar el primer partido: \u00abTu s\u00e1came al campo, y en cuanto se vaya jugando el partido ya me ir\u00e9 aprendiendo las normas\u00bb.<\/strong> (risas). Mir\u00e1 vos que al paso de las semanas me aprend\u00ed la mayor\u00eda de reglas, aunque cada poco tiempo sal\u00edan m\u00e1s y m\u00e1s.<\/p>\n<p><strong>Y ahora que dices esto, \u00bfc\u00f3mo es tu relaci\u00f3n personal con Juan Arroita? \u00bfQu\u00e9 te parece como entrenador en el \u00e1mbito t\u00e1ctico?<\/strong><\/p>\n<p><strong>Arroita es una de las personas que mejor me cae en la Kings League sin duda.<\/strong> Tengo una relaci\u00f3n personal con \u00e9l fant\u00e1stica. <strong>Nos sol\u00edamos hacer hasta una videollamada por semana ya que me estuvo ayudando con el curso que termin\u00e9 recientemente de coaching.<\/strong> Ahora ya que estoy en Saiyans, hablamos menos, pero la relaci\u00f3n es muy buena. Como entrenador yo creo que es un tipo que sabe mucho. Arroita ha aprendido de grandes personas y sabe manejar muy bien la tensi\u00f3n de sus jugadores y como gestionar los tiempos de un partido de f\u00fatbol 7 como los que jugamos.<\/p>\n<p>En lo futbol\u00edstico, <strong>sabe como tratar a sus jugadores a nivel psicol\u00f3gico para siempre ayudarles y ense\u00f1arles en lo que puede.<\/strong> <strong>Adem\u00e1s, como llevar un partido de f\u00fatbol en lo t\u00e1ctico es algo que se le da muy bien.<\/strong> Son sus dos puntos fuertes bajo mi punto de vista.<\/p>\n<figure style=\"width: 1706px\" class=\"wp-caption alignnone\"><img loading=\"lazy\" decoding=\"async\" src=\"https:\/\/s1.elespanol.com\/2023\/03\/29\/castilla-y-leon\/region\/valladolid\/752185535_232036023_1706x960.jpg\" alt=\"Juan Arroita, flamante campe\u00f3n de la Kings League de Piqu\u00e9: &quot;Cuando me propusieron el proyecto dud\u00e9 en cogerlo&quot;\" width=\"1706\" height=\"960\" \/><figcaption class=\"wp-caption-text\">Juan Arroita besando el trofeo de la Kings League en el Camp Nou el a\u00f1o pasado. Fuente: X.<\/figcaption><\/figure>\n<p><strong>Hablemos de tu paso por El Barrio. \u00bfGuardas con mucho cari\u00f1o tu etapa en El Barrio y el trofeo que ganaste en el Primer Split siendo protagonista en la final en el Camp Nou con 2 goles?<\/strong><\/p>\n<p>Claro que si. Fue mi comienzo en la Kings League y es obvio que lo recuerdo como una etapa divina y a veces hasta nost\u00e1lgica. El trayecto de el primer split fue una locura, ya que <strong>antes de terminar la liga regular casi nadie daba nada por nosotros, y claro, en cuartos entraban los 8 primeros y dado que al acabar fuimos octavos poca gente apostaba por El Barrio ni para llegar a la Final Four<\/strong>. Pues conseguimos vencer al l\u00edder (Ultimate M\u00f3stoles, de \u00abDjMariio\u00bb) en cuartos, a mi actual club (Saiyans) en semis y encima en la final contra Aniquiladores (de Juan Guarnizo) <strong>fui como bien dec\u00eds MVP con un doblete para dar el bombazo y ganar en el <a href=\"https:\/\/agentelibredigital.com\/?s=Camp+Nou\">Camp Nou<\/a>.<\/strong> Fue tambi\u00e9n muy b\u00e1rbaro levantar el trofeo en un estadio tan importante como el del FC Barcelona y que luego de eso me dieran el reconocimiento <a href=\"https:\/\/agentelibredigital.com\/?s=Piqu%C3%A9\">Piqu\u00e9<\/a> y <a href=\"https:\/\/agentelibredigital.com\/?s=Joan+Laporta\">Joan Laporta.<\/a><\/p>\n<p><strong>\u00bfTienes una buena relaci\u00f3n con Gerard Piqu\u00e9 o sin m\u00e1s?<\/strong><\/p>\n<p>Con Gerard tengo una buena amistad\u00a0pero sin m\u00e1s. No solemos hablar mucho, solo charl\u00e9 con \u00e9l un par de veces. <strong>Siempre va paseando por el Cupra Arena y cuando nos paramos si que charlamos por un buen rato.<\/strong> Es un gran tipo y aparte <strong>ya tuve la oportunidad de enfrentarme a \u00e9l y tambi\u00e9n le conoc\u00eda de cuando jugu\u00e9 en <a href=\"https:\/\/agentelibredigital.com\/?s=Andorra\">Andorra<\/a><\/strong>.<\/p>\n<figure style=\"width: 1920px\" class=\"wp-caption alignnone\"><img loading=\"lazy\" decoding=\"async\" src=\"https:\/\/imagenes.heraldo.es\/files\/image_1920_1080\/uploads\/imagenes\/2023\/03\/28\/martin-mantovani-mvp-de-la-kings-league-infojobs-entre-joan-laporta-presidente-del-fc-barcelona-y-gerard-pique-presidente-de-kings-league.jpeg\" alt=\"Los dos meses en el Huesca del MVP de la Kings League\" width=\"1920\" height=\"1080\" \/><figcaption class=\"wp-caption-text\">Mart\u00edn Mantovani posando con el trofeo al MVP de la final de la Kings League en el Camp Nou con Joan Laporta y Gerard Piqu\u00e9. Fuente: Heraldo de Arag\u00f3n.<\/figcaption><\/figure>\n<p><strong>Si tuvieras que elegir con qui\u00e9n te llevas mejor entre presidentes, entrenadores y jugadores de toda la Kings League, \u00bfqui\u00e9n ser\u00eda?<\/strong><\/p>\n<p>Uff. Ser\u00eda muy dif\u00edcil decirte uno ya que me llevo bien con mucha gente. Podr\u00eda ser el propio Arroita, el \u00b4Bomby` Romo (entrenador de \u00abSaiyans\u00bb), Adri Contreras, \u00b4Magic` Ubon, <a href=\"https:\/\/agentelibredigital.com\/?s=Nico+Pareja\">Nico Pareja<\/a>, Oriol Boada, Gio Ferinu etc&#8230; <strong>Si me tuviera que quedar con alguien, creo que ser\u00eda Arroita o mi querido Nico.<\/strong> Desde que nos conocimos, la conexi\u00f3n es impresionante y hablamos mucho y muy a menudo. Es un crack y mas a\u00fan siendo de Argentina como yo (risas).<\/p>\n<p><strong>\u00bfConoc\u00edas a Nico Pareja de vuestros enfrentamientos entre Legan\u00e9s y Sevilla o lo conociste en El Barrio?<\/strong><\/p>\n<p><strong>Lo conoc\u00ed en la Kings League, justo el d\u00eda antes del <a href=\"https:\/\/agentelibredigital.com\/?s=Camp+Nou\">Camp Nou<\/a><\/strong>. No le conoc\u00ed antes ya que cuando nos medimos en <a href=\"https:\/\/agentelibredigital.com\/?s=LaLiga\">LaLiga<\/a> solo nos saludamos un par de veces pero nunca nos intercambiamos las camisetas ni nada. La primera vez que estuvimos juntos y conversamos de verdad, f<strong>ue en una cena que organizaron Piqu\u00e9 y sus chicos de Kosmos con los presidentes antes de la <a href=\"https:\/\/agentelibredigital.com\/?s=Final+Four\">Final Four<\/a> que acabamos ganando.<\/strong> No nos vimos antes porque aunque Nico entrara en la jornada 5 y yo en la siguiente, estaba Jos\u00e9 Juan. Como no pod\u00edamos jugar los 3, nos \u00edbamos turnando un partido \u00e9l, otro yo y as\u00ed hasta que Nico fue clave en los <a href=\"https:\/\/agentelibredigital.com\/?s=cuartos\">cuartos<\/a> para clasificar y yo fui <a href=\"https:\/\/agentelibredigital.com\/?s=MVP\">MVP<\/a> en la final que ganamos.<\/p>\n<p>En la cena que te coment\u00e9 antes, pasamos una noche incre\u00edble. Hablamos un mont\u00f3n ese d\u00eda y el siguiente. Nico me pareci\u00f3 un descubrimiento total: <strong>es alguien que ayuda mucho al equipo en cualquier situaci\u00f3n y una gran persona<\/strong>. Adem\u00e1s, me acord\u00e9 que ten\u00eda una foto con \u00e9l en la que me est\u00e1 marcando en un c\u00f3rner. Se la ense\u00f1e y le pareci\u00f3 brutal.<\/p>\n<figure style=\"width: 487px\" class=\"wp-caption alignnone\"><img loading=\"lazy\" decoding=\"async\" class=\"\" src=\"https:\/\/piks.eldesmarque.com\/bin\/2023\/05\/12\/martin_mantovani_enfrentandose_en_un_partido_contra_el_sevilla_fc_de_nico_pareja__mant_001.jpg\" alt=\"Mart\u00edn Mantovani y Nico Pareja, la mejor defensa de la Kings League\" width=\"487\" height=\"487\" \/><figcaption class=\"wp-caption-text\">Nico Pareja marcando en un c\u00f3rner a Mart\u00edn Mantovani en un Legan\u00e9s-Sevilla. Fuente: El Desmarque.<\/figcaption><\/figure>\n<p><strong>\u00bfOs veis con muchas posibilidades y favoritos de ganar este split en la Final Four del WiZink Center o no? (preguntado antes de que salieran campeones).<\/strong><\/p>\n<p>La verdad es que tenemos posibilidades, pero no somos los favoritos. <strong>Aniquiladores y Ultimate M\u00f3stoles han demostrado ser los 2 m\u00e1ximos aspirantes al trofeo.<\/strong> Igualmente, aunque sepamos que es dif\u00edcil, ojal\u00e1 se nos d\u00e9. Todos somos un conjunto excelente: tanto nosotros los jugadores, como David (\u00abThe Grefg\u00bb), \u00b4Bomby` y el staff. Ser\u00eda muy bonito vivir esta experiencia con este equipo tan unido.<\/p>\n<p><strong>Para terminar con el tema Kings League, \u00bfuna promesa si finalmente sois campeones?<\/strong><\/p>\n<p>Si ganamos el split y la final del <a href=\"https:\/\/agentelibredigital.com\/?s=mundial\">mundial<\/a> de junio en Monterrey, algo que ser\u00eda ya reloco e imposible (risas), hacemos otra entrevista en unos meses.<\/p>\n<figure id=\"attachment_19891\" aria-describedby=\"caption-attachment-19891\" style=\"width: 345px\" class=\"wp-caption alignnone\"><img loading=\"lazy\" decoding=\"async\" class=\"wp-image-19891\" src=\"https:\/\/agentelibredigital.com\/wp-content\/uploads\/2024\/05\/Captura-de-pantalla-2024-05-03-153835-300x298.png\" alt=\"\" width=\"345\" height=\"343\" srcset=\"https:\/\/agentelibredigital.com\/wp-content\/uploads\/2024\/05\/Captura-de-pantalla-2024-05-03-153835-300x298.png 300w, https:\/\/agentelibredigital.com\/wp-content\/uploads\/2024\/05\/Captura-de-pantalla-2024-05-03-153835-150x150.png 150w, https:\/\/agentelibredigital.com\/wp-content\/uploads\/2024\/05\/Captura-de-pantalla-2024-05-03-153835.png 472w\" sizes=\"auto, (max-width: 345px) 100vw, 345px\" \/><figcaption id=\"caption-attachment-19891\" class=\"wp-caption-text\">Mart\u00edn Mantovani posando con su segunda Kings League junto a sus 2 hijas en el WiZink Center. Fuente: Instagram.<\/figcaption><\/figure>\n<p><strong>Cambiando de tema, me gustar\u00eda repasar antes de llegar a tu trayectoria en el CD Legan\u00e9s tu pasado. \u00bfC\u00f3mo fue tu decisi\u00f3n de salir de Argentina con 22 a\u00f1os? Cu\u00e9ntanos tambi\u00e9n sobre tu etapa en las inferiores del <a href=\"https:\/\/agentelibredigital.com\/?s=Atleti\">Atleti<\/a>, tu etapa en el <a href=\"https:\/\/agentelibredigital.com\/?s=Real+Oviedo\">Real Oviedo<\/a> y la estafa que te hicieron justo antes de llegar al Lega y de que naciera tu primera hija<\/strong><\/p>\n<h2><strong>Decisi\u00f3n de salir de Argentina y etapa en las inferiores del Atleti<\/strong><\/h2>\n<p>Con 21 a\u00f1os, yo estaba en un equipo de una ciudad en <a href=\"https:\/\/agentelibredigital.com\/?s=Argentina\">Argentina<\/a> llamada San Mart\u00edn. <strong>Mi padre me dec\u00eda que dejara el <a href=\"https:\/\/agentelibredigital.com\/?s=futbol\">f\u00fatbol<\/a>,<\/strong> ya que en ese momento para m\u00ed era un hobby y \u00e9l quer\u00eda que me dedicara a los estudios y a trabajar. Finalmente, nada m\u00e1s cumplir a\u00f1os en el verano de 2006, <strong>fich\u00e9 por las inferiores del <a href=\"https:\/\/agentelibredigital.com\/?s=Atletico+de+Madrid\">Atl\u00e9tico de Madrid<\/a><\/strong>. Esa decisi\u00f3n nada m\u00e1s llegar no parec\u00eda nada buena por todo lo que me pas\u00f3, aunque al final fue lo mejor que hice en mi vida (risas). Para empezar, al mes de llegar a <a href=\"https:\/\/agentelibredigital.com\/?s=Espa\u00f1a\">Espa\u00f1a<\/a>, <strong>me dijeron que si no consegu\u00eda la doble nacionalidad \u00edtalo-argentina no pod\u00eda seguir en el Atleti.<\/strong> Yo sab\u00eda que me ten\u00eda que quedar como sea, y como mi abuelo y bisabuelo eran italianos, en septiembre de 2006, <strong>vol\u00e9 hasta <a href=\"https:\/\/agentelibredigital.com\/?s=Bolonia\">Bolonia<\/a> y all\u00ed en Italia viv\u00ed una odisea reloca<\/strong>.<\/p>\n<p>Primero, el abogado que me ten\u00eda que manejar todo el papeleo ni apareci\u00f3. \u00c9l mismo me dijo que me fuera a una casa. <strong>All\u00ed estaban unos brasile\u00f1os que yo pens\u00e9 que me quitar\u00edan la poca plata que me quedaba. Esa tarde vol\u00e9 a <a href=\"https:\/\/agentelibredigital.com\/?s=Mil\u00e1n\">Mil\u00e1n<\/a>, y al d\u00eda siguiente, consegu\u00ed presentar la documentaci\u00f3n por una chica que me mand\u00f3 el abogado<\/strong>. Lo mas \u00abgracioso\u00bb viene ahora. Volv\u00ed a Bolonia, donde me qued\u00e9 5 d\u00edas m\u00e1s. <strong>Pens\u00e9 que como mi vuelo rumbo a <a href=\"https:\/\/agentelibredigital.com\/?s=Madrid\">Madrid<\/a> era a las 6:30h de la ma\u00f1ana, lo mejor ser\u00eda coger un bus al aeropuerto para dormir all\u00ed. Cog\u00ed el bus, y resulta que como se dio que era d\u00eda festivo, el bus no llegaba al aeropuerto.<\/strong> Esa misma noche no me qued\u00f3 otra que quedarme en una estaci\u00f3n de tren y dormir con un grupo de 10-15 vagabundos. <strong>Al levantarme, cog\u00ed el \u00faltimo bus rumbo al aeropuerto y pues como se suele decir: el resto es historia<\/strong> (risas).<\/p>\n<p>Ya por \u00faltimo en mis 4 a\u00f1os en el <a href=\"https:\/\/agentelibredigital.com\/?s=Atleti\">Atleti<\/a> aprend\u00ed bastante. <strong>Conoc\u00ed a personas como <a href=\"https:\/\/agentelibredigital.com\/?s=Lucas+P\u00e9rez\">Lucas P\u00e9rez<\/a><\/strong>; que es el padrino de la primera de mis 2 hijas<strong>, <a href=\"https:\/\/agentelibredigital.com\/?s=Koke\">Koke<\/a> o <a href=\"https:\/\/agentelibredigital.com\/?s=David+De+Gea\">David De Gea <\/a><\/strong>entre otros<strong>.<\/strong><\/p>\n<figure style=\"width: 430px\" class=\"wp-caption alignnone\"><img loading=\"lazy\" decoding=\"async\" class=\"\" src=\"https:\/\/www.mundodeportivo.com\/files\/content_image_mobile_filter\/uploads\/2016\/08\/27\/60e72bce4ae8e.jpeg\" alt=\"Mantovani, el capit\u00e1n del Legan\u00e9s, 'padre' de los canteranos del Atl\u00e9tico\" width=\"430\" height=\"564\" \/><figcaption class=\"wp-caption-text\">Mart\u00edn Mantovani jugando un partido en su etapa como rojiblanco. Fuente: Mundo Deportivo.<\/figcaption><\/figure>\n<h2><strong>Etapa en el <a href=\"https:\/\/agentelibredigital.com\/?s=Real+Oviedo\">Real Oviedo<\/a> y la estafa que te hicieron justo antes de llegar al <a href=\"https:\/\/agentelibredigital.com\/?s=Lega\">Lega<\/a> y de que naciera tu primera hija<\/strong><\/h2>\n<p>Despu\u00e9s de mis 4 a\u00f1os en Madrid, estuve en <a href=\"https:\/\/agentelibredigital.com\/?s=Ruman\u00eda\">Ruman\u00eda<\/a> donde tuve un par de quilombos que mejor ni hablar, a los meses me fui a la <a href=\"https:\/\/agentelibredigital.com\/?s=Cultural+Leonesa\">Cultural Leonesa<\/a> donde estuve medio a\u00f1o y antes de llegar al Oviedo, al <a href=\"https:\/\/agentelibredigital.com\/?s=Atl\u00e9tico+Baleares\">Atl\u00e9tico Baleares<\/a> una temporada entera. <strong>En esos 2 a\u00f1os (de 2010 a 2012), intentaba ubicarme hasta que llegu\u00e9 a <a href=\"https:\/\/agentelibredigital.com\/?s=Oviedo\">Oviedo<\/a>; que fue donde consegu\u00ed formarme como futbolista. Fue una etapa linda, pero de nuevo no acab\u00f3 como yo hubiese querido.<\/strong><\/p>\n<p>La \u00faltima temporada en el Oviedo fue bastante dram\u00e1tica, ya que c<strong>onfi\u00e9 en una persona que no era mi representante, sino un presunto intermediario entre el Nancy<\/strong> (equipo en esos tiempos en la Ligue 1) <strong>y el <a href=\"https:\/\/agentelibredigital.com\/?s=Real+Oviedo\">Real Oviedo<\/a><\/strong>. <strong>Me ofrec\u00edan un salario 5 veces mayor al que yo ten\u00eda.<\/strong> <strong>Pens\u00e9 en que podr\u00eda ser una estafa, pero igualmente acept\u00e9. Efectivamente me equivoqu\u00e9 y era un estafador.<\/strong> Lo descubr\u00ed ya que lo llamaba y no me contestaba, as\u00ed que le ped\u00ed a mi mujer que fuera hasta la casa. Cuando ella lleg\u00f3, lo estaba desvalijando la Polic\u00eda. Encontraron documentos falsos, sellos falsificados etc&#8230; El mal que me hizo fue muy grande, ya que <strong>en la misma semana me estafaron, naci\u00f3 mi hija en un momento de mucho estr\u00e9s y ansiedad, y por fin volvi\u00f3 la tranquilidad cuando llegu\u00e9 a Legan\u00e9s.<\/strong><\/p>\n<figure style=\"width: 880px\" class=\"wp-caption alignnone\"><img loading=\"lazy\" decoding=\"async\" src=\"https:\/\/estaticos-cdn.prensaiberica.es\/clip\/ad27d350-0284-4252-b2ad-262041e41858_16-9-aspect-ratio_default_0.jpg\" alt=\"Mantovani: \u00abMi salida del Real Oviedo es fruto de un enga\u00f1o a gran escala\u00bb - La Nueva Espa\u00f1a\" width=\"880\" height=\"495\" \/><figcaption class=\"wp-caption-text\">Mart\u00edn Mantovani en un entrenamiento en su etapa con el conjunto ovetense. Fuente: La Nueva Espa\u00f1a.<\/figcaption><\/figure>\n<p><strong>Despu\u00e9s de comentar tu vida actual y tus comienzos antes de llegar al Lega, vamos con tu etapa en el conjunto pepinero, \u00bfcon qu\u00e9 oraci\u00f3n describir\u00edas tus 5 a\u00f1os aqu\u00ed en Legan\u00e9s?<\/strong><\/p>\n<p>Si solo fuera una, s<strong>er\u00eda mi casa, el club que me dio la vida y lo que soy ahora.<\/strong> No soy de frases, pero lo que si que est\u00e1 claro es que <strong>si no fuera por el <a href=\"https:\/\/agentelibredigital.com\/?s=Legan\u00e9s\">Lega<\/a> no ser\u00eda lo que soy ahora ni en sue\u00f1os.<\/strong> Estar\u00e9 agradecido por siempre. Desde el d\u00eda que me dieron la oportunidad de formar parte del equipo hasta hoy mismo.<\/p>\n<p><strong>\u00bfCu\u00e1les fueron los 3 momentos m\u00e1s especiales que viviste con esta camiseta?<\/strong><\/p>\n<p>Los 3 m\u00e1s especiales casi de seguro <strong>ser\u00edan el ascenso al f\u00fatbol profesional (de 2\u00baB a <a href=\"https:\/\/agentelibredigital.com\/?s=LaLiga+Hypermotion\">Segunda Divisi\u00f3n Espa\u00f1ola<\/a> en 2014), el m\u00edtico ascenso 2 a\u00f1os despu\u00e9s a Primera en <a href=\"https:\/\/agentelibredigital.com\/?s=Anduva\">Anduva<\/a> (2016), y la victoria en <a href=\"https:\/\/agentelibredigital.com\/?s=cuartos+de+final\">cuartos de final<\/a> de <a href=\"https:\/\/agentelibredigital.com\/?s=copa\">copa<\/a> contra el <a href=\"https:\/\/agentelibredigital.com\/?s=Real+Madrid\">Real Madrid<\/a>.<\/strong> Yo creo que ese ser\u00eda el orden. Del primero al tercero y adem\u00e1s sali\u00f3 de manera cronol\u00f3gica y todo che (risas).<\/p>\n<figure style=\"width: 507px\" class=\"wp-caption alignnone\"><img loading=\"lazy\" decoding=\"async\" class=\"\" src=\"https:\/\/encrypted-tbn0.gstatic.com\/images?q=tbn:ANd9GcR0Zs7WINL_f7uivJJ9Nb2chpnMQOiaw0hBmemHPvkZnjQfGl4KxDvrFOISXs9lGyqIDB4&amp;usqp=CAU\" alt=\"El discurso que anim\u00f3 al Legan\u00e9s antes de hacer historia | Peri\u00f3dicos Viva. Todas las noticias de deportes\" width=\"507\" height=\"337\" \/><figcaption class=\"wp-caption-text\">Mart\u00edn Mantovani siendo manteado por el conjunto pepinero tras ascender en el estadio Municipal de Anduva a Primera Divisi\u00f3n. Fuente: Viva Ja\u00e9n.<\/figcaption><\/figure>\n<p><strong>\u00bfC\u00f3mo se vivi\u00f3 dentro del club ganar en unos Cuartos de Final a uno de los mejores equipos de la historia como es el Real Madrid y quedarse a un pasito de la final perdiendo ante el Sevilla?<\/strong><\/p>\n<figure style=\"width: 535px\" class=\"wp-caption alignnone\"><img loading=\"lazy\" decoding=\"async\" class=\"\" src=\"https:\/\/images.ecestaticos.com\/WMHQStmw95letHwlzzV1c10ivh0=\/0x117:2270x1394\/1200x900\/filters:fill(white):format(jpg)\/f.elconfidencial.com%2Foriginal%2F0f3%2F871%2Fc96%2F0f3871c96952996d9fe8086b252c61c0.jpg\" alt=\"La emocionante arenga de Mantovani al Legan\u00e9s antes de eliminar al Real Madrid\" width=\"535\" height=\"401\" \/><figcaption class=\"wp-caption-text\">Mart\u00edn Mantovani intentando arrebatarle un bal\u00f3n a Karim Benzema. Fuente: El Confidencial.<\/figcaption><\/figure>\n<p>Fue una vivencia que se te queda guardada en la mente para siempre. <strong>Ganar al equipo que m\u00e1s Champions tiene en la historia para clasificar a semifinales es toda una haza\u00f1a, <\/strong>pero yo sobre todo me quedo con la experiencia y an\u00e9cdota que se te queda de quedarte tan cerca <strong>de jugar la final de un t\u00edtulo como es la <a href=\"https:\/\/agentelibredigital.com\/?s=copa+nacional+de+Espa\u00f1a\">copa nacional de Espa\u00f1a<\/a>.<\/strong> <strong>Adem\u00e1s ganar en el <a href=\"https:\/\/agentelibredigital.com\/?s=bernabeu\">Bernab\u00e9u<\/a> y sentir en la cancha ese gol de <a href=\"https:\/\/agentelibredigital.com\/?s=Eraso\">Eraso<\/a> fue muy loco.<\/strong> <strong>Fue uno de los mejores d\u00edas de mi vida.<\/strong> En semis creo que nos quedamos m\u00e1s cerca de lo que le pareci\u00f3 a mucha gente, pero igualmente, creo que hay que quedarse con lo conseguido en esas <a href=\"https:\/\/agentelibredigital.com\/?s=eliminatorias\">eliminatorias<\/a> tan \u00e9picas.<\/p>\n<p><strong>En esas 5 temporadas de blanquiazul, \u00bfqui\u00e9n fue la persona con la que mejor relaci\u00f3n tuviste tanto fuera como dentro de lo futbol\u00edstico?<\/strong><\/p>\n<p>Bueno estamos igual que antes, tengo grandes amigos en Legan\u00e9s tambi\u00e9n porque soy muy charlat\u00e1n y me llevo bien con todo el mundo. <strong>Te podr\u00eda decir Szymanowski, que es padrino como <a href=\"https:\/\/agentelibredigital.com\/?s=Lucas+P\u00e9rez\">Lucas P\u00e9rez<\/a> de mi hija; pero Alexander es de mi hijo Fabio. Con \u00e9l hablo pr\u00e1cticamente cada 2-3 d\u00edas por WhatsApp.<\/strong> Yo creo que es uno de los mejores amigos que me dej\u00f3 el f\u00fatbol sino es el mejor. Otros podr\u00edan ser <strong>Nereo Champagne, Serantes, Tito, David Timor, V\u00edctor D\u00edaz, Guerrero, Busti (Unai Bustinza), el propio <a href=\"https:\/\/agentelibredigital.com\/?s=Garitano\">Garitano<\/a> o Gabriel.<\/strong><\/p>\n<p><strong>\u00bfC\u00f3mo definir\u00edas a Garitano como t\u00e9cnico y que relaci\u00f3n tuviste con \u00e9l en lo personal?<\/strong><\/p>\n<p>Como director t\u00e9cnico, <strong>Asier es alguien que te hace ver que el f\u00fatbol depende de todo un equipo<\/strong>, no del jugador m\u00e1s a destacar del equipo o del que se lleva siempre las felicitaciones. <strong>\u00c9l es muy filos\u00f3fico.<\/strong> Es diferente a los dem\u00e1s entrenadores: son previsibles sus planteamientos, pero como digo <strong>ve el f\u00fatbol de otra manera y estudia bastante los partidos.<\/strong><\/p>\n<p><strong>\u00bfEl d\u00eda de vuestra despedida conjunta lo recuerdas como un bonito recuerdo o m\u00e1s con nostalgia?<\/strong><\/p>\n<p>\u00bfYo creo que hay que recordarlo de ambas maneras no? A veces cuando est\u00e1s de baj\u00f3n y no quieres saber de nadie, piensas estas cosas lo ves nost\u00e1lgico y lo ves como un momento triste, pero al pensarlo fr\u00edo valoras todo lo vivido en esos 5 a\u00f1os tan incre\u00edbles en los que llegamos a la vez y nos fuimos juntos del club Asier y yo. <strong>Ver las cosas desde los 2 extremos est\u00e1 bien siempre<\/strong> que no sea preocupante ni se llegue a un l\u00edmite.<\/p>\n<figure style=\"width: 538px\" class=\"wp-caption alignnone\"><img loading=\"lazy\" decoding=\"async\" class=\"\" src=\"https:\/\/www.mundodeportivo.com\/files\/image_449_220\/uploads\/2018\/05\/23\/60e7831a6abe8.jpeg\" alt=\"Mantovani: \u201cAsier Garitano se va a dejar la piel por la Real\u201d\" width=\"538\" height=\"264\" \/><figcaption class=\"wp-caption-text\">Mart\u00edn Mantovani y Asier Garitano justo antes de rendir homenaje y decir adi\u00f3s a su etapa en el CD Legan\u00e9s. Fuente: Mundo Deportivo.<\/figcaption><\/figure>\n<p><strong>\u00bfQu\u00e9 te parece el actual entrenador del Lega <a href=\"https:\/\/agentelibredigital.com\/?s=Borja+Jim\u00e9nez\">(Borja Jim\u00e9nez)<\/a>? \u00bfOs conoc\u00e9is personalmente?<\/strong><\/p>\n<p>Le conoc\u00ed reci\u00e9n lleg\u00f3 este a\u00f1o. <strong>Es un tipo excelente y muy amable.<\/strong> Tiene la mente muy ordenada y sabe que hacer y como hacer todo lo que se propone en el club. Mir\u00e1 te pongo un ejemplo: <strong>si lo compararas con Asier, ambos tienen una personalidad muy parecida pero son totalmente distintos en lo t\u00e1ctico.<\/strong><\/p>\n<p><strong>\u00bfCrees que volver\u00e1s alg\u00fan d\u00eda a Butarque ya sea como entrenador, <a href=\"https:\/\/agentelibredigital.com\/?s=director+deportivo\">director deportivo<\/a> o algo relacionado?<\/strong><\/p>\n<p><strong>Estoy seguro de que volver\u00e9 a <a href=\"https:\/\/agentelibredigital.com\/?s=Butarque\">Butarque<\/a> alg\u00fan d\u00eda.<\/strong> Como ya te dije, acabo de terminar el curso de <a href=\"https:\/\/agentelibredigital.com\/?s=entrenador\">entrenador<\/a> y <strong>ojal\u00e1 mi vuelta al Lega sea como t\u00e9cnico.<\/strong><\/p>\n<figure style=\"width: 506px\" class=\"wp-caption alignnone\"><img loading=\"lazy\" decoding=\"async\" class=\"\" src=\"https:\/\/alcabodelacalle.es\/wp-content\/uploads\/2023\/06\/Borja-Jimenez-1.jpg\" alt=\"Borja Jim\u00e9nez coge los mandos del Legan\u00e9s: &quot;Quiero construir un equipo que se sienta dominador desde el ataque&quot; - alcabodelacalle\" width=\"506\" height=\"506\" \/><figcaption class=\"wp-caption-text\">Borja Jim\u00e9nez en la rueda de prensa de su presentaci\u00f3n oficial como entrenador del CD Legan\u00e9s. Fuente: CD Legan\u00e9s.<\/figcaption><\/figure>\n<p><strong>Comentando ahora esto, ya que te has sacado el curso de <a href=\"https:\/\/agentelibredigital.com\/?s=entrenador\">entrenador<\/a>, \u00bfQu\u00e9 te ha parecido? \u00bfCrees que despu\u00e9s de la Kings League y Onda Madrid pueda surgir el comienzo de tu trayectoria como t\u00e9cnico en alg\u00fan equipo profesional?<\/strong><\/p>\n<p><strong>Creo que en \u00e9l aprendes demasiada teor\u00eda.<\/strong> Es necesaria, pero tambi\u00e9n excesivo adem\u00e1s de que<strong> hay que poner todo ese conocimiento que te da el curso en pr\u00e1ctica dentro de la cancha.<\/strong> <strong>Sobre lo de mi comienzo como entrenador, creo todav\u00eda queda rato para arrancar con ese carg<\/strong>o (risas). Ahora me quiero centrar en lo que tengo. Cuando llegue el momento, <strong>me gustar\u00eda pasar primero por <a href=\"https:\/\/agentelibredigital.com\/?s=categor\u00edas+inferiores\">categor\u00edas inferiores<\/a> de equipos de aqu\u00ed antes de dar un salto al <a href=\"https:\/\/agentelibredigital.com\/?s=futbol+profesional\">f\u00fatbol profesional<\/a>.<\/strong><\/p>\n<p><strong>Me gustar\u00eda antes de dar por finalizado la entrevista hacerte 2 preguntas de opini\u00f3n y una \u00faltima que no me pod\u00eda dejar. Primero, <\/strong><strong>\u00bftienes alg\u00fan futbolista de talla mundial que consideres como un referente y que haya marcado en tu carrera futbol\u00edstica?<\/strong><\/p>\n<p>Te dir\u00eda <a href=\"https:\/\/agentelibredigital.com\/?s=Messi\">Messi<\/a> por lo que significa aqu\u00ed en <a href=\"https:\/\/agentelibredigital.com\/?s=Espa\u00f1a\">Espa\u00f1a<\/a>, en mi pa\u00eds, y en el mundo del f\u00fatbol en general, pero <strong>alguien que para m\u00ed al comenzar mi carrera era un ejemplo a seguir ser\u00eda el de <a href=\"https:\/\/agentelibredigital.com\/?s=Roberto+Ayala\">Roberto \u00b4El Rat\u00f3n` Ayala<\/a>.<\/strong> Supongo que lo conocer\u00e1s, empez\u00f3 en <a href=\"https:\/\/agentelibredigital.com\/?s=River+Plate\">River<\/a>, jug\u00f3 en <a href=\"https:\/\/agentelibredigital.com\/?s=Italia\">Italia<\/a>, destac\u00f3 mucho en el <a href=\"https:\/\/agentelibredigital.com\/?s=Valencia\">Valencia<\/a> etc&#8230;<\/p>\n<p><strong>\u00bfEn argentina ser\u00e1s hincha de alg\u00fan club verdad?<\/strong><\/p>\n<p><strong>Desde bien peque\u00f1ito soy hincha de <a href=\"https:\/\/agentelibredigital.com\/?s=River+Plate\">River Plate<\/a>.<\/strong> Actualmente ya retirado, con todo lo vivido en <a href=\"https:\/\/agentelibredigital.com\/?s=Legan\u00e9s\">Legan\u00e9s<\/a> y con el punto m\u00e1s de periodista en la radio que estoy consiguiendo ahora, <strong>apenas lo sent\u00eds, pero en mis tiempos de adolescente era un aficionado m\u00e1s y si que me agarraba buena bronca en los \u00absupercl\u00e1sicos\u00bb ante <a href=\"https:\/\/agentelibredigital.com\/?s=Boca+Juniors\">Boca<\/a><\/strong> (risas).<\/p>\n<figure style=\"width: 468px\" class=\"wp-caption alignnone\"><img loading=\"lazy\" decoding=\"async\" class=\"\" src=\"https:\/\/media.tycsports.com\/files\/2022\/01\/27\/383943\/ayala_w416.jpg\" alt=\"Roberto Ayala, el hist\u00f3rico defensor que eligi\u00f3 jugar en River antes que en Boca y dirigir\u00e1 a la Selecci\u00f3n - TyC Sports\" width=\"468\" height=\"358\" \/><figcaption class=\"wp-caption-text\">Roberto \u00b4El Rat\u00f3n` Ayala disputando un encuentro ante Boca Juniors. Fuente: TyC Sports.<\/figcaption><\/figure>\n<p><strong>Para acabar, no pod\u00eda dejarme esta pregunta. Saliste en el v\u00eddeo promocional de la nueva campa\u00f1a sobre el ascenso del CD Legan\u00e9s con el hashtag de #Sue\u00f1aLegan\u00e9s. \u00bfQu\u00e9 opinas sobre la posibilidad del ascenso directo para el Lega esta temporada?<\/strong><\/p>\n<p>Bueno, hace unos meses dejamos atr\u00e1s el objetivo de la <a href=\"https:\/\/agentelibredigital.com\/?s=permanencia\">permanencia<\/a> y los famosos 5o puntos , y ahora <strong>el verdadero sue\u00f1o de cualquier pepinero como bien sabr\u00e1s es repetir lo logrado en 2016 y conseguir otro <a href=\"https:\/\/agentelibredigital.com\/?s=ascenso\">ascenso<\/a> \u00e9pico.<\/strong><\/p>\n<p><strong><a href=\"https:\/\/agentelibredigital.com\/?s=Borja+Jim\u00e9nez\">Borja<\/a> ha construido un equipo con muchos de los mejores jugadores de la categor\u00eda.<\/strong>\u00a0Son chicos que se entienden muy bien entre s\u00ed, y tienen un conjunto muy compacto a d\u00eda de hoy en el Lega. Yo creo que <strong>es muy posible que se repita el ascenso directo a primera \u00b4<a href=\"https:\/\/agentelibredigital.com\/?s=pepinero\">pepinero<\/a>`<\/strong>. Ya va media temporada l\u00edderes de la competici\u00f3n y no se nos puede escapar; en Legan\u00e9s los sue\u00f1os se cumplen y <strong>hay que tratar de ascender directos y nada de <a href=\"https:\/\/es.wikipedia.org\/wiki\/Promoci%C3%B3n_de_ascenso_a_Primera_Divisi%C3%B3n_de_Espa%C3%B1a\">play-off<\/a><\/strong> ni quilombos de idas y vueltas en partidos de muerte (risas).<\/p>\n<figure style=\"width: 1280px\" class=\"wp-caption alignnone\"><img loading=\"lazy\" decoding=\"async\" src=\"https:\/\/i.ytimg.com\/vi\/ohEdkNQlug8\/maxresdefault.jpg\" alt=\"Sue\u00f1a, Legan\u00e9s! | C.D. Legan\u00e9s - Web Oficial\" width=\"1280\" height=\"720\" \/><figcaption class=\"wp-caption-text\">Anuncio del ping de \u00ab#Sue\u00f1aLeganes\u00bb: la nueva campa\u00f1a del CD Legan\u00e9s. Fuente: CD Legan\u00e9s.<\/figcaption><\/figure>\n","protected":false},"excerpt":{"rendered":"<p>\u00abCon 22 a\u00f1os casi dejo el f\u00fatbol, pero me decid\u00ed por coger el \u00faltimo bus rumbo al aeropuerto. El resto es historia\u00bb. Mart\u00edn Maximiliano Mantovani (San Miguel, Argentina, 1984) es&hellip; <\/p>\n","protected":false},"author":201,"featured_media":20356,"comment_status":"open","ping_status":"open","sticky":false,"template":"","format":"standard","meta":{"om_disable_all_campaigns":false,"_monsterinsights_skip_tracking":false,"_monsterinsights_sitenote_active":false,"_monsterinsights_sitenote_note":"","_monsterinsights_sitenote_category":0,"_uf_show_specific_survey":0,"_uf_disable_surveys":false,"footnotes":""},"categories":[47,52,46,8,2911],"tags":[708,1553,218,106,101,513,537,2045,56,709],"class_list":["post-19696","post","type-post","status-publish","format-standard","has-post-thumbnail","hentry","category-futbol-espanol","category-historias-agente-libre","category-laliga-ea-sports","category-laliga-hypermotion","category-leganes","tag-argentina","tag-butarque","tag-futbol-espanol","tag-laliga-ea-sports","tag-laliga-hypermotion","tag-leganes","tag-messi","tag-periodismo","tag-real-madrid","tag-river-plate"],"aioseo_notices":[],"_links":{"self":[{"href":"https:\/\/agentelibredigital.com\/index.php\/wp-json\/wp\/v2\/posts\/19696","targetHints":{"allow":["GET"]}}],"collection":[{"href":"https:\/\/agentelibredigital.com\/index.php\/wp-json\/wp\/v2\/posts"}],"about":[{"href":"https:\/\/agentelibredigital.com\/index.php\/wp-json\/wp\/v2\/types\/post"}],"author":[{"embeddable":true,"href":"https:\/\/agentelibredigital.com\/index.php\/wp-json\/wp\/v2\/users\/201"}],"replies":[{"embeddable":true,"href":"https:\/\/agentelibredigital.com\/index.php\/wp-json\/wp\/v2\/comments?post=19696"}],"version-history":[{"count":27,"href":"https:\/\/agentelibredigital.com\/index.php\/wp-json\/wp\/v2\/posts\/19696\/revisions"}],"predecessor-version":[{"id":52437,"href":"https:\/\/agentelibredigital.com\/index.php\/wp-json\/wp\/v2\/posts\/19696\/revisions\/52437"}],"wp:featuredmedia":[{"embeddable":true,"href":"https:\/\/agentelibredigital.com\/index.php\/wp-json\/wp\/v2\/media\/20356"}],"wp:attachment":[{"href":"https:\/\/agentelibredigital.com\/index.php\/wp-json\/wp\/v2\/media?parent=19696"}],"wp:term":[{"taxonomy":"category","embeddable":true,"href":"https:\/\/agentelibredigital.com\/index.php\/wp-json\/wp\/v2\/categories?post=19696"},{"taxonomy":"post_tag","embeddable":true,"href":"https:\/\/agentelibredigital.com\/index.php\/wp-json\/wp\/v2\/tags?post=19696"}],"curies":[{"name":"wp","href":"https:\/\/api.w.org\/{rel}","templated":true}]}}