{"id":17582,"date":"2024-04-09T19:27:48","date_gmt":"2024-04-09T17:27:48","guid":{"rendered":"https:\/\/agentelibredigital.com\/?p=17582"},"modified":"2024-04-09T19:27:48","modified_gmt":"2024-04-09T17:27:48","slug":"un-jugador-de-la-roma-esquiva-la-sancion-por-la-bandera-contra-la-lazio","status":"publish","type":"post","link":"https:\/\/agentelibredigital.com\/index.php\/2024\/04\/09\/un-jugador-de-la-roma-esquiva-la-sancion-por-la-bandera-contra-la-lazio\/","title":{"rendered":"Un jugador de la Roma esquiva la sanci\u00f3n por la bandera contra la Lazio"},"content":{"rendered":"<h4>Gianluca Mancini se ha librado de la sanci\u00f3n por desplegar una controvertida bandera al final del Roma-Lazio.<\/h4>\n<p>El\u00a0<em><strong>Derby della Capitale<\/strong>\u00a0<\/em>celebrado el pasado s\u00e1bado entre <strong><a href=\"https:\/\/agentelibredigital.com\/index.php\/tag\/roma\/\">Roma<\/a><\/strong> y <strong>Lazio<\/strong> no solo dej\u00f3 el triunfo por la m\u00ednima del conjunto romanista. El partido concluy\u00f3 con un episodio pol\u00e9mico protagonizado por <strong>Gianluca Mancini<\/strong>, autor del \u00fanico gol del partido. El defensa se arriesg\u00f3 a figurar como h\u00e9roe y villano a causa de <strong>una bandera desplegada<\/strong> frente al sector de su afici\u00f3n.<\/p>\n<p>Mancini, una vez finalizado el partido, se dirigi\u00f3 a la grada con una bandera con <strong>los colores de la Lazio y un rat\u00f3n negro encima<\/strong>. Este hecho se entendi\u00f3 como lesivo contra el club\u00a0<em>biancoceleste<\/em>, por lo que ha acabado sobre el escritorio del <strong>Juez Deportivo<\/strong>. Sin embargo, el castigo a Mancini se ha limitado a una multa,<strong> sin partidos de sanci\u00f3n<\/strong>.<\/p>\n<p>El juez Mastrandrea, mediante un comunicado, ha confirmado la <strong>pena de 5000 euros<\/strong> a Mancini, por \u00abhaber desplegado una bandera ofensiva contra la afici\u00f3n rival durante la celebraci\u00f3n tras el partido\u00bb. El defensa central estar\u00e1, por tanto,<strong> a disposici\u00f3n de De Rossi<\/strong> para el partido de la Roma este fin de semana en el campo del Udinese.<\/p>\n<p>Se trata, en definitiva, de una nueva buena noticia para la Roma. Los\u00a0<em>giallorossi<\/em> contar\u00e1n con Mancini, uno de los pilares del equipo, para la pr\u00f3xima cita de la <a href=\"https:\/\/onefootball.com\/es\/competicion\/serie-a-13\">Serie A<\/a> este domingo en \u00dadine. Unos d\u00edas antes, sin embargo, la Roma buscar\u00e1 golpear primero en la ida de los <strong>cuartos de final de la Europa League<\/strong>, en una eliminatoria en clave italiana frente al Milan.<\/p>\n<p>Mancini, de 27 a\u00f1os, <strong>vive su quinta temporada<\/strong> en las filas de la Roma. Esta temporada se ha asentado como <strong>un indiscutible<\/strong> de la zaga de la Loba, tanto con Jos\u00e9 Mourinho como con Daniele de Rossi. El central ha disputado 39 partidos entre liga, copa y Europa League, anotando cinco goles y repartiendo una asistencia.<\/p>\n","protected":false},"excerpt":{"rendered":"<p>Gianluca Mancini se ha librado de la sanci\u00f3n por desplegar una controvertida bandera al final del Roma-Lazio. El\u00a0Derby della Capitale\u00a0celebrado el pasado s\u00e1bado entre Roma y Lazio no solo dej\u00f3&hellip; <\/p>\n","protected":false},"author":68,"featured_media":17583,"comment_status":"open","ping_status":"open","sticky":false,"template":"","format":"standard","meta":{"om_disable_all_campaigns":false,"_monsterinsights_skip_tracking":false,"_monsterinsights_sitenote_active":false,"_monsterinsights_sitenote_note":"","_monsterinsights_sitenote_category":0,"_uf_show_specific_survey":0,"_uf_disable_surveys":false,"footnotes":""},"categories":[48,33],"tags":[71,91,604,94],"class_list":["post-17582","post","type-post","status-publish","format-standard","has-post-thumbnail","hentry","category-futbol-internacional","category-serie-a","tag-futbol-internacional","tag-lazio","tag-roma","tag-serie-a"],"aioseo_notices":[],"_links":{"self":[{"href":"https:\/\/agentelibredigital.com\/index.php\/wp-json\/wp\/v2\/posts\/17582","targetHints":{"allow":["GET"]}}],"collection":[{"href":"https:\/\/agentelibredigital.com\/index.php\/wp-json\/wp\/v2\/posts"}],"about":[{"href":"https:\/\/agentelibredigital.com\/index.php\/wp-json\/wp\/v2\/types\/post"}],"author":[{"embeddable":true,"href":"https:\/\/agentelibredigital.com\/index.php\/wp-json\/wp\/v2\/users\/68"}],"replies":[{"embeddable":true,"href":"https:\/\/agentelibredigital.com\/index.php\/wp-json\/wp\/v2\/comments?post=17582"}],"version-history":[{"count":1,"href":"https:\/\/agentelibredigital.com\/index.php\/wp-json\/wp\/v2\/posts\/17582\/revisions"}],"predecessor-version":[{"id":17584,"href":"https:\/\/agentelibredigital.com\/index.php\/wp-json\/wp\/v2\/posts\/17582\/revisions\/17584"}],"wp:featuredmedia":[{"embeddable":true,"href":"https:\/\/agentelibredigital.com\/index.php\/wp-json\/wp\/v2\/media\/17583"}],"wp:attachment":[{"href":"https:\/\/agentelibredigital.com\/index.php\/wp-json\/wp\/v2\/media?parent=17582"}],"wp:term":[{"taxonomy":"category","embeddable":true,"href":"https:\/\/agentelibredigital.com\/index.php\/wp-json\/wp\/v2\/categories?post=17582"},{"taxonomy":"post_tag","embeddable":true,"href":"https:\/\/agentelibredigital.com\/index.php\/wp-json\/wp\/v2\/tags?post=17582"}],"curies":[{"name":"wp","href":"https:\/\/api.w.org\/{rel}","templated":true}]}}