{"id":17034,"date":"2024-04-04T10:23:31","date_gmt":"2024-04-04T08:23:31","guid":{"rendered":"https:\/\/agentelibredigital.com\/?p=17034"},"modified":"2024-04-27T18:44:21","modified_gmt":"2024-04-27T16:44:21","slug":"la-maldicion-del-37-en-getafe","status":"publish","type":"post","link":"https:\/\/agentelibredigital.com\/index.php\/2024\/04\/04\/la-maldicion-del-37-en-getafe\/","title":{"rendered":"La maldici\u00f3n del 37 en Getafe"},"content":{"rendered":"<h4>En el deporte espa\u00f1ol, durante los \u00faltimos a\u00f1os, est\u00e1 de moda utilizar los n\u00fameros, como por ejemplo la victoria n\u00famero 33 de Fernando Alonso. Sin embargo, hay una cifra que, sobre todo, en la ciudad de Getafe est\u00e1 empezando a sonar cada vez m\u00e1s, el 37. Estos son los goles de Manu Del Moral, el m\u00e1ximo goleador de la historia del Getafe CF que, durante los \u00faltimos a\u00f1os, ha tenido varios perseguidores que no han podido darle caza.<\/h4>\n<h2>Manu Del Moral, la leyenda viva<\/h2>\n<p>El conjunto azul\u00f3n siempre ha destacado por tener a grandes arietes que han sido capaces de marcar \u00e9pocas en el equipo. Sin embargo, <strong>ninguno ha sido capaz de alcanzar al que, por el momento, es el m\u00e1ximo goleador de la historia del Getafe en Primera Divisi\u00f3n con 37 goles, Manu Del Moral<\/strong>. El delantero de Ja\u00e9n asegur\u00f3 hace unos d\u00edas que para \u00e9l es incre\u00edble que a\u00fan se le recuerde como el m\u00e1ximo goleador de la historia del club. A pesar de esto, asegur\u00f3 que no le entristece la idea de perder ese privilegio y es que ha estado cerca de hacerlo en varias ocasiones con varios goleadores que han pasado por la entidad getafense durante las \u00faltimas temporadas.<\/p>\n<figure id=\"attachment_17071\" aria-describedby=\"caption-attachment-17071\" style=\"width: 2000px\" class=\"wp-caption alignnone\"><img loading=\"lazy\" decoding=\"async\" class=\"wp-image-17071 size-full\" src=\"https:\/\/agentelibredigital.com\/wp-content\/uploads\/2024\/04\/IMG_2069.jpeg\" alt=\"\" width=\"2000\" height=\"1859\" srcset=\"https:\/\/agentelibredigital.com\/wp-content\/uploads\/2024\/04\/IMG_2069.jpeg 2000w, https:\/\/agentelibredigital.com\/wp-content\/uploads\/2024\/04\/IMG_2069-300x279.jpeg 300w, https:\/\/agentelibredigital.com\/wp-content\/uploads\/2024\/04\/IMG_2069-1024x952.jpeg 1024w, https:\/\/agentelibredigital.com\/wp-content\/uploads\/2024\/04\/IMG_2069-768x714.jpeg 768w, https:\/\/agentelibredigital.com\/wp-content\/uploads\/2024\/04\/IMG_2069-1536x1428.jpeg 1536w\" sizes=\"auto, (max-width: 2000px) 100vw, 2000px\" \/><figcaption id=\"caption-attachment-17071\" class=\"wp-caption-text\">Imagen de Manu Del Moral. Fuente: DOMINIQUE FAGET\/AFP via Getty Images<\/figcaption><\/figure>\n<h2>\u00c1ngel Luis Rodr\u00edguez, el suplente perfecto<\/h2>\n<p>El delantero tinerfe\u00f1o lleg\u00f3 al <a href=\"https:\/\/agentelibredigital.com\/?s=Getafe\">Getafe<\/a> procedente del <a href=\"https:\/\/agentelibredigital.com\/?s=Zaragoza\">Real Zaragoza<\/a> en la temporada 2017\/18 como agente libre. En una etapa que dur\u00f3 cuatro a\u00f1os fue capaz de marcar una \u00e9poca y form\u00f3 parte de aquel hist\u00f3rico \u201ceurogeta\u201d que sorprendi\u00f3 al panorama mundial en el mundo del f\u00fatbol en aquella Europa League en la que eliminaron al Ajax en la temporada 2019\/20. <strong>A pesar de no ser titular indiscutible, fue determinante en aquellos a\u00f1os hist\u00f3ricos del Getafe y logr\u00f3 quedarse a un solo tanto de Manu Del Moral ya que logr\u00f3 anotar 36 goles durante su estancia en el conjunto azul\u00f3n<\/strong>.<\/p>\n<figure id=\"attachment_17072\" aria-describedby=\"caption-attachment-17072\" style=\"width: 990px\" class=\"wp-caption alignnone\"><img loading=\"lazy\" decoding=\"async\" class=\"wp-image-17072 size-full\" src=\"https:\/\/agentelibredigital.com\/wp-content\/uploads\/2024\/04\/IMG_2070.jpeg\" alt=\"\" width=\"990\" height=\"557\" srcset=\"https:\/\/agentelibredigital.com\/wp-content\/uploads\/2024\/04\/IMG_2070.jpeg 990w, https:\/\/agentelibredigital.com\/wp-content\/uploads\/2024\/04\/IMG_2070-300x169.jpeg 300w, https:\/\/agentelibredigital.com\/wp-content\/uploads\/2024\/04\/IMG_2070-768x432.jpeg 768w\" sizes=\"auto, (max-width: 990px) 100vw, 990px\" \/><figcaption id=\"caption-attachment-17072\" class=\"wp-caption-text\">\u00c1ngel celebrando gol. Fuente: Getafe CF<\/figcaption><\/figure>\n<h2>Enes \u00dcnal, el gigante turco<\/h2>\n<p>Una de las \u00faltimas grandes estrellas del conjunto azul\u00f3n, don Enes \u00dcnal. El delantero de origen turco lleg\u00f3 al conjunto azul\u00f3n despu\u00e9s de ir del <a href=\"https:\/\/agentelibredigital.com\/?s=City\">Manchester City<\/a> al <a href=\"https:\/\/agentelibredigital.com\/?s=Villarreal\">Villarreal<\/a> y, tras varias cesiones en las que no encontr\u00f3 su sitio, lleg\u00f3 en la temporada 2020\/21 al Getafe por nueve millones de euros. <strong>Aqu\u00ed demostr\u00f3 el gran jugador que es con grandes campa\u00f1as como por ejemplo la 2021\/22 en la que logr\u00f3 sus mejores registros goleadores con 16 dianas en 37 partidos<\/strong>. Adem\u00e1s, ha sido clave para que el equipo mantuviese la categor\u00eda durante las \u00faltimas temporadas en las que la entidad getafense tuvo que sufrir hasta el final para conseguir la permanencia en la m\u00e1xima categor\u00eda del f\u00fatbol espa\u00f1ol.<\/p>\n<p>Todo apuntaba a que \u00e9l iba a ser ese heredero de Manu Del Moral, sin embargo, <strong>tuvo una lesi\u00f3n muy grave en los compases finales del curso pasado, concretamente el 24 de mayo, frente al <a href=\"https:\/\/agentelibredigital.com\/?s=Betis\">Real Betis Balompi\u00e9<\/a> y se rompi\u00f3 el ligamento cruzado de su rodilla derecha<\/strong>. Finalmente, tras nueve meses de lesi\u00f3n, logr\u00f3 reaparecer en el partido de octavos de final de La Copa del Rey frente al RCD Espanyol y consigui\u00f3 una asistencia. A pesar de esto, <strong>el delantero tom\u00f3 la decisi\u00f3n de abandonar en el mercado invernal rumbo al Bournemouth de la Premier League, poniendo fin a su etapa en el Getafe y a la posibilidad de ser su m\u00e1ximo goleador en Primera Divisi\u00f3n<\/strong>.<\/p>\n<figure id=\"attachment_17073\" aria-describedby=\"caption-attachment-17073\" style=\"width: 2560px\" class=\"wp-caption alignnone\"><img loading=\"lazy\" decoding=\"async\" class=\"wp-image-17073 size-full\" src=\"https:\/\/agentelibredigital.com\/wp-content\/uploads\/2024\/04\/IMG_2071-scaled.jpeg\" alt=\"\" width=\"2560\" height=\"1707\" srcset=\"https:\/\/agentelibredigital.com\/wp-content\/uploads\/2024\/04\/IMG_2071-scaled.jpeg 2560w, https:\/\/agentelibredigital.com\/wp-content\/uploads\/2024\/04\/IMG_2071-300x200.jpeg 300w, https:\/\/agentelibredigital.com\/wp-content\/uploads\/2024\/04\/IMG_2071-1024x683.jpeg 1024w, https:\/\/agentelibredigital.com\/wp-content\/uploads\/2024\/04\/IMG_2071-768x512.jpeg 768w, https:\/\/agentelibredigital.com\/wp-content\/uploads\/2024\/04\/IMG_2071-1536x1024.jpeg 1536w, https:\/\/agentelibredigital.com\/wp-content\/uploads\/2024\/04\/IMG_2071-2048x1365.jpeg 2048w\" sizes=\"auto, (max-width: 2560px) 100vw, 2560px\" \/><figcaption id=\"caption-attachment-17073\" class=\"wp-caption-text\">Enes \u00dcnal celebrando gol. Fuente: Clive Brunskill\/Getty Images<\/figcaption><\/figure>\n<h2>Jaime Mata, el heredero predilecto<\/h2>\n<p>El delantero madrile\u00f1o lleg\u00f3 al conjunto azul\u00f3n en la temporada 2018\/19 procedente del <a href=\"https:\/\/agentelibredigital.com\/?s=Valladolid\">Real Valladolid<\/a> como jugador libre. <strong>Con mucho trabajo y esfuerzo se convirti\u00f3 en el referente de ese hist\u00f3rico \u201ceurogeta\u201d con grandes aportaciones goleadoras durante esa temporada de ensue\u00f1o para la ciudad del sur de Madrid<\/strong>. Sin embargo, tras la salida de Bordal\u00e1s del equipo, Jaime Mata empez\u00f3 a pasar desapercibido para los entrenadores que tuvo el Getafe, ya que apenas cont\u00f3 con minutos durante la ausencia del t\u00e9cnico alicantino. A pesar de esto, la vuelta de Bordal\u00e1s en los \u00faltimos meses del curso pasado volvi\u00f3 a traer esperanza al delantero. Y as\u00ed fue, el conjunto azul\u00f3n se juzgaba la permanencia en el \u00faltimo partido de la temporada pasada frente al <a href=\"https:\/\/agentelibredigital.com\/?s=Osasuna\">Club Atl\u00e9tico Osasuna<\/a>, y un gol de Jaime Mata permiti\u00f3 mantener la categor\u00eda al conjunto azul\u00f3n.<\/p>\n<figure id=\"attachment_17074\" aria-describedby=\"caption-attachment-17074\" style=\"width: 2548px\" class=\"wp-caption alignnone\"><img loading=\"lazy\" decoding=\"async\" class=\"wp-image-17074 size-full\" src=\"https:\/\/agentelibredigital.com\/wp-content\/uploads\/2024\/04\/IMG_2072.jpeg\" alt=\"\" width=\"2548\" height=\"1608\" srcset=\"https:\/\/agentelibredigital.com\/wp-content\/uploads\/2024\/04\/IMG_2072.jpeg 2548w, https:\/\/agentelibredigital.com\/wp-content\/uploads\/2024\/04\/IMG_2072-300x189.jpeg 300w, https:\/\/agentelibredigital.com\/wp-content\/uploads\/2024\/04\/IMG_2072-1024x646.jpeg 1024w, https:\/\/agentelibredigital.com\/wp-content\/uploads\/2024\/04\/IMG_2072-768x485.jpeg 768w, https:\/\/agentelibredigital.com\/wp-content\/uploads\/2024\/04\/IMG_2072-1536x969.jpeg 1536w, https:\/\/agentelibredigital.com\/wp-content\/uploads\/2024\/04\/IMG_2072-2048x1292.jpeg 2048w\" sizes=\"auto, (max-width: 2548px) 100vw, 2548px\" \/><figcaption id=\"caption-attachment-17074\" class=\"wp-caption-text\">Imagen de Jaime Mata. Fuente: JOHN THYS\/AFP via Getty Images<\/figcaption><\/figure>\n<p>Durante esta temporada, con la salida de Dami\u00e1n Su\u00e1rez, Jaime Mata se ha convertido en el capit\u00e1n del Getafe. Adem\u00e1s, Bordal\u00e1s ha contado mucho con \u00e9l y ha podido jugar bastantes minutos en varias posiciones y ha aportado mucho al equipo con cuatro dianas y una asistencia en lo que llevamos de curso. Sin embargo, ahora mismo se encuentra con 36 goles anotados, por lo que est\u00e1 a un gol de igualar a Manu Del Moral, pero la maldici\u00f3n ha vuelto actuar y, durante los \u00faltimos partidos, se ha podido ver lo que cuesta hacerla frente, ya que el delantero madrile\u00f1o ha dispuesto de grandes ocasiones frente al <a href=\"https:\/\/agentelibredigital.com\/?s=Girona\">Girona<\/a>, hace dos jornadas y, sobre todo, durante el \u00faltimo <a href=\"https:\/\/agentelibredigital.com\/index.php\/2024\/03\/30\/cronica-getafe-sevilla-sergio-ramos-cumpleanero-y-heroe-hispalense\/\">partido en el Coliseum frente al Sevilla<\/a>. En aquel encuentro, el conjunto azul\u00f3n perdi\u00f3 el partido por cero goles a uno y Jaime Mata vio como le anulaban ese ansiado gol que le hubiese hecho romper la maldici\u00f3n. Por ello, ahora mismo <strong>el capit\u00e1n azul\u00f3n se encuentra a un gol de romper una racha que ha maldecido a grandes figuras del Getafe que, a pesar de sus grandes etapas en el equipo, no han podido alcanzar la cifra de 37 goles<\/strong>.<\/p>\n<p><a href=\"https:\/\/www.instagram.com\/luis.gonzz_?igsh=YTQwZjQ0NmI0OA%3D%3D&amp;utm_source=qr\">Luis Gonz\u00e1lez Ayuso<\/a><\/p>\n","protected":false},"excerpt":{"rendered":"<p>En el deporte espa\u00f1ol, durante los \u00faltimos a\u00f1os, est\u00e1 de moda utilizar los n\u00fameros, como por ejemplo la victoria n\u00famero 33 de Fernando Alonso. Sin embargo, hay una cifra que,&hellip; <\/p>\n","protected":false},"author":160,"featured_media":17071,"comment_status":"open","ping_status":"open","sticky":false,"template":"","format":"standard","meta":{"om_disable_all_campaigns":false,"_monsterinsights_skip_tracking":false,"_monsterinsights_sitenote_active":false,"_monsterinsights_sitenote_note":"","_monsterinsights_sitenote_category":0,"_uf_show_specific_survey":0,"_uf_disable_surveys":false,"footnotes":""},"categories":[47,21,52],"tags":[2082,2083,187,1695,1471,1694,2084],"class_list":["post-17034","post","type-post","status-publish","format-standard","has-post-thumbnail","hentry","category-futbol-espanol","category-getafe","category-historias-agente-libre","tag-angel","tag-enes-unal","tag-getafe-cf","tag-goles","tag-historias-agente-libre","tag-jaime-mata","tag-manu-del-moral"],"aioseo_notices":[],"_links":{"self":[{"href":"https:\/\/agentelibredigital.com\/index.php\/wp-json\/wp\/v2\/posts\/17034","targetHints":{"allow":["GET"]}}],"collection":[{"href":"https:\/\/agentelibredigital.com\/index.php\/wp-json\/wp\/v2\/posts"}],"about":[{"href":"https:\/\/agentelibredigital.com\/index.php\/wp-json\/wp\/v2\/types\/post"}],"author":[{"embeddable":true,"href":"https:\/\/agentelibredigital.com\/index.php\/wp-json\/wp\/v2\/users\/160"}],"replies":[{"embeddable":true,"href":"https:\/\/agentelibredigital.com\/index.php\/wp-json\/wp\/v2\/comments?post=17034"}],"version-history":[{"count":2,"href":"https:\/\/agentelibredigital.com\/index.php\/wp-json\/wp\/v2\/posts\/17034\/revisions"}],"predecessor-version":[{"id":19355,"href":"https:\/\/agentelibredigital.com\/index.php\/wp-json\/wp\/v2\/posts\/17034\/revisions\/19355"}],"wp:featuredmedia":[{"embeddable":true,"href":"https:\/\/agentelibredigital.com\/index.php\/wp-json\/wp\/v2\/media\/17071"}],"wp:attachment":[{"href":"https:\/\/agentelibredigital.com\/index.php\/wp-json\/wp\/v2\/media?parent=17034"}],"wp:term":[{"taxonomy":"category","embeddable":true,"href":"https:\/\/agentelibredigital.com\/index.php\/wp-json\/wp\/v2\/categories?post=17034"},{"taxonomy":"post_tag","embeddable":true,"href":"https:\/\/agentelibredigital.com\/index.php\/wp-json\/wp\/v2\/tags?post=17034"}],"curies":[{"name":"wp","href":"https:\/\/api.w.org\/{rel}","templated":true}]}}