{"id":15141,"date":"2024-03-13T20:52:21","date_gmt":"2024-03-13T19:52:21","guid":{"rendered":"https:\/\/agentelibredigital.com\/?p=15141"},"modified":"2024-03-14T01:05:14","modified_gmt":"2024-03-14T00:05:14","slug":"un-empate-con-mas-pena-que-gloria","status":"publish","type":"post","link":"https:\/\/agentelibredigital.com\/index.php\/2024\/03\/13\/un-empate-con-mas-pena-que-gloria\/","title":{"rendered":"Un empate con m\u00e1s pena que gloria"},"content":{"rendered":"<h4>El Levante empata a 0 contra el Andorra, resultado inservible para la pelea por los play offs<\/h4>\n<h2>Primera parte<\/h2>\n<p><strong>Felipe Mi\u00f1ambres<\/strong> sorprend\u00eda a la afici\u00f3n al dejar en el banquillo a los valuartes del equipo. <strong>Carlos \u00c1lvarez<\/strong>, <strong>Pablo Mart\u00ednez<\/strong> y <strong>Fabricio<\/strong> empezaban el partido desde el banquillo.<\/p>\n<p>El primer aviso lleg\u00f3 por parte del<a href=\"https:\/\/agentelibredigital.com\/?s=Andorra\"> Andorra<\/a> en el minuto 3. El <a href=\"https:\/\/agentelibredigital.com\/?s=Levante\">Levante<\/a> no llegaba a tener ocasiones claras pero controlaba el juego. Pese a esto el equipo estaba jugando un <strong>f\u00fatbol muy plano<\/strong> y los pocos pases al espacio quedaban en nada debido a la adelantada defensa del <strong>Andorra<\/strong>.<\/p>\n<p>Conforme iba pasando el encuentro los pupilos de <strong>Sarabia<\/strong> ganaron peso en el partido.\u00a0 En el minuto 32, cuando mejor estaba el conjunto andorrano, <strong>Dani Gomez<\/strong> remato casi desde el \u00e1rea peque\u00f1a, pero el disparo fue al cuerpo del <strong>guardameta<\/strong>. Sin embargo, segu\u00edan cayendo ocasiones para el <strong>equipo visitante<\/strong>.<\/p>\n<p>En los <strong>\u00faltimos minutos<\/strong> de la primera parte, <strong>Julen Lobete<\/strong> estrell\u00f3 el bal\u00f3n contra el larguero. Con esto el <strong>Levante<\/strong> llegaba al descanso estando \u00ab<strong>contra las cuerdas<\/strong>\u00ab.<\/p>\n<figure id=\"attachment_15146\" aria-describedby=\"caption-attachment-15146\" style=\"width: 1024px\" class=\"wp-caption alignnone\"><img loading=\"lazy\" decoding=\"async\" class=\"wp-image-15146 size-large\" src=\"https:\/\/agentelibredigital.com\/wp-content\/uploads\/2024\/03\/GIkk0TOWgAAlss3-1024x683.jpeg\" alt=\"Liga hypermotion\" width=\"1024\" height=\"683\" srcset=\"https:\/\/agentelibredigital.com\/wp-content\/uploads\/2024\/03\/GIkk0TOWgAAlss3-1024x683.jpeg 1024w, https:\/\/agentelibredigital.com\/wp-content\/uploads\/2024\/03\/GIkk0TOWgAAlss3-300x200.jpeg 300w, https:\/\/agentelibredigital.com\/wp-content\/uploads\/2024\/03\/GIkk0TOWgAAlss3-768x512.jpeg 768w, https:\/\/agentelibredigital.com\/wp-content\/uploads\/2024\/03\/GIkk0TOWgAAlss3-1536x1025.jpeg 1536w, https:\/\/agentelibredigital.com\/wp-content\/uploads\/2024\/03\/GIkk0TOWgAAlss3.jpeg 2048w\" sizes=\"auto, (max-width: 1024px) 100vw, 1024px\" \/><figcaption id=\"caption-attachment-15146\" class=\"wp-caption-text\">Cantero disputando el bal\u00f3n. Fuente: Levante UD<\/figcaption><\/figure>\n<h2>Segunda parte<\/h2>\n<p>Con el inicio de la <strong>segunda parte<\/strong>, 30 segundos hicieron falta para ver la primera ocasi\u00f3n del <strong>Andorra<\/strong>. Pero, 1 minuto m\u00e1s tarde, <strong>Cantero<\/strong> tuvo contra golpe\u00f3, pero la ocasi\u00f3n acab\u00f3 en c\u00f3rner.<\/p>\n<p>A partir del <strong>58<\/strong> el <strong>club granota<\/strong> empez\u00f3 a mover el banquillo para cambiar la situaci\u00f3n. 8 minutos despu\u00e9s, <strong>Pablo Mart\u00ednez<\/strong>, <strong>Fabricio<\/strong> y <strong>Carlos \u00c1lvarez<\/strong> estaban en el campo. Pese a los cambios el encuentro estaba estancado y ning\u00fan equipo propon\u00eda.<\/p>\n<p>En los <strong>\u00faltimos minuto<\/strong>s el partido se abri\u00f3. Esto hizo que vi\u00e9semos ocasiones por parte de los <strong>2 equipos<\/strong>. Sin embargo ninguno consigui\u00f3 perforar la porter\u00eda del rival. El partido terminaba con un <strong>reparto de puntos<\/strong> que ambos daban por malo.<\/p>\n<figure id=\"attachment_15155\" aria-describedby=\"caption-attachment-15155\" style=\"width: 1024px\" class=\"wp-caption alignnone\"><img loading=\"lazy\" decoding=\"async\" class=\"size-large wp-image-15155\" src=\"https:\/\/agentelibredigital.com\/wp-content\/uploads\/2024\/03\/GIkt_SEXgAIn2HR-1024x833.jpeg\" alt=\"\" width=\"1024\" height=\"833\" srcset=\"https:\/\/agentelibredigital.com\/wp-content\/uploads\/2024\/03\/GIkt_SEXgAIn2HR-1024x833.jpeg 1024w, https:\/\/agentelibredigital.com\/wp-content\/uploads\/2024\/03\/GIkt_SEXgAIn2HR-300x244.jpeg 300w, https:\/\/agentelibredigital.com\/wp-content\/uploads\/2024\/03\/GIkt_SEXgAIn2HR-768x625.jpeg 768w, https:\/\/agentelibredigital.com\/wp-content\/uploads\/2024\/03\/GIkt_SEXgAIn2HR-1536x1250.jpeg 1536w, https:\/\/agentelibredigital.com\/wp-content\/uploads\/2024\/03\/GIkt_SEXgAIn2HR.jpeg 2048w\" sizes=\"auto, (max-width: 1024px) 100vw, 1024px\" \/><figcaption id=\"caption-attachment-15155\" class=\"wp-caption-text\">Clemente luchando por el bal\u00f3n. Fuente: Levante UD<\/figcaption><\/figure>\n<h2>Ficha t\u00e9cnica<\/h2>\n<p><strong>Levante<\/strong><\/p>\n<p><strong>Amonestaciones<\/strong>: Ander Capa (13&#8242;), Cantero (54&#8242;)<\/p>\n<p><strong>Cambios<\/strong>: Ander Capa por Alex Mu\u00f1oz (45&#8242;), Sergio Lozano por Pablo Mart\u00ednez (58&#8242;), Dani G\u00f3mez por Fabricio (66&#8242;), Clemente por Carlos \u00c1lvarez (66&#8242;), Cantero por Bouldini (79&#8242;)<\/p>\n<p><strong>Andorra<\/strong><\/p>\n<p><strong>Amonestaciones<\/strong>: Jandro Orellana (60&#8242;)<\/p>\n<p>Cambios: Iker Benito por Migue Leal (67&#8242;), Julen Lobete por Pablo Moreno (67&#8242;), Jandro Orellana por Iv\u00e1n Gil (79&#8242;), Scheidler por Karribaburu (79&#8242;), Rub\u00e9n Bomber por Sergi Samper (90&#8242;)<\/p>\n<p><em>Autor del art\u00edculo: <a href=\"https:\/\/twitter.com\/DavidServer\">David Server<\/a><\/em><\/p>\n","protected":false},"excerpt":{"rendered":"<p>El Levante empata a 0 contra el Andorra, resultado inservible para la pelea por los play offs Primera parte Felipe Mi\u00f1ambres sorprend\u00eda a la afici\u00f3n al dejar en el banquillo&hellip; <\/p>\n","protected":false},"author":167,"featured_media":15154,"comment_status":"open","ping_status":"open","sticky":false,"template":"","format":"standard","meta":{"om_disable_all_campaigns":false,"_monsterinsights_skip_tracking":false,"_monsterinsights_sitenote_active":false,"_monsterinsights_sitenote_note":"","_monsterinsights_sitenote_category":0,"_uf_show_specific_survey":0,"_uf_disable_surveys":false,"footnotes":""},"categories":[47,8],"tags":[251,218,101,1702],"class_list":["post-15141","post","type-post","status-publish","format-standard","has-post-thumbnail","hentry","category-futbol-espanol","category-laliga-hypermotion","tag-fc-andorra","tag-futbol-espanol","tag-laliga-hypermotion","tag-levante-ud"],"aioseo_notices":[],"_links":{"self":[{"href":"https:\/\/agentelibredigital.com\/index.php\/wp-json\/wp\/v2\/posts\/15141","targetHints":{"allow":["GET"]}}],"collection":[{"href":"https:\/\/agentelibredigital.com\/index.php\/wp-json\/wp\/v2\/posts"}],"about":[{"href":"https:\/\/agentelibredigital.com\/index.php\/wp-json\/wp\/v2\/types\/post"}],"author":[{"embeddable":true,"href":"https:\/\/agentelibredigital.com\/index.php\/wp-json\/wp\/v2\/users\/167"}],"replies":[{"embeddable":true,"href":"https:\/\/agentelibredigital.com\/index.php\/wp-json\/wp\/v2\/comments?post=15141"}],"version-history":[{"count":5,"href":"https:\/\/agentelibredigital.com\/index.php\/wp-json\/wp\/v2\/posts\/15141\/revisions"}],"predecessor-version":[{"id":15198,"href":"https:\/\/agentelibredigital.com\/index.php\/wp-json\/wp\/v2\/posts\/15141\/revisions\/15198"}],"wp:featuredmedia":[{"embeddable":true,"href":"https:\/\/agentelibredigital.com\/index.php\/wp-json\/wp\/v2\/media\/15154"}],"wp:attachment":[{"href":"https:\/\/agentelibredigital.com\/index.php\/wp-json\/wp\/v2\/media?parent=15141"}],"wp:term":[{"taxonomy":"category","embeddable":true,"href":"https:\/\/agentelibredigital.com\/index.php\/wp-json\/wp\/v2\/categories?post=15141"},{"taxonomy":"post_tag","embeddable":true,"href":"https:\/\/agentelibredigital.com\/index.php\/wp-json\/wp\/v2\/tags?post=15141"}],"curies":[{"name":"wp","href":"https:\/\/api.w.org\/{rel}","templated":true}]}}