{"id":14573,"date":"2024-03-09T16:41:11","date_gmt":"2024-03-09T15:41:11","guid":{"rendered":"https:\/\/agentelibredigital.com\/?p=14573"},"modified":"2024-03-09T16:38:20","modified_gmt":"2024-03-09T15:38:20","slug":"al-mal-tiempo-buena-cara","status":"publish","type":"post","link":"https:\/\/agentelibredigital.com\/index.php\/2024\/03\/09\/al-mal-tiempo-buena-cara\/","title":{"rendered":"Al mal tiempo, buena cara"},"content":{"rendered":"<h4>El Valencia vence 1-0 al Getafe y sigue inmerso en la lucha por Europa<\/h4>\n<p>El equipo de la capital del Turia gan\u00f3 a los de Bordal\u00e1s en un encuentro que no destac\u00f3 por sus m\u00faltiples ocasiones y un estilo de juego muy elaborado. A pesar de ello, los de Baraja supieron materializar una de sus ocasiones y resistir el empuje visitante en busca del empate. Con esto, los locales quieren seguir mirando hacia arriba a costa de alejar las opciones europeas del conjunto madrile\u00f1o.<\/p>\n<h2>Primera parte<\/h2>\n<p>El encuentro comenz\u00f3 sin que ninguno de los equipos tomara la iniciativa. Los primeros 45 minutos se caracterizaron por un <a href=\"https:\/\/agentelibredigital.com\/?s=Getafe\">Getafe<\/a> que buscaba centros al \u00e1rea y un <a href=\"https:\/\/agentelibredigital.com\/?s=Valencia\">Valencia<\/a> que mandaba balones a sus dos delanteros, <a href=\"https:\/\/agentelibredigital.com\/?s=Hugo+duro\">Hugo Duro<\/a> y <a href=\"https:\/\/agentelibredigital.com\/?s=Yaremchuk\">Yaremchuk<\/a>.<\/p>\n<p>Las primeras ocasiones fueron por parte del conjunto local, en pies de Sergi Can\u00f3s. El extremo de Nules tuvo un par de disparos lejanos que se fueron altos por poco.<\/p>\n<p>Y cuando el primer tiempo ya encaraba su recta final en el minuto 40, apareci\u00f3 Hugo Duro para hacer lo que mejor sabe esta temporada, marcar. Pase de Gay\u00e0 para Can\u00f3s, que la mand\u00f3 en largo para el delantero madrile\u00f1o y este, con un vaselina sublime, bati\u00f3 a David Soria.<\/p>\n<p>A ra\u00edz del gol y hasta el descanso, el Getafe busc\u00f3 crear ocasiones mediante centros e internadas al \u00e1rea, pero no consigui\u00f3 provocar peligro.<\/p>\n<figure style=\"width: 362px\" class=\"wp-caption aligncenter\"><img loading=\"lazy\" decoding=\"async\" src=\"https:\/\/pbs.twimg.com\/media\/GIO6n3vW0AAAEiM?format=jpg&amp;name=4096x4096\" alt=\"Imagen\" width=\"362\" height=\"453\" \/><figcaption class=\"wp-caption-text\">Los jugadores celebrando el gol de Hugo Duro. Fuente: X del Valencia.<\/figcaption><\/figure>\n<h2>Segunda parte<\/h2>\n<p>El segundo tiempo inici\u00f3 con los visitantes buscando el empate. Y lo hizo mediante un par disparos que fueron bloqueados por la defensa valencianista y su portero.<\/p>\n<p>Esta segunda parte se caracteriz\u00f3 por el hecho de que ambos equipos no variaron su estilo. El Valencia segu\u00eda mandando balones en largo y el Getafe jugar mediante centros.<\/p>\n<p>Ninguno de los dos lograron ocasiones peligrosas, m\u00e1s all\u00e1 de una internada de Javi Guerra donde regate\u00f3 a dos defensas y que el tercero despej\u00f3 y una doble ocasi\u00f3n del Getafe, donde tras un tiro lejano repelido por Mamardashvili, <a href=\"https:\/\/agentelibredigital.com\/?s=Jaime+mata\">Jaime Mata<\/a> mand\u00f3 fuera el rechace cuando lo ten\u00eda todo para empatar.<\/p>\n<p>En los \u00faltimos minutos, y cuando m\u00e1s tenia que aparec\u00eda el portero georgiano, lo hizo. Un disparo lejano de \u00d3scar Rodr\u00edguez oblig\u00f3 a Mamardashvili a mandar el esf\u00e9rico a saque de esquina. En el c\u00f3rner posterior, despu\u00e9s de que el bal\u00f3n rebotara en Cenk, el guardameta sac\u00f3 un mano abajo salvadora.<\/p>\n<p>Con esta victoria el <a href=\"https:\/\/www.valenciacf.com\/\">Valencia<\/a> se coloca octavo con 40 puntos y deja al <a href=\"https:\/\/www.getafecf.com\/\">Getafe<\/a> onceavo con 35.<\/p>\n","protected":false},"excerpt":{"rendered":"<p>El Valencia vence 1-0 al Getafe y sigue inmerso en la lucha por Europa El equipo de la capital del Turia gan\u00f3 a los de Bordal\u00e1s en un encuentro que&hellip; <\/p>\n","protected":false},"author":34,"featured_media":14587,"comment_status":"open","ping_status":"open","sticky":false,"template":"","format":"standard","meta":{"om_disable_all_campaigns":false,"_monsterinsights_skip_tracking":false,"_monsterinsights_sitenote_active":false,"_monsterinsights_sitenote_note":"","_monsterinsights_sitenote_category":0,"_uf_show_specific_survey":0,"_uf_disable_surveys":false,"footnotes":""},"categories":[46,19],"tags":[311,188,205,187,224,106,328,266,126],"class_list":["post-14573","post","type-post","status-publish","format-standard","has-post-thumbnail","hentry","category-laliga-ea-sports","category-valencia-cf","tag-baraja","tag-bordalas","tag-getafe","tag-getafe-cf","tag-jose-bordalas","tag-laliga-ea-sports","tag-ruben-baraja","tag-valencia","tag-valencia-cf"],"aioseo_notices":[],"_links":{"self":[{"href":"https:\/\/agentelibredigital.com\/index.php\/wp-json\/wp\/v2\/posts\/14573","targetHints":{"allow":["GET"]}}],"collection":[{"href":"https:\/\/agentelibredigital.com\/index.php\/wp-json\/wp\/v2\/posts"}],"about":[{"href":"https:\/\/agentelibredigital.com\/index.php\/wp-json\/wp\/v2\/types\/post"}],"author":[{"embeddable":true,"href":"https:\/\/agentelibredigital.com\/index.php\/wp-json\/wp\/v2\/users\/34"}],"replies":[{"embeddable":true,"href":"https:\/\/agentelibredigital.com\/index.php\/wp-json\/wp\/v2\/comments?post=14573"}],"version-history":[{"count":12,"href":"https:\/\/agentelibredigital.com\/index.php\/wp-json\/wp\/v2\/posts\/14573\/revisions"}],"predecessor-version":[{"id":14605,"href":"https:\/\/agentelibredigital.com\/index.php\/wp-json\/wp\/v2\/posts\/14573\/revisions\/14605"}],"wp:featuredmedia":[{"embeddable":true,"href":"https:\/\/agentelibredigital.com\/index.php\/wp-json\/wp\/v2\/media\/14587"}],"wp:attachment":[{"href":"https:\/\/agentelibredigital.com\/index.php\/wp-json\/wp\/v2\/media?parent=14573"}],"wp:term":[{"taxonomy":"category","embeddable":true,"href":"https:\/\/agentelibredigital.com\/index.php\/wp-json\/wp\/v2\/categories?post=14573"},{"taxonomy":"post_tag","embeddable":true,"href":"https:\/\/agentelibredigital.com\/index.php\/wp-json\/wp\/v2\/tags?post=14573"}],"curies":[{"name":"wp","href":"https:\/\/api.w.org\/{rel}","templated":true}]}}