{"id":10813,"date":"2024-02-08T18:43:33","date_gmt":"2024-02-08T17:43:33","guid":{"rendered":"https:\/\/agentelibredigital.com\/?p=10813"},"modified":"2024-02-08T19:37:35","modified_gmt":"2024-02-08T18:37:35","slug":"javi-lopez-y-su-consolidacion","status":"publish","type":"post","link":"https:\/\/agentelibredigital.com\/index.php\/2024\/02\/08\/javi-lopez-y-su-consolidacion\/","title":{"rendered":"Javi L\u00f3pez y su consolidaci\u00f3n"},"content":{"rendered":"<h4>El lateral izquierdo canario de 21 a\u00f1os cumple su cuarta temporada en la primera plantilla del equipo albiazul con un papel muy importante esta temporada en primera divisi\u00f3n, con contrato hasta 2025 su renovaci\u00f3n est\u00e1 en el aire<\/h4>\n<h2>De Tenerife a Vitoria<\/h2>\n<p>Tras desarrollarse en la isla canaria de <strong>Tenerife<\/strong>, aterriz\u00f3 en <strong>Vitoria<\/strong> el pasado a\u00f1o <strong>2017<\/strong> como jugador del <a href=\"https:\/\/agentelibredigital.com\/index.php\/category\/alaves\/\">Alav\u00e9s<\/a>. Tras alcanzar unos buenos n\u00fameros en las principales categor\u00edas inferiores dio el debut con el primer equipo en la recta final de la temporada 2020\/2021 en <strong>primera divisi\u00f3n<\/strong>. Fruto de su gran proyecci\u00f3n, el inter\u00e9s de equipos europeos c\u00f3mo la <strong>Juventus o el Manchester United<\/strong> para hacerse con sus servicios fueron noticia. Tras disputar apenas <strong>22 partidos<\/strong> con el glorioso en las dos campa\u00f1as siguientes y con el equipo en segunda divisi\u00f3n reci\u00e9n descendido, Javi L\u00f3pez ampli\u00f3 su v\u00ednculo hasta <strong>el a\u00f1o 2025.<\/strong><\/p>\n<h2>Asent\u00e1ndose en los onces<\/h2>\n<p>Tras <strong>descender<\/strong> a segunda divisi\u00f3n despu\u00e9s de varias temporadas consecutivas en la \u00e9lite, Luis Garc\u00eda Plaza se hac\u00eda cargo del conjunto albiazul con el objetivo del ascenso. Javi L\u00f3pez se volvi\u00f3 <strong>fundamental<\/strong> en la categor\u00eda de plata del f\u00fatbol espa\u00f1ol donde a parte de conseguir el ascenso en el \u00faltimo minuto del \u00faltimo partido de la temporada, el lateral canario cuaj\u00f3 su mejor temporada hasta el momento vistiendo la camiseta albiazul. Con <strong>32 partidos<\/strong> disputados la temporada pasada junto a <strong>5 de la Copa del Rey<\/strong> y 3 asistencias en el total de los partidos, Javi L\u00f3pez se alentaba en el primer equipo.<\/p>\n<figure style=\"width: 3847px\" class=\"wp-caption alignnone\"><img loading=\"lazy\" decoding=\"async\" src=\"https:\/\/pbs.twimg.com\/media\/GA6RpteXYAAlbW5?format=jpg&amp;name=4096x4096\" alt=\"Image\" width=\"3847\" height=\"2565\" \/><figcaption class=\"wp-caption-text\">Javi L\u00f3pez frente a la UD Las Palmas. Fuente: Alav\u00e9s<\/figcaption><\/figure>\n<p>Con el proyecto actualmente en <strong>primera divisi\u00f3n<\/strong> el canario ha conseguido por un lado asentarse en el once inicial del conjunto de <strong>Luis Garc\u00eda Plaza<\/strong> y por otro lado un gran objetivo el cu\u00e1l ven\u00eda persiguiendo con anterioridad, ser convocado con la selecci\u00f3n sub-21 dirigida por el t\u00e9cnico Santi Denia. De las 23 jornadas que llevan disputadas en la<strong> <a href=\"http:\/\/El lateral izquierdo canario de 21 a\u00f1os cumple su cuarta temporada en la primera plantilla del equipo albiazul con un papel muy importante esta temporada en primera divisi\u00f3n, con contrato hasta 2025 su renovaci\u00f3n est\u00e1 en el aire\">Liga EA Sports<\/a>,<\/strong> el lateral canario ha disputado 19 de ellos siendo esta sin duda, la mejor temporada hasta el momento desde que se encuentra en Vitoria. Con <strong>3 asistencias<\/strong> en la <strong>Liga EA Sports<\/strong> actualmente, ha superado cualquier marca anterior realizaba y todo hace indicar que en las 15 jornadas restantes que faltan por disputar los n\u00fameros de Javi L\u00f3pez seguir\u00e1n careciendo. Con <strong>contrato hasta 2025<\/strong> y a\u00fan con la campa\u00f1a por terminar y, la siguiente por disputar, veremos si la continuidad del joven futbolista est\u00e1 en <strong>Vitoria.<\/strong><\/p>\n","protected":false},"excerpt":{"rendered":"<p>El lateral izquierdo canario de 21 a\u00f1os cumple su cuarta temporada en la primera plantilla del equipo albiazul con un papel muy importante esta temporada en primera divisi\u00f3n, con contrato&hellip; <\/p>\n","protected":false},"author":52,"featured_media":11030,"comment_status":"open","ping_status":"open","sticky":false,"template":"","format":"standard","meta":{"om_disable_all_campaigns":false,"_monsterinsights_skip_tracking":false,"_monsterinsights_sitenote_active":false,"_monsterinsights_sitenote_note":"","_monsterinsights_sitenote_category":0,"_uf_show_specific_survey":0,"_uf_disable_surveys":false,"footnotes":""},"categories":[27,1,46],"tags":[1639,139,106,202],"class_list":["post-10813","post","type-post","status-publish","format-standard","has-post-thumbnail","hentry","category-alaves","category-blog","category-laliga-ea-sports","tag-consolidacion","tag-deportivo-alaves","tag-laliga-ea-sports","tag-renovacion"],"aioseo_notices":[],"_links":{"self":[{"href":"https:\/\/agentelibredigital.com\/index.php\/wp-json\/wp\/v2\/posts\/10813","targetHints":{"allow":["GET"]}}],"collection":[{"href":"https:\/\/agentelibredigital.com\/index.php\/wp-json\/wp\/v2\/posts"}],"about":[{"href":"https:\/\/agentelibredigital.com\/index.php\/wp-json\/wp\/v2\/types\/post"}],"author":[{"embeddable":true,"href":"https:\/\/agentelibredigital.com\/index.php\/wp-json\/wp\/v2\/users\/52"}],"replies":[{"embeddable":true,"href":"https:\/\/agentelibredigital.com\/index.php\/wp-json\/wp\/v2\/comments?post=10813"}],"version-history":[{"count":5,"href":"https:\/\/agentelibredigital.com\/index.php\/wp-json\/wp\/v2\/posts\/10813\/revisions"}],"predecessor-version":[{"id":11035,"href":"https:\/\/agentelibredigital.com\/index.php\/wp-json\/wp\/v2\/posts\/10813\/revisions\/11035"}],"wp:featuredmedia":[{"embeddable":true,"href":"https:\/\/agentelibredigital.com\/index.php\/wp-json\/wp\/v2\/media\/11030"}],"wp:attachment":[{"href":"https:\/\/agentelibredigital.com\/index.php\/wp-json\/wp\/v2\/media?parent=10813"}],"wp:term":[{"taxonomy":"category","embeddable":true,"href":"https:\/\/agentelibredigital.com\/index.php\/wp-json\/wp\/v2\/categories?post=10813"},{"taxonomy":"post_tag","embeddable":true,"href":"https:\/\/agentelibredigital.com\/index.php\/wp-json\/wp\/v2\/tags?post=10813"}],"curies":[{"name":"wp","href":"https:\/\/api.w.org\/{rel}","templated":true}]}}